{"id":5252,"date":"2026-04-30T17:15:00","date_gmt":"2026-04-30T21:15:00","guid":{"rendered":"https:\/\/progresso.com.br\/?p=5252"},"modified":"2026-04-30T17:12:46","modified_gmt":"2026-04-30T21:12:46","slug":"mato-grosso-do-sul-gerou-35-mil-empregos-com-carteira-em-marco","status":"publish","type":"post","link":"https:\/\/progresso.com.br\/index.php\/2026\/04\/30\/mato-grosso-do-sul-gerou-35-mil-empregos-com-carteira-em-marco\/","title":{"rendered":"Mato Grosso do Sul gerou 3,5 mil empregos com carteira em mar\u00e7o"},"content":{"rendered":"\n<p><em><strong>Quatro dos cinco grandes grupos de atividades econ\u00f4micas registraram saldo positivo no estado sul-mato-grossense no terceiro m\u00eas do ano. Em todo o pa\u00eds, foram criados mais de 228,2 mil novos postos<\/strong><\/em><\/p>\n\n\n\n<p>Mato Grosso do Sul gerou 3.554 empregos formais em mar\u00e7o de 2026, segundo dados do Novo Caged divulgados nesta quarta-feira (29\/4) pelo Minist\u00e9rio do Trabalho e Emprego. Quatro dos cinco grandes grupos de atividades econ\u00f4micas pesquisadas registraram saldo positivo no estado sul-mato-grossense no terceiro m\u00eas do ano. O setor de Servi\u00e7os foi o que mais gerou empregos formais, tendo aberto 1.680 vagas. Em seguida aparecem a Ind\u00fastria (1.208 postos), a Constru\u00e7\u00e3o (886) e o Com\u00e9rcio (227). O desempenho negativo foi registrado no setor da Agropecu\u00e1ria (-447).<br>&nbsp;<\/p>\n\n\n\n<p><strong>MUNIC\u00cdPIOS \u2013<\/strong>&nbsp;A capital Campo Grande foi o munic\u00edpio sul-mato-grossense com maior saldo de empregos formais em mar\u00e7o, tendo gerado 1.428 novos empregos com carteiras assinadas. Em seguida aparecem as cidades de Inoc\u00eancia (899), Tr\u00eas Lagoas (324) e Corumb\u00e1 (271).<br>&nbsp;<\/p>\n\n\n\n<p><strong>G\u00caNERO \u2013<\/strong>&nbsp;No recorte por g\u00eanero, a maior parte dos empregos com carteira assinada gerados no Mato Grosso do Sul em mar\u00e7o foi ocupada por homens: 1.803. No per\u00edodo, as mulheres foram respons\u00e1veis por ocupar 1.751 novos empregos.<br>&nbsp;<\/p>\n\n\n\n<p><strong>FAIXA ET\u00c1RIA E INSTRU\u00c7\u00c3O \u2013<\/strong>&nbsp;No que diz respeito \u00e0 faixa et\u00e1ria, a maior parte dos postos gerados no Mato Grosso do Sul no per\u00edodo foi ocupada por jovens de 18 a 24 anos, que preencheram 1.298 novos postos formais. Na an\u00e1lise sobre grau de instru\u00e7\u00e3o, a maioria dos v\u00ednculos no estado em mar\u00e7o foi ocupada por pessoas com ensino m\u00e9dio completo, que preencheram 2.157 vagas.<\/p>\n\n\n\n<p><strong>NACIONAL<\/strong>&nbsp;\u2013 O mercado de trabalho brasileiro gerou 228.208 novos empregos com carteira assinada em mar\u00e7o de 2026. O resultado \u00e9 fruto de 2,52 milh\u00f5es de admiss\u00f5es e 2,29 milh\u00f5es de desligamentos. Com o desempenho de mar\u00e7o, o pa\u00eds acumula 613.373 novas vagas formais no primeiro trimestre do ano. J\u00e1 no recorte dos \u00faltimos 12 meses, entre abril de 2025 e mar\u00e7o de 2026, foram criados 1,21 milh\u00e3o de empregos com carteira assinada. O desempenho tamb\u00e9m elevou para 49,08 milh\u00f5es o n\u00famero de v\u00ednculos formais ativos no Brasil, uma alta de 2,6% em rela\u00e7\u00e3o ao mesmo per\u00edodo do ano passado. Na compara\u00e7\u00e3o com mar\u00e7o de 2025, quando foram geradas 79.994 vagas, o saldo de mar\u00e7o deste ano confirma a expans\u00e3o do mercado de trabalho formal.<br>&nbsp;<\/p>\n\n\n\n<p><strong>UNIDADES DA FEDERA\u00c7\u00c3O<\/strong>&nbsp;\u2013 No terceiro m\u00eas de 2026, 24 das 27 unidades da Federa\u00e7\u00e3o tiveram saldos positivos. Os destaques foram S\u00e3o Paulo (+67.876), Minas Gerais (+38.845) e Rio de Janeiro (+23.914). As UFs com saldo negativo foram Alagoas (-5.243), Mato Grosso (-1.716) e Sergipe (-338).<br><br>O crescimento proporcional do emprego formal foi liderado pelo Acre, que registrou varia\u00e7\u00e3o relativa de 0,92%, seguido por Roraima, com alta de 0,88%, e Piau\u00ed, que apresentou expans\u00e3o de 0,86%.<br>&nbsp;<\/p>\n\n\n\n<p><strong>GRUPOS ECON\u00d4MICOS<\/strong>&nbsp;\u2013 Mar\u00e7o apresentou varia\u00e7\u00e3o positiva em quatro dos cinco grandes setores da economia. O setor de Servi\u00e7os foi o maior gerador de postos no m\u00eas, com mais 152.391 vagas (+0,6%). O grupo foi impulsionado principalmente por atividades como atividades administrativas (38.782), educa\u00e7\u00e3o (21.837) e sa\u00fade e servi\u00e7os sociais (22.372).<br>&nbsp;<\/p>\n\n\n\n<p>A Constru\u00e7\u00e3o registrou aumento de 38.316 postos formais, puxadas por obras de infraestrutura (15.316) e constru\u00e7\u00e3o de edif\u00edcios (13.330). O terceiro maior gerador foi a Ind\u00fastria, com saldo de 28.336 postos, com \u00eanfase na fabrica\u00e7\u00e3o de produtos de carne (5.113), processamento de fumo (2.885) e fabrica\u00e7\u00e3o de biocombust\u00edveis (2.613).<br>&nbsp;<\/p>\n\n\n\n<p>O Com\u00e9rcio gerou 27.267 empregos, com resultados positivos no ramo varejista (11.991) e atacado (11.991). J\u00e1 a Agropecu\u00e1ria registrou saldo negativo de -18.096, impulsionado pela desmobiliza\u00e7\u00e3o de ma\u00e7\u00e3, soja e laranja.<br>&nbsp;<\/p>\n\n\n\n<p><strong>GRUPOS POPULACIONAIS<\/strong>&nbsp;\u2013 A gera\u00e7\u00e3o de empregos apresentou saldo positivo para mulheres, com 132.477 novas vagas, e para homens, com 95.731 postos. Os jovens de at\u00e9 24 anos respondem por 72,6% do saldo total no m\u00eas, o equivalente a 165.785 postos. Quanto ao n\u00edvel de escolaridade, pessoas com ensino m\u00e9dio completo (183.037) lideraram a ocupa\u00e7\u00e3o dos postos, seguidas por trabalhadores com n\u00edvel superior (23.265). No recorte por ra\u00e7a, o balan\u00e7o foi positivo para pardos (142.228), brancos (68.663), pretos (33.823) e amarelos (883). O mercado absorveu 224.236 novos trabalhadores brasileiros e naturalizados, al\u00e9m de 3.972 estrangeiros.<br>&nbsp;<\/p>\n\n\n\n<p><strong>SAL\u00c1RIOS<\/strong>&nbsp;\u2013 O sal\u00e1rio m\u00e9dio real de admiss\u00e3o em mar\u00e7o de 2026 foi de R$ 2.350,83, com varia\u00e7\u00e3o negativa de R$ 17,50 (-0,7%) em rela\u00e7\u00e3o a fevereiro. Na compara\u00e7\u00e3o com o mesmo m\u00eas do ano anterior, houve aumento de R$ 41,80 (+1,8%). Entre os trabalhadores considerados t\u00edpicos, o sal\u00e1rio m\u00e9dio foi de R$ 2.397,89, enquanto para os n\u00e3o t\u00edpicos ficou em R$ 2.019,09.<\/p>\n\n\n\n<p><em><strong>Fonte:<\/strong>&nbsp;Secretaria de Comunica\u00e7\u00e3o Social da Presid\u00eancia da Rep\u00fablica<\/em>&nbsp;<\/p>\n","protected":false},"excerpt":{"rendered":"<p>Quatro dos cinco grandes grupos de atividades econ\u00f4micas registraram saldo positivo no estado sul-mato-grossense no terceiro m\u00eas do ano. Em todo o pa\u00eds, foram criados mais de 228,2 mil novos postos Mato Grosso do Sul gerou 3.554 empregos formais em mar\u00e7o de 2026, segundo dados do Novo Caged divulgados nesta quarta-feira (29\/4) pelo Minist\u00e9rio do [&hellip;]<\/p>\n","protected":false},"author":2,"featured_media":5253,"comment_status":"open","ping_status":"open","sticky":false,"template":"","format":"standard","meta":{"footnotes":""},"categories":[10,2],"tags":[],"class_list":["post-5252","post","type-post","status-publish","format-standard","has-post-thumbnail","hentry","category-economia","category-destaque"],"yoast_head":"<!-- This site is optimized with the Yoast SEO plugin v27.1.1 - https:\/\/yoast.com\/product\/yoast-seo-wordpress\/ -->\n<title>Mato Grosso do Sul gerou 3,5 mil empregos com carteira em mar\u00e7o - O PROGRESSO<\/title>\n<meta name=\"robots\" content=\"index, follow, max-snippet:-1, max-image-preview:large, max-video-preview:-1\" \/>\n<link rel=\"canonical\" href=\"https:\/\/progresso.com.br\/index.php\/2026\/04\/30\/mato-grosso-do-sul-gerou-35-mil-empregos-com-carteira-em-marco\/\" \/>\n<meta property=\"og:locale\" content=\"pt_BR\" \/>\n<meta property=\"og:type\" content=\"article\" \/>\n<meta property=\"og:title\" content=\"Mato Grosso do Sul gerou 3,5 mil empregos com carteira em mar\u00e7o - O PROGRESSO\" \/>\n<meta property=\"og:description\" content=\"Quatro dos cinco grandes grupos de atividades econ\u00f4micas registraram saldo positivo no estado sul-mato-grossense no terceiro m\u00eas do ano. Em todo o pa\u00eds, foram criados mais de 228,2 mil novos postos Mato Grosso do Sul gerou 3.554 empregos formais em mar\u00e7o de 2026, segundo dados do Novo Caged divulgados nesta quarta-feira (29\/4) pelo Minist\u00e9rio do [&hellip;]\" \/>\n<meta property=\"og:url\" content=\"https:\/\/progresso.com.br\/index.php\/2026\/04\/30\/mato-grosso-do-sul-gerou-35-mil-empregos-com-carteira-em-marco\/\" \/>\n<meta property=\"og:site_name\" content=\"O PROGRESSO\" \/>\n<meta property=\"article:publisher\" content=\"https:\/\/www.facebook.com\/share\/1CeoksKBj6\/\" \/>\n<meta property=\"article:published_time\" content=\"2026-04-30T21:15:00+00:00\" \/>\n<meta property=\"og:image\" content=\"https:\/\/progresso.com.br\/wp-content\/uploads\/2026\/04\/0xUmOhZDN1AjN6InYu02bj5ybzNXZyd2byBHQsFWajJXZt92Y6UTM2QjM1MzN4IjOnBnauEDM4QTMzADNwEjRyUCNwEzb0VXYGJTJ2IDMx8VL1ETLf9VLwITLfpDO.jpeg\" \/>\n\t<meta property=\"og:image:width\" content=\"768\" \/>\n\t<meta property=\"og:image:height\" content=\"512\" \/>\n\t<meta property=\"og:image:type\" content=\"image\/jpeg\" \/>\n<meta name=\"author\" content=\"Rose\" \/>\n<meta name=\"twitter:card\" content=\"summary_large_image\" \/>\n<meta name=\"twitter:label1\" content=\"Escrito por\" \/>\n\t<meta name=\"twitter:data1\" content=\"Rose\" \/>\n\t<meta name=\"twitter:label2\" content=\"Est. tempo de leitura\" \/>\n\t<meta name=\"twitter:data2\" content=\"5 minutos\" \/>\n<script type=\"application\/ld+json\" class=\"yoast-schema-graph\">{\"@context\":\"https:\/\/schema.org\",\"@graph\":[{\"@type\":\"Article\",\"@id\":\"https:\/\/progresso.com.br\/index.php\/2026\/04\/30\/mato-grosso-do-sul-gerou-35-mil-empregos-com-carteira-em-marco\/#article\",\"isPartOf\":{\"@id\":\"https:\/\/progresso.com.br\/index.php\/2026\/04\/30\/mato-grosso-do-sul-gerou-35-mil-empregos-com-carteira-em-marco\/\"},\"author\":{\"name\":\"Rose\",\"@id\":\"https:\/\/progresso.com.br\/#\/schema\/person\/5dd27138d4463fbbaace62120bfc002b\"},\"headline\":\"Mato Grosso do Sul gerou 3,5 mil empregos com carteira em mar\u00e7o\",\"datePublished\":\"2026-04-30T21:15:00+00:00\",\"mainEntityOfPage\":{\"@id\":\"https:\/\/progresso.com.br\/index.php\/2026\/04\/30\/mato-grosso-do-sul-gerou-35-mil-empregos-com-carteira-em-marco\/\"},\"wordCount\":805,\"commentCount\":0,\"publisher\":{\"@id\":\"https:\/\/progresso.com.br\/#organization\"},\"image\":{\"@id\":\"https:\/\/progresso.com.br\/index.php\/2026\/04\/30\/mato-grosso-do-sul-gerou-35-mil-empregos-com-carteira-em-marco\/#primaryimage\"},\"thumbnailUrl\":\"https:\/\/progresso.com.br\/wp-content\/uploads\/2026\/04\/0xUmOhZDN1AjN6InYu02bj5ybzNXZyd2byBHQsFWajJXZt92Y6UTM2QjM1MzN4IjOnBnauEDM4QTMzADNwEjRyUCNwEzb0VXYGJTJ2IDMx8VL1ETLf9VLwITLfpDO.jpeg\",\"articleSection\":[\"Economia\",\"Em destaque\"],\"inLanguage\":\"pt-BR\",\"potentialAction\":[{\"@type\":\"CommentAction\",\"name\":\"Comment\",\"target\":[\"https:\/\/progresso.com.br\/index.php\/2026\/04\/30\/mato-grosso-do-sul-gerou-35-mil-empregos-com-carteira-em-marco\/#respond\"]}]},{\"@type\":\"WebPage\",\"@id\":\"https:\/\/progresso.com.br\/index.php\/2026\/04\/30\/mato-grosso-do-sul-gerou-35-mil-empregos-com-carteira-em-marco\/\",\"url\":\"https:\/\/progresso.com.br\/index.php\/2026\/04\/30\/mato-grosso-do-sul-gerou-35-mil-empregos-com-carteira-em-marco\/\",\"name\":\"Mato Grosso do Sul gerou 3,5 mil empregos com carteira em mar\u00e7o - O PROGRESSO\",\"isPartOf\":{\"@id\":\"https:\/\/progresso.com.br\/#website\"},\"primaryImageOfPage\":{\"@id\":\"https:\/\/progresso.com.br\/index.php\/2026\/04\/30\/mato-grosso-do-sul-gerou-35-mil-empregos-com-carteira-em-marco\/#primaryimage\"},\"image\":{\"@id\":\"https:\/\/progresso.com.br\/index.php\/2026\/04\/30\/mato-grosso-do-sul-gerou-35-mil-empregos-com-carteira-em-marco\/#primaryimage\"},\"thumbnailUrl\":\"https:\/\/progresso.com.br\/wp-content\/uploads\/2026\/04\/0xUmOhZDN1AjN6InYu02bj5ybzNXZyd2byBHQsFWajJXZt92Y6UTM2QjM1MzN4IjOnBnauEDM4QTMzADNwEjRyUCNwEzb0VXYGJTJ2IDMx8VL1ETLf9VLwITLfpDO.jpeg\",\"datePublished\":\"2026-04-30T21:15:00+00:00\",\"breadcrumb\":{\"@id\":\"https:\/\/progresso.com.br\/index.php\/2026\/04\/30\/mato-grosso-do-sul-gerou-35-mil-empregos-com-carteira-em-marco\/#breadcrumb\"},\"inLanguage\":\"pt-BR\",\"potentialAction\":[{\"@type\":\"ReadAction\",\"target\":[\"https:\/\/progresso.com.br\/index.php\/2026\/04\/30\/mato-grosso-do-sul-gerou-35-mil-empregos-com-carteira-em-marco\/\"]}]},{\"@type\":\"ImageObject\",\"inLanguage\":\"pt-BR\",\"@id\":\"https:\/\/progresso.com.br\/index.php\/2026\/04\/30\/mato-grosso-do-sul-gerou-35-mil-empregos-com-carteira-em-marco\/#primaryimage\",\"url\":\"https:\/\/progresso.com.br\/wp-content\/uploads\/2026\/04\/0xUmOhZDN1AjN6InYu02bj5ybzNXZyd2byBHQsFWajJXZt92Y6UTM2QjM1MzN4IjOnBnauEDM4QTMzADNwEjRyUCNwEzb0VXYGJTJ2IDMx8VL1ETLf9VLwITLfpDO.jpeg\",\"contentUrl\":\"https:\/\/progresso.com.br\/wp-content\/uploads\/2026\/04\/0xUmOhZDN1AjN6InYu02bj5ybzNXZyd2byBHQsFWajJXZt92Y6UTM2QjM1MzN4IjOnBnauEDM4QTMzADNwEjRyUCNwEzb0VXYGJTJ2IDMx8VL1ETLf9VLwITLfpDO.jpeg\",\"width\":768,\"height\":512,\"caption\":\"Mercado de trabalho brasileiro gerou 228.208 novos empregos com carteira assinada em mar\u00e7o de 2026. O pa\u00eds acumula 613,3 mil novas vagas formais no primeiro trimestre do ano. Foto: Secom\/PR\"},{\"@type\":\"BreadcrumbList\",\"@id\":\"https:\/\/progresso.com.br\/index.php\/2026\/04\/30\/mato-grosso-do-sul-gerou-35-mil-empregos-com-carteira-em-marco\/#breadcrumb\",\"itemListElement\":[{\"@type\":\"ListItem\",\"position\":1,\"name\":\"In\u00edcio\",\"item\":\"https:\/\/progresso.com.br\/\"},{\"@type\":\"ListItem\",\"position\":2,\"name\":\"Mato Grosso do Sul gerou 3,5 mil empregos com carteira em mar\u00e7o\"}]},{\"@type\":\"WebSite\",\"@id\":\"https:\/\/progresso.com.br\/#website\",\"url\":\"https:\/\/progresso.com.br\/\",\"name\":\"O PROGRESSO\",\"description\":\"\",\"publisher\":{\"@id\":\"https:\/\/progresso.com.br\/#organization\"},\"potentialAction\":[{\"@type\":\"SearchAction\",\"target\":{\"@type\":\"EntryPoint\",\"urlTemplate\":\"https:\/\/progresso.com.br\/?s={search_term_string}\"},\"query-input\":{\"@type\":\"PropertyValueSpecification\",\"valueRequired\":true,\"valueName\":\"search_term_string\"}}],\"inLanguage\":\"pt-BR\"},{\"@type\":\"Organization\",\"@id\":\"https:\/\/progresso.com.br\/#organization\",\"name\":\"O PROGRESSO\",\"url\":\"https:\/\/progresso.com.br\/\",\"logo\":{\"@type\":\"ImageObject\",\"inLanguage\":\"pt-BR\",\"@id\":\"https:\/\/progresso.com.br\/#\/schema\/logo\/image\/\",\"url\":\"https:\/\/progresso.com.br\/wp-content\/uploads\/2026\/03\/logo_proog.jpg\",\"contentUrl\":\"https:\/\/progresso.com.br\/wp-content\/uploads\/2026\/03\/logo_proog.jpg\",\"width\":1960,\"height\":1080,\"caption\":\"O PROGRESSO\"},\"image\":{\"@id\":\"https:\/\/progresso.com.br\/#\/schema\/logo\/image\/\"},\"sameAs\":[\"https:\/\/www.facebook.com\/share\/1CeoksKBj6\/\",\"https:\/\/www.instagram.com\/oprogresso_digital\"]},{\"@type\":\"Person\",\"@id\":\"https:\/\/progresso.com.br\/#\/schema\/person\/5dd27138d4463fbbaace62120bfc002b\",\"name\":\"Rose\",\"image\":{\"@type\":\"ImageObject\",\"inLanguage\":\"pt-BR\",\"@id\":\"https:\/\/progresso.com.br\/#\/schema\/person\/image\/\",\"url\":\"https:\/\/secure.gravatar.com\/avatar\/1b6890e759cdd3a88d9f751cb423720b9861c5239167cd3586355638b6556599?s=96&d=mm&r=g\",\"contentUrl\":\"https:\/\/secure.gravatar.com\/avatar\/1b6890e759cdd3a88d9f751cb423720b9861c5239167cd3586355638b6556599?s=96&d=mm&r=g\",\"caption\":\"Rose\"},\"url\":\"https:\/\/progresso.com.br\/index.php\/author\/rose\/\"}]}<\/script>\n<!-- \/ Yoast SEO plugin. -->","yoast_head_json":{"title":"Mato Grosso do Sul gerou 3,5 mil empregos com carteira em mar\u00e7o - O PROGRESSO","robots":{"index":"index","follow":"follow","max-snippet":"max-snippet:-1","max-image-preview":"max-image-preview:large","max-video-preview":"max-video-preview:-1"},"canonical":"https:\/\/progresso.com.br\/index.php\/2026\/04\/30\/mato-grosso-do-sul-gerou-35-mil-empregos-com-carteira-em-marco\/","og_locale":"pt_BR","og_type":"article","og_title":"Mato Grosso do Sul gerou 3,5 mil empregos com carteira em mar\u00e7o - O PROGRESSO","og_description":"Quatro dos cinco grandes grupos de atividades econ\u00f4micas registraram saldo positivo no estado sul-mato-grossense no terceiro m\u00eas do ano. Em todo o pa\u00eds, foram criados mais de 228,2 mil novos postos Mato Grosso do Sul gerou 3.554 empregos formais em mar\u00e7o de 2026, segundo dados do Novo Caged divulgados nesta quarta-feira (29\/4) pelo Minist\u00e9rio do [&hellip;]","og_url":"https:\/\/progresso.com.br\/index.php\/2026\/04\/30\/mato-grosso-do-sul-gerou-35-mil-empregos-com-carteira-em-marco\/","og_site_name":"O PROGRESSO","article_publisher":"https:\/\/www.facebook.com\/share\/1CeoksKBj6\/","article_published_time":"2026-04-30T21:15:00+00:00","og_image":[{"width":768,"height":512,"url":"https:\/\/progresso.com.br\/wp-content\/uploads\/2026\/04\/0xUmOhZDN1AjN6InYu02bj5ybzNXZyd2byBHQsFWajJXZt92Y6UTM2QjM1MzN4IjOnBnauEDM4QTMzADNwEjRyUCNwEzb0VXYGJTJ2IDMx8VL1ETLf9VLwITLfpDO.jpeg","type":"image\/jpeg"}],"author":"Rose","twitter_card":"summary_large_image","twitter_misc":{"Escrito por":"Rose","Est. tempo de leitura":"5 minutos"},"schema":{"@context":"https:\/\/schema.org","@graph":[{"@type":"Article","@id":"https:\/\/progresso.com.br\/index.php\/2026\/04\/30\/mato-grosso-do-sul-gerou-35-mil-empregos-com-carteira-em-marco\/#article","isPartOf":{"@id":"https:\/\/progresso.com.br\/index.php\/2026\/04\/30\/mato-grosso-do-sul-gerou-35-mil-empregos-com-carteira-em-marco\/"},"author":{"name":"Rose","@id":"https:\/\/progresso.com.br\/#\/schema\/person\/5dd27138d4463fbbaace62120bfc002b"},"headline":"Mato Grosso do Sul gerou 3,5 mil empregos com carteira em mar\u00e7o","datePublished":"2026-04-30T21:15:00+00:00","mainEntityOfPage":{"@id":"https:\/\/progresso.com.br\/index.php\/2026\/04\/30\/mato-grosso-do-sul-gerou-35-mil-empregos-com-carteira-em-marco\/"},"wordCount":805,"commentCount":0,"publisher":{"@id":"https:\/\/progresso.com.br\/#organization"},"image":{"@id":"https:\/\/progresso.com.br\/index.php\/2026\/04\/30\/mato-grosso-do-sul-gerou-35-mil-empregos-com-carteira-em-marco\/#primaryimage"},"thumbnailUrl":"https:\/\/progresso.com.br\/wp-content\/uploads\/2026\/04\/0xUmOhZDN1AjN6InYu02bj5ybzNXZyd2byBHQsFWajJXZt92Y6UTM2QjM1MzN4IjOnBnauEDM4QTMzADNwEjRyUCNwEzb0VXYGJTJ2IDMx8VL1ETLf9VLwITLfpDO.jpeg","articleSection":["Economia","Em destaque"],"inLanguage":"pt-BR","potentialAction":[{"@type":"CommentAction","name":"Comment","target":["https:\/\/progresso.com.br\/index.php\/2026\/04\/30\/mato-grosso-do-sul-gerou-35-mil-empregos-com-carteira-em-marco\/#respond"]}]},{"@type":"WebPage","@id":"https:\/\/progresso.com.br\/index.php\/2026\/04\/30\/mato-grosso-do-sul-gerou-35-mil-empregos-com-carteira-em-marco\/","url":"https:\/\/progresso.com.br\/index.php\/2026\/04\/30\/mato-grosso-do-sul-gerou-35-mil-empregos-com-carteira-em-marco\/","name":"Mato Grosso do Sul gerou 3,5 mil empregos com carteira em mar\u00e7o - O PROGRESSO","isPartOf":{"@id":"https:\/\/progresso.com.br\/#website"},"primaryImageOfPage":{"@id":"https:\/\/progresso.com.br\/index.php\/2026\/04\/30\/mato-grosso-do-sul-gerou-35-mil-empregos-com-carteira-em-marco\/#primaryimage"},"image":{"@id":"https:\/\/progresso.com.br\/index.php\/2026\/04\/30\/mato-grosso-do-sul-gerou-35-mil-empregos-com-carteira-em-marco\/#primaryimage"},"thumbnailUrl":"https:\/\/progresso.com.br\/wp-content\/uploads\/2026\/04\/0xUmOhZDN1AjN6InYu02bj5ybzNXZyd2byBHQsFWajJXZt92Y6UTM2QjM1MzN4IjOnBnauEDM4QTMzADNwEjRyUCNwEzb0VXYGJTJ2IDMx8VL1ETLf9VLwITLfpDO.jpeg","datePublished":"2026-04-30T21:15:00+00:00","breadcrumb":{"@id":"https:\/\/progresso.com.br\/index.php\/2026\/04\/30\/mato-grosso-do-sul-gerou-35-mil-empregos-com-carteira-em-marco\/#breadcrumb"},"inLanguage":"pt-BR","potentialAction":[{"@type":"ReadAction","target":["https:\/\/progresso.com.br\/index.php\/2026\/04\/30\/mato-grosso-do-sul-gerou-35-mil-empregos-com-carteira-em-marco\/"]}]},{"@type":"ImageObject","inLanguage":"pt-BR","@id":"https:\/\/progresso.com.br\/index.php\/2026\/04\/30\/mato-grosso-do-sul-gerou-35-mil-empregos-com-carteira-em-marco\/#primaryimage","url":"https:\/\/progresso.com.br\/wp-content\/uploads\/2026\/04\/0xUmOhZDN1AjN6InYu02bj5ybzNXZyd2byBHQsFWajJXZt92Y6UTM2QjM1MzN4IjOnBnauEDM4QTMzADNwEjRyUCNwEzb0VXYGJTJ2IDMx8VL1ETLf9VLwITLfpDO.jpeg","contentUrl":"https:\/\/progresso.com.br\/wp-content\/uploads\/2026\/04\/0xUmOhZDN1AjN6InYu02bj5ybzNXZyd2byBHQsFWajJXZt92Y6UTM2QjM1MzN4IjOnBnauEDM4QTMzADNwEjRyUCNwEzb0VXYGJTJ2IDMx8VL1ETLf9VLwITLfpDO.jpeg","width":768,"height":512,"caption":"Mercado de trabalho brasileiro gerou 228.208 novos empregos com carteira assinada em mar\u00e7o de 2026. O pa\u00eds acumula 613,3 mil novas vagas formais no primeiro trimestre do ano. Foto: Secom\/PR"},{"@type":"BreadcrumbList","@id":"https:\/\/progresso.com.br\/index.php\/2026\/04\/30\/mato-grosso-do-sul-gerou-35-mil-empregos-com-carteira-em-marco\/#breadcrumb","itemListElement":[{"@type":"ListItem","position":1,"name":"In\u00edcio","item":"https:\/\/progresso.com.br\/"},{"@type":"ListItem","position":2,"name":"Mato Grosso do Sul gerou 3,5 mil empregos com carteira em mar\u00e7o"}]},{"@type":"WebSite","@id":"https:\/\/progresso.com.br\/#website","url":"https:\/\/progresso.com.br\/","name":"O PROGRESSO","description":"","publisher":{"@id":"https:\/\/progresso.com.br\/#organization"},"potentialAction":[{"@type":"SearchAction","target":{"@type":"EntryPoint","urlTemplate":"https:\/\/progresso.com.br\/?s={search_term_string}"},"query-input":{"@type":"PropertyValueSpecification","valueRequired":true,"valueName":"search_term_string"}}],"inLanguage":"pt-BR"},{"@type":"Organization","@id":"https:\/\/progresso.com.br\/#organization","name":"O PROGRESSO","url":"https:\/\/progresso.com.br\/","logo":{"@type":"ImageObject","inLanguage":"pt-BR","@id":"https:\/\/progresso.com.br\/#\/schema\/logo\/image\/","url":"https:\/\/progresso.com.br\/wp-content\/uploads\/2026\/03\/logo_proog.jpg","contentUrl":"https:\/\/progresso.com.br\/wp-content\/uploads\/2026\/03\/logo_proog.jpg","width":1960,"height":1080,"caption":"O PROGRESSO"},"image":{"@id":"https:\/\/progresso.com.br\/#\/schema\/logo\/image\/"},"sameAs":["https:\/\/www.facebook.com\/share\/1CeoksKBj6\/","https:\/\/www.instagram.com\/oprogresso_digital"]},{"@type":"Person","@id":"https:\/\/progresso.com.br\/#\/schema\/person\/5dd27138d4463fbbaace62120bfc002b","name":"Rose","image":{"@type":"ImageObject","inLanguage":"pt-BR","@id":"https:\/\/progresso.com.br\/#\/schema\/person\/image\/","url":"https:\/\/secure.gravatar.com\/avatar\/1b6890e759cdd3a88d9f751cb423720b9861c5239167cd3586355638b6556599?s=96&d=mm&r=g","contentUrl":"https:\/\/secure.gravatar.com\/avatar\/1b6890e759cdd3a88d9f751cb423720b9861c5239167cd3586355638b6556599?s=96&d=mm&r=g","caption":"Rose"},"url":"https:\/\/progresso.com.br\/index.php\/author\/rose\/"}]}},"_links":{"self":[{"href":"https:\/\/progresso.com.br\/index.php\/wp-json\/wp\/v2\/posts\/5252","targetHints":{"allow":["GET"]}}],"collection":[{"href":"https:\/\/progresso.com.br\/index.php\/wp-json\/wp\/v2\/posts"}],"about":[{"href":"https:\/\/progresso.com.br\/index.php\/wp-json\/wp\/v2\/types\/post"}],"author":[{"embeddable":true,"href":"https:\/\/progresso.com.br\/index.php\/wp-json\/wp\/v2\/users\/2"}],"replies":[{"embeddable":true,"href":"https:\/\/progresso.com.br\/index.php\/wp-json\/wp\/v2\/comments?post=5252"}],"version-history":[{"count":1,"href":"https:\/\/progresso.com.br\/index.php\/wp-json\/wp\/v2\/posts\/5252\/revisions"}],"predecessor-version":[{"id":5254,"href":"https:\/\/progresso.com.br\/index.php\/wp-json\/wp\/v2\/posts\/5252\/revisions\/5254"}],"wp:featuredmedia":[{"embeddable":true,"href":"https:\/\/progresso.com.br\/index.php\/wp-json\/wp\/v2\/media\/5253"}],"wp:attachment":[{"href":"https:\/\/progresso.com.br\/index.php\/wp-json\/wp\/v2\/media?parent=5252"}],"wp:term":[{"taxonomy":"category","embeddable":true,"href":"https:\/\/progresso.com.br\/index.php\/wp-json\/wp\/v2\/categories?post=5252"},{"taxonomy":"post_tag","embeddable":true,"href":"https:\/\/progresso.com.br\/index.php\/wp-json\/wp\/v2\/tags?post=5252"}],"curies":[{"name":"wp","href":"https:\/\/api.w.org\/{rel}","templated":true}]}}