{"id":5257,"date":"2026-04-30T17:26:36","date_gmt":"2026-04-30T21:26:36","guid":{"rendered":"https:\/\/progresso.com.br\/?p=5257"},"modified":"2026-04-30T17:28:00","modified_gmt":"2026-04-30T21:28:00","slug":"ivan-paes-barbosa-fundador-da-rede-ms-morre-aos-92-anos","status":"publish","type":"post","link":"https:\/\/progresso.com.br\/index.php\/2026\/04\/30\/ivan-paes-barbosa-fundador-da-rede-ms-morre-aos-92-anos\/","title":{"rendered":"Ivan Paes Barbosa, fundador da Rede MS, morre aos 92 anos"},"content":{"rendered":"\n<p><em>Do Di\u00e1rio Digital<\/em><\/p>\n\n\n\n<p>O empres\u00e1rio Ivan Paes Barbosa, fundador do maior grupo de comunica\u00e7\u00e3o regional sul-mato-grossense: a Rede MS Integra\u00e7\u00e3o de R\u00e1dio e Televis\u00e3o, morreu nesta quinta-feira (30), aos 92 anos, no Rio de Janeiro, onde morava. Ele sofreu um infarto. <strong>A fam\u00edlia ainda define detalhes do funeral.<\/strong><\/p>\n\n\n\n<p>O grupo fundado por ele era gerido por seus sucessores, mas com as orienta\u00e7\u00f5es do experiente empres\u00e1rio. A Rede MS \u00e9 formada pela TV MS Record, cinco r\u00e1dios FM instaladas em Campo Grande, Corumb\u00e1, Bonito, Tr\u00eas Lagoas e Dourados, o canal AgroBrasil TV e o site&nbsp;<strong>Di\u00e1rio Digital.<\/strong><\/p>\n\n\n\n<p>O empres\u00e1rio era um leg\u00edtimo sul-mato-grossense. Ele nasceu em Camapu\u00e3 e foi registrado em Corguinho. Al\u00e9m de empres\u00e1rio da comunica\u00e7\u00e3o, tamb\u00e9m \u00e9 produtor rural e tem forte participa\u00e7\u00e3o em a\u00e7\u00f5es de filantropia.<\/p>\n\n\n\n<p>Reconhecido pela dedica\u00e7\u00e3o ao trabalho, o empres\u00e1rio passou anos relutando em ser um homem aposentado e estava sempre na ativa por novos projetos.<\/p>\n\n\n\n<p>O empres\u00e1rio que desfrutava de prest\u00edgio e conforto teve uma inf\u00e2ncia dif\u00edcil. Ele acredita que justamente foram as dificuldades que fizeram dele um vitorioso. &nbsp;Em entrevista ao colunista Fernando Soares, ainda em 2011, ele lembrou seus tempos de menino, quando usava alpargatas que o pai comprava.<\/p>\n\n\n\n<p>\u201c\u00c9ramos pobres, mas n\u00e3o t\u00ednhamos mis\u00e9ria. \u00c9 dif\u00edcil chegar onde cheguei, porque meu pai era dentista pr\u00e1tico e seu gabinete na \u00e9poca era levado no lombo de um jumento, para percorrer as fazendas. (&#8230;) T\u00ednhamos tanta dificuldade que acho ter sido isso que me fez vencer na vida. Esse imp\u00e9rio que constru\u00ed foi fruto de muito trabalho. No meu calend\u00e1rio n\u00e3o existe o vermelho do domingo. Trabalho, para o Ivan Paes Barbosa, \u00e9 todos os dias\u201d, disse ao colunista.<\/p>\n\n\n\n<figure class=\"wp-block-image size-large\"><img loading=\"lazy\" decoding=\"async\" width=\"1024\" height=\"575\" src=\"https:\/\/progresso.com.br\/wp-content\/uploads\/2026\/04\/ivan-com-a-familia-1024x575.jpg\" alt=\"\" class=\"wp-image-5258\" srcset=\"https:\/\/progresso.com.br\/wp-content\/uploads\/2026\/04\/ivan-com-a-familia-1024x575.jpg 1024w, https:\/\/progresso.com.br\/wp-content\/uploads\/2026\/04\/ivan-com-a-familia-300x169.jpg 300w, https:\/\/progresso.com.br\/wp-content\/uploads\/2026\/04\/ivan-com-a-familia-768x431.jpg 768w, https:\/\/progresso.com.br\/wp-content\/uploads\/2026\/04\/ivan-com-a-familia-748x420.jpg 748w, https:\/\/progresso.com.br\/wp-content\/uploads\/2026\/04\/ivan-com-a-familia-640x359.jpg 640w, https:\/\/progresso.com.br\/wp-content\/uploads\/2026\/04\/ivan-com-a-familia-681x382.jpg 681w, https:\/\/progresso.com.br\/wp-content\/uploads\/2026\/04\/ivan-com-a-familia.jpg 1200w\" sizes=\"auto, (max-width: 1024px) 100vw, 1024px\" \/><\/figure>\n\n\n\n<p><em>Os herdeiros Ulisses Serra Netto e Gisele Barbosa administram os neg\u00f3cios. O neto de Ivan e filho de Ulisses, Ulysses de Almeida Serra, responde pela dire\u00e7\u00e3o de Marketing da Rede.<\/em><\/p>\n\n\n\n<p><strong>Rede Popular e Inovadora<\/strong><\/p>\n\n\n\n<p>Os ve\u00edculos da Rede MS s\u00e3o reconhecidos por seu forte apelo popular e inova\u00e7\u00f5es na comunica\u00e7\u00e3o regional. A TVMS (canal 11.1), por exemplo, conquistou \u00a0elogios da cr\u00edtica ao implementar realitys como o Sabor \u00e0 Prova e Beleza \u00e0 Prova, disputas de cozinheiros e cabeleireiros, respectivamente.<\/p>\n\n\n\n<p>Mais recentemente, o lan\u00e7amento da game show Liga das Escolas foi ovacionada como um apoio \u00e0 educa\u00e7\u00e3o do Ensino M\u00e9dio e um est\u00edmulo aos estudantes no decisivo momento de enfrentar exames como o Enem, Vestibulares e escolher uma profiss\u00e3o.<\/p>\n\n\n\n<p>Al\u00e9m da TVMS, a Rede MS Integra\u00e7\u00e3o de R\u00e1dio e Televis\u00e3o \u00e9 composta tamb\u00e9m pelas r\u00e1dios FM Cidade 97 de Campo Grande, FM Cidade 101 de Dourados, Tr\u00eas Lagoas FM 101, Bonito FM 98,9, FM Cidade 88,5 de Corumb\u00e1, AgroBrasil TV e Di\u00e1rio Digital. Outra empresa integrante do grupo \u00e9 o P\u00e1tio Central Shopping, localizado no Centro de Campo Grande.<\/p>\n\n\n\n<p><strong>Manifesta\u00e7\u00f5es de pesar<\/strong><\/p>\n\n\n\n<p>As manifesta\u00e7\u00f5es de pesar pela morte do empres\u00e1rio come\u00e7aram j\u00e1 nesta tarde. A prefeitura de Bonito divulgou nota destacando o legado do empres\u00e1rio na comunica\u00e7\u00e3o e se solidarizando com a fam\u00edlia a qual segue abaixo:.<\/p>\n\n\n\n<p>&#8220;A Prefeitura de Bonito, em nome do prefeito Josmail Rodrigues, vem a p\u00fablico manifestar profundo pesar pelo falecimento do Sr. Ivan Paes Barbosa, presidente da Rede MS de R\u00e1dio e Televis\u00e3o, da qual a R\u00e1dio Bonito FM faz parte.<\/p>\n\n\n\n<p>Ivan Paes Barbosa deixa um legado marcante para a comunica\u00e7\u00e3o de Bonito e de todo o Mato Grosso do Sul. Sua atua\u00e7\u00e3o foi fundamental para o fortalecimento da informa\u00e7\u00e3o regional, contribuindo para a valoriza\u00e7\u00e3o do jornalismo, da cultura local e da integra\u00e7\u00e3o entre os munic\u00edpios por meio dos ve\u00edculos de comunica\u00e7\u00e3o.<\/p>\n\n\n\n<p>Neste momento de dor, nos solidarizamos com familiares, amigos e todos os colaboradores da Rede MS, desejando for\u00e7a e conforto para enfrentar essa perda irrepar\u00e1vel.&#8221;<\/p>\n\n\n\n<p>Ivan Paes Babosa deixa dois filhos e dois netos.<\/p>\n\n\n\n<figure class=\"wp-block-image size-large\"><img loading=\"lazy\" decoding=\"async\" width=\"1024\" height=\"575\" src=\"https:\/\/progresso.com.br\/wp-content\/uploads\/2026\/04\/ivan-3-1024x575.jpg\" alt=\"\" class=\"wp-image-5259\" srcset=\"https:\/\/progresso.com.br\/wp-content\/uploads\/2026\/04\/ivan-3-1024x575.jpg 1024w, https:\/\/progresso.com.br\/wp-content\/uploads\/2026\/04\/ivan-3-300x169.jpg 300w, https:\/\/progresso.com.br\/wp-content\/uploads\/2026\/04\/ivan-3-768x431.jpg 768w, https:\/\/progresso.com.br\/wp-content\/uploads\/2026\/04\/ivan-3-748x420.jpg 748w, https:\/\/progresso.com.br\/wp-content\/uploads\/2026\/04\/ivan-3-640x359.jpg 640w, https:\/\/progresso.com.br\/wp-content\/uploads\/2026\/04\/ivan-3-681x382.jpg 681w, https:\/\/progresso.com.br\/wp-content\/uploads\/2026\/04\/ivan-3.jpg 1200w\" sizes=\"auto, (max-width: 1024px) 100vw, 1024px\" \/><\/figure>\n","protected":false},"excerpt":{"rendered":"<p>Do Di\u00e1rio Digital O empres\u00e1rio Ivan Paes Barbosa, fundador do maior grupo de comunica\u00e7\u00e3o regional sul-mato-grossense: a Rede MS Integra\u00e7\u00e3o de R\u00e1dio e Televis\u00e3o, morreu nesta quinta-feira (30), aos 92 anos, no Rio de Janeiro, onde morava. Ele sofreu um infarto. A fam\u00edlia ainda define detalhes do funeral. O grupo fundado por ele era gerido [&hellip;]<\/p>\n","protected":false},"author":3,"featured_media":5260,"comment_status":"open","ping_status":"open","sticky":false,"template":"","format":"standard","meta":{"footnotes":""},"categories":[13,2],"tags":[],"class_list":["post-5257","post","type-post","status-publish","format-standard","has-post-thumbnail","hentry","category-cotidiano","category-destaque"],"yoast_head":"<!-- This site is optimized with the Yoast SEO plugin v27.1.1 - https:\/\/yoast.com\/product\/yoast-seo-wordpress\/ -->\n<title>Ivan Paes Barbosa, fundador da Rede MS, morre aos 92 anos - O PROGRESSO<\/title>\n<meta name=\"robots\" content=\"index, follow, max-snippet:-1, max-image-preview:large, max-video-preview:-1\" \/>\n<link rel=\"canonical\" href=\"https:\/\/progresso.com.br\/index.php\/2026\/04\/30\/ivan-paes-barbosa-fundador-da-rede-ms-morre-aos-92-anos\/\" \/>\n<meta property=\"og:locale\" content=\"pt_BR\" \/>\n<meta property=\"og:type\" content=\"article\" \/>\n<meta property=\"og:title\" content=\"Ivan Paes Barbosa, fundador da Rede MS, morre aos 92 anos - O PROGRESSO\" \/>\n<meta property=\"og:description\" content=\"Do Di\u00e1rio Digital O empres\u00e1rio Ivan Paes Barbosa, fundador do maior grupo de comunica\u00e7\u00e3o regional sul-mato-grossense: a Rede MS Integra\u00e7\u00e3o de R\u00e1dio e Televis\u00e3o, morreu nesta quinta-feira (30), aos 92 anos, no Rio de Janeiro, onde morava. Ele sofreu um infarto. A fam\u00edlia ainda define detalhes do funeral. O grupo fundado por ele era gerido [&hellip;]\" \/>\n<meta property=\"og:url\" content=\"https:\/\/progresso.com.br\/index.php\/2026\/04\/30\/ivan-paes-barbosa-fundador-da-rede-ms-morre-aos-92-anos\/\" \/>\n<meta property=\"og:site_name\" content=\"O PROGRESSO\" \/>\n<meta property=\"article:publisher\" content=\"https:\/\/www.facebook.com\/share\/1CeoksKBj6\/\" \/>\n<meta property=\"article:published_time\" content=\"2026-04-30T21:26:36+00:00\" \/>\n<meta property=\"article:modified_time\" content=\"2026-04-30T21:28:00+00:00\" \/>\n<meta property=\"og:image\" content=\"https:\/\/progresso.com.br\/wp-content\/uploads\/2026\/04\/ivan-paes-barbosa.jpg\" \/>\n\t<meta property=\"og:image:width\" content=\"1200\" \/>\n\t<meta property=\"og:image:height\" content=\"638\" \/>\n\t<meta property=\"og:image:type\" content=\"image\/jpeg\" \/>\n<meta name=\"author\" content=\"Alfredo\" \/>\n<meta name=\"twitter:card\" content=\"summary_large_image\" \/>\n<meta name=\"twitter:label1\" content=\"Escrito por\" \/>\n\t<meta name=\"twitter:data1\" content=\"Alfredo\" \/>\n\t<meta name=\"twitter:label2\" content=\"Est. tempo de leitura\" \/>\n\t<meta name=\"twitter:data2\" content=\"4 minutos\" \/>\n<script type=\"application\/ld+json\" class=\"yoast-schema-graph\">{\"@context\":\"https:\/\/schema.org\",\"@graph\":[{\"@type\":\"Article\",\"@id\":\"https:\/\/progresso.com.br\/index.php\/2026\/04\/30\/ivan-paes-barbosa-fundador-da-rede-ms-morre-aos-92-anos\/#article\",\"isPartOf\":{\"@id\":\"https:\/\/progresso.com.br\/index.php\/2026\/04\/30\/ivan-paes-barbosa-fundador-da-rede-ms-morre-aos-92-anos\/\"},\"author\":{\"name\":\"Alfredo\",\"@id\":\"https:\/\/progresso.com.br\/#\/schema\/person\/b7390ac97c5e156cc2e02aa8e88f1bf2\"},\"headline\":\"Ivan Paes Barbosa, fundador da Rede MS, morre aos 92 anos\",\"datePublished\":\"2026-04-30T21:26:36+00:00\",\"dateModified\":\"2026-04-30T21:28:00+00:00\",\"mainEntityOfPage\":{\"@id\":\"https:\/\/progresso.com.br\/index.php\/2026\/04\/30\/ivan-paes-barbosa-fundador-da-rede-ms-morre-aos-92-anos\/\"},\"wordCount\":686,\"commentCount\":0,\"publisher\":{\"@id\":\"https:\/\/progresso.com.br\/#organization\"},\"image\":{\"@id\":\"https:\/\/progresso.com.br\/index.php\/2026\/04\/30\/ivan-paes-barbosa-fundador-da-rede-ms-morre-aos-92-anos\/#primaryimage\"},\"thumbnailUrl\":\"https:\/\/progresso.com.br\/wp-content\/uploads\/2026\/04\/ivan-paes-barbosa.jpg\",\"articleSection\":[\"Cotidiano\",\"Em destaque\"],\"inLanguage\":\"pt-BR\",\"potentialAction\":[{\"@type\":\"CommentAction\",\"name\":\"Comment\",\"target\":[\"https:\/\/progresso.com.br\/index.php\/2026\/04\/30\/ivan-paes-barbosa-fundador-da-rede-ms-morre-aos-92-anos\/#respond\"]}]},{\"@type\":\"WebPage\",\"@id\":\"https:\/\/progresso.com.br\/index.php\/2026\/04\/30\/ivan-paes-barbosa-fundador-da-rede-ms-morre-aos-92-anos\/\",\"url\":\"https:\/\/progresso.com.br\/index.php\/2026\/04\/30\/ivan-paes-barbosa-fundador-da-rede-ms-morre-aos-92-anos\/\",\"name\":\"Ivan Paes Barbosa, fundador da Rede MS, morre aos 92 anos - O PROGRESSO\",\"isPartOf\":{\"@id\":\"https:\/\/progresso.com.br\/#website\"},\"primaryImageOfPage\":{\"@id\":\"https:\/\/progresso.com.br\/index.php\/2026\/04\/30\/ivan-paes-barbosa-fundador-da-rede-ms-morre-aos-92-anos\/#primaryimage\"},\"image\":{\"@id\":\"https:\/\/progresso.com.br\/index.php\/2026\/04\/30\/ivan-paes-barbosa-fundador-da-rede-ms-morre-aos-92-anos\/#primaryimage\"},\"thumbnailUrl\":\"https:\/\/progresso.com.br\/wp-content\/uploads\/2026\/04\/ivan-paes-barbosa.jpg\",\"datePublished\":\"2026-04-30T21:26:36+00:00\",\"dateModified\":\"2026-04-30T21:28:00+00:00\",\"breadcrumb\":{\"@id\":\"https:\/\/progresso.com.br\/index.php\/2026\/04\/30\/ivan-paes-barbosa-fundador-da-rede-ms-morre-aos-92-anos\/#breadcrumb\"},\"inLanguage\":\"pt-BR\",\"potentialAction\":[{\"@type\":\"ReadAction\",\"target\":[\"https:\/\/progresso.com.br\/index.php\/2026\/04\/30\/ivan-paes-barbosa-fundador-da-rede-ms-morre-aos-92-anos\/\"]}]},{\"@type\":\"ImageObject\",\"inLanguage\":\"pt-BR\",\"@id\":\"https:\/\/progresso.com.br\/index.php\/2026\/04\/30\/ivan-paes-barbosa-fundador-da-rede-ms-morre-aos-92-anos\/#primaryimage\",\"url\":\"https:\/\/progresso.com.br\/wp-content\/uploads\/2026\/04\/ivan-paes-barbosa.jpg\",\"contentUrl\":\"https:\/\/progresso.com.br\/wp-content\/uploads\/2026\/04\/ivan-paes-barbosa.jpg\",\"width\":1200,\"height\":638},{\"@type\":\"BreadcrumbList\",\"@id\":\"https:\/\/progresso.com.br\/index.php\/2026\/04\/30\/ivan-paes-barbosa-fundador-da-rede-ms-morre-aos-92-anos\/#breadcrumb\",\"itemListElement\":[{\"@type\":\"ListItem\",\"position\":1,\"name\":\"In\u00edcio\",\"item\":\"https:\/\/progresso.com.br\/\"},{\"@type\":\"ListItem\",\"position\":2,\"name\":\"Ivan Paes Barbosa, fundador da Rede MS, morre aos 92 anos\"}]},{\"@type\":\"WebSite\",\"@id\":\"https:\/\/progresso.com.br\/#website\",\"url\":\"https:\/\/progresso.com.br\/\",\"name\":\"O PROGRESSO\",\"description\":\"\",\"publisher\":{\"@id\":\"https:\/\/progresso.com.br\/#organization\"},\"potentialAction\":[{\"@type\":\"SearchAction\",\"target\":{\"@type\":\"EntryPoint\",\"urlTemplate\":\"https:\/\/progresso.com.br\/?s={search_term_string}\"},\"query-input\":{\"@type\":\"PropertyValueSpecification\",\"valueRequired\":true,\"valueName\":\"search_term_string\"}}],\"inLanguage\":\"pt-BR\"},{\"@type\":\"Organization\",\"@id\":\"https:\/\/progresso.com.br\/#organization\",\"name\":\"O PROGRESSO\",\"url\":\"https:\/\/progresso.com.br\/\",\"logo\":{\"@type\":\"ImageObject\",\"inLanguage\":\"pt-BR\",\"@id\":\"https:\/\/progresso.com.br\/#\/schema\/logo\/image\/\",\"url\":\"https:\/\/progresso.com.br\/wp-content\/uploads\/2026\/03\/logo_proog.jpg\",\"contentUrl\":\"https:\/\/progresso.com.br\/wp-content\/uploads\/2026\/03\/logo_proog.jpg\",\"width\":1960,\"height\":1080,\"caption\":\"O PROGRESSO\"},\"image\":{\"@id\":\"https:\/\/progresso.com.br\/#\/schema\/logo\/image\/\"},\"sameAs\":[\"https:\/\/www.facebook.com\/share\/1CeoksKBj6\/\",\"https:\/\/www.instagram.com\/oprogresso_digital\"]},{\"@type\":\"Person\",\"@id\":\"https:\/\/progresso.com.br\/#\/schema\/person\/b7390ac97c5e156cc2e02aa8e88f1bf2\",\"name\":\"Alfredo\",\"image\":{\"@type\":\"ImageObject\",\"inLanguage\":\"pt-BR\",\"@id\":\"https:\/\/progresso.com.br\/#\/schema\/person\/image\/\",\"url\":\"https:\/\/secure.gravatar.com\/avatar\/ca208a3111522ad69d765c6f0ea1ce4742c74e10aba78ae7158042d704d65a9f?s=96&d=mm&r=g\",\"contentUrl\":\"https:\/\/secure.gravatar.com\/avatar\/ca208a3111522ad69d765c6f0ea1ce4742c74e10aba78ae7158042d704d65a9f?s=96&d=mm&r=g\",\"caption\":\"Alfredo\"},\"url\":\"https:\/\/progresso.com.br\/index.php\/author\/alfredo\/\"}]}<\/script>\n<!-- \/ Yoast SEO plugin. -->","yoast_head_json":{"title":"Ivan Paes Barbosa, fundador da Rede MS, morre aos 92 anos - O PROGRESSO","robots":{"index":"index","follow":"follow","max-snippet":"max-snippet:-1","max-image-preview":"max-image-preview:large","max-video-preview":"max-video-preview:-1"},"canonical":"https:\/\/progresso.com.br\/index.php\/2026\/04\/30\/ivan-paes-barbosa-fundador-da-rede-ms-morre-aos-92-anos\/","og_locale":"pt_BR","og_type":"article","og_title":"Ivan Paes Barbosa, fundador da Rede MS, morre aos 92 anos - O PROGRESSO","og_description":"Do Di\u00e1rio Digital O empres\u00e1rio Ivan Paes Barbosa, fundador do maior grupo de comunica\u00e7\u00e3o regional sul-mato-grossense: a Rede MS Integra\u00e7\u00e3o de R\u00e1dio e Televis\u00e3o, morreu nesta quinta-feira (30), aos 92 anos, no Rio de Janeiro, onde morava. Ele sofreu um infarto. A fam\u00edlia ainda define detalhes do funeral. O grupo fundado por ele era gerido [&hellip;]","og_url":"https:\/\/progresso.com.br\/index.php\/2026\/04\/30\/ivan-paes-barbosa-fundador-da-rede-ms-morre-aos-92-anos\/","og_site_name":"O PROGRESSO","article_publisher":"https:\/\/www.facebook.com\/share\/1CeoksKBj6\/","article_published_time":"2026-04-30T21:26:36+00:00","article_modified_time":"2026-04-30T21:28:00+00:00","og_image":[{"width":1200,"height":638,"url":"https:\/\/progresso.com.br\/wp-content\/uploads\/2026\/04\/ivan-paes-barbosa.jpg","type":"image\/jpeg"}],"author":"Alfredo","twitter_card":"summary_large_image","twitter_misc":{"Escrito por":"Alfredo","Est. tempo de leitura":"4 minutos"},"schema":{"@context":"https:\/\/schema.org","@graph":[{"@type":"Article","@id":"https:\/\/progresso.com.br\/index.php\/2026\/04\/30\/ivan-paes-barbosa-fundador-da-rede-ms-morre-aos-92-anos\/#article","isPartOf":{"@id":"https:\/\/progresso.com.br\/index.php\/2026\/04\/30\/ivan-paes-barbosa-fundador-da-rede-ms-morre-aos-92-anos\/"},"author":{"name":"Alfredo","@id":"https:\/\/progresso.com.br\/#\/schema\/person\/b7390ac97c5e156cc2e02aa8e88f1bf2"},"headline":"Ivan Paes Barbosa, fundador da Rede MS, morre aos 92 anos","datePublished":"2026-04-30T21:26:36+00:00","dateModified":"2026-04-30T21:28:00+00:00","mainEntityOfPage":{"@id":"https:\/\/progresso.com.br\/index.php\/2026\/04\/30\/ivan-paes-barbosa-fundador-da-rede-ms-morre-aos-92-anos\/"},"wordCount":686,"commentCount":0,"publisher":{"@id":"https:\/\/progresso.com.br\/#organization"},"image":{"@id":"https:\/\/progresso.com.br\/index.php\/2026\/04\/30\/ivan-paes-barbosa-fundador-da-rede-ms-morre-aos-92-anos\/#primaryimage"},"thumbnailUrl":"https:\/\/progresso.com.br\/wp-content\/uploads\/2026\/04\/ivan-paes-barbosa.jpg","articleSection":["Cotidiano","Em destaque"],"inLanguage":"pt-BR","potentialAction":[{"@type":"CommentAction","name":"Comment","target":["https:\/\/progresso.com.br\/index.php\/2026\/04\/30\/ivan-paes-barbosa-fundador-da-rede-ms-morre-aos-92-anos\/#respond"]}]},{"@type":"WebPage","@id":"https:\/\/progresso.com.br\/index.php\/2026\/04\/30\/ivan-paes-barbosa-fundador-da-rede-ms-morre-aos-92-anos\/","url":"https:\/\/progresso.com.br\/index.php\/2026\/04\/30\/ivan-paes-barbosa-fundador-da-rede-ms-morre-aos-92-anos\/","name":"Ivan Paes Barbosa, fundador da Rede MS, morre aos 92 anos - O PROGRESSO","isPartOf":{"@id":"https:\/\/progresso.com.br\/#website"},"primaryImageOfPage":{"@id":"https:\/\/progresso.com.br\/index.php\/2026\/04\/30\/ivan-paes-barbosa-fundador-da-rede-ms-morre-aos-92-anos\/#primaryimage"},"image":{"@id":"https:\/\/progresso.com.br\/index.php\/2026\/04\/30\/ivan-paes-barbosa-fundador-da-rede-ms-morre-aos-92-anos\/#primaryimage"},"thumbnailUrl":"https:\/\/progresso.com.br\/wp-content\/uploads\/2026\/04\/ivan-paes-barbosa.jpg","datePublished":"2026-04-30T21:26:36+00:00","dateModified":"2026-04-30T21:28:00+00:00","breadcrumb":{"@id":"https:\/\/progresso.com.br\/index.php\/2026\/04\/30\/ivan-paes-barbosa-fundador-da-rede-ms-morre-aos-92-anos\/#breadcrumb"},"inLanguage":"pt-BR","potentialAction":[{"@type":"ReadAction","target":["https:\/\/progresso.com.br\/index.php\/2026\/04\/30\/ivan-paes-barbosa-fundador-da-rede-ms-morre-aos-92-anos\/"]}]},{"@type":"ImageObject","inLanguage":"pt-BR","@id":"https:\/\/progresso.com.br\/index.php\/2026\/04\/30\/ivan-paes-barbosa-fundador-da-rede-ms-morre-aos-92-anos\/#primaryimage","url":"https:\/\/progresso.com.br\/wp-content\/uploads\/2026\/04\/ivan-paes-barbosa.jpg","contentUrl":"https:\/\/progresso.com.br\/wp-content\/uploads\/2026\/04\/ivan-paes-barbosa.jpg","width":1200,"height":638},{"@type":"BreadcrumbList","@id":"https:\/\/progresso.com.br\/index.php\/2026\/04\/30\/ivan-paes-barbosa-fundador-da-rede-ms-morre-aos-92-anos\/#breadcrumb","itemListElement":[{"@type":"ListItem","position":1,"name":"In\u00edcio","item":"https:\/\/progresso.com.br\/"},{"@type":"ListItem","position":2,"name":"Ivan Paes Barbosa, fundador da Rede MS, morre aos 92 anos"}]},{"@type":"WebSite","@id":"https:\/\/progresso.com.br\/#website","url":"https:\/\/progresso.com.br\/","name":"O PROGRESSO","description":"","publisher":{"@id":"https:\/\/progresso.com.br\/#organization"},"potentialAction":[{"@type":"SearchAction","target":{"@type":"EntryPoint","urlTemplate":"https:\/\/progresso.com.br\/?s={search_term_string}"},"query-input":{"@type":"PropertyValueSpecification","valueRequired":true,"valueName":"search_term_string"}}],"inLanguage":"pt-BR"},{"@type":"Organization","@id":"https:\/\/progresso.com.br\/#organization","name":"O PROGRESSO","url":"https:\/\/progresso.com.br\/","logo":{"@type":"ImageObject","inLanguage":"pt-BR","@id":"https:\/\/progresso.com.br\/#\/schema\/logo\/image\/","url":"https:\/\/progresso.com.br\/wp-content\/uploads\/2026\/03\/logo_proog.jpg","contentUrl":"https:\/\/progresso.com.br\/wp-content\/uploads\/2026\/03\/logo_proog.jpg","width":1960,"height":1080,"caption":"O PROGRESSO"},"image":{"@id":"https:\/\/progresso.com.br\/#\/schema\/logo\/image\/"},"sameAs":["https:\/\/www.facebook.com\/share\/1CeoksKBj6\/","https:\/\/www.instagram.com\/oprogresso_digital"]},{"@type":"Person","@id":"https:\/\/progresso.com.br\/#\/schema\/person\/b7390ac97c5e156cc2e02aa8e88f1bf2","name":"Alfredo","image":{"@type":"ImageObject","inLanguage":"pt-BR","@id":"https:\/\/progresso.com.br\/#\/schema\/person\/image\/","url":"https:\/\/secure.gravatar.com\/avatar\/ca208a3111522ad69d765c6f0ea1ce4742c74e10aba78ae7158042d704d65a9f?s=96&d=mm&r=g","contentUrl":"https:\/\/secure.gravatar.com\/avatar\/ca208a3111522ad69d765c6f0ea1ce4742c74e10aba78ae7158042d704d65a9f?s=96&d=mm&r=g","caption":"Alfredo"},"url":"https:\/\/progresso.com.br\/index.php\/author\/alfredo\/"}]}},"_links":{"self":[{"href":"https:\/\/progresso.com.br\/index.php\/wp-json\/wp\/v2\/posts\/5257","targetHints":{"allow":["GET"]}}],"collection":[{"href":"https:\/\/progresso.com.br\/index.php\/wp-json\/wp\/v2\/posts"}],"about":[{"href":"https:\/\/progresso.com.br\/index.php\/wp-json\/wp\/v2\/types\/post"}],"author":[{"embeddable":true,"href":"https:\/\/progresso.com.br\/index.php\/wp-json\/wp\/v2\/users\/3"}],"replies":[{"embeddable":true,"href":"https:\/\/progresso.com.br\/index.php\/wp-json\/wp\/v2\/comments?post=5257"}],"version-history":[{"count":2,"href":"https:\/\/progresso.com.br\/index.php\/wp-json\/wp\/v2\/posts\/5257\/revisions"}],"predecessor-version":[{"id":5262,"href":"https:\/\/progresso.com.br\/index.php\/wp-json\/wp\/v2\/posts\/5257\/revisions\/5262"}],"wp:featuredmedia":[{"embeddable":true,"href":"https:\/\/progresso.com.br\/index.php\/wp-json\/wp\/v2\/media\/5260"}],"wp:attachment":[{"href":"https:\/\/progresso.com.br\/index.php\/wp-json\/wp\/v2\/media?parent=5257"}],"wp:term":[{"taxonomy":"category","embeddable":true,"href":"https:\/\/progresso.com.br\/index.php\/wp-json\/wp\/v2\/categories?post=5257"},{"taxonomy":"post_tag","embeddable":true,"href":"https:\/\/progresso.com.br\/index.php\/wp-json\/wp\/v2\/tags?post=5257"}],"curies":[{"name":"wp","href":"https:\/\/api.w.org\/{rel}","templated":true}]}}