{"id":5266,"date":"2026-05-01T09:49:32","date_gmt":"2026-05-01T13:49:32","guid":{"rendered":"https:\/\/progresso.com.br\/?p=5266"},"modified":"2026-05-01T09:49:33","modified_gmt":"2026-05-01T13:49:33","slug":"fim-da-escala-6x1-mais-tempo-para-descanso-e-familia-e-prioridade","status":"publish","type":"post","link":"https:\/\/progresso.com.br\/index.php\/2026\/05\/01\/fim-da-escala-6x1-mais-tempo-para-descanso-e-familia-e-prioridade\/","title":{"rendered":"Fim da escala 6&#215;1: mais tempo para descanso e fam\u00edlia \u00e9 prioridade"},"content":{"rendered":"\n<p><strong><em>Mais tempo com a fam\u00edlia, cuidar da casa e at\u00e9 viajar: esse \u00e9 o desejo de quem enfrenta a escala 6&#215;1. O tema ganha for\u00e7a neste 1\u00ba de Maio e j\u00e1 est\u00e1 no Congresso. <\/em><\/strong><\/p>\n\n\n\n<p><em>Rafael Cardoso e Luciano Nascimento \u2013  Ag\u00eancia Brasil<\/em><\/p>\n\n\n\n<p>Mais tempo com a fam\u00edlia, cuidar da casa e at\u00e9 viajar: esses s\u00e3o alguns desejos de trabalhadores que cumprem a escala 6&#215;1 e defendem mais um dia de folga. O fim desse modelo \u00e9 a principal pauta das manifesta\u00e7\u00f5es de 1\u00ba de Maio e j\u00e1 est\u00e1 em debate no Congresso.<\/p>\n\n\n\n<p>A balconista Darlen Silva, 38 anos, relata que sua \u00fanica folga \u00e9 tomada por tarefas dom\u00e9sticas, sem descanso. Ela apoia a mudan\u00e7a, mas teme jornadas di\u00e1rias mais longas. J\u00e1 o gar\u00e7om Alisson dos Santos, 33, acredita que dois dias livres permitiriam organizar a rotina e at\u00e9 viajar.<\/p>\n\n\n\n<p>Outros trabalhadores tamb\u00e9m defendem a medida por melhorar a conviv\u00eancia familiar, sa\u00fade e qualidade de vida. Mesmo quem n\u00e3o est\u00e1 na escala, como a professora Karine Fernandes, considera o debate importante.<\/p>\n\n\n\n<p>No Congresso, propostas preveem reduzir a jornada semanal para at\u00e9 36 ou 40 horas, com diferentes modelos de transi\u00e7\u00e3o e distribui\u00e7\u00e3o dos dias de trabalho.<\/p>\n","protected":false},"excerpt":{"rendered":"<p>Mais tempo com a fam\u00edlia, cuidar da casa e at\u00e9 viajar: esse \u00e9 o desejo de quem enfrenta a escala 6&#215;1. O tema ganha for\u00e7a neste 1\u00ba de Maio e j\u00e1 est\u00e1 no Congresso. Rafael Cardoso e Luciano Nascimento \u2013 Ag\u00eancia Brasil Mais tempo com a fam\u00edlia, cuidar da casa e at\u00e9 viajar: esses s\u00e3o [&hellip;]<\/p>\n","protected":false},"author":2,"featured_media":5267,"comment_status":"open","ping_status":"open","sticky":false,"template":"","format":"standard","meta":{"footnotes":""},"categories":[30,2],"tags":[],"class_list":["post-5266","post","type-post","status-publish","format-standard","has-post-thumbnail","hentry","category-brasil","category-destaque"],"yoast_head":"<!-- This site is optimized with the Yoast SEO plugin v27.1.1 - https:\/\/yoast.com\/product\/yoast-seo-wordpress\/ -->\n<title>Fim da escala 6x1: mais tempo para descanso e fam\u00edlia \u00e9 prioridade - O PROGRESSO<\/title>\n<meta name=\"robots\" content=\"index, follow, max-snippet:-1, max-image-preview:large, max-video-preview:-1\" \/>\n<link rel=\"canonical\" href=\"https:\/\/progresso.com.br\/index.php\/2026\/05\/01\/fim-da-escala-6x1-mais-tempo-para-descanso-e-familia-e-prioridade\/\" \/>\n<meta property=\"og:locale\" content=\"pt_BR\" \/>\n<meta property=\"og:type\" content=\"article\" \/>\n<meta property=\"og:title\" content=\"Fim da escala 6x1: mais tempo para descanso e fam\u00edlia \u00e9 prioridade - O PROGRESSO\" \/>\n<meta property=\"og:description\" content=\"Mais tempo com a fam\u00edlia, cuidar da casa e at\u00e9 viajar: esse \u00e9 o desejo de quem enfrenta a escala 6&#215;1. O tema ganha for\u00e7a neste 1\u00ba de Maio e j\u00e1 est\u00e1 no Congresso. Rafael Cardoso e Luciano Nascimento \u2013 Ag\u00eancia Brasil Mais tempo com a fam\u00edlia, cuidar da casa e at\u00e9 viajar: esses s\u00e3o [&hellip;]\" \/>\n<meta property=\"og:url\" content=\"https:\/\/progresso.com.br\/index.php\/2026\/05\/01\/fim-da-escala-6x1-mais-tempo-para-descanso-e-familia-e-prioridade\/\" \/>\n<meta property=\"og:site_name\" content=\"O PROGRESSO\" \/>\n<meta property=\"article:publisher\" content=\"https:\/\/www.facebook.com\/share\/1CeoksKBj6\/\" \/>\n<meta property=\"article:published_time\" content=\"2026-05-01T13:49:32+00:00\" \/>\n<meta property=\"article:modified_time\" content=\"2026-05-01T13:49:33+00:00\" \/>\n<meta property=\"og:image\" content=\"https:\/\/progresso.com.br\/wp-content\/uploads\/2026\/05\/d5.webp\" \/>\n\t<meta property=\"og:image:width\" content=\"1170\" \/>\n\t<meta property=\"og:image:height\" content=\"700\" \/>\n\t<meta property=\"og:image:type\" content=\"image\/webp\" \/>\n<meta name=\"author\" content=\"Rose\" \/>\n<meta name=\"twitter:card\" content=\"summary_large_image\" \/>\n<meta name=\"twitter:label1\" content=\"Escrito por\" \/>\n\t<meta name=\"twitter:data1\" content=\"Rose\" \/>\n\t<meta name=\"twitter:label2\" content=\"Est. tempo de leitura\" \/>\n\t<meta name=\"twitter:data2\" content=\"2 minutos\" \/>\n<script type=\"application\/ld+json\" class=\"yoast-schema-graph\">{\"@context\":\"https:\/\/schema.org\",\"@graph\":[{\"@type\":\"Article\",\"@id\":\"https:\/\/progresso.com.br\/index.php\/2026\/05\/01\/fim-da-escala-6x1-mais-tempo-para-descanso-e-familia-e-prioridade\/#article\",\"isPartOf\":{\"@id\":\"https:\/\/progresso.com.br\/index.php\/2026\/05\/01\/fim-da-escala-6x1-mais-tempo-para-descanso-e-familia-e-prioridade\/\"},\"author\":{\"name\":\"Rose\",\"@id\":\"https:\/\/progresso.com.br\/#\/schema\/person\/5dd27138d4463fbbaace62120bfc002b\"},\"headline\":\"Fim da escala 6&#215;1: mais tempo para descanso e fam\u00edlia \u00e9 prioridade\",\"datePublished\":\"2026-05-01T13:49:32+00:00\",\"dateModified\":\"2026-05-01T13:49:33+00:00\",\"mainEntityOfPage\":{\"@id\":\"https:\/\/progresso.com.br\/index.php\/2026\/05\/01\/fim-da-escala-6x1-mais-tempo-para-descanso-e-familia-e-prioridade\/\"},\"wordCount\":213,\"commentCount\":0,\"publisher\":{\"@id\":\"https:\/\/progresso.com.br\/#organization\"},\"image\":{\"@id\":\"https:\/\/progresso.com.br\/index.php\/2026\/05\/01\/fim-da-escala-6x1-mais-tempo-para-descanso-e-familia-e-prioridade\/#primaryimage\"},\"thumbnailUrl\":\"https:\/\/progresso.com.br\/wp-content\/uploads\/2026\/05\/d5.webp\",\"articleSection\":[\"Brasil\",\"Em destaque\"],\"inLanguage\":\"pt-BR\",\"potentialAction\":[{\"@type\":\"CommentAction\",\"name\":\"Comment\",\"target\":[\"https:\/\/progresso.com.br\/index.php\/2026\/05\/01\/fim-da-escala-6x1-mais-tempo-para-descanso-e-familia-e-prioridade\/#respond\"]}]},{\"@type\":\"WebPage\",\"@id\":\"https:\/\/progresso.com.br\/index.php\/2026\/05\/01\/fim-da-escala-6x1-mais-tempo-para-descanso-e-familia-e-prioridade\/\",\"url\":\"https:\/\/progresso.com.br\/index.php\/2026\/05\/01\/fim-da-escala-6x1-mais-tempo-para-descanso-e-familia-e-prioridade\/\",\"name\":\"Fim da escala 6x1: mais tempo para descanso e fam\u00edlia \u00e9 prioridade - O PROGRESSO\",\"isPartOf\":{\"@id\":\"https:\/\/progresso.com.br\/#website\"},\"primaryImageOfPage\":{\"@id\":\"https:\/\/progresso.com.br\/index.php\/2026\/05\/01\/fim-da-escala-6x1-mais-tempo-para-descanso-e-familia-e-prioridade\/#primaryimage\"},\"image\":{\"@id\":\"https:\/\/progresso.com.br\/index.php\/2026\/05\/01\/fim-da-escala-6x1-mais-tempo-para-descanso-e-familia-e-prioridade\/#primaryimage\"},\"thumbnailUrl\":\"https:\/\/progresso.com.br\/wp-content\/uploads\/2026\/05\/d5.webp\",\"datePublished\":\"2026-05-01T13:49:32+00:00\",\"dateModified\":\"2026-05-01T13:49:33+00:00\",\"breadcrumb\":{\"@id\":\"https:\/\/progresso.com.br\/index.php\/2026\/05\/01\/fim-da-escala-6x1-mais-tempo-para-descanso-e-familia-e-prioridade\/#breadcrumb\"},\"inLanguage\":\"pt-BR\",\"potentialAction\":[{\"@type\":\"ReadAction\",\"target\":[\"https:\/\/progresso.com.br\/index.php\/2026\/05\/01\/fim-da-escala-6x1-mais-tempo-para-descanso-e-familia-e-prioridade\/\"]}]},{\"@type\":\"ImageObject\",\"inLanguage\":\"pt-BR\",\"@id\":\"https:\/\/progresso.com.br\/index.php\/2026\/05\/01\/fim-da-escala-6x1-mais-tempo-para-descanso-e-familia-e-prioridade\/#primaryimage\",\"url\":\"https:\/\/progresso.com.br\/wp-content\/uploads\/2026\/05\/d5.webp\",\"contentUrl\":\"https:\/\/progresso.com.br\/wp-content\/uploads\/2026\/05\/d5.webp\",\"width\":1170,\"height\":700,\"caption\":\"Foto: Letycia Bond\/Ag\u00eancia Brasil\"},{\"@type\":\"BreadcrumbList\",\"@id\":\"https:\/\/progresso.com.br\/index.php\/2026\/05\/01\/fim-da-escala-6x1-mais-tempo-para-descanso-e-familia-e-prioridade\/#breadcrumb\",\"itemListElement\":[{\"@type\":\"ListItem\",\"position\":1,\"name\":\"In\u00edcio\",\"item\":\"https:\/\/progresso.com.br\/\"},{\"@type\":\"ListItem\",\"position\":2,\"name\":\"Fim da escala 6&#215;1: mais tempo para descanso e fam\u00edlia \u00e9 prioridade\"}]},{\"@type\":\"WebSite\",\"@id\":\"https:\/\/progresso.com.br\/#website\",\"url\":\"https:\/\/progresso.com.br\/\",\"name\":\"O PROGRESSO\",\"description\":\"\",\"publisher\":{\"@id\":\"https:\/\/progresso.com.br\/#organization\"},\"potentialAction\":[{\"@type\":\"SearchAction\",\"target\":{\"@type\":\"EntryPoint\",\"urlTemplate\":\"https:\/\/progresso.com.br\/?s={search_term_string}\"},\"query-input\":{\"@type\":\"PropertyValueSpecification\",\"valueRequired\":true,\"valueName\":\"search_term_string\"}}],\"inLanguage\":\"pt-BR\"},{\"@type\":\"Organization\",\"@id\":\"https:\/\/progresso.com.br\/#organization\",\"name\":\"O PROGRESSO\",\"url\":\"https:\/\/progresso.com.br\/\",\"logo\":{\"@type\":\"ImageObject\",\"inLanguage\":\"pt-BR\",\"@id\":\"https:\/\/progresso.com.br\/#\/schema\/logo\/image\/\",\"url\":\"https:\/\/progresso.com.br\/wp-content\/uploads\/2026\/03\/logo_proog.jpg\",\"contentUrl\":\"https:\/\/progresso.com.br\/wp-content\/uploads\/2026\/03\/logo_proog.jpg\",\"width\":1960,\"height\":1080,\"caption\":\"O PROGRESSO\"},\"image\":{\"@id\":\"https:\/\/progresso.com.br\/#\/schema\/logo\/image\/\"},\"sameAs\":[\"https:\/\/www.facebook.com\/share\/1CeoksKBj6\/\",\"https:\/\/www.instagram.com\/oprogresso_digital\"]},{\"@type\":\"Person\",\"@id\":\"https:\/\/progresso.com.br\/#\/schema\/person\/5dd27138d4463fbbaace62120bfc002b\",\"name\":\"Rose\",\"image\":{\"@type\":\"ImageObject\",\"inLanguage\":\"pt-BR\",\"@id\":\"https:\/\/progresso.com.br\/#\/schema\/person\/image\/\",\"url\":\"https:\/\/secure.gravatar.com\/avatar\/1b6890e759cdd3a88d9f751cb423720b9861c5239167cd3586355638b6556599?s=96&d=mm&r=g\",\"contentUrl\":\"https:\/\/secure.gravatar.com\/avatar\/1b6890e759cdd3a88d9f751cb423720b9861c5239167cd3586355638b6556599?s=96&d=mm&r=g\",\"caption\":\"Rose\"},\"url\":\"https:\/\/progresso.com.br\/index.php\/author\/rose\/\"}]}<\/script>\n<!-- \/ Yoast SEO plugin. -->","yoast_head_json":{"title":"Fim da escala 6x1: mais tempo para descanso e fam\u00edlia \u00e9 prioridade - O PROGRESSO","robots":{"index":"index","follow":"follow","max-snippet":"max-snippet:-1","max-image-preview":"max-image-preview:large","max-video-preview":"max-video-preview:-1"},"canonical":"https:\/\/progresso.com.br\/index.php\/2026\/05\/01\/fim-da-escala-6x1-mais-tempo-para-descanso-e-familia-e-prioridade\/","og_locale":"pt_BR","og_type":"article","og_title":"Fim da escala 6x1: mais tempo para descanso e fam\u00edlia \u00e9 prioridade - O PROGRESSO","og_description":"Mais tempo com a fam\u00edlia, cuidar da casa e at\u00e9 viajar: esse \u00e9 o desejo de quem enfrenta a escala 6&#215;1. O tema ganha for\u00e7a neste 1\u00ba de Maio e j\u00e1 est\u00e1 no Congresso. Rafael Cardoso e Luciano Nascimento \u2013 Ag\u00eancia Brasil Mais tempo com a fam\u00edlia, cuidar da casa e at\u00e9 viajar: esses s\u00e3o [&hellip;]","og_url":"https:\/\/progresso.com.br\/index.php\/2026\/05\/01\/fim-da-escala-6x1-mais-tempo-para-descanso-e-familia-e-prioridade\/","og_site_name":"O PROGRESSO","article_publisher":"https:\/\/www.facebook.com\/share\/1CeoksKBj6\/","article_published_time":"2026-05-01T13:49:32+00:00","article_modified_time":"2026-05-01T13:49:33+00:00","og_image":[{"width":1170,"height":700,"url":"https:\/\/progresso.com.br\/wp-content\/uploads\/2026\/05\/d5.webp","type":"image\/webp"}],"author":"Rose","twitter_card":"summary_large_image","twitter_misc":{"Escrito por":"Rose","Est. tempo de leitura":"2 minutos"},"schema":{"@context":"https:\/\/schema.org","@graph":[{"@type":"Article","@id":"https:\/\/progresso.com.br\/index.php\/2026\/05\/01\/fim-da-escala-6x1-mais-tempo-para-descanso-e-familia-e-prioridade\/#article","isPartOf":{"@id":"https:\/\/progresso.com.br\/index.php\/2026\/05\/01\/fim-da-escala-6x1-mais-tempo-para-descanso-e-familia-e-prioridade\/"},"author":{"name":"Rose","@id":"https:\/\/progresso.com.br\/#\/schema\/person\/5dd27138d4463fbbaace62120bfc002b"},"headline":"Fim da escala 6&#215;1: mais tempo para descanso e fam\u00edlia \u00e9 prioridade","datePublished":"2026-05-01T13:49:32+00:00","dateModified":"2026-05-01T13:49:33+00:00","mainEntityOfPage":{"@id":"https:\/\/progresso.com.br\/index.php\/2026\/05\/01\/fim-da-escala-6x1-mais-tempo-para-descanso-e-familia-e-prioridade\/"},"wordCount":213,"commentCount":0,"publisher":{"@id":"https:\/\/progresso.com.br\/#organization"},"image":{"@id":"https:\/\/progresso.com.br\/index.php\/2026\/05\/01\/fim-da-escala-6x1-mais-tempo-para-descanso-e-familia-e-prioridade\/#primaryimage"},"thumbnailUrl":"https:\/\/progresso.com.br\/wp-content\/uploads\/2026\/05\/d5.webp","articleSection":["Brasil","Em destaque"],"inLanguage":"pt-BR","potentialAction":[{"@type":"CommentAction","name":"Comment","target":["https:\/\/progresso.com.br\/index.php\/2026\/05\/01\/fim-da-escala-6x1-mais-tempo-para-descanso-e-familia-e-prioridade\/#respond"]}]},{"@type":"WebPage","@id":"https:\/\/progresso.com.br\/index.php\/2026\/05\/01\/fim-da-escala-6x1-mais-tempo-para-descanso-e-familia-e-prioridade\/","url":"https:\/\/progresso.com.br\/index.php\/2026\/05\/01\/fim-da-escala-6x1-mais-tempo-para-descanso-e-familia-e-prioridade\/","name":"Fim da escala 6x1: mais tempo para descanso e fam\u00edlia \u00e9 prioridade - O PROGRESSO","isPartOf":{"@id":"https:\/\/progresso.com.br\/#website"},"primaryImageOfPage":{"@id":"https:\/\/progresso.com.br\/index.php\/2026\/05\/01\/fim-da-escala-6x1-mais-tempo-para-descanso-e-familia-e-prioridade\/#primaryimage"},"image":{"@id":"https:\/\/progresso.com.br\/index.php\/2026\/05\/01\/fim-da-escala-6x1-mais-tempo-para-descanso-e-familia-e-prioridade\/#primaryimage"},"thumbnailUrl":"https:\/\/progresso.com.br\/wp-content\/uploads\/2026\/05\/d5.webp","datePublished":"2026-05-01T13:49:32+00:00","dateModified":"2026-05-01T13:49:33+00:00","breadcrumb":{"@id":"https:\/\/progresso.com.br\/index.php\/2026\/05\/01\/fim-da-escala-6x1-mais-tempo-para-descanso-e-familia-e-prioridade\/#breadcrumb"},"inLanguage":"pt-BR","potentialAction":[{"@type":"ReadAction","target":["https:\/\/progresso.com.br\/index.php\/2026\/05\/01\/fim-da-escala-6x1-mais-tempo-para-descanso-e-familia-e-prioridade\/"]}]},{"@type":"ImageObject","inLanguage":"pt-BR","@id":"https:\/\/progresso.com.br\/index.php\/2026\/05\/01\/fim-da-escala-6x1-mais-tempo-para-descanso-e-familia-e-prioridade\/#primaryimage","url":"https:\/\/progresso.com.br\/wp-content\/uploads\/2026\/05\/d5.webp","contentUrl":"https:\/\/progresso.com.br\/wp-content\/uploads\/2026\/05\/d5.webp","width":1170,"height":700,"caption":"Foto: Letycia Bond\/Ag\u00eancia Brasil"},{"@type":"BreadcrumbList","@id":"https:\/\/progresso.com.br\/index.php\/2026\/05\/01\/fim-da-escala-6x1-mais-tempo-para-descanso-e-familia-e-prioridade\/#breadcrumb","itemListElement":[{"@type":"ListItem","position":1,"name":"In\u00edcio","item":"https:\/\/progresso.com.br\/"},{"@type":"ListItem","position":2,"name":"Fim da escala 6&#215;1: mais tempo para descanso e fam\u00edlia \u00e9 prioridade"}]},{"@type":"WebSite","@id":"https:\/\/progresso.com.br\/#website","url":"https:\/\/progresso.com.br\/","name":"O PROGRESSO","description":"","publisher":{"@id":"https:\/\/progresso.com.br\/#organization"},"potentialAction":[{"@type":"SearchAction","target":{"@type":"EntryPoint","urlTemplate":"https:\/\/progresso.com.br\/?s={search_term_string}"},"query-input":{"@type":"PropertyValueSpecification","valueRequired":true,"valueName":"search_term_string"}}],"inLanguage":"pt-BR"},{"@type":"Organization","@id":"https:\/\/progresso.com.br\/#organization","name":"O PROGRESSO","url":"https:\/\/progresso.com.br\/","logo":{"@type":"ImageObject","inLanguage":"pt-BR","@id":"https:\/\/progresso.com.br\/#\/schema\/logo\/image\/","url":"https:\/\/progresso.com.br\/wp-content\/uploads\/2026\/03\/logo_proog.jpg","contentUrl":"https:\/\/progresso.com.br\/wp-content\/uploads\/2026\/03\/logo_proog.jpg","width":1960,"height":1080,"caption":"O PROGRESSO"},"image":{"@id":"https:\/\/progresso.com.br\/#\/schema\/logo\/image\/"},"sameAs":["https:\/\/www.facebook.com\/share\/1CeoksKBj6\/","https:\/\/www.instagram.com\/oprogresso_digital"]},{"@type":"Person","@id":"https:\/\/progresso.com.br\/#\/schema\/person\/5dd27138d4463fbbaace62120bfc002b","name":"Rose","image":{"@type":"ImageObject","inLanguage":"pt-BR","@id":"https:\/\/progresso.com.br\/#\/schema\/person\/image\/","url":"https:\/\/secure.gravatar.com\/avatar\/1b6890e759cdd3a88d9f751cb423720b9861c5239167cd3586355638b6556599?s=96&d=mm&r=g","contentUrl":"https:\/\/secure.gravatar.com\/avatar\/1b6890e759cdd3a88d9f751cb423720b9861c5239167cd3586355638b6556599?s=96&d=mm&r=g","caption":"Rose"},"url":"https:\/\/progresso.com.br\/index.php\/author\/rose\/"}]}},"_links":{"self":[{"href":"https:\/\/progresso.com.br\/index.php\/wp-json\/wp\/v2\/posts\/5266","targetHints":{"allow":["GET"]}}],"collection":[{"href":"https:\/\/progresso.com.br\/index.php\/wp-json\/wp\/v2\/posts"}],"about":[{"href":"https:\/\/progresso.com.br\/index.php\/wp-json\/wp\/v2\/types\/post"}],"author":[{"embeddable":true,"href":"https:\/\/progresso.com.br\/index.php\/wp-json\/wp\/v2\/users\/2"}],"replies":[{"embeddable":true,"href":"https:\/\/progresso.com.br\/index.php\/wp-json\/wp\/v2\/comments?post=5266"}],"version-history":[{"count":1,"href":"https:\/\/progresso.com.br\/index.php\/wp-json\/wp\/v2\/posts\/5266\/revisions"}],"predecessor-version":[{"id":5268,"href":"https:\/\/progresso.com.br\/index.php\/wp-json\/wp\/v2\/posts\/5266\/revisions\/5268"}],"wp:featuredmedia":[{"embeddable":true,"href":"https:\/\/progresso.com.br\/index.php\/wp-json\/wp\/v2\/media\/5267"}],"wp:attachment":[{"href":"https:\/\/progresso.com.br\/index.php\/wp-json\/wp\/v2\/media?parent=5266"}],"wp:term":[{"taxonomy":"category","embeddable":true,"href":"https:\/\/progresso.com.br\/index.php\/wp-json\/wp\/v2\/categories?post=5266"},{"taxonomy":"post_tag","embeddable":true,"href":"https:\/\/progresso.com.br\/index.php\/wp-json\/wp\/v2\/tags?post=5266"}],"curies":[{"name":"wp","href":"https:\/\/api.w.org\/{rel}","templated":true}]}}