{"id":5269,"date":"2026-05-01T18:37:00","date_gmt":"2026-05-01T22:37:00","guid":{"rendered":"https:\/\/progresso.com.br\/?p=5269"},"modified":"2026-05-01T12:40:32","modified_gmt":"2026-05-01T16:40:32","slug":"brasil-registra-menor-numero-de-homicidios-e-latrocinios-da-decada-no-primeiro-trimestre","status":"publish","type":"post","link":"https:\/\/progresso.com.br\/index.php\/2026\/05\/01\/brasil-registra-menor-numero-de-homicidios-e-latrocinios-da-decada-no-primeiro-trimestre\/","title":{"rendered":"Brasil registra menor n\u00famero de homic\u00eddios e latroc\u00ednios da d\u00e9cada no primeiro trimestre"},"content":{"rendered":"\n<p><em><strong>Dados consolidados de janeiro a mar\u00e7o apontam queda hist\u00f3rica nos crimes letais e avan\u00e7o na atua\u00e7\u00e3o das for\u00e7as de seguran\u00e7a<\/strong><\/em><\/p>\n\n\n\n<p>O Brasil registrou, no primeiro trimestre de 2026, o menor n\u00famero de homic\u00eddios dolosos e latroc\u00ednios dos \u00faltimos dez anos para o per\u00edodo de janeiro a mar\u00e7o. Os dados foram divulgados pelo Minist\u00e9rio da Justi\u00e7a e Seguran\u00e7a P\u00fablica (MJSP) nesta quinta-feira (30), por meio do Sistema Nacional de Informa\u00e7\u00f5es de Seguran\u00e7a P\u00fablica (Sinesp).<br>&nbsp;<\/p>\n\n\n\n<p>Os homic\u00eddios dolosos sa\u00edram de 12.719 em 2016 para 7.289 em 2026, o que representa uma redu\u00e7\u00e3o de 42,7%. J\u00e1 os latroc\u00ednios (roubo seguido de morte) ca\u00edram de 591 em 2016 para 160 em 2026, uma redu\u00e7\u00e3o de 72,9%. A an\u00e1lise da s\u00e9rie hist\u00f3rica dos \u00faltimos dez anos refor\u00e7a que os n\u00fameros atuais representam o melhor resultado da d\u00e9cada para o primeiro trimestre, consolidando um cen\u00e1rio de diminui\u00e7\u00e3o consistente dos crimes letais no pa\u00eds.<br>&nbsp;<\/p>\n\n\n\n<p>Para o ministro da Justi\u00e7a e Seguran\u00e7a P\u00fablica, Wellington C\u00e9sar Lima e Silva, os resultados refletem uma mudan\u00e7a na forma de atua\u00e7\u00e3o do Estado no enfrentamento \u00e0 criminalidade. &#8220;Os dados mostram que o Brasil n\u00e3o est\u00e1 apenas reduzindo a viol\u00eancia, mas mudando a forma de enfrent\u00e1-la. Hoje, trabalhamos com integra\u00e7\u00e3o entre as for\u00e7as de seguran\u00e7a, uso intensivo de intelig\u00eancia e atua\u00e7\u00e3o coordenada em todo o pa\u00eds. Isso permite n\u00e3o s\u00f3 prender mais, mas prevenir crimes e salvar vidas&#8221;, afirmou.<br>&nbsp;<\/p>\n\n\n\n<p>De acordo com o levantamento, os homic\u00eddios dolosos apresentaram redu\u00e7\u00e3o de 25% na compara\u00e7\u00e3o entre 2022 e 2026, passando de 9.714 para 7.289 casos. J\u00e1 os latroc\u00ednios (roubos seguidos de morte) tiveram queda ainda mais expressiva, de 48,1%, saindo de 308 registros em 2022 para 160 em 2026.<br>&nbsp;<\/p>\n\n\n\n<p><strong>ATUA\u00c7\u00c3O DO ESTADO<\/strong>&nbsp;&#8211; Al\u00e9m da redu\u00e7\u00e3o da viol\u00eancia, os dados tamb\u00e9m evidenciam o fortalecimento da atua\u00e7\u00e3o do Estado. O n\u00famero de mandados de pris\u00e3o cumpridos aumentou 37,1% no mesmo per\u00edodo, passando de 53.212 em 2022 para 72.965 em 2026, indicando maior capacidade de investiga\u00e7\u00e3o, identifica\u00e7\u00e3o e responsabiliza\u00e7\u00e3o de criminosos.<br>&nbsp;<\/p>\n\n\n\n<p><strong>REDU\u00c7\u00c3O<\/strong>&nbsp;&#8211; Outro dado relevante \u00e9 a compara\u00e7\u00e3o entre os per\u00edodos de 2019 a 2022 e de 2023 a 2026. Nesse recorte, os homic\u00eddios dolosos ca\u00edram 16,2%, passando de 41.485 para 34.758 casos, o que demonstra a continuidade da tend\u00eancia de redu\u00e7\u00e3o da viol\u00eancia letal aliada a uma atua\u00e7\u00e3o mais estruturada e baseada em intelig\u00eancia.<br>&nbsp;<\/p>\n\n\n\n<p>Segundo o ministro, a estrat\u00e9gia nacional tem priorizado a integra\u00e7\u00e3o entre Uni\u00e3o e estados, o uso de dados para orientar opera\u00e7\u00f5es e o enfrentamento \u00e0s estruturas econ\u00f4micas do crime, especialmente no combate \u00e0 recepta\u00e7\u00e3o e aos crimes patrimoniais que financiam organiza\u00e7\u00f5es criminosas.<\/p>\n\n\n\n<p>A queda dos homic\u00eddios acompanha a amplia\u00e7\u00e3o do investimento federal em seguran\u00e7a p\u00fablica \u2014 o Fundo Nacional de Seguran\u00e7a P\u00fablica (FNSP) saltou de R$ 970,7 milh\u00f5es no bi\u00eanio 2021\u20132022 para R$ 1,76 bilh\u00e3o em 2023\u20132024, alta de 80,9%, com recursos aplicados em equipamentos, tecnologia, per\u00edcia, forma\u00e7\u00e3o policial e integra\u00e7\u00e3o entre as for\u00e7as.<br>&nbsp;<\/p>\n\n\n\n<p>&#8220;Mais investimento aliado \u00e0 integra\u00e7\u00e3o entre Uni\u00e3o e estados tem impacto direto na redu\u00e7\u00e3o da viol\u00eancia. Com estruturas mais modernas e atua\u00e7\u00e3o coordenada, as for\u00e7as de seguran\u00e7a conseguem agir com mais precis\u00e3o e efici\u00eancia&#8221;, afirmou o secret\u00e1rio nacional de Seguran\u00e7a P\u00fablica, Chico Lucas.<\/p>\n\n\n\n<p><em><strong>Fonte:<\/strong>&nbsp;Secretaria de Comunica\u00e7\u00e3o Social da Presid\u00eancia da Rep\u00fablica<\/em>&nbsp;<\/p>\n","protected":false},"excerpt":{"rendered":"<p>Dados consolidados de janeiro a mar\u00e7o apontam queda hist\u00f3rica nos crimes letais e avan\u00e7o na atua\u00e7\u00e3o das for\u00e7as de seguran\u00e7a O Brasil registrou, no primeiro trimestre de 2026, o menor n\u00famero de homic\u00eddios dolosos e latroc\u00ednios dos \u00faltimos dez anos para o per\u00edodo de janeiro a mar\u00e7o. Os dados foram divulgados pelo Minist\u00e9rio da Justi\u00e7a [&hellip;]<\/p>\n","protected":false},"author":2,"featured_media":5295,"comment_status":"open","ping_status":"open","sticky":false,"template":"","format":"standard","meta":{"footnotes":""},"categories":[30,2],"tags":[],"class_list":["post-5269","post","type-post","status-publish","format-standard","has-post-thumbnail","hentry","category-brasil","category-destaque"],"yoast_head":"<!-- This site is optimized with the Yoast SEO plugin v27.1.1 - https:\/\/yoast.com\/product\/yoast-seo-wordpress\/ -->\n<title>Brasil registra menor n\u00famero de homic\u00eddios e latroc\u00ednios da d\u00e9cada no primeiro trimestre - O PROGRESSO<\/title>\n<meta name=\"robots\" content=\"index, follow, max-snippet:-1, max-image-preview:large, max-video-preview:-1\" \/>\n<link rel=\"canonical\" href=\"https:\/\/progresso.com.br\/index.php\/2026\/05\/01\/brasil-registra-menor-numero-de-homicidios-e-latrocinios-da-decada-no-primeiro-trimestre\/\" \/>\n<meta property=\"og:locale\" content=\"pt_BR\" \/>\n<meta property=\"og:type\" content=\"article\" \/>\n<meta property=\"og:title\" content=\"Brasil registra menor n\u00famero de homic\u00eddios e latroc\u00ednios da d\u00e9cada no primeiro trimestre - O PROGRESSO\" \/>\n<meta property=\"og:description\" content=\"Dados consolidados de janeiro a mar\u00e7o apontam queda hist\u00f3rica nos crimes letais e avan\u00e7o na atua\u00e7\u00e3o das for\u00e7as de seguran\u00e7a O Brasil registrou, no primeiro trimestre de 2026, o menor n\u00famero de homic\u00eddios dolosos e latroc\u00ednios dos \u00faltimos dez anos para o per\u00edodo de janeiro a mar\u00e7o. Os dados foram divulgados pelo Minist\u00e9rio da Justi\u00e7a [&hellip;]\" \/>\n<meta property=\"og:url\" content=\"https:\/\/progresso.com.br\/index.php\/2026\/05\/01\/brasil-registra-menor-numero-de-homicidios-e-latrocinios-da-decada-no-primeiro-trimestre\/\" \/>\n<meta property=\"og:site_name\" content=\"O PROGRESSO\" \/>\n<meta property=\"article:publisher\" content=\"https:\/\/www.facebook.com\/share\/1CeoksKBj6\/\" \/>\n<meta property=\"article:published_time\" content=\"2026-05-01T22:37:00+00:00\" \/>\n<meta property=\"og:image\" content=\"https:\/\/progresso.com.br\/wp-content\/uploads\/2026\/05\/5ETZ6IWMihTZzojci5SbvNmLvN3clJ3ZvJHcAxWYpNmcl12bjpzNyQTNwMDMxETM6cGcq5COwYzN2ETM3UjRyUSM3Uzb0VXYGJTJ2IDMx8VL1ETLf9VLwITLfpTO.jpeg\" \/>\n\t<meta property=\"og:image:width\" content=\"768\" \/>\n\t<meta property=\"og:image:height\" content=\"512\" \/>\n\t<meta property=\"og:image:type\" content=\"image\/jpeg\" \/>\n<meta name=\"author\" content=\"Rose\" \/>\n<meta name=\"twitter:card\" content=\"summary_large_image\" \/>\n<meta name=\"twitter:label1\" content=\"Escrito por\" \/>\n\t<meta name=\"twitter:data1\" content=\"Rose\" \/>\n\t<meta name=\"twitter:label2\" content=\"Est. tempo de leitura\" \/>\n\t<meta name=\"twitter:data2\" content=\"4 minutos\" \/>\n<script type=\"application\/ld+json\" class=\"yoast-schema-graph\">{\"@context\":\"https:\/\/schema.org\",\"@graph\":[{\"@type\":\"Article\",\"@id\":\"https:\/\/progresso.com.br\/index.php\/2026\/05\/01\/brasil-registra-menor-numero-de-homicidios-e-latrocinios-da-decada-no-primeiro-trimestre\/#article\",\"isPartOf\":{\"@id\":\"https:\/\/progresso.com.br\/index.php\/2026\/05\/01\/brasil-registra-menor-numero-de-homicidios-e-latrocinios-da-decada-no-primeiro-trimestre\/\"},\"author\":{\"name\":\"Rose\",\"@id\":\"https:\/\/progresso.com.br\/#\/schema\/person\/5dd27138d4463fbbaace62120bfc002b\"},\"headline\":\"Brasil registra menor n\u00famero de homic\u00eddios e latroc\u00ednios da d\u00e9cada no primeiro trimestre\",\"datePublished\":\"2026-05-01T22:37:00+00:00\",\"mainEntityOfPage\":{\"@id\":\"https:\/\/progresso.com.br\/index.php\/2026\/05\/01\/brasil-registra-menor-numero-de-homicidios-e-latrocinios-da-decada-no-primeiro-trimestre\/\"},\"wordCount\":619,\"commentCount\":0,\"publisher\":{\"@id\":\"https:\/\/progresso.com.br\/#organization\"},\"image\":{\"@id\":\"https:\/\/progresso.com.br\/index.php\/2026\/05\/01\/brasil-registra-menor-numero-de-homicidios-e-latrocinios-da-decada-no-primeiro-trimestre\/#primaryimage\"},\"thumbnailUrl\":\"https:\/\/progresso.com.br\/wp-content\/uploads\/2026\/05\/5ETZ6IWMihTZzojci5SbvNmLvN3clJ3ZvJHcAxWYpNmcl12bjpzNyQTNwMDMxETM6cGcq5COwYzN2ETM3UjRyUSM3Uzb0VXYGJTJ2IDMx8VL1ETLf9VLwITLfpTO.jpeg\",\"articleSection\":[\"Brasil\",\"Em destaque\"],\"inLanguage\":\"pt-BR\",\"potentialAction\":[{\"@type\":\"CommentAction\",\"name\":\"Comment\",\"target\":[\"https:\/\/progresso.com.br\/index.php\/2026\/05\/01\/brasil-registra-menor-numero-de-homicidios-e-latrocinios-da-decada-no-primeiro-trimestre\/#respond\"]}]},{\"@type\":\"WebPage\",\"@id\":\"https:\/\/progresso.com.br\/index.php\/2026\/05\/01\/brasil-registra-menor-numero-de-homicidios-e-latrocinios-da-decada-no-primeiro-trimestre\/\",\"url\":\"https:\/\/progresso.com.br\/index.php\/2026\/05\/01\/brasil-registra-menor-numero-de-homicidios-e-latrocinios-da-decada-no-primeiro-trimestre\/\",\"name\":\"Brasil registra menor n\u00famero de homic\u00eddios e latroc\u00ednios da d\u00e9cada no primeiro trimestre - O PROGRESSO\",\"isPartOf\":{\"@id\":\"https:\/\/progresso.com.br\/#website\"},\"primaryImageOfPage\":{\"@id\":\"https:\/\/progresso.com.br\/index.php\/2026\/05\/01\/brasil-registra-menor-numero-de-homicidios-e-latrocinios-da-decada-no-primeiro-trimestre\/#primaryimage\"},\"image\":{\"@id\":\"https:\/\/progresso.com.br\/index.php\/2026\/05\/01\/brasil-registra-menor-numero-de-homicidios-e-latrocinios-da-decada-no-primeiro-trimestre\/#primaryimage\"},\"thumbnailUrl\":\"https:\/\/progresso.com.br\/wp-content\/uploads\/2026\/05\/5ETZ6IWMihTZzojci5SbvNmLvN3clJ3ZvJHcAxWYpNmcl12bjpzNyQTNwMDMxETM6cGcq5COwYzN2ETM3UjRyUSM3Uzb0VXYGJTJ2IDMx8VL1ETLf9VLwITLfpTO.jpeg\",\"datePublished\":\"2026-05-01T22:37:00+00:00\",\"breadcrumb\":{\"@id\":\"https:\/\/progresso.com.br\/index.php\/2026\/05\/01\/brasil-registra-menor-numero-de-homicidios-e-latrocinios-da-decada-no-primeiro-trimestre\/#breadcrumb\"},\"inLanguage\":\"pt-BR\",\"potentialAction\":[{\"@type\":\"ReadAction\",\"target\":[\"https:\/\/progresso.com.br\/index.php\/2026\/05\/01\/brasil-registra-menor-numero-de-homicidios-e-latrocinios-da-decada-no-primeiro-trimestre\/\"]}]},{\"@type\":\"ImageObject\",\"inLanguage\":\"pt-BR\",\"@id\":\"https:\/\/progresso.com.br\/index.php\/2026\/05\/01\/brasil-registra-menor-numero-de-homicidios-e-latrocinios-da-decada-no-primeiro-trimestre\/#primaryimage\",\"url\":\"https:\/\/progresso.com.br\/wp-content\/uploads\/2026\/05\/5ETZ6IWMihTZzojci5SbvNmLvN3clJ3ZvJHcAxWYpNmcl12bjpzNyQTNwMDMxETM6cGcq5COwYzN2ETM3UjRyUSM3Uzb0VXYGJTJ2IDMx8VL1ETLf9VLwITLfpTO.jpeg\",\"contentUrl\":\"https:\/\/progresso.com.br\/wp-content\/uploads\/2026\/05\/5ETZ6IWMihTZzojci5SbvNmLvN3clJ3ZvJHcAxWYpNmcl12bjpzNyQTNwMDMxETM6cGcq5COwYzN2ETM3UjRyUSM3Uzb0VXYGJTJ2IDMx8VL1ETLf9VLwITLfpTO.jpeg\",\"width\":768,\"height\":512,\"caption\":\"Foto: Divulga\u00e7\u00e3o\"},{\"@type\":\"BreadcrumbList\",\"@id\":\"https:\/\/progresso.com.br\/index.php\/2026\/05\/01\/brasil-registra-menor-numero-de-homicidios-e-latrocinios-da-decada-no-primeiro-trimestre\/#breadcrumb\",\"itemListElement\":[{\"@type\":\"ListItem\",\"position\":1,\"name\":\"In\u00edcio\",\"item\":\"https:\/\/progresso.com.br\/\"},{\"@type\":\"ListItem\",\"position\":2,\"name\":\"Brasil registra menor n\u00famero de homic\u00eddios e latroc\u00ednios da d\u00e9cada no primeiro trimestre\"}]},{\"@type\":\"WebSite\",\"@id\":\"https:\/\/progresso.com.br\/#website\",\"url\":\"https:\/\/progresso.com.br\/\",\"name\":\"O PROGRESSO\",\"description\":\"\",\"publisher\":{\"@id\":\"https:\/\/progresso.com.br\/#organization\"},\"potentialAction\":[{\"@type\":\"SearchAction\",\"target\":{\"@type\":\"EntryPoint\",\"urlTemplate\":\"https:\/\/progresso.com.br\/?s={search_term_string}\"},\"query-input\":{\"@type\":\"PropertyValueSpecification\",\"valueRequired\":true,\"valueName\":\"search_term_string\"}}],\"inLanguage\":\"pt-BR\"},{\"@type\":\"Organization\",\"@id\":\"https:\/\/progresso.com.br\/#organization\",\"name\":\"O PROGRESSO\",\"url\":\"https:\/\/progresso.com.br\/\",\"logo\":{\"@type\":\"ImageObject\",\"inLanguage\":\"pt-BR\",\"@id\":\"https:\/\/progresso.com.br\/#\/schema\/logo\/image\/\",\"url\":\"https:\/\/progresso.com.br\/wp-content\/uploads\/2026\/03\/logo_proog.jpg\",\"contentUrl\":\"https:\/\/progresso.com.br\/wp-content\/uploads\/2026\/03\/logo_proog.jpg\",\"width\":1960,\"height\":1080,\"caption\":\"O PROGRESSO\"},\"image\":{\"@id\":\"https:\/\/progresso.com.br\/#\/schema\/logo\/image\/\"},\"sameAs\":[\"https:\/\/www.facebook.com\/share\/1CeoksKBj6\/\",\"https:\/\/www.instagram.com\/oprogresso_digital\"]},{\"@type\":\"Person\",\"@id\":\"https:\/\/progresso.com.br\/#\/schema\/person\/5dd27138d4463fbbaace62120bfc002b\",\"name\":\"Rose\",\"image\":{\"@type\":\"ImageObject\",\"inLanguage\":\"pt-BR\",\"@id\":\"https:\/\/progresso.com.br\/#\/schema\/person\/image\/\",\"url\":\"https:\/\/secure.gravatar.com\/avatar\/1b6890e759cdd3a88d9f751cb423720b9861c5239167cd3586355638b6556599?s=96&d=mm&r=g\",\"contentUrl\":\"https:\/\/secure.gravatar.com\/avatar\/1b6890e759cdd3a88d9f751cb423720b9861c5239167cd3586355638b6556599?s=96&d=mm&r=g\",\"caption\":\"Rose\"},\"url\":\"https:\/\/progresso.com.br\/index.php\/author\/rose\/\"}]}<\/script>\n<!-- \/ Yoast SEO plugin. -->","yoast_head_json":{"title":"Brasil registra menor n\u00famero de homic\u00eddios e latroc\u00ednios da d\u00e9cada no primeiro trimestre - O PROGRESSO","robots":{"index":"index","follow":"follow","max-snippet":"max-snippet:-1","max-image-preview":"max-image-preview:large","max-video-preview":"max-video-preview:-1"},"canonical":"https:\/\/progresso.com.br\/index.php\/2026\/05\/01\/brasil-registra-menor-numero-de-homicidios-e-latrocinios-da-decada-no-primeiro-trimestre\/","og_locale":"pt_BR","og_type":"article","og_title":"Brasil registra menor n\u00famero de homic\u00eddios e latroc\u00ednios da d\u00e9cada no primeiro trimestre - O PROGRESSO","og_description":"Dados consolidados de janeiro a mar\u00e7o apontam queda hist\u00f3rica nos crimes letais e avan\u00e7o na atua\u00e7\u00e3o das for\u00e7as de seguran\u00e7a O Brasil registrou, no primeiro trimestre de 2026, o menor n\u00famero de homic\u00eddios dolosos e latroc\u00ednios dos \u00faltimos dez anos para o per\u00edodo de janeiro a mar\u00e7o. Os dados foram divulgados pelo Minist\u00e9rio da Justi\u00e7a [&hellip;]","og_url":"https:\/\/progresso.com.br\/index.php\/2026\/05\/01\/brasil-registra-menor-numero-de-homicidios-e-latrocinios-da-decada-no-primeiro-trimestre\/","og_site_name":"O PROGRESSO","article_publisher":"https:\/\/www.facebook.com\/share\/1CeoksKBj6\/","article_published_time":"2026-05-01T22:37:00+00:00","og_image":[{"width":768,"height":512,"url":"https:\/\/progresso.com.br\/wp-content\/uploads\/2026\/05\/5ETZ6IWMihTZzojci5SbvNmLvN3clJ3ZvJHcAxWYpNmcl12bjpzNyQTNwMDMxETM6cGcq5COwYzN2ETM3UjRyUSM3Uzb0VXYGJTJ2IDMx8VL1ETLf9VLwITLfpTO.jpeg","type":"image\/jpeg"}],"author":"Rose","twitter_card":"summary_large_image","twitter_misc":{"Escrito por":"Rose","Est. tempo de leitura":"4 minutos"},"schema":{"@context":"https:\/\/schema.org","@graph":[{"@type":"Article","@id":"https:\/\/progresso.com.br\/index.php\/2026\/05\/01\/brasil-registra-menor-numero-de-homicidios-e-latrocinios-da-decada-no-primeiro-trimestre\/#article","isPartOf":{"@id":"https:\/\/progresso.com.br\/index.php\/2026\/05\/01\/brasil-registra-menor-numero-de-homicidios-e-latrocinios-da-decada-no-primeiro-trimestre\/"},"author":{"name":"Rose","@id":"https:\/\/progresso.com.br\/#\/schema\/person\/5dd27138d4463fbbaace62120bfc002b"},"headline":"Brasil registra menor n\u00famero de homic\u00eddios e latroc\u00ednios da d\u00e9cada no primeiro trimestre","datePublished":"2026-05-01T22:37:00+00:00","mainEntityOfPage":{"@id":"https:\/\/progresso.com.br\/index.php\/2026\/05\/01\/brasil-registra-menor-numero-de-homicidios-e-latrocinios-da-decada-no-primeiro-trimestre\/"},"wordCount":619,"commentCount":0,"publisher":{"@id":"https:\/\/progresso.com.br\/#organization"},"image":{"@id":"https:\/\/progresso.com.br\/index.php\/2026\/05\/01\/brasil-registra-menor-numero-de-homicidios-e-latrocinios-da-decada-no-primeiro-trimestre\/#primaryimage"},"thumbnailUrl":"https:\/\/progresso.com.br\/wp-content\/uploads\/2026\/05\/5ETZ6IWMihTZzojci5SbvNmLvN3clJ3ZvJHcAxWYpNmcl12bjpzNyQTNwMDMxETM6cGcq5COwYzN2ETM3UjRyUSM3Uzb0VXYGJTJ2IDMx8VL1ETLf9VLwITLfpTO.jpeg","articleSection":["Brasil","Em destaque"],"inLanguage":"pt-BR","potentialAction":[{"@type":"CommentAction","name":"Comment","target":["https:\/\/progresso.com.br\/index.php\/2026\/05\/01\/brasil-registra-menor-numero-de-homicidios-e-latrocinios-da-decada-no-primeiro-trimestre\/#respond"]}]},{"@type":"WebPage","@id":"https:\/\/progresso.com.br\/index.php\/2026\/05\/01\/brasil-registra-menor-numero-de-homicidios-e-latrocinios-da-decada-no-primeiro-trimestre\/","url":"https:\/\/progresso.com.br\/index.php\/2026\/05\/01\/brasil-registra-menor-numero-de-homicidios-e-latrocinios-da-decada-no-primeiro-trimestre\/","name":"Brasil registra menor n\u00famero de homic\u00eddios e latroc\u00ednios da d\u00e9cada no primeiro trimestre - O PROGRESSO","isPartOf":{"@id":"https:\/\/progresso.com.br\/#website"},"primaryImageOfPage":{"@id":"https:\/\/progresso.com.br\/index.php\/2026\/05\/01\/brasil-registra-menor-numero-de-homicidios-e-latrocinios-da-decada-no-primeiro-trimestre\/#primaryimage"},"image":{"@id":"https:\/\/progresso.com.br\/index.php\/2026\/05\/01\/brasil-registra-menor-numero-de-homicidios-e-latrocinios-da-decada-no-primeiro-trimestre\/#primaryimage"},"thumbnailUrl":"https:\/\/progresso.com.br\/wp-content\/uploads\/2026\/05\/5ETZ6IWMihTZzojci5SbvNmLvN3clJ3ZvJHcAxWYpNmcl12bjpzNyQTNwMDMxETM6cGcq5COwYzN2ETM3UjRyUSM3Uzb0VXYGJTJ2IDMx8VL1ETLf9VLwITLfpTO.jpeg","datePublished":"2026-05-01T22:37:00+00:00","breadcrumb":{"@id":"https:\/\/progresso.com.br\/index.php\/2026\/05\/01\/brasil-registra-menor-numero-de-homicidios-e-latrocinios-da-decada-no-primeiro-trimestre\/#breadcrumb"},"inLanguage":"pt-BR","potentialAction":[{"@type":"ReadAction","target":["https:\/\/progresso.com.br\/index.php\/2026\/05\/01\/brasil-registra-menor-numero-de-homicidios-e-latrocinios-da-decada-no-primeiro-trimestre\/"]}]},{"@type":"ImageObject","inLanguage":"pt-BR","@id":"https:\/\/progresso.com.br\/index.php\/2026\/05\/01\/brasil-registra-menor-numero-de-homicidios-e-latrocinios-da-decada-no-primeiro-trimestre\/#primaryimage","url":"https:\/\/progresso.com.br\/wp-content\/uploads\/2026\/05\/5ETZ6IWMihTZzojci5SbvNmLvN3clJ3ZvJHcAxWYpNmcl12bjpzNyQTNwMDMxETM6cGcq5COwYzN2ETM3UjRyUSM3Uzb0VXYGJTJ2IDMx8VL1ETLf9VLwITLfpTO.jpeg","contentUrl":"https:\/\/progresso.com.br\/wp-content\/uploads\/2026\/05\/5ETZ6IWMihTZzojci5SbvNmLvN3clJ3ZvJHcAxWYpNmcl12bjpzNyQTNwMDMxETM6cGcq5COwYzN2ETM3UjRyUSM3Uzb0VXYGJTJ2IDMx8VL1ETLf9VLwITLfpTO.jpeg","width":768,"height":512,"caption":"Foto: Divulga\u00e7\u00e3o"},{"@type":"BreadcrumbList","@id":"https:\/\/progresso.com.br\/index.php\/2026\/05\/01\/brasil-registra-menor-numero-de-homicidios-e-latrocinios-da-decada-no-primeiro-trimestre\/#breadcrumb","itemListElement":[{"@type":"ListItem","position":1,"name":"In\u00edcio","item":"https:\/\/progresso.com.br\/"},{"@type":"ListItem","position":2,"name":"Brasil registra menor n\u00famero de homic\u00eddios e latroc\u00ednios da d\u00e9cada no primeiro trimestre"}]},{"@type":"WebSite","@id":"https:\/\/progresso.com.br\/#website","url":"https:\/\/progresso.com.br\/","name":"O PROGRESSO","description":"","publisher":{"@id":"https:\/\/progresso.com.br\/#organization"},"potentialAction":[{"@type":"SearchAction","target":{"@type":"EntryPoint","urlTemplate":"https:\/\/progresso.com.br\/?s={search_term_string}"},"query-input":{"@type":"PropertyValueSpecification","valueRequired":true,"valueName":"search_term_string"}}],"inLanguage":"pt-BR"},{"@type":"Organization","@id":"https:\/\/progresso.com.br\/#organization","name":"O PROGRESSO","url":"https:\/\/progresso.com.br\/","logo":{"@type":"ImageObject","inLanguage":"pt-BR","@id":"https:\/\/progresso.com.br\/#\/schema\/logo\/image\/","url":"https:\/\/progresso.com.br\/wp-content\/uploads\/2026\/03\/logo_proog.jpg","contentUrl":"https:\/\/progresso.com.br\/wp-content\/uploads\/2026\/03\/logo_proog.jpg","width":1960,"height":1080,"caption":"O PROGRESSO"},"image":{"@id":"https:\/\/progresso.com.br\/#\/schema\/logo\/image\/"},"sameAs":["https:\/\/www.facebook.com\/share\/1CeoksKBj6\/","https:\/\/www.instagram.com\/oprogresso_digital"]},{"@type":"Person","@id":"https:\/\/progresso.com.br\/#\/schema\/person\/5dd27138d4463fbbaace62120bfc002b","name":"Rose","image":{"@type":"ImageObject","inLanguage":"pt-BR","@id":"https:\/\/progresso.com.br\/#\/schema\/person\/image\/","url":"https:\/\/secure.gravatar.com\/avatar\/1b6890e759cdd3a88d9f751cb423720b9861c5239167cd3586355638b6556599?s=96&d=mm&r=g","contentUrl":"https:\/\/secure.gravatar.com\/avatar\/1b6890e759cdd3a88d9f751cb423720b9861c5239167cd3586355638b6556599?s=96&d=mm&r=g","caption":"Rose"},"url":"https:\/\/progresso.com.br\/index.php\/author\/rose\/"}]}},"_links":{"self":[{"href":"https:\/\/progresso.com.br\/index.php\/wp-json\/wp\/v2\/posts\/5269","targetHints":{"allow":["GET"]}}],"collection":[{"href":"https:\/\/progresso.com.br\/index.php\/wp-json\/wp\/v2\/posts"}],"about":[{"href":"https:\/\/progresso.com.br\/index.php\/wp-json\/wp\/v2\/types\/post"}],"author":[{"embeddable":true,"href":"https:\/\/progresso.com.br\/index.php\/wp-json\/wp\/v2\/users\/2"}],"replies":[{"embeddable":true,"href":"https:\/\/progresso.com.br\/index.php\/wp-json\/wp\/v2\/comments?post=5269"}],"version-history":[{"count":1,"href":"https:\/\/progresso.com.br\/index.php\/wp-json\/wp\/v2\/posts\/5269\/revisions"}],"predecessor-version":[{"id":5296,"href":"https:\/\/progresso.com.br\/index.php\/wp-json\/wp\/v2\/posts\/5269\/revisions\/5296"}],"wp:featuredmedia":[{"embeddable":true,"href":"https:\/\/progresso.com.br\/index.php\/wp-json\/wp\/v2\/media\/5295"}],"wp:attachment":[{"href":"https:\/\/progresso.com.br\/index.php\/wp-json\/wp\/v2\/media?parent=5269"}],"wp:term":[{"taxonomy":"category","embeddable":true,"href":"https:\/\/progresso.com.br\/index.php\/wp-json\/wp\/v2\/categories?post=5269"},{"taxonomy":"post_tag","embeddable":true,"href":"https:\/\/progresso.com.br\/index.php\/wp-json\/wp\/v2\/tags?post=5269"}],"curies":[{"name":"wp","href":"https:\/\/api.w.org\/{rel}","templated":true}]}}