{"id":5273,"date":"2026-05-01T10:33:06","date_gmt":"2026-05-01T14:33:06","guid":{"rendered":"https:\/\/progresso.com.br\/?p=5273"},"modified":"2026-05-01T10:33:07","modified_gmt":"2026-05-01T14:33:07","slug":"bolsonaro-e-internado-para-cirurgia-no-ombro-em-brasilia","status":"publish","type":"post","link":"https:\/\/progresso.com.br\/index.php\/2026\/05\/01\/bolsonaro-e-internado-para-cirurgia-no-ombro-em-brasilia\/","title":{"rendered":"Bolsonaro \u00e9 internado para cirurgia no ombro em Bras\u00edlia"},"content":{"rendered":"\n<p><em>Daniella Almeida, da Ag\u00eancia Brasil<\/em><\/p>\n\n\n\n<p><strong>O ex-presidente Jair Bolsonaro foi internado na manh\u00e3 desta sexta-feira (1\u00ba) no hospital DF Star, em Bras\u00edlia, para passar por uma cirurgia no ombro.<\/strong>&nbsp;O procedimento, para tratar uma les\u00e3o no manguito rotador direito, deve durar tr\u00eas horas.<img decoding=\"async\" src=\"https:\/\/agenciabrasil.ebc.com.br\/ebc.png?id=1688066&amp;o=node\"><img decoding=\"async\" src=\"https:\/\/agenciabrasil.ebc.com.br\/ebc.gif?id=1688066&amp;o=node\"><\/p>\n\n\n\n<p>H\u00e1 uma semana, o procurador-geral da Rep\u00fablica, Paulo Gonet, enviou ao Supremo Tribunal Federal (STF)&nbsp;<a href=\"https:\/\/agenciabrasil.ebc.com.br\/justica\/noticia\/2026-04\/pgr-da-aval-para-bolsonaro-fazer-cirurgia-no-ombro\" target=\"_blank\" rel=\"noreferrer noopener\">parecer favor\u00e1vel<\/a>&nbsp;ao pedido do ex-presidente Jair Bolsonaro para deixar a pris\u00e3o domiciliar e fazer uma cirurgia no ombro.<\/p>\n\n\n\n<p><strong>A&nbsp;<a href=\"https:\/\/portal.stf.jus.br\/processos\/detalhe.asp?incidente=7447709\" target=\"_blank\" rel=\"noreferrer noopener\">autoriza\u00e7\u00e3o foi concedida<\/a>&nbsp;pelo&nbsp;ministro do STF Alexandre de Moraes \u2013 respons\u00e1vel pela execu\u00e7\u00e3o penal do ex-presidente.<\/strong>&nbsp;<\/p>\n\n\n\n<p>Na manh\u00e3 desta sexta-feira, a ex-primeira-dama, Michelle Bolsonaro, publicou em sua rede social que, de acordo com o m\u00e9dico ortopedista que acompanha o ex-presidente,\u00a0<strong>ser\u00e3o cerca de duas horas de prepara\u00e7\u00e3o para o procedimento \u2013 quando ser\u00e1 colocado um cateter de medica\u00e7\u00e3o \u2013 mais tr\u00eas horas para realiza\u00e7\u00e3o da cirurgia.<\/strong><\/p>\n\n\n\n<h2 class=\"wp-block-heading\">Pris\u00e3o domiciliar<\/h2>\n\n\n\n<p>Por decis\u00e3o do ministro Alexandre de Moraes, de 24 de mar\u00e7o, Bolsonaro est\u00e1 em pris\u00e3o domiciliar humanit\u00e1ria, ap\u00f3s deixar o mesmo hospital privado da capital federal, onde esteve internado para tratar um quadro de pneumonia bacteriana.<\/p>\n\n\n\n<p><strong>O ex-presidente&nbsp;<a href=\"https:\/\/agenciabrasil.ebc.com.br\/justica\/noticia\/2025-09\/stf-condena-bolsonaro-27-anos-e-tres-meses-de-prisao\" target=\"_blank\" rel=\"noreferrer noopener\">foi condenado&nbsp;<\/a>pela Primeira Turma do Supremo Tribunal Federal (STF), em setembro de 2025, a 27 anos e 3 meses de pris\u00e3o na a\u00e7\u00e3o penal da trama golpista.<\/strong><\/p>\n\n\n\n<p>Antes da decis\u00e3o que autorizou a pris\u00e3o domiciliar, Bolsonaro cumpria pena no 19\u00b0 Batalh\u00e3o da Pol\u00edcia Militar, no Complexo Penitenci\u00e1rio da Papuda, no Distrito Federal. O local \u00e9 conhecido como Papudinha.<\/p>\n","protected":false},"excerpt":{"rendered":"<p>Daniella Almeida, da Ag\u00eancia Brasil O ex-presidente Jair Bolsonaro foi internado na manh\u00e3 desta sexta-feira (1\u00ba) no hospital DF Star, em Bras\u00edlia, para passar por uma cirurgia no ombro.&nbsp;O procedimento, para tratar uma les\u00e3o no manguito rotador direito, deve durar tr\u00eas horas. H\u00e1 uma semana, o procurador-geral da Rep\u00fablica, Paulo Gonet, enviou ao Supremo Tribunal [&hellip;]<\/p>\n","protected":false},"author":3,"featured_media":5274,"comment_status":"open","ping_status":"open","sticky":false,"template":"","format":"standard","meta":{"footnotes":""},"categories":[9],"tags":[],"class_list":["post-5273","post","type-post","status-publish","format-standard","has-post-thumbnail","hentry","category-politica"],"yoast_head":"<!-- This site is optimized with the Yoast SEO plugin v27.1.1 - https:\/\/yoast.com\/product\/yoast-seo-wordpress\/ -->\n<title>Bolsonaro \u00e9 internado para cirurgia no ombro em Bras\u00edlia - O PROGRESSO<\/title>\n<meta name=\"robots\" content=\"index, follow, max-snippet:-1, max-image-preview:large, max-video-preview:-1\" \/>\n<link rel=\"canonical\" href=\"https:\/\/progresso.com.br\/index.php\/2026\/05\/01\/bolsonaro-e-internado-para-cirurgia-no-ombro-em-brasilia\/\" \/>\n<meta property=\"og:locale\" content=\"pt_BR\" \/>\n<meta property=\"og:type\" content=\"article\" \/>\n<meta property=\"og:title\" content=\"Bolsonaro \u00e9 internado para cirurgia no ombro em Bras\u00edlia - O PROGRESSO\" \/>\n<meta property=\"og:description\" content=\"Daniella Almeida, da Ag\u00eancia Brasil O ex-presidente Jair Bolsonaro foi internado na manh\u00e3 desta sexta-feira (1\u00ba) no hospital DF Star, em Bras\u00edlia, para passar por uma cirurgia no ombro.&nbsp;O procedimento, para tratar uma les\u00e3o no manguito rotador direito, deve durar tr\u00eas horas. H\u00e1 uma semana, o procurador-geral da Rep\u00fablica, Paulo Gonet, enviou ao Supremo Tribunal [&hellip;]\" \/>\n<meta property=\"og:url\" content=\"https:\/\/progresso.com.br\/index.php\/2026\/05\/01\/bolsonaro-e-internado-para-cirurgia-no-ombro-em-brasilia\/\" \/>\n<meta property=\"og:site_name\" content=\"O PROGRESSO\" \/>\n<meta property=\"article:publisher\" content=\"https:\/\/www.facebook.com\/share\/1CeoksKBj6\/\" \/>\n<meta property=\"article:published_time\" content=\"2026-05-01T14:33:06+00:00\" \/>\n<meta property=\"article:modified_time\" content=\"2026-05-01T14:33:07+00:00\" \/>\n<meta property=\"og:image\" content=\"https:\/\/progresso.com.br\/wp-content\/uploads\/2026\/05\/Hospital-Star.webp\" \/>\n\t<meta property=\"og:image:width\" content=\"1170\" \/>\n\t<meta property=\"og:image:height\" content=\"700\" \/>\n\t<meta property=\"og:image:type\" content=\"image\/webp\" \/>\n<meta name=\"author\" content=\"Alfredo\" \/>\n<meta name=\"twitter:card\" content=\"summary_large_image\" \/>\n<meta name=\"twitter:label1\" content=\"Escrito por\" \/>\n\t<meta name=\"twitter:data1\" content=\"Alfredo\" \/>\n\t<meta name=\"twitter:label2\" content=\"Est. tempo de leitura\" \/>\n\t<meta name=\"twitter:data2\" content=\"2 minutos\" \/>\n<script type=\"application\/ld+json\" class=\"yoast-schema-graph\">{\"@context\":\"https:\/\/schema.org\",\"@graph\":[{\"@type\":\"Article\",\"@id\":\"https:\/\/progresso.com.br\/index.php\/2026\/05\/01\/bolsonaro-e-internado-para-cirurgia-no-ombro-em-brasilia\/#article\",\"isPartOf\":{\"@id\":\"https:\/\/progresso.com.br\/index.php\/2026\/05\/01\/bolsonaro-e-internado-para-cirurgia-no-ombro-em-brasilia\/\"},\"author\":{\"name\":\"Alfredo\",\"@id\":\"https:\/\/progresso.com.br\/#\/schema\/person\/b7390ac97c5e156cc2e02aa8e88f1bf2\"},\"headline\":\"Bolsonaro \u00e9 internado para cirurgia no ombro em Bras\u00edlia\",\"datePublished\":\"2026-05-01T14:33:06+00:00\",\"dateModified\":\"2026-05-01T14:33:07+00:00\",\"mainEntityOfPage\":{\"@id\":\"https:\/\/progresso.com.br\/index.php\/2026\/05\/01\/bolsonaro-e-internado-para-cirurgia-no-ombro-em-brasilia\/\"},\"wordCount\":281,\"commentCount\":0,\"publisher\":{\"@id\":\"https:\/\/progresso.com.br\/#organization\"},\"image\":{\"@id\":\"https:\/\/progresso.com.br\/index.php\/2026\/05\/01\/bolsonaro-e-internado-para-cirurgia-no-ombro-em-brasilia\/#primaryimage\"},\"thumbnailUrl\":\"https:\/\/progresso.com.br\/wp-content\/uploads\/2026\/05\/Hospital-Star.webp\",\"articleSection\":[\"Pol\u00edtica\"],\"inLanguage\":\"pt-BR\",\"potentialAction\":[{\"@type\":\"CommentAction\",\"name\":\"Comment\",\"target\":[\"https:\/\/progresso.com.br\/index.php\/2026\/05\/01\/bolsonaro-e-internado-para-cirurgia-no-ombro-em-brasilia\/#respond\"]}]},{\"@type\":\"WebPage\",\"@id\":\"https:\/\/progresso.com.br\/index.php\/2026\/05\/01\/bolsonaro-e-internado-para-cirurgia-no-ombro-em-brasilia\/\",\"url\":\"https:\/\/progresso.com.br\/index.php\/2026\/05\/01\/bolsonaro-e-internado-para-cirurgia-no-ombro-em-brasilia\/\",\"name\":\"Bolsonaro \u00e9 internado para cirurgia no ombro em Bras\u00edlia - O PROGRESSO\",\"isPartOf\":{\"@id\":\"https:\/\/progresso.com.br\/#website\"},\"primaryImageOfPage\":{\"@id\":\"https:\/\/progresso.com.br\/index.php\/2026\/05\/01\/bolsonaro-e-internado-para-cirurgia-no-ombro-em-brasilia\/#primaryimage\"},\"image\":{\"@id\":\"https:\/\/progresso.com.br\/index.php\/2026\/05\/01\/bolsonaro-e-internado-para-cirurgia-no-ombro-em-brasilia\/#primaryimage\"},\"thumbnailUrl\":\"https:\/\/progresso.com.br\/wp-content\/uploads\/2026\/05\/Hospital-Star.webp\",\"datePublished\":\"2026-05-01T14:33:06+00:00\",\"dateModified\":\"2026-05-01T14:33:07+00:00\",\"breadcrumb\":{\"@id\":\"https:\/\/progresso.com.br\/index.php\/2026\/05\/01\/bolsonaro-e-internado-para-cirurgia-no-ombro-em-brasilia\/#breadcrumb\"},\"inLanguage\":\"pt-BR\",\"potentialAction\":[{\"@type\":\"ReadAction\",\"target\":[\"https:\/\/progresso.com.br\/index.php\/2026\/05\/01\/bolsonaro-e-internado-para-cirurgia-no-ombro-em-brasilia\/\"]}]},{\"@type\":\"ImageObject\",\"inLanguage\":\"pt-BR\",\"@id\":\"https:\/\/progresso.com.br\/index.php\/2026\/05\/01\/bolsonaro-e-internado-para-cirurgia-no-ombro-em-brasilia\/#primaryimage\",\"url\":\"https:\/\/progresso.com.br\/wp-content\/uploads\/2026\/05\/Hospital-Star.webp\",\"contentUrl\":\"https:\/\/progresso.com.br\/wp-content\/uploads\/2026\/05\/Hospital-Star.webp\",\"width\":1170,\"height\":700,\"caption\":\"No hospital DF Star, em Bras\u00edlia, ex-presidente passa por uma cirurgia no ombro. (Foto: Daniella Almeida\/Ag. Brasil)\"},{\"@type\":\"BreadcrumbList\",\"@id\":\"https:\/\/progresso.com.br\/index.php\/2026\/05\/01\/bolsonaro-e-internado-para-cirurgia-no-ombro-em-brasilia\/#breadcrumb\",\"itemListElement\":[{\"@type\":\"ListItem\",\"position\":1,\"name\":\"In\u00edcio\",\"item\":\"https:\/\/progresso.com.br\/\"},{\"@type\":\"ListItem\",\"position\":2,\"name\":\"Bolsonaro \u00e9 internado para cirurgia no ombro em Bras\u00edlia\"}]},{\"@type\":\"WebSite\",\"@id\":\"https:\/\/progresso.com.br\/#website\",\"url\":\"https:\/\/progresso.com.br\/\",\"name\":\"O PROGRESSO\",\"description\":\"\",\"publisher\":{\"@id\":\"https:\/\/progresso.com.br\/#organization\"},\"potentialAction\":[{\"@type\":\"SearchAction\",\"target\":{\"@type\":\"EntryPoint\",\"urlTemplate\":\"https:\/\/progresso.com.br\/?s={search_term_string}\"},\"query-input\":{\"@type\":\"PropertyValueSpecification\",\"valueRequired\":true,\"valueName\":\"search_term_string\"}}],\"inLanguage\":\"pt-BR\"},{\"@type\":\"Organization\",\"@id\":\"https:\/\/progresso.com.br\/#organization\",\"name\":\"O PROGRESSO\",\"url\":\"https:\/\/progresso.com.br\/\",\"logo\":{\"@type\":\"ImageObject\",\"inLanguage\":\"pt-BR\",\"@id\":\"https:\/\/progresso.com.br\/#\/schema\/logo\/image\/\",\"url\":\"https:\/\/progresso.com.br\/wp-content\/uploads\/2026\/03\/logo_proog.jpg\",\"contentUrl\":\"https:\/\/progresso.com.br\/wp-content\/uploads\/2026\/03\/logo_proog.jpg\",\"width\":1960,\"height\":1080,\"caption\":\"O PROGRESSO\"},\"image\":{\"@id\":\"https:\/\/progresso.com.br\/#\/schema\/logo\/image\/\"},\"sameAs\":[\"https:\/\/www.facebook.com\/share\/1CeoksKBj6\/\",\"https:\/\/www.instagram.com\/oprogresso_digital\"]},{\"@type\":\"Person\",\"@id\":\"https:\/\/progresso.com.br\/#\/schema\/person\/b7390ac97c5e156cc2e02aa8e88f1bf2\",\"name\":\"Alfredo\",\"image\":{\"@type\":\"ImageObject\",\"inLanguage\":\"pt-BR\",\"@id\":\"https:\/\/progresso.com.br\/#\/schema\/person\/image\/\",\"url\":\"https:\/\/secure.gravatar.com\/avatar\/ca208a3111522ad69d765c6f0ea1ce4742c74e10aba78ae7158042d704d65a9f?s=96&d=mm&r=g\",\"contentUrl\":\"https:\/\/secure.gravatar.com\/avatar\/ca208a3111522ad69d765c6f0ea1ce4742c74e10aba78ae7158042d704d65a9f?s=96&d=mm&r=g\",\"caption\":\"Alfredo\"},\"url\":\"https:\/\/progresso.com.br\/index.php\/author\/alfredo\/\"}]}<\/script>\n<!-- \/ Yoast SEO plugin. -->","yoast_head_json":{"title":"Bolsonaro \u00e9 internado para cirurgia no ombro em Bras\u00edlia - O PROGRESSO","robots":{"index":"index","follow":"follow","max-snippet":"max-snippet:-1","max-image-preview":"max-image-preview:large","max-video-preview":"max-video-preview:-1"},"canonical":"https:\/\/progresso.com.br\/index.php\/2026\/05\/01\/bolsonaro-e-internado-para-cirurgia-no-ombro-em-brasilia\/","og_locale":"pt_BR","og_type":"article","og_title":"Bolsonaro \u00e9 internado para cirurgia no ombro em Bras\u00edlia - O PROGRESSO","og_description":"Daniella Almeida, da Ag\u00eancia Brasil O ex-presidente Jair Bolsonaro foi internado na manh\u00e3 desta sexta-feira (1\u00ba) no hospital DF Star, em Bras\u00edlia, para passar por uma cirurgia no ombro.&nbsp;O procedimento, para tratar uma les\u00e3o no manguito rotador direito, deve durar tr\u00eas horas. H\u00e1 uma semana, o procurador-geral da Rep\u00fablica, Paulo Gonet, enviou ao Supremo Tribunal [&hellip;]","og_url":"https:\/\/progresso.com.br\/index.php\/2026\/05\/01\/bolsonaro-e-internado-para-cirurgia-no-ombro-em-brasilia\/","og_site_name":"O PROGRESSO","article_publisher":"https:\/\/www.facebook.com\/share\/1CeoksKBj6\/","article_published_time":"2026-05-01T14:33:06+00:00","article_modified_time":"2026-05-01T14:33:07+00:00","og_image":[{"width":1170,"height":700,"url":"https:\/\/progresso.com.br\/wp-content\/uploads\/2026\/05\/Hospital-Star.webp","type":"image\/webp"}],"author":"Alfredo","twitter_card":"summary_large_image","twitter_misc":{"Escrito por":"Alfredo","Est. tempo de leitura":"2 minutos"},"schema":{"@context":"https:\/\/schema.org","@graph":[{"@type":"Article","@id":"https:\/\/progresso.com.br\/index.php\/2026\/05\/01\/bolsonaro-e-internado-para-cirurgia-no-ombro-em-brasilia\/#article","isPartOf":{"@id":"https:\/\/progresso.com.br\/index.php\/2026\/05\/01\/bolsonaro-e-internado-para-cirurgia-no-ombro-em-brasilia\/"},"author":{"name":"Alfredo","@id":"https:\/\/progresso.com.br\/#\/schema\/person\/b7390ac97c5e156cc2e02aa8e88f1bf2"},"headline":"Bolsonaro \u00e9 internado para cirurgia no ombro em Bras\u00edlia","datePublished":"2026-05-01T14:33:06+00:00","dateModified":"2026-05-01T14:33:07+00:00","mainEntityOfPage":{"@id":"https:\/\/progresso.com.br\/index.php\/2026\/05\/01\/bolsonaro-e-internado-para-cirurgia-no-ombro-em-brasilia\/"},"wordCount":281,"commentCount":0,"publisher":{"@id":"https:\/\/progresso.com.br\/#organization"},"image":{"@id":"https:\/\/progresso.com.br\/index.php\/2026\/05\/01\/bolsonaro-e-internado-para-cirurgia-no-ombro-em-brasilia\/#primaryimage"},"thumbnailUrl":"https:\/\/progresso.com.br\/wp-content\/uploads\/2026\/05\/Hospital-Star.webp","articleSection":["Pol\u00edtica"],"inLanguage":"pt-BR","potentialAction":[{"@type":"CommentAction","name":"Comment","target":["https:\/\/progresso.com.br\/index.php\/2026\/05\/01\/bolsonaro-e-internado-para-cirurgia-no-ombro-em-brasilia\/#respond"]}]},{"@type":"WebPage","@id":"https:\/\/progresso.com.br\/index.php\/2026\/05\/01\/bolsonaro-e-internado-para-cirurgia-no-ombro-em-brasilia\/","url":"https:\/\/progresso.com.br\/index.php\/2026\/05\/01\/bolsonaro-e-internado-para-cirurgia-no-ombro-em-brasilia\/","name":"Bolsonaro \u00e9 internado para cirurgia no ombro em Bras\u00edlia - O PROGRESSO","isPartOf":{"@id":"https:\/\/progresso.com.br\/#website"},"primaryImageOfPage":{"@id":"https:\/\/progresso.com.br\/index.php\/2026\/05\/01\/bolsonaro-e-internado-para-cirurgia-no-ombro-em-brasilia\/#primaryimage"},"image":{"@id":"https:\/\/progresso.com.br\/index.php\/2026\/05\/01\/bolsonaro-e-internado-para-cirurgia-no-ombro-em-brasilia\/#primaryimage"},"thumbnailUrl":"https:\/\/progresso.com.br\/wp-content\/uploads\/2026\/05\/Hospital-Star.webp","datePublished":"2026-05-01T14:33:06+00:00","dateModified":"2026-05-01T14:33:07+00:00","breadcrumb":{"@id":"https:\/\/progresso.com.br\/index.php\/2026\/05\/01\/bolsonaro-e-internado-para-cirurgia-no-ombro-em-brasilia\/#breadcrumb"},"inLanguage":"pt-BR","potentialAction":[{"@type":"ReadAction","target":["https:\/\/progresso.com.br\/index.php\/2026\/05\/01\/bolsonaro-e-internado-para-cirurgia-no-ombro-em-brasilia\/"]}]},{"@type":"ImageObject","inLanguage":"pt-BR","@id":"https:\/\/progresso.com.br\/index.php\/2026\/05\/01\/bolsonaro-e-internado-para-cirurgia-no-ombro-em-brasilia\/#primaryimage","url":"https:\/\/progresso.com.br\/wp-content\/uploads\/2026\/05\/Hospital-Star.webp","contentUrl":"https:\/\/progresso.com.br\/wp-content\/uploads\/2026\/05\/Hospital-Star.webp","width":1170,"height":700,"caption":"No hospital DF Star, em Bras\u00edlia, ex-presidente passa por uma cirurgia no ombro. (Foto: Daniella Almeida\/Ag. Brasil)"},{"@type":"BreadcrumbList","@id":"https:\/\/progresso.com.br\/index.php\/2026\/05\/01\/bolsonaro-e-internado-para-cirurgia-no-ombro-em-brasilia\/#breadcrumb","itemListElement":[{"@type":"ListItem","position":1,"name":"In\u00edcio","item":"https:\/\/progresso.com.br\/"},{"@type":"ListItem","position":2,"name":"Bolsonaro \u00e9 internado para cirurgia no ombro em Bras\u00edlia"}]},{"@type":"WebSite","@id":"https:\/\/progresso.com.br\/#website","url":"https:\/\/progresso.com.br\/","name":"O PROGRESSO","description":"","publisher":{"@id":"https:\/\/progresso.com.br\/#organization"},"potentialAction":[{"@type":"SearchAction","target":{"@type":"EntryPoint","urlTemplate":"https:\/\/progresso.com.br\/?s={search_term_string}"},"query-input":{"@type":"PropertyValueSpecification","valueRequired":true,"valueName":"search_term_string"}}],"inLanguage":"pt-BR"},{"@type":"Organization","@id":"https:\/\/progresso.com.br\/#organization","name":"O PROGRESSO","url":"https:\/\/progresso.com.br\/","logo":{"@type":"ImageObject","inLanguage":"pt-BR","@id":"https:\/\/progresso.com.br\/#\/schema\/logo\/image\/","url":"https:\/\/progresso.com.br\/wp-content\/uploads\/2026\/03\/logo_proog.jpg","contentUrl":"https:\/\/progresso.com.br\/wp-content\/uploads\/2026\/03\/logo_proog.jpg","width":1960,"height":1080,"caption":"O PROGRESSO"},"image":{"@id":"https:\/\/progresso.com.br\/#\/schema\/logo\/image\/"},"sameAs":["https:\/\/www.facebook.com\/share\/1CeoksKBj6\/","https:\/\/www.instagram.com\/oprogresso_digital"]},{"@type":"Person","@id":"https:\/\/progresso.com.br\/#\/schema\/person\/b7390ac97c5e156cc2e02aa8e88f1bf2","name":"Alfredo","image":{"@type":"ImageObject","inLanguage":"pt-BR","@id":"https:\/\/progresso.com.br\/#\/schema\/person\/image\/","url":"https:\/\/secure.gravatar.com\/avatar\/ca208a3111522ad69d765c6f0ea1ce4742c74e10aba78ae7158042d704d65a9f?s=96&d=mm&r=g","contentUrl":"https:\/\/secure.gravatar.com\/avatar\/ca208a3111522ad69d765c6f0ea1ce4742c74e10aba78ae7158042d704d65a9f?s=96&d=mm&r=g","caption":"Alfredo"},"url":"https:\/\/progresso.com.br\/index.php\/author\/alfredo\/"}]}},"_links":{"self":[{"href":"https:\/\/progresso.com.br\/index.php\/wp-json\/wp\/v2\/posts\/5273","targetHints":{"allow":["GET"]}}],"collection":[{"href":"https:\/\/progresso.com.br\/index.php\/wp-json\/wp\/v2\/posts"}],"about":[{"href":"https:\/\/progresso.com.br\/index.php\/wp-json\/wp\/v2\/types\/post"}],"author":[{"embeddable":true,"href":"https:\/\/progresso.com.br\/index.php\/wp-json\/wp\/v2\/users\/3"}],"replies":[{"embeddable":true,"href":"https:\/\/progresso.com.br\/index.php\/wp-json\/wp\/v2\/comments?post=5273"}],"version-history":[{"count":1,"href":"https:\/\/progresso.com.br\/index.php\/wp-json\/wp\/v2\/posts\/5273\/revisions"}],"predecessor-version":[{"id":5275,"href":"https:\/\/progresso.com.br\/index.php\/wp-json\/wp\/v2\/posts\/5273\/revisions\/5275"}],"wp:featuredmedia":[{"embeddable":true,"href":"https:\/\/progresso.com.br\/index.php\/wp-json\/wp\/v2\/media\/5274"}],"wp:attachment":[{"href":"https:\/\/progresso.com.br\/index.php\/wp-json\/wp\/v2\/media?parent=5273"}],"wp:term":[{"taxonomy":"category","embeddable":true,"href":"https:\/\/progresso.com.br\/index.php\/wp-json\/wp\/v2\/categories?post=5273"},{"taxonomy":"post_tag","embeddable":true,"href":"https:\/\/progresso.com.br\/index.php\/wp-json\/wp\/v2\/tags?post=5273"}],"curies":[{"name":"wp","href":"https:\/\/api.w.org\/{rel}","templated":true}]}}