{"id":5279,"date":"2026-05-01T13:27:00","date_gmt":"2026-05-01T17:27:00","guid":{"rendered":"https:\/\/progresso.com.br\/?p=5279"},"modified":"2026-05-01T14:59:12","modified_gmt":"2026-05-01T18:59:12","slug":"vai-ser-o-diabo-veste-prada-2-filme-esta-em-cartaz-em-dourados","status":"publish","type":"post","link":"https:\/\/progresso.com.br\/index.php\/2026\/05\/01\/vai-ser-o-diabo-veste-prada-2-filme-esta-em-cartaz-em-dourados\/","title":{"rendered":"Vai ver \u00b4O Diabo Veste Prada 2\u00b4?: filme est\u00e1 em cartaz em Dourados"},"content":{"rendered":"\n<p><strong><em>Sequ\u00eancia do sucesso de 2016 tem as voltas de Meryl Streep e Anne Hathaway aos pap\u00e9is originais<\/em><\/strong><\/p>\n\n\n\n<p>Fazendo enorme barulho, acaba de entrar em cartaz em cinemas brasileiros o t\u00e3o aguardado <strong>\u00b4O Diabo Veste Prada 2\u00b4, <\/strong>filme de com\u00e9dia dram\u00e1tica dirigido por David Frankel, com roteiro de Aline Brosh McKenna, baseado no romance de 2013 <em>A Vingan\u00e7a Veste Prada<\/em>, de Lauren Weisberger.<\/p>\n\n\n\n<p>\u00c9 uma sequ\u00eancia do filme O Diabo Veste Prada (2006), onde Meryl Streep, Anne Hathaway, Emily Blunt, Stanley Tucci, Tracie Thoms e Tibor Feldman reprisam seus pap\u00e9is do filme anterior.<\/p>\n\n\n\n<p><strong><em>O filme est\u00e1 em cartaz no cinema do Shoping Avenida Center em Dourados, com fitas dubladas e apenas uma sess\u00e3o legendada.<\/em><\/strong><\/p>\n\n\n\n<figure class=\"wp-block-image size-full\"><img loading=\"lazy\" decoding=\"async\" width=\"800\" height=\"450\" src=\"https:\/\/progresso.com.br\/wp-content\/uploads\/2026\/05\/diabo3.webp\" alt=\"\" class=\"wp-image-5280\" srcset=\"https:\/\/progresso.com.br\/wp-content\/uploads\/2026\/05\/diabo3.webp 800w, https:\/\/progresso.com.br\/wp-content\/uploads\/2026\/05\/diabo3-300x169.webp 300w, https:\/\/progresso.com.br\/wp-content\/uploads\/2026\/05\/diabo3-768x432.webp 768w, https:\/\/progresso.com.br\/wp-content\/uploads\/2026\/05\/diabo3-747x420.webp 747w, https:\/\/progresso.com.br\/wp-content\/uploads\/2026\/05\/diabo3-640x360.webp 640w, https:\/\/progresso.com.br\/wp-content\/uploads\/2026\/05\/diabo3-681x383.webp 681w\" sizes=\"auto, (max-width: 800px) 100vw, 800px\" \/><figcaption class=\"wp-element-caption\">As protagonistas em cena do filme<\/figcaption><\/figure>\n\n\n\n<p>Apesar do sucesso de O Diabo Veste Prada, as protagonistas Streep e Hathaway inicialmente hesitaram quanto \u00e0 possibilidade de uma sequ\u00eancia. O desenvolvimento do filme come\u00e7ou em julho de 2024, com os quatro atores principais \u2013 Streep, Hathaway, Blunt e Tucci \u2013 confirmando seus pap\u00e9is, e Frankel e McKenna retornando para dirigir e escrever, respectivamente.<\/p>\n\n\n\n<p>A escala\u00e7\u00e3o de novos atores para os personagens foi anunciada entre ent\u00e3o e novembro de 2025. As filmagens principais ocorreram de junho a outubro de 2025 em Nova Iorque e Mil\u00e3o, com filmagens adicionais em Newark.<\/p>\n\n\n\n<p>A brasileira Gisele B\u00fcndchen n\u00e3o aceitou o convite para reviver a funcion\u00e1ria Serena que interpretou no primeiro filme. O diretor da continua\u00e7\u00e3o, David Frankel, contou em entrevista que tentou convencer a modelo brasileira mais conhecida no mundo a participar do longa. Gisele n\u00e3o aceitou, de acordo com o diretor, porque estava prestes a dar \u00e0 luz.<\/p>\n\n\n\n<p>O Diabo Veste Prada 2 teve premiere mundial em 20 de abril, em Nova Iorque, e lan\u00e7amento nos cinemas dos Estados Unidos pela 20th Century Studios neste 1\u00ba de maio.<\/p>\n\n\n\n<p><strong>A trama<\/strong><\/p>\n\n\n\n<p>Vinte anos ap\u00f3s os eventos do primeiro filme, Andy Sachs realizou seu sonho de se tornar uma jornalista investigativa de respeito, trabalhando no conceituado jornal New York Vanguard.<\/p>\n\n\n\n<p>No entanto, sua celebra\u00e7\u00e3o \u00e9 interrompida de forma brutal: minutos antes de receber um importante pr\u00eamio por suas reportagens, ela e toda a sua equipe s\u00e3o sumariamente demitidas por meio de uma mensagem de texto.<\/p>\n\n\n\n<p>Em um discurso de improviso no palco, Andy desabafa sobre a precariedade do jornalismo e o descaso das corpora\u00e7\u00f5es, e seu discurso viraliza.<\/p>\n\n\n\n<p>Enquanto isso, a ic\u00f4nica editora-chefe da revista Runway, Miranda Priestly, enfrenta uma crise de credibilidade: sua revista publicou um artigo elogioso e enganoso sobre uma controversa empresa de fast-fashion chamada &#8220;Speed Fash&#8221;, o que gera um esc\u00e2ndalo e amea\u00e7a afastar os anunciantes.<\/p>\n\n\n\n<p>\u00c9 nesse contexto que Andy recebe uma proposta inesperada do presidente do grupo que controla a Runway, Irv Ravitz. Ele a contrata como nova editora de recursos, com a miss\u00e3o de restaurar a credibilidade da revista.<\/p>\n\n\n\n<p>Ao retornar \u00e0 Runway, a recep\u00e7\u00e3o de Miranda \u00e9 gelada: ela finge n\u00e3o se lembrar de Andy e a trata com o mesmo desd\u00e9m de antes, atribuindo sua contrata\u00e7\u00e3o a um &#8220;capricho&#8221; da presid\u00eancia.<\/p>\n\n\n\n<p>Andy ent\u00e3o se junta ao leal diretor de arte Nigel em uma tentativa de apaziguar os anunciantes. J\u00e1 Emily Charlton agora \u00e9 uma poderosa executiva da Dior e det\u00e9m recursos essenciais para a sobreviv\u00eancia da Runway.<\/p>\n\n\n\n<p>Andy tamb\u00e9m se envolve romanticamente pelo arquiteto Peter. Com o falecimento Irv Ravitz, seu filho, Jay, assume o controle da Elias-Clarke (a empresa propriet\u00e1ria da Runway). Ao contr\u00e1rio do pai, Jay n\u00e3o tem apre\u00e7o pelo jornalismo ou pela tradi\u00e7\u00e3o da revista; seu \u00fanico interesse \u00e9 cortar custos e gerar lucro r\u00e1pido, amea\u00e7ando desmantelar departamentos inteiros. Essa mudan\u00e7a na presid\u00eancia coloca Miranda em uma posi\u00e7\u00e3o extremamente fr\u00e1gil, pois seu poder e a pr\u00f3pria exist\u00eancia da revista como ela conhece passam a ser questionados.<\/p>\n\n\n\n<p>\u00c9 essa amea\u00e7a iminente que leva Miranda a Mil\u00e3o em uma miss\u00e3o de neg\u00f3cios desesperada. Ela, Andy, Nigel e a atual primeira assistente de Miranda, Amari Mari, s\u00e3o for\u00e7ados a viajar de classe econ\u00f4mica, devido \u00e0 crise financeira da revista ap\u00f3s os cortes or\u00e7ament\u00e1rios.<\/p>\n\n\n\n<p>O objetivo principal \u00e9 comparecer aos desfiles da Milan Fashion Week e, mais importante, se reunir com executivos de grandes marcas, para tentar negociar a renova\u00e7\u00e3o de contratos publicit\u00e1rios essenciais.<\/p>\n\n\n\n<p>A ida \u00e0 It\u00e1lia simboliza a necessidade de Miranda &#8220;se reaproximar das marcas&#8221; para garantir o fluxo de an\u00fancios, a principal fonte de receita da publica\u00e7\u00e3o em um momento de cortes severos de or\u00e7amento.<\/p>\n\n\n\n<p>Para impressionar os executivos, Miranda organiza o desfile &#8220;Runway &amp; Milan&#8221;, que conta com a participa\u00e7\u00e3o especial da cantora Lady Gaga.<\/p>\n\n\n\n<p>A antiga rivalidade entre Miranda e Emily logo se transforma em uma disputa de poder pelo futuro da revista, com Andy no meio do fogo cruzado.<\/p>\n\n\n\n<figure class=\"wp-block-image size-full\"><img loading=\"lazy\" decoding=\"async\" width=\"419\" height=\"235\" src=\"https:\/\/progresso.com.br\/wp-content\/uploads\/2026\/05\/diabo-2.webp\" alt=\"\" class=\"wp-image-5281\" srcset=\"https:\/\/progresso.com.br\/wp-content\/uploads\/2026\/05\/diabo-2.webp 419w, https:\/\/progresso.com.br\/wp-content\/uploads\/2026\/05\/diabo-2-300x168.webp 300w\" sizes=\"auto, (max-width: 419px) 100vw, 419px\" \/><figcaption class=\"wp-element-caption\">Meryl Streep e Stanley Tucci em cena do filme<\/figcaption><\/figure>\n","protected":false},"excerpt":{"rendered":"<p>Sequ\u00eancia do sucesso de 2016 tem as voltas de Meryl Streep e Anne Hathaway aos pap\u00e9is originais Fazendo enorme barulho, acaba de entrar em cartaz em cinemas brasileiros o t\u00e3o aguardado \u00b4O Diabo Veste Prada 2\u00b4, filme de com\u00e9dia dram\u00e1tica dirigido por David Frankel, com roteiro de Aline Brosh McKenna, baseado no romance de 2013 [&hellip;]<\/p>\n","protected":false},"author":3,"featured_media":5282,"comment_status":"open","ping_status":"open","sticky":false,"template":"","format":"standard","meta":{"footnotes":""},"categories":[19],"tags":[],"class_list":["post-5279","post","type-post","status-publish","format-standard","has-post-thumbnail","hentry","category-cultura"],"yoast_head":"<!-- This site is optimized with the Yoast SEO plugin v27.1.1 - https:\/\/yoast.com\/product\/yoast-seo-wordpress\/ -->\n<title>Vai ver \u00b4O Diabo Veste Prada 2\u00b4?: filme est\u00e1 em cartaz em Dourados - O PROGRESSO<\/title>\n<meta name=\"robots\" content=\"index, follow, max-snippet:-1, max-image-preview:large, max-video-preview:-1\" \/>\n<link rel=\"canonical\" href=\"https:\/\/progresso.com.br\/index.php\/2026\/05\/01\/vai-ser-o-diabo-veste-prada-2-filme-esta-em-cartaz-em-dourados\/\" \/>\n<meta property=\"og:locale\" content=\"pt_BR\" \/>\n<meta property=\"og:type\" content=\"article\" \/>\n<meta property=\"og:title\" content=\"Vai ver \u00b4O Diabo Veste Prada 2\u00b4?: filme est\u00e1 em cartaz em Dourados - O PROGRESSO\" \/>\n<meta property=\"og:description\" content=\"Sequ\u00eancia do sucesso de 2016 tem as voltas de Meryl Streep e Anne Hathaway aos pap\u00e9is originais Fazendo enorme barulho, acaba de entrar em cartaz em cinemas brasileiros o t\u00e3o aguardado \u00b4O Diabo Veste Prada 2\u00b4, filme de com\u00e9dia dram\u00e1tica dirigido por David Frankel, com roteiro de Aline Brosh McKenna, baseado no romance de 2013 [&hellip;]\" \/>\n<meta property=\"og:url\" content=\"https:\/\/progresso.com.br\/index.php\/2026\/05\/01\/vai-ser-o-diabo-veste-prada-2-filme-esta-em-cartaz-em-dourados\/\" \/>\n<meta property=\"og:site_name\" content=\"O PROGRESSO\" \/>\n<meta property=\"article:publisher\" content=\"https:\/\/www.facebook.com\/share\/1CeoksKBj6\/\" \/>\n<meta property=\"article:published_time\" content=\"2026-05-01T17:27:00+00:00\" \/>\n<meta property=\"article:modified_time\" content=\"2026-05-01T18:59:12+00:00\" \/>\n<meta property=\"og:image\" content=\"https:\/\/progresso.com.br\/wp-content\/uploads\/2026\/05\/diabo-capa2.jpg\" \/>\n\t<meta property=\"og:image:width\" content=\"1920\" \/>\n\t<meta property=\"og:image:height\" content=\"1008\" \/>\n\t<meta property=\"og:image:type\" content=\"image\/jpeg\" \/>\n<meta name=\"author\" content=\"Alfredo\" \/>\n<meta name=\"twitter:card\" content=\"summary_large_image\" \/>\n<meta name=\"twitter:label1\" content=\"Escrito por\" \/>\n\t<meta name=\"twitter:data1\" content=\"Alfredo\" \/>\n\t<meta name=\"twitter:label2\" content=\"Est. tempo de leitura\" \/>\n\t<meta name=\"twitter:data2\" content=\"5 minutos\" \/>\n<script type=\"application\/ld+json\" class=\"yoast-schema-graph\">{\"@context\":\"https:\/\/schema.org\",\"@graph\":[{\"@type\":\"Article\",\"@id\":\"https:\/\/progresso.com.br\/index.php\/2026\/05\/01\/vai-ser-o-diabo-veste-prada-2-filme-esta-em-cartaz-em-dourados\/#article\",\"isPartOf\":{\"@id\":\"https:\/\/progresso.com.br\/index.php\/2026\/05\/01\/vai-ser-o-diabo-veste-prada-2-filme-esta-em-cartaz-em-dourados\/\"},\"author\":{\"name\":\"Alfredo\",\"@id\":\"https:\/\/progresso.com.br\/#\/schema\/person\/b7390ac97c5e156cc2e02aa8e88f1bf2\"},\"headline\":\"Vai ver \u00b4O Diabo Veste Prada 2\u00b4?: filme est\u00e1 em cartaz em Dourados\",\"datePublished\":\"2026-05-01T17:27:00+00:00\",\"dateModified\":\"2026-05-01T18:59:12+00:00\",\"mainEntityOfPage\":{\"@id\":\"https:\/\/progresso.com.br\/index.php\/2026\/05\/01\/vai-ser-o-diabo-veste-prada-2-filme-esta-em-cartaz-em-dourados\/\"},\"wordCount\":834,\"commentCount\":0,\"publisher\":{\"@id\":\"https:\/\/progresso.com.br\/#organization\"},\"image\":{\"@id\":\"https:\/\/progresso.com.br\/index.php\/2026\/05\/01\/vai-ser-o-diabo-veste-prada-2-filme-esta-em-cartaz-em-dourados\/#primaryimage\"},\"thumbnailUrl\":\"https:\/\/progresso.com.br\/wp-content\/uploads\/2026\/05\/diabo-capa2.jpg\",\"articleSection\":[\"Cultura\"],\"inLanguage\":\"pt-BR\",\"potentialAction\":[{\"@type\":\"CommentAction\",\"name\":\"Comment\",\"target\":[\"https:\/\/progresso.com.br\/index.php\/2026\/05\/01\/vai-ser-o-diabo-veste-prada-2-filme-esta-em-cartaz-em-dourados\/#respond\"]}]},{\"@type\":\"WebPage\",\"@id\":\"https:\/\/progresso.com.br\/index.php\/2026\/05\/01\/vai-ser-o-diabo-veste-prada-2-filme-esta-em-cartaz-em-dourados\/\",\"url\":\"https:\/\/progresso.com.br\/index.php\/2026\/05\/01\/vai-ser-o-diabo-veste-prada-2-filme-esta-em-cartaz-em-dourados\/\",\"name\":\"Vai ver \u00b4O Diabo Veste Prada 2\u00b4?: filme est\u00e1 em cartaz em Dourados - O PROGRESSO\",\"isPartOf\":{\"@id\":\"https:\/\/progresso.com.br\/#website\"},\"primaryImageOfPage\":{\"@id\":\"https:\/\/progresso.com.br\/index.php\/2026\/05\/01\/vai-ser-o-diabo-veste-prada-2-filme-esta-em-cartaz-em-dourados\/#primaryimage\"},\"image\":{\"@id\":\"https:\/\/progresso.com.br\/index.php\/2026\/05\/01\/vai-ser-o-diabo-veste-prada-2-filme-esta-em-cartaz-em-dourados\/#primaryimage\"},\"thumbnailUrl\":\"https:\/\/progresso.com.br\/wp-content\/uploads\/2026\/05\/diabo-capa2.jpg\",\"datePublished\":\"2026-05-01T17:27:00+00:00\",\"dateModified\":\"2026-05-01T18:59:12+00:00\",\"breadcrumb\":{\"@id\":\"https:\/\/progresso.com.br\/index.php\/2026\/05\/01\/vai-ser-o-diabo-veste-prada-2-filme-esta-em-cartaz-em-dourados\/#breadcrumb\"},\"inLanguage\":\"pt-BR\",\"potentialAction\":[{\"@type\":\"ReadAction\",\"target\":[\"https:\/\/progresso.com.br\/index.php\/2026\/05\/01\/vai-ser-o-diabo-veste-prada-2-filme-esta-em-cartaz-em-dourados\/\"]}]},{\"@type\":\"ImageObject\",\"inLanguage\":\"pt-BR\",\"@id\":\"https:\/\/progresso.com.br\/index.php\/2026\/05\/01\/vai-ser-o-diabo-veste-prada-2-filme-esta-em-cartaz-em-dourados\/#primaryimage\",\"url\":\"https:\/\/progresso.com.br\/wp-content\/uploads\/2026\/05\/diabo-capa2.jpg\",\"contentUrl\":\"https:\/\/progresso.com.br\/wp-content\/uploads\/2026\/05\/diabo-capa2.jpg\",\"width\":1920,\"height\":1008,\"caption\":\"Filme est\u00e1 em cartaz em Dourados com sess\u00f5es dublada e apenas uma legendada. (Fotos: Divulga\u00e7\u00e3o)\"},{\"@type\":\"BreadcrumbList\",\"@id\":\"https:\/\/progresso.com.br\/index.php\/2026\/05\/01\/vai-ser-o-diabo-veste-prada-2-filme-esta-em-cartaz-em-dourados\/#breadcrumb\",\"itemListElement\":[{\"@type\":\"ListItem\",\"position\":1,\"name\":\"In\u00edcio\",\"item\":\"https:\/\/progresso.com.br\/\"},{\"@type\":\"ListItem\",\"position\":2,\"name\":\"Vai ver \u00b4O Diabo Veste Prada 2\u00b4?: filme est\u00e1 em cartaz em Dourados\"}]},{\"@type\":\"WebSite\",\"@id\":\"https:\/\/progresso.com.br\/#website\",\"url\":\"https:\/\/progresso.com.br\/\",\"name\":\"O PROGRESSO\",\"description\":\"\",\"publisher\":{\"@id\":\"https:\/\/progresso.com.br\/#organization\"},\"potentialAction\":[{\"@type\":\"SearchAction\",\"target\":{\"@type\":\"EntryPoint\",\"urlTemplate\":\"https:\/\/progresso.com.br\/?s={search_term_string}\"},\"query-input\":{\"@type\":\"PropertyValueSpecification\",\"valueRequired\":true,\"valueName\":\"search_term_string\"}}],\"inLanguage\":\"pt-BR\"},{\"@type\":\"Organization\",\"@id\":\"https:\/\/progresso.com.br\/#organization\",\"name\":\"O PROGRESSO\",\"url\":\"https:\/\/progresso.com.br\/\",\"logo\":{\"@type\":\"ImageObject\",\"inLanguage\":\"pt-BR\",\"@id\":\"https:\/\/progresso.com.br\/#\/schema\/logo\/image\/\",\"url\":\"https:\/\/progresso.com.br\/wp-content\/uploads\/2026\/03\/logo_proog.jpg\",\"contentUrl\":\"https:\/\/progresso.com.br\/wp-content\/uploads\/2026\/03\/logo_proog.jpg\",\"width\":1960,\"height\":1080,\"caption\":\"O PROGRESSO\"},\"image\":{\"@id\":\"https:\/\/progresso.com.br\/#\/schema\/logo\/image\/\"},\"sameAs\":[\"https:\/\/www.facebook.com\/share\/1CeoksKBj6\/\",\"https:\/\/www.instagram.com\/oprogresso_digital\"]},{\"@type\":\"Person\",\"@id\":\"https:\/\/progresso.com.br\/#\/schema\/person\/b7390ac97c5e156cc2e02aa8e88f1bf2\",\"name\":\"Alfredo\",\"image\":{\"@type\":\"ImageObject\",\"inLanguage\":\"pt-BR\",\"@id\":\"https:\/\/progresso.com.br\/#\/schema\/person\/image\/\",\"url\":\"https:\/\/secure.gravatar.com\/avatar\/ca208a3111522ad69d765c6f0ea1ce4742c74e10aba78ae7158042d704d65a9f?s=96&d=mm&r=g\",\"contentUrl\":\"https:\/\/secure.gravatar.com\/avatar\/ca208a3111522ad69d765c6f0ea1ce4742c74e10aba78ae7158042d704d65a9f?s=96&d=mm&r=g\",\"caption\":\"Alfredo\"},\"url\":\"https:\/\/progresso.com.br\/index.php\/author\/alfredo\/\"}]}<\/script>\n<!-- \/ Yoast SEO plugin. -->","yoast_head_json":{"title":"Vai ver \u00b4O Diabo Veste Prada 2\u00b4?: filme est\u00e1 em cartaz em Dourados - O PROGRESSO","robots":{"index":"index","follow":"follow","max-snippet":"max-snippet:-1","max-image-preview":"max-image-preview:large","max-video-preview":"max-video-preview:-1"},"canonical":"https:\/\/progresso.com.br\/index.php\/2026\/05\/01\/vai-ser-o-diabo-veste-prada-2-filme-esta-em-cartaz-em-dourados\/","og_locale":"pt_BR","og_type":"article","og_title":"Vai ver \u00b4O Diabo Veste Prada 2\u00b4?: filme est\u00e1 em cartaz em Dourados - O PROGRESSO","og_description":"Sequ\u00eancia do sucesso de 2016 tem as voltas de Meryl Streep e Anne Hathaway aos pap\u00e9is originais Fazendo enorme barulho, acaba de entrar em cartaz em cinemas brasileiros o t\u00e3o aguardado \u00b4O Diabo Veste Prada 2\u00b4, filme de com\u00e9dia dram\u00e1tica dirigido por David Frankel, com roteiro de Aline Brosh McKenna, baseado no romance de 2013 [&hellip;]","og_url":"https:\/\/progresso.com.br\/index.php\/2026\/05\/01\/vai-ser-o-diabo-veste-prada-2-filme-esta-em-cartaz-em-dourados\/","og_site_name":"O PROGRESSO","article_publisher":"https:\/\/www.facebook.com\/share\/1CeoksKBj6\/","article_published_time":"2026-05-01T17:27:00+00:00","article_modified_time":"2026-05-01T18:59:12+00:00","og_image":[{"width":1920,"height":1008,"url":"https:\/\/progresso.com.br\/wp-content\/uploads\/2026\/05\/diabo-capa2.jpg","type":"image\/jpeg"}],"author":"Alfredo","twitter_card":"summary_large_image","twitter_misc":{"Escrito por":"Alfredo","Est. tempo de leitura":"5 minutos"},"schema":{"@context":"https:\/\/schema.org","@graph":[{"@type":"Article","@id":"https:\/\/progresso.com.br\/index.php\/2026\/05\/01\/vai-ser-o-diabo-veste-prada-2-filme-esta-em-cartaz-em-dourados\/#article","isPartOf":{"@id":"https:\/\/progresso.com.br\/index.php\/2026\/05\/01\/vai-ser-o-diabo-veste-prada-2-filme-esta-em-cartaz-em-dourados\/"},"author":{"name":"Alfredo","@id":"https:\/\/progresso.com.br\/#\/schema\/person\/b7390ac97c5e156cc2e02aa8e88f1bf2"},"headline":"Vai ver \u00b4O Diabo Veste Prada 2\u00b4?: filme est\u00e1 em cartaz em Dourados","datePublished":"2026-05-01T17:27:00+00:00","dateModified":"2026-05-01T18:59:12+00:00","mainEntityOfPage":{"@id":"https:\/\/progresso.com.br\/index.php\/2026\/05\/01\/vai-ser-o-diabo-veste-prada-2-filme-esta-em-cartaz-em-dourados\/"},"wordCount":834,"commentCount":0,"publisher":{"@id":"https:\/\/progresso.com.br\/#organization"},"image":{"@id":"https:\/\/progresso.com.br\/index.php\/2026\/05\/01\/vai-ser-o-diabo-veste-prada-2-filme-esta-em-cartaz-em-dourados\/#primaryimage"},"thumbnailUrl":"https:\/\/progresso.com.br\/wp-content\/uploads\/2026\/05\/diabo-capa2.jpg","articleSection":["Cultura"],"inLanguage":"pt-BR","potentialAction":[{"@type":"CommentAction","name":"Comment","target":["https:\/\/progresso.com.br\/index.php\/2026\/05\/01\/vai-ser-o-diabo-veste-prada-2-filme-esta-em-cartaz-em-dourados\/#respond"]}]},{"@type":"WebPage","@id":"https:\/\/progresso.com.br\/index.php\/2026\/05\/01\/vai-ser-o-diabo-veste-prada-2-filme-esta-em-cartaz-em-dourados\/","url":"https:\/\/progresso.com.br\/index.php\/2026\/05\/01\/vai-ser-o-diabo-veste-prada-2-filme-esta-em-cartaz-em-dourados\/","name":"Vai ver \u00b4O Diabo Veste Prada 2\u00b4?: filme est\u00e1 em cartaz em Dourados - O PROGRESSO","isPartOf":{"@id":"https:\/\/progresso.com.br\/#website"},"primaryImageOfPage":{"@id":"https:\/\/progresso.com.br\/index.php\/2026\/05\/01\/vai-ser-o-diabo-veste-prada-2-filme-esta-em-cartaz-em-dourados\/#primaryimage"},"image":{"@id":"https:\/\/progresso.com.br\/index.php\/2026\/05\/01\/vai-ser-o-diabo-veste-prada-2-filme-esta-em-cartaz-em-dourados\/#primaryimage"},"thumbnailUrl":"https:\/\/progresso.com.br\/wp-content\/uploads\/2026\/05\/diabo-capa2.jpg","datePublished":"2026-05-01T17:27:00+00:00","dateModified":"2026-05-01T18:59:12+00:00","breadcrumb":{"@id":"https:\/\/progresso.com.br\/index.php\/2026\/05\/01\/vai-ser-o-diabo-veste-prada-2-filme-esta-em-cartaz-em-dourados\/#breadcrumb"},"inLanguage":"pt-BR","potentialAction":[{"@type":"ReadAction","target":["https:\/\/progresso.com.br\/index.php\/2026\/05\/01\/vai-ser-o-diabo-veste-prada-2-filme-esta-em-cartaz-em-dourados\/"]}]},{"@type":"ImageObject","inLanguage":"pt-BR","@id":"https:\/\/progresso.com.br\/index.php\/2026\/05\/01\/vai-ser-o-diabo-veste-prada-2-filme-esta-em-cartaz-em-dourados\/#primaryimage","url":"https:\/\/progresso.com.br\/wp-content\/uploads\/2026\/05\/diabo-capa2.jpg","contentUrl":"https:\/\/progresso.com.br\/wp-content\/uploads\/2026\/05\/diabo-capa2.jpg","width":1920,"height":1008,"caption":"Filme est\u00e1 em cartaz em Dourados com sess\u00f5es dublada e apenas uma legendada. (Fotos: Divulga\u00e7\u00e3o)"},{"@type":"BreadcrumbList","@id":"https:\/\/progresso.com.br\/index.php\/2026\/05\/01\/vai-ser-o-diabo-veste-prada-2-filme-esta-em-cartaz-em-dourados\/#breadcrumb","itemListElement":[{"@type":"ListItem","position":1,"name":"In\u00edcio","item":"https:\/\/progresso.com.br\/"},{"@type":"ListItem","position":2,"name":"Vai ver \u00b4O Diabo Veste Prada 2\u00b4?: filme est\u00e1 em cartaz em Dourados"}]},{"@type":"WebSite","@id":"https:\/\/progresso.com.br\/#website","url":"https:\/\/progresso.com.br\/","name":"O PROGRESSO","description":"","publisher":{"@id":"https:\/\/progresso.com.br\/#organization"},"potentialAction":[{"@type":"SearchAction","target":{"@type":"EntryPoint","urlTemplate":"https:\/\/progresso.com.br\/?s={search_term_string}"},"query-input":{"@type":"PropertyValueSpecification","valueRequired":true,"valueName":"search_term_string"}}],"inLanguage":"pt-BR"},{"@type":"Organization","@id":"https:\/\/progresso.com.br\/#organization","name":"O PROGRESSO","url":"https:\/\/progresso.com.br\/","logo":{"@type":"ImageObject","inLanguage":"pt-BR","@id":"https:\/\/progresso.com.br\/#\/schema\/logo\/image\/","url":"https:\/\/progresso.com.br\/wp-content\/uploads\/2026\/03\/logo_proog.jpg","contentUrl":"https:\/\/progresso.com.br\/wp-content\/uploads\/2026\/03\/logo_proog.jpg","width":1960,"height":1080,"caption":"O PROGRESSO"},"image":{"@id":"https:\/\/progresso.com.br\/#\/schema\/logo\/image\/"},"sameAs":["https:\/\/www.facebook.com\/share\/1CeoksKBj6\/","https:\/\/www.instagram.com\/oprogresso_digital"]},{"@type":"Person","@id":"https:\/\/progresso.com.br\/#\/schema\/person\/b7390ac97c5e156cc2e02aa8e88f1bf2","name":"Alfredo","image":{"@type":"ImageObject","inLanguage":"pt-BR","@id":"https:\/\/progresso.com.br\/#\/schema\/person\/image\/","url":"https:\/\/secure.gravatar.com\/avatar\/ca208a3111522ad69d765c6f0ea1ce4742c74e10aba78ae7158042d704d65a9f?s=96&d=mm&r=g","contentUrl":"https:\/\/secure.gravatar.com\/avatar\/ca208a3111522ad69d765c6f0ea1ce4742c74e10aba78ae7158042d704d65a9f?s=96&d=mm&r=g","caption":"Alfredo"},"url":"https:\/\/progresso.com.br\/index.php\/author\/alfredo\/"}]}},"_links":{"self":[{"href":"https:\/\/progresso.com.br\/index.php\/wp-json\/wp\/v2\/posts\/5279","targetHints":{"allow":["GET"]}}],"collection":[{"href":"https:\/\/progresso.com.br\/index.php\/wp-json\/wp\/v2\/posts"}],"about":[{"href":"https:\/\/progresso.com.br\/index.php\/wp-json\/wp\/v2\/types\/post"}],"author":[{"embeddable":true,"href":"https:\/\/progresso.com.br\/index.php\/wp-json\/wp\/v2\/users\/3"}],"replies":[{"embeddable":true,"href":"https:\/\/progresso.com.br\/index.php\/wp-json\/wp\/v2\/comments?post=5279"}],"version-history":[{"count":2,"href":"https:\/\/progresso.com.br\/index.php\/wp-json\/wp\/v2\/posts\/5279\/revisions"}],"predecessor-version":[{"id":5299,"href":"https:\/\/progresso.com.br\/index.php\/wp-json\/wp\/v2\/posts\/5279\/revisions\/5299"}],"wp:featuredmedia":[{"embeddable":true,"href":"https:\/\/progresso.com.br\/index.php\/wp-json\/wp\/v2\/media\/5282"}],"wp:attachment":[{"href":"https:\/\/progresso.com.br\/index.php\/wp-json\/wp\/v2\/media?parent=5279"}],"wp:term":[{"taxonomy":"category","embeddable":true,"href":"https:\/\/progresso.com.br\/index.php\/wp-json\/wp\/v2\/categories?post=5279"},{"taxonomy":"post_tag","embeddable":true,"href":"https:\/\/progresso.com.br\/index.php\/wp-json\/wp\/v2\/tags?post=5279"}],"curies":[{"name":"wp","href":"https:\/\/api.w.org\/{rel}","templated":true}]}}