{"id":5284,"date":"2026-05-01T11:46:32","date_gmt":"2026-05-01T15:46:32","guid":{"rendered":"https:\/\/progresso.com.br\/?p=5284"},"modified":"2026-05-01T11:46:33","modified_gmt":"2026-05-01T15:46:33","slug":"operacao-dia-do-trabalhador-na-br-163-amplia-monitoramento-ate-segunda-feira","status":"publish","type":"post","link":"https:\/\/progresso.com.br\/index.php\/2026\/05\/01\/operacao-dia-do-trabalhador-na-br-163-amplia-monitoramento-ate-segunda-feira\/","title":{"rendered":"Opera\u00e7\u00e3o Dia do Trabalhador na BR-163 amplia monitoramento at\u00e9 segunda-feira"},"content":{"rendered":"\n<p>A Opera\u00e7\u00e3o Dia do Trabalhador ao longo dos 845,4 quil\u00f4metros da BR-163\/MS come\u00e7ou na quinta-feira (30) e segue at\u00e9 segunda-feira (4), com refor\u00e7o das equipes do Servi\u00e7o de Atendimento ao Usu\u00e1rio (SAU) e monitoramento intensificado para garantir seguran\u00e7a e fluidez no tr\u00e1fego durante o feriado prolongado. As informa\u00e7\u00f5es s\u00e3o da concession\u00e1ria Motiva Pantanal.<\/p>\n\n\n\n<p><strong>A expectativa \u00e9 de que cerca de 265,2 mil ve\u00edculos circulem pela rodovia no per\u00edodo.<\/strong> <\/p>\n\n\n\n<p>Para esta sexta-feira, feriado do Dia do Trabalhador (1) a expectativa \u00e9 que devem circular 46,4 mil ve\u00edculos por todo o trecho. No s\u00e1bado (2), a estimativa \u00e9 de 40,3 mil. J\u00e1 no domingo (3), o fluxo volta a crescer, com previs\u00e3o de 53 mil ve\u00edculos, enquanto na segunda-feira (4), \u00faltimo dia da opera\u00e7\u00e3o, s\u00e3o esperados 57,3 mil ve\u00edculos.<\/p>\n\n\n\n<p>Para garantir um atendimento eficiente, a concession\u00e1ria conta com monitoramento 24 horas por meio das 477 c\u00e2meras do Centro de Controle Operacional (CCO), al\u00e9m de Pain\u00e9is de Mensagens Vari\u00e1veis fixos e m\u00f3veis que informam, em tempo real, as condi\u00e7\u00f5es de tr\u00e1fego. <\/p>\n\n\n\n<p>As equipes operacionais estar\u00e3o posicionadas estrategicamente ao longo da rodovia, com mais de 80 viaturas dispon\u00edveis, entre ambul\u00e2ncias, guinchos leves e pesados, inspe\u00e7\u00f5es de tr\u00e1fego e caminh\u00f5es de apoio.<\/p>\n\n\n\n<p>As 17 Bases Operacionais da Motiva Pantanal seguem \u00e0 disposi\u00e7\u00e3o dos usu\u00e1rios, oferecendo suporte com \u00e1gua pot\u00e1vel, sanit\u00e1rios e atendimento nos seguintes pontos:<\/p>\n\n\n\n<p>\u00b7&nbsp;&nbsp;&nbsp;&nbsp;&nbsp;&nbsp; Mundo Novo (km 27,6 &#8211; Norte)<\/p>\n\n\n\n<p>\u00b7&nbsp;&nbsp;&nbsp;&nbsp;&nbsp;&nbsp; Itaquira\u00ed (km 80,9 &#8211; Sul)<\/p>\n\n\n\n<p>\u00b7&nbsp;&nbsp;&nbsp;&nbsp;&nbsp;&nbsp; Navira\u00ed (km 128,6 &#8211; Sul)<\/p>\n\n\n\n<p>\u00b7&nbsp;&nbsp;&nbsp;&nbsp;&nbsp;&nbsp; Juti (km 179,6 &#8211; Norte)<\/p>\n\n\n\n<p>\u00b7&nbsp;&nbsp;&nbsp;&nbsp;&nbsp;&nbsp; Caarap\u00f3 (km 224,3 &#8211; Sul)<\/p>\n\n\n\n<p>\u00b7&nbsp;&nbsp;&nbsp;&nbsp;&nbsp;&nbsp; Dourados (km 285,2 &#8211; Sul)<\/p>\n\n\n\n<p>\u00b7&nbsp;&nbsp;&nbsp;&nbsp;&nbsp;&nbsp; Rio Brilhante (km 331,8 &#8211; Sul)<\/p>\n\n\n\n<p>\u00b7&nbsp;&nbsp;&nbsp;&nbsp;&nbsp;&nbsp; Nova Alvorada do Sul (km 381,4 &#8211; Sul)<\/p>\n\n\n\n<p>\u00b7&nbsp;&nbsp;&nbsp;&nbsp;&nbsp;&nbsp; Anhandu\u00ed (km 427,1 &#8211; Norte)<\/p>\n\n\n\n<p>\u00b7&nbsp;&nbsp;&nbsp;&nbsp;&nbsp;&nbsp; Campo Grande (km 478,5 &#8211; Norte)<\/p>\n\n\n\n<p>\u00b7&nbsp;&nbsp;&nbsp;&nbsp;&nbsp;&nbsp; Jaraguari (km 534,6 &#8211; Sul)<\/p>\n\n\n\n<p>\u00b7&nbsp;&nbsp;&nbsp;&nbsp;&nbsp;&nbsp; Bandeirantes (km 577,9 &#8211; Norte)<\/p>\n\n\n\n<p>\u00b7&nbsp;&nbsp;&nbsp;&nbsp;&nbsp;&nbsp; S\u00e3o Gabriel do Oeste (km 629,1 &#8211; Norte)<\/p>\n\n\n\n<p>\u00b7&nbsp;&nbsp;&nbsp;&nbsp;&nbsp;&nbsp; Rio Verde de Mato Grosso (km 678,1 &#8211; Norte)<\/p>\n\n\n\n<p>\u00b7&nbsp;&nbsp;&nbsp;&nbsp;&nbsp;&nbsp; Coxim (km 740,7 &#8211; Sul)<\/p>\n\n\n\n<p>\u00b7&nbsp;&nbsp;&nbsp;&nbsp;&nbsp;&nbsp; Pedro Gomes (km 778,4 &#8211; Sul)<\/p>\n\n\n\n<p>\u00b7&nbsp;&nbsp;&nbsp;&nbsp;&nbsp;&nbsp; Sonora (km 822,2 &#8211; Norte)<\/p>\n","protected":false},"excerpt":{"rendered":"<p>A Opera\u00e7\u00e3o Dia do Trabalhador ao longo dos 845,4 quil\u00f4metros da BR-163\/MS come\u00e7ou na quinta-feira (30) e segue at\u00e9 segunda-feira (4), com refor\u00e7o das equipes do Servi\u00e7o de Atendimento ao Usu\u00e1rio (SAU) e monitoramento intensificado para garantir seguran\u00e7a e fluidez no tr\u00e1fego durante o feriado prolongado. As informa\u00e7\u00f5es s\u00e3o da concession\u00e1ria Motiva Pantanal. A expectativa [&hellip;]<\/p>\n","protected":false},"author":3,"featured_media":5285,"comment_status":"open","ping_status":"open","sticky":false,"template":"","format":"standard","meta":{"footnotes":""},"categories":[13,2],"tags":[],"class_list":["post-5284","post","type-post","status-publish","format-standard","has-post-thumbnail","hentry","category-cotidiano","category-destaque"],"yoast_head":"<!-- This site is optimized with the Yoast SEO plugin v27.1.1 - https:\/\/yoast.com\/product\/yoast-seo-wordpress\/ -->\n<title>Opera\u00e7\u00e3o Dia do Trabalhador na BR-163 amplia monitoramento at\u00e9 segunda-feira - O PROGRESSO<\/title>\n<meta name=\"robots\" content=\"index, follow, max-snippet:-1, max-image-preview:large, max-video-preview:-1\" \/>\n<link rel=\"canonical\" href=\"https:\/\/progresso.com.br\/index.php\/2026\/05\/01\/operacao-dia-do-trabalhador-na-br-163-amplia-monitoramento-ate-segunda-feira\/\" \/>\n<meta property=\"og:locale\" content=\"pt_BR\" \/>\n<meta property=\"og:type\" content=\"article\" \/>\n<meta property=\"og:title\" content=\"Opera\u00e7\u00e3o Dia do Trabalhador na BR-163 amplia monitoramento at\u00e9 segunda-feira - O PROGRESSO\" \/>\n<meta property=\"og:description\" content=\"A Opera\u00e7\u00e3o Dia do Trabalhador ao longo dos 845,4 quil\u00f4metros da BR-163\/MS come\u00e7ou na quinta-feira (30) e segue at\u00e9 segunda-feira (4), com refor\u00e7o das equipes do Servi\u00e7o de Atendimento ao Usu\u00e1rio (SAU) e monitoramento intensificado para garantir seguran\u00e7a e fluidez no tr\u00e1fego durante o feriado prolongado. As informa\u00e7\u00f5es s\u00e3o da concession\u00e1ria Motiva Pantanal. A expectativa [&hellip;]\" \/>\n<meta property=\"og:url\" content=\"https:\/\/progresso.com.br\/index.php\/2026\/05\/01\/operacao-dia-do-trabalhador-na-br-163-amplia-monitoramento-ate-segunda-feira\/\" \/>\n<meta property=\"og:site_name\" content=\"O PROGRESSO\" \/>\n<meta property=\"article:publisher\" content=\"https:\/\/www.facebook.com\/share\/1CeoksKBj6\/\" \/>\n<meta property=\"article:published_time\" content=\"2026-05-01T15:46:32+00:00\" \/>\n<meta property=\"article:modified_time\" content=\"2026-05-01T15:46:33+00:00\" \/>\n<meta property=\"og:image\" content=\"https:\/\/progresso.com.br\/wp-content\/uploads\/2026\/05\/motiva-pantanal2.jpeg\" \/>\n\t<meta property=\"og:image:width\" content=\"1280\" \/>\n\t<meta property=\"og:image:height\" content=\"853\" \/>\n\t<meta property=\"og:image:type\" content=\"image\/jpeg\" \/>\n<meta name=\"author\" content=\"Alfredo\" \/>\n<meta name=\"twitter:card\" content=\"summary_large_image\" \/>\n<meta name=\"twitter:label1\" content=\"Escrito por\" \/>\n\t<meta name=\"twitter:data1\" content=\"Alfredo\" \/>\n\t<meta name=\"twitter:label2\" content=\"Est. tempo de leitura\" \/>\n\t<meta name=\"twitter:data2\" content=\"2 minutos\" \/>\n<script type=\"application\/ld+json\" class=\"yoast-schema-graph\">{\"@context\":\"https:\/\/schema.org\",\"@graph\":[{\"@type\":\"Article\",\"@id\":\"https:\/\/progresso.com.br\/index.php\/2026\/05\/01\/operacao-dia-do-trabalhador-na-br-163-amplia-monitoramento-ate-segunda-feira\/#article\",\"isPartOf\":{\"@id\":\"https:\/\/progresso.com.br\/index.php\/2026\/05\/01\/operacao-dia-do-trabalhador-na-br-163-amplia-monitoramento-ate-segunda-feira\/\"},\"author\":{\"name\":\"Alfredo\",\"@id\":\"https:\/\/progresso.com.br\/#\/schema\/person\/b7390ac97c5e156cc2e02aa8e88f1bf2\"},\"headline\":\"Opera\u00e7\u00e3o Dia do Trabalhador na BR-163 amplia monitoramento at\u00e9 segunda-feira\",\"datePublished\":\"2026-05-01T15:46:32+00:00\",\"dateModified\":\"2026-05-01T15:46:33+00:00\",\"mainEntityOfPage\":{\"@id\":\"https:\/\/progresso.com.br\/index.php\/2026\/05\/01\/operacao-dia-do-trabalhador-na-br-163-amplia-monitoramento-ate-segunda-feira\/\"},\"wordCount\":435,\"commentCount\":0,\"publisher\":{\"@id\":\"https:\/\/progresso.com.br\/#organization\"},\"image\":{\"@id\":\"https:\/\/progresso.com.br\/index.php\/2026\/05\/01\/operacao-dia-do-trabalhador-na-br-163-amplia-monitoramento-ate-segunda-feira\/#primaryimage\"},\"thumbnailUrl\":\"https:\/\/progresso.com.br\/wp-content\/uploads\/2026\/05\/motiva-pantanal2.jpeg\",\"articleSection\":[\"Cotidiano\",\"Em destaque\"],\"inLanguage\":\"pt-BR\",\"potentialAction\":[{\"@type\":\"CommentAction\",\"name\":\"Comment\",\"target\":[\"https:\/\/progresso.com.br\/index.php\/2026\/05\/01\/operacao-dia-do-trabalhador-na-br-163-amplia-monitoramento-ate-segunda-feira\/#respond\"]}]},{\"@type\":\"WebPage\",\"@id\":\"https:\/\/progresso.com.br\/index.php\/2026\/05\/01\/operacao-dia-do-trabalhador-na-br-163-amplia-monitoramento-ate-segunda-feira\/\",\"url\":\"https:\/\/progresso.com.br\/index.php\/2026\/05\/01\/operacao-dia-do-trabalhador-na-br-163-amplia-monitoramento-ate-segunda-feira\/\",\"name\":\"Opera\u00e7\u00e3o Dia do Trabalhador na BR-163 amplia monitoramento at\u00e9 segunda-feira - O PROGRESSO\",\"isPartOf\":{\"@id\":\"https:\/\/progresso.com.br\/#website\"},\"primaryImageOfPage\":{\"@id\":\"https:\/\/progresso.com.br\/index.php\/2026\/05\/01\/operacao-dia-do-trabalhador-na-br-163-amplia-monitoramento-ate-segunda-feira\/#primaryimage\"},\"image\":{\"@id\":\"https:\/\/progresso.com.br\/index.php\/2026\/05\/01\/operacao-dia-do-trabalhador-na-br-163-amplia-monitoramento-ate-segunda-feira\/#primaryimage\"},\"thumbnailUrl\":\"https:\/\/progresso.com.br\/wp-content\/uploads\/2026\/05\/motiva-pantanal2.jpeg\",\"datePublished\":\"2026-05-01T15:46:32+00:00\",\"dateModified\":\"2026-05-01T15:46:33+00:00\",\"breadcrumb\":{\"@id\":\"https:\/\/progresso.com.br\/index.php\/2026\/05\/01\/operacao-dia-do-trabalhador-na-br-163-amplia-monitoramento-ate-segunda-feira\/#breadcrumb\"},\"inLanguage\":\"pt-BR\",\"potentialAction\":[{\"@type\":\"ReadAction\",\"target\":[\"https:\/\/progresso.com.br\/index.php\/2026\/05\/01\/operacao-dia-do-trabalhador-na-br-163-amplia-monitoramento-ate-segunda-feira\/\"]}]},{\"@type\":\"ImageObject\",\"inLanguage\":\"pt-BR\",\"@id\":\"https:\/\/progresso.com.br\/index.php\/2026\/05\/01\/operacao-dia-do-trabalhador-na-br-163-amplia-monitoramento-ate-segunda-feira\/#primaryimage\",\"url\":\"https:\/\/progresso.com.br\/wp-content\/uploads\/2026\/05\/motiva-pantanal2.jpeg\",\"contentUrl\":\"https:\/\/progresso.com.br\/wp-content\/uploads\/2026\/05\/motiva-pantanal2.jpeg\",\"width\":1280,\"height\":853,\"caption\":\"Concession\u00e1ria prev\u00ea 265 mil ve\u00edculos circulando pela rodovia durante o feriad\u00e3o. (Foto: Divulga\u00e7\u00e3o)\"},{\"@type\":\"BreadcrumbList\",\"@id\":\"https:\/\/progresso.com.br\/index.php\/2026\/05\/01\/operacao-dia-do-trabalhador-na-br-163-amplia-monitoramento-ate-segunda-feira\/#breadcrumb\",\"itemListElement\":[{\"@type\":\"ListItem\",\"position\":1,\"name\":\"In\u00edcio\",\"item\":\"https:\/\/progresso.com.br\/\"},{\"@type\":\"ListItem\",\"position\":2,\"name\":\"Opera\u00e7\u00e3o Dia do Trabalhador na BR-163 amplia monitoramento at\u00e9 segunda-feira\"}]},{\"@type\":\"WebSite\",\"@id\":\"https:\/\/progresso.com.br\/#website\",\"url\":\"https:\/\/progresso.com.br\/\",\"name\":\"O PROGRESSO\",\"description\":\"\",\"publisher\":{\"@id\":\"https:\/\/progresso.com.br\/#organization\"},\"potentialAction\":[{\"@type\":\"SearchAction\",\"target\":{\"@type\":\"EntryPoint\",\"urlTemplate\":\"https:\/\/progresso.com.br\/?s={search_term_string}\"},\"query-input\":{\"@type\":\"PropertyValueSpecification\",\"valueRequired\":true,\"valueName\":\"search_term_string\"}}],\"inLanguage\":\"pt-BR\"},{\"@type\":\"Organization\",\"@id\":\"https:\/\/progresso.com.br\/#organization\",\"name\":\"O PROGRESSO\",\"url\":\"https:\/\/progresso.com.br\/\",\"logo\":{\"@type\":\"ImageObject\",\"inLanguage\":\"pt-BR\",\"@id\":\"https:\/\/progresso.com.br\/#\/schema\/logo\/image\/\",\"url\":\"https:\/\/progresso.com.br\/wp-content\/uploads\/2026\/03\/logo_proog.jpg\",\"contentUrl\":\"https:\/\/progresso.com.br\/wp-content\/uploads\/2026\/03\/logo_proog.jpg\",\"width\":1960,\"height\":1080,\"caption\":\"O PROGRESSO\"},\"image\":{\"@id\":\"https:\/\/progresso.com.br\/#\/schema\/logo\/image\/\"},\"sameAs\":[\"https:\/\/www.facebook.com\/share\/1CeoksKBj6\/\",\"https:\/\/www.instagram.com\/oprogresso_digital\"]},{\"@type\":\"Person\",\"@id\":\"https:\/\/progresso.com.br\/#\/schema\/person\/b7390ac97c5e156cc2e02aa8e88f1bf2\",\"name\":\"Alfredo\",\"image\":{\"@type\":\"ImageObject\",\"inLanguage\":\"pt-BR\",\"@id\":\"https:\/\/progresso.com.br\/#\/schema\/person\/image\/\",\"url\":\"https:\/\/secure.gravatar.com\/avatar\/ca208a3111522ad69d765c6f0ea1ce4742c74e10aba78ae7158042d704d65a9f?s=96&d=mm&r=g\",\"contentUrl\":\"https:\/\/secure.gravatar.com\/avatar\/ca208a3111522ad69d765c6f0ea1ce4742c74e10aba78ae7158042d704d65a9f?s=96&d=mm&r=g\",\"caption\":\"Alfredo\"},\"url\":\"https:\/\/progresso.com.br\/index.php\/author\/alfredo\/\"}]}<\/script>\n<!-- \/ Yoast SEO plugin. -->","yoast_head_json":{"title":"Opera\u00e7\u00e3o Dia do Trabalhador na BR-163 amplia monitoramento at\u00e9 segunda-feira - O PROGRESSO","robots":{"index":"index","follow":"follow","max-snippet":"max-snippet:-1","max-image-preview":"max-image-preview:large","max-video-preview":"max-video-preview:-1"},"canonical":"https:\/\/progresso.com.br\/index.php\/2026\/05\/01\/operacao-dia-do-trabalhador-na-br-163-amplia-monitoramento-ate-segunda-feira\/","og_locale":"pt_BR","og_type":"article","og_title":"Opera\u00e7\u00e3o Dia do Trabalhador na BR-163 amplia monitoramento at\u00e9 segunda-feira - O PROGRESSO","og_description":"A Opera\u00e7\u00e3o Dia do Trabalhador ao longo dos 845,4 quil\u00f4metros da BR-163\/MS come\u00e7ou na quinta-feira (30) e segue at\u00e9 segunda-feira (4), com refor\u00e7o das equipes do Servi\u00e7o de Atendimento ao Usu\u00e1rio (SAU) e monitoramento intensificado para garantir seguran\u00e7a e fluidez no tr\u00e1fego durante o feriado prolongado. As informa\u00e7\u00f5es s\u00e3o da concession\u00e1ria Motiva Pantanal. A expectativa [&hellip;]","og_url":"https:\/\/progresso.com.br\/index.php\/2026\/05\/01\/operacao-dia-do-trabalhador-na-br-163-amplia-monitoramento-ate-segunda-feira\/","og_site_name":"O PROGRESSO","article_publisher":"https:\/\/www.facebook.com\/share\/1CeoksKBj6\/","article_published_time":"2026-05-01T15:46:32+00:00","article_modified_time":"2026-05-01T15:46:33+00:00","og_image":[{"width":1280,"height":853,"url":"https:\/\/progresso.com.br\/wp-content\/uploads\/2026\/05\/motiva-pantanal2.jpeg","type":"image\/jpeg"}],"author":"Alfredo","twitter_card":"summary_large_image","twitter_misc":{"Escrito por":"Alfredo","Est. tempo de leitura":"2 minutos"},"schema":{"@context":"https:\/\/schema.org","@graph":[{"@type":"Article","@id":"https:\/\/progresso.com.br\/index.php\/2026\/05\/01\/operacao-dia-do-trabalhador-na-br-163-amplia-monitoramento-ate-segunda-feira\/#article","isPartOf":{"@id":"https:\/\/progresso.com.br\/index.php\/2026\/05\/01\/operacao-dia-do-trabalhador-na-br-163-amplia-monitoramento-ate-segunda-feira\/"},"author":{"name":"Alfredo","@id":"https:\/\/progresso.com.br\/#\/schema\/person\/b7390ac97c5e156cc2e02aa8e88f1bf2"},"headline":"Opera\u00e7\u00e3o Dia do Trabalhador na BR-163 amplia monitoramento at\u00e9 segunda-feira","datePublished":"2026-05-01T15:46:32+00:00","dateModified":"2026-05-01T15:46:33+00:00","mainEntityOfPage":{"@id":"https:\/\/progresso.com.br\/index.php\/2026\/05\/01\/operacao-dia-do-trabalhador-na-br-163-amplia-monitoramento-ate-segunda-feira\/"},"wordCount":435,"commentCount":0,"publisher":{"@id":"https:\/\/progresso.com.br\/#organization"},"image":{"@id":"https:\/\/progresso.com.br\/index.php\/2026\/05\/01\/operacao-dia-do-trabalhador-na-br-163-amplia-monitoramento-ate-segunda-feira\/#primaryimage"},"thumbnailUrl":"https:\/\/progresso.com.br\/wp-content\/uploads\/2026\/05\/motiva-pantanal2.jpeg","articleSection":["Cotidiano","Em destaque"],"inLanguage":"pt-BR","potentialAction":[{"@type":"CommentAction","name":"Comment","target":["https:\/\/progresso.com.br\/index.php\/2026\/05\/01\/operacao-dia-do-trabalhador-na-br-163-amplia-monitoramento-ate-segunda-feira\/#respond"]}]},{"@type":"WebPage","@id":"https:\/\/progresso.com.br\/index.php\/2026\/05\/01\/operacao-dia-do-trabalhador-na-br-163-amplia-monitoramento-ate-segunda-feira\/","url":"https:\/\/progresso.com.br\/index.php\/2026\/05\/01\/operacao-dia-do-trabalhador-na-br-163-amplia-monitoramento-ate-segunda-feira\/","name":"Opera\u00e7\u00e3o Dia do Trabalhador na BR-163 amplia monitoramento at\u00e9 segunda-feira - O PROGRESSO","isPartOf":{"@id":"https:\/\/progresso.com.br\/#website"},"primaryImageOfPage":{"@id":"https:\/\/progresso.com.br\/index.php\/2026\/05\/01\/operacao-dia-do-trabalhador-na-br-163-amplia-monitoramento-ate-segunda-feira\/#primaryimage"},"image":{"@id":"https:\/\/progresso.com.br\/index.php\/2026\/05\/01\/operacao-dia-do-trabalhador-na-br-163-amplia-monitoramento-ate-segunda-feira\/#primaryimage"},"thumbnailUrl":"https:\/\/progresso.com.br\/wp-content\/uploads\/2026\/05\/motiva-pantanal2.jpeg","datePublished":"2026-05-01T15:46:32+00:00","dateModified":"2026-05-01T15:46:33+00:00","breadcrumb":{"@id":"https:\/\/progresso.com.br\/index.php\/2026\/05\/01\/operacao-dia-do-trabalhador-na-br-163-amplia-monitoramento-ate-segunda-feira\/#breadcrumb"},"inLanguage":"pt-BR","potentialAction":[{"@type":"ReadAction","target":["https:\/\/progresso.com.br\/index.php\/2026\/05\/01\/operacao-dia-do-trabalhador-na-br-163-amplia-monitoramento-ate-segunda-feira\/"]}]},{"@type":"ImageObject","inLanguage":"pt-BR","@id":"https:\/\/progresso.com.br\/index.php\/2026\/05\/01\/operacao-dia-do-trabalhador-na-br-163-amplia-monitoramento-ate-segunda-feira\/#primaryimage","url":"https:\/\/progresso.com.br\/wp-content\/uploads\/2026\/05\/motiva-pantanal2.jpeg","contentUrl":"https:\/\/progresso.com.br\/wp-content\/uploads\/2026\/05\/motiva-pantanal2.jpeg","width":1280,"height":853,"caption":"Concession\u00e1ria prev\u00ea 265 mil ve\u00edculos circulando pela rodovia durante o feriad\u00e3o. (Foto: Divulga\u00e7\u00e3o)"},{"@type":"BreadcrumbList","@id":"https:\/\/progresso.com.br\/index.php\/2026\/05\/01\/operacao-dia-do-trabalhador-na-br-163-amplia-monitoramento-ate-segunda-feira\/#breadcrumb","itemListElement":[{"@type":"ListItem","position":1,"name":"In\u00edcio","item":"https:\/\/progresso.com.br\/"},{"@type":"ListItem","position":2,"name":"Opera\u00e7\u00e3o Dia do Trabalhador na BR-163 amplia monitoramento at\u00e9 segunda-feira"}]},{"@type":"WebSite","@id":"https:\/\/progresso.com.br\/#website","url":"https:\/\/progresso.com.br\/","name":"O PROGRESSO","description":"","publisher":{"@id":"https:\/\/progresso.com.br\/#organization"},"potentialAction":[{"@type":"SearchAction","target":{"@type":"EntryPoint","urlTemplate":"https:\/\/progresso.com.br\/?s={search_term_string}"},"query-input":{"@type":"PropertyValueSpecification","valueRequired":true,"valueName":"search_term_string"}}],"inLanguage":"pt-BR"},{"@type":"Organization","@id":"https:\/\/progresso.com.br\/#organization","name":"O PROGRESSO","url":"https:\/\/progresso.com.br\/","logo":{"@type":"ImageObject","inLanguage":"pt-BR","@id":"https:\/\/progresso.com.br\/#\/schema\/logo\/image\/","url":"https:\/\/progresso.com.br\/wp-content\/uploads\/2026\/03\/logo_proog.jpg","contentUrl":"https:\/\/progresso.com.br\/wp-content\/uploads\/2026\/03\/logo_proog.jpg","width":1960,"height":1080,"caption":"O PROGRESSO"},"image":{"@id":"https:\/\/progresso.com.br\/#\/schema\/logo\/image\/"},"sameAs":["https:\/\/www.facebook.com\/share\/1CeoksKBj6\/","https:\/\/www.instagram.com\/oprogresso_digital"]},{"@type":"Person","@id":"https:\/\/progresso.com.br\/#\/schema\/person\/b7390ac97c5e156cc2e02aa8e88f1bf2","name":"Alfredo","image":{"@type":"ImageObject","inLanguage":"pt-BR","@id":"https:\/\/progresso.com.br\/#\/schema\/person\/image\/","url":"https:\/\/secure.gravatar.com\/avatar\/ca208a3111522ad69d765c6f0ea1ce4742c74e10aba78ae7158042d704d65a9f?s=96&d=mm&r=g","contentUrl":"https:\/\/secure.gravatar.com\/avatar\/ca208a3111522ad69d765c6f0ea1ce4742c74e10aba78ae7158042d704d65a9f?s=96&d=mm&r=g","caption":"Alfredo"},"url":"https:\/\/progresso.com.br\/index.php\/author\/alfredo\/"}]}},"_links":{"self":[{"href":"https:\/\/progresso.com.br\/index.php\/wp-json\/wp\/v2\/posts\/5284","targetHints":{"allow":["GET"]}}],"collection":[{"href":"https:\/\/progresso.com.br\/index.php\/wp-json\/wp\/v2\/posts"}],"about":[{"href":"https:\/\/progresso.com.br\/index.php\/wp-json\/wp\/v2\/types\/post"}],"author":[{"embeddable":true,"href":"https:\/\/progresso.com.br\/index.php\/wp-json\/wp\/v2\/users\/3"}],"replies":[{"embeddable":true,"href":"https:\/\/progresso.com.br\/index.php\/wp-json\/wp\/v2\/comments?post=5284"}],"version-history":[{"count":1,"href":"https:\/\/progresso.com.br\/index.php\/wp-json\/wp\/v2\/posts\/5284\/revisions"}],"predecessor-version":[{"id":5286,"href":"https:\/\/progresso.com.br\/index.php\/wp-json\/wp\/v2\/posts\/5284\/revisions\/5286"}],"wp:featuredmedia":[{"embeddable":true,"href":"https:\/\/progresso.com.br\/index.php\/wp-json\/wp\/v2\/media\/5285"}],"wp:attachment":[{"href":"https:\/\/progresso.com.br\/index.php\/wp-json\/wp\/v2\/media?parent=5284"}],"wp:term":[{"taxonomy":"category","embeddable":true,"href":"https:\/\/progresso.com.br\/index.php\/wp-json\/wp\/v2\/categories?post=5284"},{"taxonomy":"post_tag","embeddable":true,"href":"https:\/\/progresso.com.br\/index.php\/wp-json\/wp\/v2\/tags?post=5284"}],"curies":[{"name":"wp","href":"https:\/\/api.w.org\/{rel}","templated":true}]}}