{"id":5287,"date":"2026-05-01T12:01:36","date_gmt":"2026-05-01T16:01:36","guid":{"rendered":"https:\/\/progresso.com.br\/?p=5287"},"modified":"2026-05-01T12:01:36","modified_gmt":"2026-05-01T16:01:36","slug":"velorio-de-fundador-da-rede-ms-acontece-neste-sabado-em-campo-grande","status":"publish","type":"post","link":"https:\/\/progresso.com.br\/index.php\/2026\/05\/01\/velorio-de-fundador-da-rede-ms-acontece-neste-sabado-em-campo-grande\/","title":{"rendered":"Vel\u00f3rio de fundador da Rede MS acontece neste s\u00e1bado em Campo Grande"},"content":{"rendered":"\n<p>O vel\u00f3rio do corpo do empres\u00e1rio Ivan Paes Barbosa est\u00e1 marcado para este s\u00e1bado (2), em Campo Grande.<\/p>\n\n\n\n<p>O fundador do maior grupo de comunica\u00e7\u00e3o regional sul-mato-grossense: a Rede MS Integra\u00e7\u00e3o de R\u00e1dio e Televis\u00e3o, morreu na quinta-feira (30), aos 92 anos, no Rio de Janeiro, onde morava. Ele sofreu um infarto.<\/p>\n\n\n\n<p>A fam\u00edlia decidiu realizar o funeral na sede do Grupo de comunica\u00e7\u00e3o, onde est\u00e1 instalada a TV Record MS, \u00e0 rua Itaja\u00ed, 433, bairro Antonio Vendas, em Campo Grande.<\/p>\n\n\n\n<p><strong>O vel\u00f3rio est\u00e1 marcado para come\u00e7ar \u00e0s 7 horas e o enterro previsto para 16 horas no Parque das Primaveras.<\/strong><\/p>\n\n\n\n<p>O grupo fundado por ele \u00e9 gerido por seus sucessores, mas com as orienta\u00e7\u00f5es do experiente empres\u00e1rio. A Rede MS \u00e9 formada pela TV MS Record, cinco r\u00e1dios FM instaladas em Campo Grande, Corumb\u00e1, Bonito, Tr\u00eas Lagoas e Dourados, o canal AgroBrasil TV e o site&nbsp;Di\u00e1rio Digital.<\/p>\n","protected":false},"excerpt":{"rendered":"<p>O vel\u00f3rio do corpo do empres\u00e1rio Ivan Paes Barbosa est\u00e1 marcado para este s\u00e1bado (2), em Campo Grande. O fundador do maior grupo de comunica\u00e7\u00e3o regional sul-mato-grossense: a Rede MS Integra\u00e7\u00e3o de R\u00e1dio e Televis\u00e3o, morreu na quinta-feira (30), aos 92 anos, no Rio de Janeiro, onde morava. Ele sofreu um infarto. A fam\u00edlia decidiu [&hellip;]<\/p>\n","protected":false},"author":3,"featured_media":5288,"comment_status":"open","ping_status":"open","sticky":false,"template":"","format":"standard","meta":{"footnotes":""},"categories":[13,2],"tags":[],"class_list":["post-5287","post","type-post","status-publish","format-standard","has-post-thumbnail","hentry","category-cotidiano","category-destaque"],"yoast_head":"<!-- This site is optimized with the Yoast SEO plugin v27.1.1 - https:\/\/yoast.com\/product\/yoast-seo-wordpress\/ -->\n<title>Vel\u00f3rio de fundador da Rede MS acontece neste s\u00e1bado em Campo Grande - O PROGRESSO<\/title>\n<meta name=\"robots\" content=\"index, follow, max-snippet:-1, max-image-preview:large, max-video-preview:-1\" \/>\n<link rel=\"canonical\" href=\"https:\/\/progresso.com.br\/index.php\/2026\/05\/01\/velorio-de-fundador-da-rede-ms-acontece-neste-sabado-em-campo-grande\/\" \/>\n<meta property=\"og:locale\" content=\"pt_BR\" \/>\n<meta property=\"og:type\" content=\"article\" \/>\n<meta property=\"og:title\" content=\"Vel\u00f3rio de fundador da Rede MS acontece neste s\u00e1bado em Campo Grande - O PROGRESSO\" \/>\n<meta property=\"og:description\" content=\"O vel\u00f3rio do corpo do empres\u00e1rio Ivan Paes Barbosa est\u00e1 marcado para este s\u00e1bado (2), em Campo Grande. O fundador do maior grupo de comunica\u00e7\u00e3o regional sul-mato-grossense: a Rede MS Integra\u00e7\u00e3o de R\u00e1dio e Televis\u00e3o, morreu na quinta-feira (30), aos 92 anos, no Rio de Janeiro, onde morava. Ele sofreu um infarto. A fam\u00edlia decidiu [&hellip;]\" \/>\n<meta property=\"og:url\" content=\"https:\/\/progresso.com.br\/index.php\/2026\/05\/01\/velorio-de-fundador-da-rede-ms-acontece-neste-sabado-em-campo-grande\/\" \/>\n<meta property=\"og:site_name\" content=\"O PROGRESSO\" \/>\n<meta property=\"article:publisher\" content=\"https:\/\/www.facebook.com\/share\/1CeoksKBj6\/\" \/>\n<meta property=\"article:published_time\" content=\"2026-05-01T16:01:36+00:00\" \/>\n<meta property=\"og:image\" content=\"https:\/\/progresso.com.br\/wp-content\/uploads\/2026\/05\/ivan-paes-f1.jpg\" \/>\n\t<meta property=\"og:image:width\" content=\"1061\" \/>\n\t<meta property=\"og:image:height\" content=\"675\" \/>\n\t<meta property=\"og:image:type\" content=\"image\/jpeg\" \/>\n<meta name=\"author\" content=\"Alfredo\" \/>\n<meta name=\"twitter:card\" content=\"summary_large_image\" \/>\n<meta name=\"twitter:label1\" content=\"Escrito por\" \/>\n\t<meta name=\"twitter:data1\" content=\"Alfredo\" \/>\n\t<meta name=\"twitter:label2\" content=\"Est. tempo de leitura\" \/>\n\t<meta name=\"twitter:data2\" content=\"2 minutos\" \/>\n<script type=\"application\/ld+json\" class=\"yoast-schema-graph\">{\"@context\":\"https:\/\/schema.org\",\"@graph\":[{\"@type\":\"Article\",\"@id\":\"https:\/\/progresso.com.br\/index.php\/2026\/05\/01\/velorio-de-fundador-da-rede-ms-acontece-neste-sabado-em-campo-grande\/#article\",\"isPartOf\":{\"@id\":\"https:\/\/progresso.com.br\/index.php\/2026\/05\/01\/velorio-de-fundador-da-rede-ms-acontece-neste-sabado-em-campo-grande\/\"},\"author\":{\"name\":\"Alfredo\",\"@id\":\"https:\/\/progresso.com.br\/#\/schema\/person\/b7390ac97c5e156cc2e02aa8e88f1bf2\"},\"headline\":\"Vel\u00f3rio de fundador da Rede MS acontece neste s\u00e1bado em Campo Grande\",\"datePublished\":\"2026-05-01T16:01:36+00:00\",\"mainEntityOfPage\":{\"@id\":\"https:\/\/progresso.com.br\/index.php\/2026\/05\/01\/velorio-de-fundador-da-rede-ms-acontece-neste-sabado-em-campo-grande\/\"},\"wordCount\":171,\"commentCount\":0,\"publisher\":{\"@id\":\"https:\/\/progresso.com.br\/#organization\"},\"image\":{\"@id\":\"https:\/\/progresso.com.br\/index.php\/2026\/05\/01\/velorio-de-fundador-da-rede-ms-acontece-neste-sabado-em-campo-grande\/#primaryimage\"},\"thumbnailUrl\":\"https:\/\/progresso.com.br\/wp-content\/uploads\/2026\/05\/ivan-paes-f1.jpg\",\"articleSection\":[\"Cotidiano\",\"Em destaque\"],\"inLanguage\":\"pt-BR\",\"potentialAction\":[{\"@type\":\"CommentAction\",\"name\":\"Comment\",\"target\":[\"https:\/\/progresso.com.br\/index.php\/2026\/05\/01\/velorio-de-fundador-da-rede-ms-acontece-neste-sabado-em-campo-grande\/#respond\"]}]},{\"@type\":\"WebPage\",\"@id\":\"https:\/\/progresso.com.br\/index.php\/2026\/05\/01\/velorio-de-fundador-da-rede-ms-acontece-neste-sabado-em-campo-grande\/\",\"url\":\"https:\/\/progresso.com.br\/index.php\/2026\/05\/01\/velorio-de-fundador-da-rede-ms-acontece-neste-sabado-em-campo-grande\/\",\"name\":\"Vel\u00f3rio de fundador da Rede MS acontece neste s\u00e1bado em Campo Grande - O PROGRESSO\",\"isPartOf\":{\"@id\":\"https:\/\/progresso.com.br\/#website\"},\"primaryImageOfPage\":{\"@id\":\"https:\/\/progresso.com.br\/index.php\/2026\/05\/01\/velorio-de-fundador-da-rede-ms-acontece-neste-sabado-em-campo-grande\/#primaryimage\"},\"image\":{\"@id\":\"https:\/\/progresso.com.br\/index.php\/2026\/05\/01\/velorio-de-fundador-da-rede-ms-acontece-neste-sabado-em-campo-grande\/#primaryimage\"},\"thumbnailUrl\":\"https:\/\/progresso.com.br\/wp-content\/uploads\/2026\/05\/ivan-paes-f1.jpg\",\"datePublished\":\"2026-05-01T16:01:36+00:00\",\"breadcrumb\":{\"@id\":\"https:\/\/progresso.com.br\/index.php\/2026\/05\/01\/velorio-de-fundador-da-rede-ms-acontece-neste-sabado-em-campo-grande\/#breadcrumb\"},\"inLanguage\":\"pt-BR\",\"potentialAction\":[{\"@type\":\"ReadAction\",\"target\":[\"https:\/\/progresso.com.br\/index.php\/2026\/05\/01\/velorio-de-fundador-da-rede-ms-acontece-neste-sabado-em-campo-grande\/\"]}]},{\"@type\":\"ImageObject\",\"inLanguage\":\"pt-BR\",\"@id\":\"https:\/\/progresso.com.br\/index.php\/2026\/05\/01\/velorio-de-fundador-da-rede-ms-acontece-neste-sabado-em-campo-grande\/#primaryimage\",\"url\":\"https:\/\/progresso.com.br\/wp-content\/uploads\/2026\/05\/ivan-paes-f1.jpg\",\"contentUrl\":\"https:\/\/progresso.com.br\/wp-content\/uploads\/2026\/05\/ivan-paes-f1.jpg\",\"width\":1061,\"height\":675,\"caption\":\"Empres\u00e1rio de comunica\u00e7\u00e3o morreu v\u00edtima de infarto; enterro ser\u00e1 em Campo Grande. (Foto: Arquivo\/Fernando Soares)\"},{\"@type\":\"BreadcrumbList\",\"@id\":\"https:\/\/progresso.com.br\/index.php\/2026\/05\/01\/velorio-de-fundador-da-rede-ms-acontece-neste-sabado-em-campo-grande\/#breadcrumb\",\"itemListElement\":[{\"@type\":\"ListItem\",\"position\":1,\"name\":\"In\u00edcio\",\"item\":\"https:\/\/progresso.com.br\/\"},{\"@type\":\"ListItem\",\"position\":2,\"name\":\"Vel\u00f3rio de fundador da Rede MS acontece neste s\u00e1bado em Campo Grande\"}]},{\"@type\":\"WebSite\",\"@id\":\"https:\/\/progresso.com.br\/#website\",\"url\":\"https:\/\/progresso.com.br\/\",\"name\":\"O PROGRESSO\",\"description\":\"\",\"publisher\":{\"@id\":\"https:\/\/progresso.com.br\/#organization\"},\"potentialAction\":[{\"@type\":\"SearchAction\",\"target\":{\"@type\":\"EntryPoint\",\"urlTemplate\":\"https:\/\/progresso.com.br\/?s={search_term_string}\"},\"query-input\":{\"@type\":\"PropertyValueSpecification\",\"valueRequired\":true,\"valueName\":\"search_term_string\"}}],\"inLanguage\":\"pt-BR\"},{\"@type\":\"Organization\",\"@id\":\"https:\/\/progresso.com.br\/#organization\",\"name\":\"O PROGRESSO\",\"url\":\"https:\/\/progresso.com.br\/\",\"logo\":{\"@type\":\"ImageObject\",\"inLanguage\":\"pt-BR\",\"@id\":\"https:\/\/progresso.com.br\/#\/schema\/logo\/image\/\",\"url\":\"https:\/\/progresso.com.br\/wp-content\/uploads\/2026\/03\/logo_proog.jpg\",\"contentUrl\":\"https:\/\/progresso.com.br\/wp-content\/uploads\/2026\/03\/logo_proog.jpg\",\"width\":1960,\"height\":1080,\"caption\":\"O PROGRESSO\"},\"image\":{\"@id\":\"https:\/\/progresso.com.br\/#\/schema\/logo\/image\/\"},\"sameAs\":[\"https:\/\/www.facebook.com\/share\/1CeoksKBj6\/\",\"https:\/\/www.instagram.com\/oprogresso_digital\"]},{\"@type\":\"Person\",\"@id\":\"https:\/\/progresso.com.br\/#\/schema\/person\/b7390ac97c5e156cc2e02aa8e88f1bf2\",\"name\":\"Alfredo\",\"image\":{\"@type\":\"ImageObject\",\"inLanguage\":\"pt-BR\",\"@id\":\"https:\/\/progresso.com.br\/#\/schema\/person\/image\/\",\"url\":\"https:\/\/secure.gravatar.com\/avatar\/ca208a3111522ad69d765c6f0ea1ce4742c74e10aba78ae7158042d704d65a9f?s=96&d=mm&r=g\",\"contentUrl\":\"https:\/\/secure.gravatar.com\/avatar\/ca208a3111522ad69d765c6f0ea1ce4742c74e10aba78ae7158042d704d65a9f?s=96&d=mm&r=g\",\"caption\":\"Alfredo\"},\"url\":\"https:\/\/progresso.com.br\/index.php\/author\/alfredo\/\"}]}<\/script>\n<!-- \/ Yoast SEO plugin. -->","yoast_head_json":{"title":"Vel\u00f3rio de fundador da Rede MS acontece neste s\u00e1bado em Campo Grande - O PROGRESSO","robots":{"index":"index","follow":"follow","max-snippet":"max-snippet:-1","max-image-preview":"max-image-preview:large","max-video-preview":"max-video-preview:-1"},"canonical":"https:\/\/progresso.com.br\/index.php\/2026\/05\/01\/velorio-de-fundador-da-rede-ms-acontece-neste-sabado-em-campo-grande\/","og_locale":"pt_BR","og_type":"article","og_title":"Vel\u00f3rio de fundador da Rede MS acontece neste s\u00e1bado em Campo Grande - O PROGRESSO","og_description":"O vel\u00f3rio do corpo do empres\u00e1rio Ivan Paes Barbosa est\u00e1 marcado para este s\u00e1bado (2), em Campo Grande. O fundador do maior grupo de comunica\u00e7\u00e3o regional sul-mato-grossense: a Rede MS Integra\u00e7\u00e3o de R\u00e1dio e Televis\u00e3o, morreu na quinta-feira (30), aos 92 anos, no Rio de Janeiro, onde morava. Ele sofreu um infarto. A fam\u00edlia decidiu [&hellip;]","og_url":"https:\/\/progresso.com.br\/index.php\/2026\/05\/01\/velorio-de-fundador-da-rede-ms-acontece-neste-sabado-em-campo-grande\/","og_site_name":"O PROGRESSO","article_publisher":"https:\/\/www.facebook.com\/share\/1CeoksKBj6\/","article_published_time":"2026-05-01T16:01:36+00:00","og_image":[{"width":1061,"height":675,"url":"https:\/\/progresso.com.br\/wp-content\/uploads\/2026\/05\/ivan-paes-f1.jpg","type":"image\/jpeg"}],"author":"Alfredo","twitter_card":"summary_large_image","twitter_misc":{"Escrito por":"Alfredo","Est. tempo de leitura":"2 minutos"},"schema":{"@context":"https:\/\/schema.org","@graph":[{"@type":"Article","@id":"https:\/\/progresso.com.br\/index.php\/2026\/05\/01\/velorio-de-fundador-da-rede-ms-acontece-neste-sabado-em-campo-grande\/#article","isPartOf":{"@id":"https:\/\/progresso.com.br\/index.php\/2026\/05\/01\/velorio-de-fundador-da-rede-ms-acontece-neste-sabado-em-campo-grande\/"},"author":{"name":"Alfredo","@id":"https:\/\/progresso.com.br\/#\/schema\/person\/b7390ac97c5e156cc2e02aa8e88f1bf2"},"headline":"Vel\u00f3rio de fundador da Rede MS acontece neste s\u00e1bado em Campo Grande","datePublished":"2026-05-01T16:01:36+00:00","mainEntityOfPage":{"@id":"https:\/\/progresso.com.br\/index.php\/2026\/05\/01\/velorio-de-fundador-da-rede-ms-acontece-neste-sabado-em-campo-grande\/"},"wordCount":171,"commentCount":0,"publisher":{"@id":"https:\/\/progresso.com.br\/#organization"},"image":{"@id":"https:\/\/progresso.com.br\/index.php\/2026\/05\/01\/velorio-de-fundador-da-rede-ms-acontece-neste-sabado-em-campo-grande\/#primaryimage"},"thumbnailUrl":"https:\/\/progresso.com.br\/wp-content\/uploads\/2026\/05\/ivan-paes-f1.jpg","articleSection":["Cotidiano","Em destaque"],"inLanguage":"pt-BR","potentialAction":[{"@type":"CommentAction","name":"Comment","target":["https:\/\/progresso.com.br\/index.php\/2026\/05\/01\/velorio-de-fundador-da-rede-ms-acontece-neste-sabado-em-campo-grande\/#respond"]}]},{"@type":"WebPage","@id":"https:\/\/progresso.com.br\/index.php\/2026\/05\/01\/velorio-de-fundador-da-rede-ms-acontece-neste-sabado-em-campo-grande\/","url":"https:\/\/progresso.com.br\/index.php\/2026\/05\/01\/velorio-de-fundador-da-rede-ms-acontece-neste-sabado-em-campo-grande\/","name":"Vel\u00f3rio de fundador da Rede MS acontece neste s\u00e1bado em Campo Grande - O PROGRESSO","isPartOf":{"@id":"https:\/\/progresso.com.br\/#website"},"primaryImageOfPage":{"@id":"https:\/\/progresso.com.br\/index.php\/2026\/05\/01\/velorio-de-fundador-da-rede-ms-acontece-neste-sabado-em-campo-grande\/#primaryimage"},"image":{"@id":"https:\/\/progresso.com.br\/index.php\/2026\/05\/01\/velorio-de-fundador-da-rede-ms-acontece-neste-sabado-em-campo-grande\/#primaryimage"},"thumbnailUrl":"https:\/\/progresso.com.br\/wp-content\/uploads\/2026\/05\/ivan-paes-f1.jpg","datePublished":"2026-05-01T16:01:36+00:00","breadcrumb":{"@id":"https:\/\/progresso.com.br\/index.php\/2026\/05\/01\/velorio-de-fundador-da-rede-ms-acontece-neste-sabado-em-campo-grande\/#breadcrumb"},"inLanguage":"pt-BR","potentialAction":[{"@type":"ReadAction","target":["https:\/\/progresso.com.br\/index.php\/2026\/05\/01\/velorio-de-fundador-da-rede-ms-acontece-neste-sabado-em-campo-grande\/"]}]},{"@type":"ImageObject","inLanguage":"pt-BR","@id":"https:\/\/progresso.com.br\/index.php\/2026\/05\/01\/velorio-de-fundador-da-rede-ms-acontece-neste-sabado-em-campo-grande\/#primaryimage","url":"https:\/\/progresso.com.br\/wp-content\/uploads\/2026\/05\/ivan-paes-f1.jpg","contentUrl":"https:\/\/progresso.com.br\/wp-content\/uploads\/2026\/05\/ivan-paes-f1.jpg","width":1061,"height":675,"caption":"Empres\u00e1rio de comunica\u00e7\u00e3o morreu v\u00edtima de infarto; enterro ser\u00e1 em Campo Grande. (Foto: Arquivo\/Fernando Soares)"},{"@type":"BreadcrumbList","@id":"https:\/\/progresso.com.br\/index.php\/2026\/05\/01\/velorio-de-fundador-da-rede-ms-acontece-neste-sabado-em-campo-grande\/#breadcrumb","itemListElement":[{"@type":"ListItem","position":1,"name":"In\u00edcio","item":"https:\/\/progresso.com.br\/"},{"@type":"ListItem","position":2,"name":"Vel\u00f3rio de fundador da Rede MS acontece neste s\u00e1bado em Campo Grande"}]},{"@type":"WebSite","@id":"https:\/\/progresso.com.br\/#website","url":"https:\/\/progresso.com.br\/","name":"O PROGRESSO","description":"","publisher":{"@id":"https:\/\/progresso.com.br\/#organization"},"potentialAction":[{"@type":"SearchAction","target":{"@type":"EntryPoint","urlTemplate":"https:\/\/progresso.com.br\/?s={search_term_string}"},"query-input":{"@type":"PropertyValueSpecification","valueRequired":true,"valueName":"search_term_string"}}],"inLanguage":"pt-BR"},{"@type":"Organization","@id":"https:\/\/progresso.com.br\/#organization","name":"O PROGRESSO","url":"https:\/\/progresso.com.br\/","logo":{"@type":"ImageObject","inLanguage":"pt-BR","@id":"https:\/\/progresso.com.br\/#\/schema\/logo\/image\/","url":"https:\/\/progresso.com.br\/wp-content\/uploads\/2026\/03\/logo_proog.jpg","contentUrl":"https:\/\/progresso.com.br\/wp-content\/uploads\/2026\/03\/logo_proog.jpg","width":1960,"height":1080,"caption":"O PROGRESSO"},"image":{"@id":"https:\/\/progresso.com.br\/#\/schema\/logo\/image\/"},"sameAs":["https:\/\/www.facebook.com\/share\/1CeoksKBj6\/","https:\/\/www.instagram.com\/oprogresso_digital"]},{"@type":"Person","@id":"https:\/\/progresso.com.br\/#\/schema\/person\/b7390ac97c5e156cc2e02aa8e88f1bf2","name":"Alfredo","image":{"@type":"ImageObject","inLanguage":"pt-BR","@id":"https:\/\/progresso.com.br\/#\/schema\/person\/image\/","url":"https:\/\/secure.gravatar.com\/avatar\/ca208a3111522ad69d765c6f0ea1ce4742c74e10aba78ae7158042d704d65a9f?s=96&d=mm&r=g","contentUrl":"https:\/\/secure.gravatar.com\/avatar\/ca208a3111522ad69d765c6f0ea1ce4742c74e10aba78ae7158042d704d65a9f?s=96&d=mm&r=g","caption":"Alfredo"},"url":"https:\/\/progresso.com.br\/index.php\/author\/alfredo\/"}]}},"_links":{"self":[{"href":"https:\/\/progresso.com.br\/index.php\/wp-json\/wp\/v2\/posts\/5287","targetHints":{"allow":["GET"]}}],"collection":[{"href":"https:\/\/progresso.com.br\/index.php\/wp-json\/wp\/v2\/posts"}],"about":[{"href":"https:\/\/progresso.com.br\/index.php\/wp-json\/wp\/v2\/types\/post"}],"author":[{"embeddable":true,"href":"https:\/\/progresso.com.br\/index.php\/wp-json\/wp\/v2\/users\/3"}],"replies":[{"embeddable":true,"href":"https:\/\/progresso.com.br\/index.php\/wp-json\/wp\/v2\/comments?post=5287"}],"version-history":[{"count":1,"href":"https:\/\/progresso.com.br\/index.php\/wp-json\/wp\/v2\/posts\/5287\/revisions"}],"predecessor-version":[{"id":5289,"href":"https:\/\/progresso.com.br\/index.php\/wp-json\/wp\/v2\/posts\/5287\/revisions\/5289"}],"wp:featuredmedia":[{"embeddable":true,"href":"https:\/\/progresso.com.br\/index.php\/wp-json\/wp\/v2\/media\/5288"}],"wp:attachment":[{"href":"https:\/\/progresso.com.br\/index.php\/wp-json\/wp\/v2\/media?parent=5287"}],"wp:term":[{"taxonomy":"category","embeddable":true,"href":"https:\/\/progresso.com.br\/index.php\/wp-json\/wp\/v2\/categories?post=5287"},{"taxonomy":"post_tag","embeddable":true,"href":"https:\/\/progresso.com.br\/index.php\/wp-json\/wp\/v2\/tags?post=5287"}],"curies":[{"name":"wp","href":"https:\/\/api.w.org\/{rel}","templated":true}]}}