{"id":5290,"date":"2026-05-01T12:23:14","date_gmt":"2026-05-01T16:23:14","guid":{"rendered":"https:\/\/progresso.com.br\/?p=5290"},"modified":"2026-05-01T12:23:15","modified_gmt":"2026-05-01T16:23:15","slug":"marinhas-brasileira-e-francesa-fazem-exercicio-na-costa-do-rio","status":"publish","type":"post","link":"https:\/\/progresso.com.br\/index.php\/2026\/05\/01\/marinhas-brasileira-e-francesa-fazem-exercicio-na-costa-do-rio\/","title":{"rendered":"Marinhas brasileira e francesa fazem exerc\u00edcio na costa do Rio"},"content":{"rendered":"\n<p><em>Tatiana Alves, da R\u00e1dio Nacional<\/em><\/p>\n\n\n\n<p><strong>Cerca de 1,7 mil militares da Marinha do Brasil, da Marinha Nacional da Fran\u00e7a e da 9\u00aa Brigada do Ex\u00e9rcito Franc\u00eas participaram de um exerc\u00edcio na Ilha da Marambaia, na Costa Verde do Rio de Janeiro.&nbsp;<\/strong><img decoding=\"async\" src=\"https:\/\/agenciabrasil.ebc.com.br\/ebc.png?id=1688071&amp;o=node\"><img decoding=\"async\" src=\"https:\/\/agenciabrasil.ebc.com.br\/ebc.gif?id=1688071&amp;o=node\"><\/p>\n\n\n\n<p>A mobiliza\u00e7\u00e3o faz parte da Opera\u00e7\u00e3o Jeanne d&#8217;Arc 2026. <\/p>\n\n\n\n<p>A a\u00e7\u00e3o contou com o apoio de submarinos, ve\u00edculos anf\u00edbios, a\u00e9reos e terrestres, al\u00e9m do porta-helic\u00f3pteros franc\u00eas Dixmude, que trouxe os equipamentos e os militares envolvidos.<\/p>\n\n\n\n<p><strong>A presen\u00e7a da Fran\u00e7a reflete interesses diretos na regi\u00e3o, especialmente a Guiana Francesa, al\u00e9m de refor\u00e7ar a posi\u00e7\u00e3o do Brasil como principal ator naval do Atl\u00e2ntico Sul.<\/strong><\/p>\n\n\n\n<p>O comandante do 2\u00ba Batalh\u00e3o de Infantaria de Fuzileiros Navais da Marinha Brasileira, Luiz Felipe de Almeida Rodrigues, explica\u00a0que a miss\u00e3o \u00e9 uma\u00a0possibilidade de interc\u00e2mbio de boas pr\u00e1ticas, t\u00e9cnicas, t\u00e1ticas e procedimentos.<\/p>\n\n\n\n<blockquote class=\"wp-block-quote is-layout-flow wp-block-quote-is-layout-flow\">\n<p>&#8220;\u00c9&nbsp;um crescimento de todos n\u00f3s, utilizando, por exemplo, o carro lagarta anf\u00edbio, uma capacidade de um ve\u00edculo blindado que sai do navio para a terra, que o franc\u00eas n\u00e3o disp\u00f5e ainda hoje. Em contrapartida, utilizar os meios deles, com&nbsp;as embarca\u00e7\u00f5es desembarque e com seus carros blindados.&#8221;<\/p>\n<\/blockquote>\n\n\n\n<p>O comandante acrescenta&nbsp;que a miss\u00e3o conjunta com a Fran\u00e7a permite antecipar saberes estrat\u00e9gicos para as for\u00e7as brasileiras.<\/p>\n\n\n\n<p>&#8220;A&nbsp;oportunidade de operar,&nbsp;com o nosso navio, o porta-helic\u00f3pteros Dixmude cresce de import\u00e2ncia para que a gente j\u00e1 ganhe esse know-how para a utiliza\u00e7\u00e3o de navios anf\u00edbios.&#8221;&nbsp;<\/p>\n","protected":false},"excerpt":{"rendered":"<p>Tatiana Alves, da R\u00e1dio Nacional Cerca de 1,7 mil militares da Marinha do Brasil, da Marinha Nacional da Fran\u00e7a e da 9\u00aa Brigada do Ex\u00e9rcito Franc\u00eas participaram de um exerc\u00edcio na Ilha da Marambaia, na Costa Verde do Rio de Janeiro.&nbsp; A mobiliza\u00e7\u00e3o faz parte da Opera\u00e7\u00e3o Jeanne d&#8217;Arc 2026. A a\u00e7\u00e3o contou com o [&hellip;]<\/p>\n","protected":false},"author":3,"featured_media":5291,"comment_status":"open","ping_status":"open","sticky":false,"template":"","format":"standard","meta":{"footnotes":""},"categories":[7],"tags":[],"class_list":["post-5290","post","type-post","status-publish","format-standard","has-post-thumbnail","hentry","category-internacional"],"yoast_head":"<!-- This site is optimized with the Yoast SEO plugin v27.1.1 - https:\/\/yoast.com\/product\/yoast-seo-wordpress\/ -->\n<title>Marinhas brasileira e francesa fazem exerc\u00edcio na costa do Rio - O PROGRESSO<\/title>\n<meta name=\"robots\" content=\"index, follow, max-snippet:-1, max-image-preview:large, max-video-preview:-1\" \/>\n<link rel=\"canonical\" href=\"https:\/\/progresso.com.br\/index.php\/2026\/05\/01\/marinhas-brasileira-e-francesa-fazem-exercicio-na-costa-do-rio\/\" \/>\n<meta property=\"og:locale\" content=\"pt_BR\" \/>\n<meta property=\"og:type\" content=\"article\" \/>\n<meta property=\"og:title\" content=\"Marinhas brasileira e francesa fazem exerc\u00edcio na costa do Rio - O PROGRESSO\" \/>\n<meta property=\"og:description\" content=\"Tatiana Alves, da R\u00e1dio Nacional Cerca de 1,7 mil militares da Marinha do Brasil, da Marinha Nacional da Fran\u00e7a e da 9\u00aa Brigada do Ex\u00e9rcito Franc\u00eas participaram de um exerc\u00edcio na Ilha da Marambaia, na Costa Verde do Rio de Janeiro.&nbsp; A mobiliza\u00e7\u00e3o faz parte da Opera\u00e7\u00e3o Jeanne d&#8217;Arc 2026. A a\u00e7\u00e3o contou com o [&hellip;]\" \/>\n<meta property=\"og:url\" content=\"https:\/\/progresso.com.br\/index.php\/2026\/05\/01\/marinhas-brasileira-e-francesa-fazem-exercicio-na-costa-do-rio\/\" \/>\n<meta property=\"og:site_name\" content=\"O PROGRESSO\" \/>\n<meta property=\"article:publisher\" content=\"https:\/\/www.facebook.com\/share\/1CeoksKBj6\/\" \/>\n<meta property=\"article:published_time\" content=\"2026-05-01T16:23:14+00:00\" \/>\n<meta property=\"article:modified_time\" content=\"2026-05-01T16:23:15+00:00\" \/>\n<meta property=\"og:image\" content=\"https:\/\/progresso.com.br\/wp-content\/uploads\/2026\/05\/marinha3.webp\" \/>\n\t<meta property=\"og:image:width\" content=\"754\" \/>\n\t<meta property=\"og:image:height\" content=\"503\" \/>\n\t<meta property=\"og:image:type\" content=\"image\/webp\" \/>\n<meta name=\"author\" content=\"Alfredo\" \/>\n<meta name=\"twitter:card\" content=\"summary_large_image\" \/>\n<meta name=\"twitter:label1\" content=\"Escrito por\" \/>\n\t<meta name=\"twitter:data1\" content=\"Alfredo\" \/>\n\t<meta name=\"twitter:label2\" content=\"Est. tempo de leitura\" \/>\n\t<meta name=\"twitter:data2\" content=\"2 minutos\" \/>\n<script type=\"application\/ld+json\" class=\"yoast-schema-graph\">{\"@context\":\"https:\/\/schema.org\",\"@graph\":[{\"@type\":\"Article\",\"@id\":\"https:\/\/progresso.com.br\/index.php\/2026\/05\/01\/marinhas-brasileira-e-francesa-fazem-exercicio-na-costa-do-rio\/#article\",\"isPartOf\":{\"@id\":\"https:\/\/progresso.com.br\/index.php\/2026\/05\/01\/marinhas-brasileira-e-francesa-fazem-exercicio-na-costa-do-rio\/\"},\"author\":{\"name\":\"Alfredo\",\"@id\":\"https:\/\/progresso.com.br\/#\/schema\/person\/b7390ac97c5e156cc2e02aa8e88f1bf2\"},\"headline\":\"Marinhas brasileira e francesa fazem exerc\u00edcio na costa do Rio\",\"datePublished\":\"2026-05-01T16:23:14+00:00\",\"dateModified\":\"2026-05-01T16:23:15+00:00\",\"mainEntityOfPage\":{\"@id\":\"https:\/\/progresso.com.br\/index.php\/2026\/05\/01\/marinhas-brasileira-e-francesa-fazem-exercicio-na-costa-do-rio\/\"},\"wordCount\":286,\"commentCount\":0,\"publisher\":{\"@id\":\"https:\/\/progresso.com.br\/#organization\"},\"image\":{\"@id\":\"https:\/\/progresso.com.br\/index.php\/2026\/05\/01\/marinhas-brasileira-e-francesa-fazem-exercicio-na-costa-do-rio\/#primaryimage\"},\"thumbnailUrl\":\"https:\/\/progresso.com.br\/wp-content\/uploads\/2026\/05\/marinha3.webp\",\"articleSection\":[\"Internacional\"],\"inLanguage\":\"pt-BR\",\"potentialAction\":[{\"@type\":\"CommentAction\",\"name\":\"Comment\",\"target\":[\"https:\/\/progresso.com.br\/index.php\/2026\/05\/01\/marinhas-brasileira-e-francesa-fazem-exercicio-na-costa-do-rio\/#respond\"]}]},{\"@type\":\"WebPage\",\"@id\":\"https:\/\/progresso.com.br\/index.php\/2026\/05\/01\/marinhas-brasileira-e-francesa-fazem-exercicio-na-costa-do-rio\/\",\"url\":\"https:\/\/progresso.com.br\/index.php\/2026\/05\/01\/marinhas-brasileira-e-francesa-fazem-exercicio-na-costa-do-rio\/\",\"name\":\"Marinhas brasileira e francesa fazem exerc\u00edcio na costa do Rio - O PROGRESSO\",\"isPartOf\":{\"@id\":\"https:\/\/progresso.com.br\/#website\"},\"primaryImageOfPage\":{\"@id\":\"https:\/\/progresso.com.br\/index.php\/2026\/05\/01\/marinhas-brasileira-e-francesa-fazem-exercicio-na-costa-do-rio\/#primaryimage\"},\"image\":{\"@id\":\"https:\/\/progresso.com.br\/index.php\/2026\/05\/01\/marinhas-brasileira-e-francesa-fazem-exercicio-na-costa-do-rio\/#primaryimage\"},\"thumbnailUrl\":\"https:\/\/progresso.com.br\/wp-content\/uploads\/2026\/05\/marinha3.webp\",\"datePublished\":\"2026-05-01T16:23:14+00:00\",\"dateModified\":\"2026-05-01T16:23:15+00:00\",\"breadcrumb\":{\"@id\":\"https:\/\/progresso.com.br\/index.php\/2026\/05\/01\/marinhas-brasileira-e-francesa-fazem-exercicio-na-costa-do-rio\/#breadcrumb\"},\"inLanguage\":\"pt-BR\",\"potentialAction\":[{\"@type\":\"ReadAction\",\"target\":[\"https:\/\/progresso.com.br\/index.php\/2026\/05\/01\/marinhas-brasileira-e-francesa-fazem-exercicio-na-costa-do-rio\/\"]}]},{\"@type\":\"ImageObject\",\"inLanguage\":\"pt-BR\",\"@id\":\"https:\/\/progresso.com.br\/index.php\/2026\/05\/01\/marinhas-brasileira-e-francesa-fazem-exercicio-na-costa-do-rio\/#primaryimage\",\"url\":\"https:\/\/progresso.com.br\/wp-content\/uploads\/2026\/05\/marinha3.webp\",\"contentUrl\":\"https:\/\/progresso.com.br\/wp-content\/uploads\/2026\/05\/marinha3.webp\",\"width\":754,\"height\":503,\"caption\":\"Cerca de 1,7 mil militares participaram da Opera\u00e7\u00e3o Jeanne d'Arc 2026. (Foto: Tomaz Silva\/Ag. Brasil)\"},{\"@type\":\"BreadcrumbList\",\"@id\":\"https:\/\/progresso.com.br\/index.php\/2026\/05\/01\/marinhas-brasileira-e-francesa-fazem-exercicio-na-costa-do-rio\/#breadcrumb\",\"itemListElement\":[{\"@type\":\"ListItem\",\"position\":1,\"name\":\"In\u00edcio\",\"item\":\"https:\/\/progresso.com.br\/\"},{\"@type\":\"ListItem\",\"position\":2,\"name\":\"Marinhas brasileira e francesa fazem exerc\u00edcio na costa do Rio\"}]},{\"@type\":\"WebSite\",\"@id\":\"https:\/\/progresso.com.br\/#website\",\"url\":\"https:\/\/progresso.com.br\/\",\"name\":\"O PROGRESSO\",\"description\":\"\",\"publisher\":{\"@id\":\"https:\/\/progresso.com.br\/#organization\"},\"potentialAction\":[{\"@type\":\"SearchAction\",\"target\":{\"@type\":\"EntryPoint\",\"urlTemplate\":\"https:\/\/progresso.com.br\/?s={search_term_string}\"},\"query-input\":{\"@type\":\"PropertyValueSpecification\",\"valueRequired\":true,\"valueName\":\"search_term_string\"}}],\"inLanguage\":\"pt-BR\"},{\"@type\":\"Organization\",\"@id\":\"https:\/\/progresso.com.br\/#organization\",\"name\":\"O PROGRESSO\",\"url\":\"https:\/\/progresso.com.br\/\",\"logo\":{\"@type\":\"ImageObject\",\"inLanguage\":\"pt-BR\",\"@id\":\"https:\/\/progresso.com.br\/#\/schema\/logo\/image\/\",\"url\":\"https:\/\/progresso.com.br\/wp-content\/uploads\/2026\/03\/logo_proog.jpg\",\"contentUrl\":\"https:\/\/progresso.com.br\/wp-content\/uploads\/2026\/03\/logo_proog.jpg\",\"width\":1960,\"height\":1080,\"caption\":\"O PROGRESSO\"},\"image\":{\"@id\":\"https:\/\/progresso.com.br\/#\/schema\/logo\/image\/\"},\"sameAs\":[\"https:\/\/www.facebook.com\/share\/1CeoksKBj6\/\",\"https:\/\/www.instagram.com\/oprogresso_digital\"]},{\"@type\":\"Person\",\"@id\":\"https:\/\/progresso.com.br\/#\/schema\/person\/b7390ac97c5e156cc2e02aa8e88f1bf2\",\"name\":\"Alfredo\",\"image\":{\"@type\":\"ImageObject\",\"inLanguage\":\"pt-BR\",\"@id\":\"https:\/\/progresso.com.br\/#\/schema\/person\/image\/\",\"url\":\"https:\/\/secure.gravatar.com\/avatar\/ca208a3111522ad69d765c6f0ea1ce4742c74e10aba78ae7158042d704d65a9f?s=96&d=mm&r=g\",\"contentUrl\":\"https:\/\/secure.gravatar.com\/avatar\/ca208a3111522ad69d765c6f0ea1ce4742c74e10aba78ae7158042d704d65a9f?s=96&d=mm&r=g\",\"caption\":\"Alfredo\"},\"url\":\"https:\/\/progresso.com.br\/index.php\/author\/alfredo\/\"}]}<\/script>\n<!-- \/ Yoast SEO plugin. -->","yoast_head_json":{"title":"Marinhas brasileira e francesa fazem exerc\u00edcio na costa do Rio - O PROGRESSO","robots":{"index":"index","follow":"follow","max-snippet":"max-snippet:-1","max-image-preview":"max-image-preview:large","max-video-preview":"max-video-preview:-1"},"canonical":"https:\/\/progresso.com.br\/index.php\/2026\/05\/01\/marinhas-brasileira-e-francesa-fazem-exercicio-na-costa-do-rio\/","og_locale":"pt_BR","og_type":"article","og_title":"Marinhas brasileira e francesa fazem exerc\u00edcio na costa do Rio - O PROGRESSO","og_description":"Tatiana Alves, da R\u00e1dio Nacional Cerca de 1,7 mil militares da Marinha do Brasil, da Marinha Nacional da Fran\u00e7a e da 9\u00aa Brigada do Ex\u00e9rcito Franc\u00eas participaram de um exerc\u00edcio na Ilha da Marambaia, na Costa Verde do Rio de Janeiro.&nbsp; A mobiliza\u00e7\u00e3o faz parte da Opera\u00e7\u00e3o Jeanne d&#8217;Arc 2026. A a\u00e7\u00e3o contou com o [&hellip;]","og_url":"https:\/\/progresso.com.br\/index.php\/2026\/05\/01\/marinhas-brasileira-e-francesa-fazem-exercicio-na-costa-do-rio\/","og_site_name":"O PROGRESSO","article_publisher":"https:\/\/www.facebook.com\/share\/1CeoksKBj6\/","article_published_time":"2026-05-01T16:23:14+00:00","article_modified_time":"2026-05-01T16:23:15+00:00","og_image":[{"width":754,"height":503,"url":"https:\/\/progresso.com.br\/wp-content\/uploads\/2026\/05\/marinha3.webp","type":"image\/webp"}],"author":"Alfredo","twitter_card":"summary_large_image","twitter_misc":{"Escrito por":"Alfredo","Est. tempo de leitura":"2 minutos"},"schema":{"@context":"https:\/\/schema.org","@graph":[{"@type":"Article","@id":"https:\/\/progresso.com.br\/index.php\/2026\/05\/01\/marinhas-brasileira-e-francesa-fazem-exercicio-na-costa-do-rio\/#article","isPartOf":{"@id":"https:\/\/progresso.com.br\/index.php\/2026\/05\/01\/marinhas-brasileira-e-francesa-fazem-exercicio-na-costa-do-rio\/"},"author":{"name":"Alfredo","@id":"https:\/\/progresso.com.br\/#\/schema\/person\/b7390ac97c5e156cc2e02aa8e88f1bf2"},"headline":"Marinhas brasileira e francesa fazem exerc\u00edcio na costa do Rio","datePublished":"2026-05-01T16:23:14+00:00","dateModified":"2026-05-01T16:23:15+00:00","mainEntityOfPage":{"@id":"https:\/\/progresso.com.br\/index.php\/2026\/05\/01\/marinhas-brasileira-e-francesa-fazem-exercicio-na-costa-do-rio\/"},"wordCount":286,"commentCount":0,"publisher":{"@id":"https:\/\/progresso.com.br\/#organization"},"image":{"@id":"https:\/\/progresso.com.br\/index.php\/2026\/05\/01\/marinhas-brasileira-e-francesa-fazem-exercicio-na-costa-do-rio\/#primaryimage"},"thumbnailUrl":"https:\/\/progresso.com.br\/wp-content\/uploads\/2026\/05\/marinha3.webp","articleSection":["Internacional"],"inLanguage":"pt-BR","potentialAction":[{"@type":"CommentAction","name":"Comment","target":["https:\/\/progresso.com.br\/index.php\/2026\/05\/01\/marinhas-brasileira-e-francesa-fazem-exercicio-na-costa-do-rio\/#respond"]}]},{"@type":"WebPage","@id":"https:\/\/progresso.com.br\/index.php\/2026\/05\/01\/marinhas-brasileira-e-francesa-fazem-exercicio-na-costa-do-rio\/","url":"https:\/\/progresso.com.br\/index.php\/2026\/05\/01\/marinhas-brasileira-e-francesa-fazem-exercicio-na-costa-do-rio\/","name":"Marinhas brasileira e francesa fazem exerc\u00edcio na costa do Rio - O PROGRESSO","isPartOf":{"@id":"https:\/\/progresso.com.br\/#website"},"primaryImageOfPage":{"@id":"https:\/\/progresso.com.br\/index.php\/2026\/05\/01\/marinhas-brasileira-e-francesa-fazem-exercicio-na-costa-do-rio\/#primaryimage"},"image":{"@id":"https:\/\/progresso.com.br\/index.php\/2026\/05\/01\/marinhas-brasileira-e-francesa-fazem-exercicio-na-costa-do-rio\/#primaryimage"},"thumbnailUrl":"https:\/\/progresso.com.br\/wp-content\/uploads\/2026\/05\/marinha3.webp","datePublished":"2026-05-01T16:23:14+00:00","dateModified":"2026-05-01T16:23:15+00:00","breadcrumb":{"@id":"https:\/\/progresso.com.br\/index.php\/2026\/05\/01\/marinhas-brasileira-e-francesa-fazem-exercicio-na-costa-do-rio\/#breadcrumb"},"inLanguage":"pt-BR","potentialAction":[{"@type":"ReadAction","target":["https:\/\/progresso.com.br\/index.php\/2026\/05\/01\/marinhas-brasileira-e-francesa-fazem-exercicio-na-costa-do-rio\/"]}]},{"@type":"ImageObject","inLanguage":"pt-BR","@id":"https:\/\/progresso.com.br\/index.php\/2026\/05\/01\/marinhas-brasileira-e-francesa-fazem-exercicio-na-costa-do-rio\/#primaryimage","url":"https:\/\/progresso.com.br\/wp-content\/uploads\/2026\/05\/marinha3.webp","contentUrl":"https:\/\/progresso.com.br\/wp-content\/uploads\/2026\/05\/marinha3.webp","width":754,"height":503,"caption":"Cerca de 1,7 mil militares participaram da Opera\u00e7\u00e3o Jeanne d'Arc 2026. (Foto: Tomaz Silva\/Ag. Brasil)"},{"@type":"BreadcrumbList","@id":"https:\/\/progresso.com.br\/index.php\/2026\/05\/01\/marinhas-brasileira-e-francesa-fazem-exercicio-na-costa-do-rio\/#breadcrumb","itemListElement":[{"@type":"ListItem","position":1,"name":"In\u00edcio","item":"https:\/\/progresso.com.br\/"},{"@type":"ListItem","position":2,"name":"Marinhas brasileira e francesa fazem exerc\u00edcio na costa do Rio"}]},{"@type":"WebSite","@id":"https:\/\/progresso.com.br\/#website","url":"https:\/\/progresso.com.br\/","name":"O PROGRESSO","description":"","publisher":{"@id":"https:\/\/progresso.com.br\/#organization"},"potentialAction":[{"@type":"SearchAction","target":{"@type":"EntryPoint","urlTemplate":"https:\/\/progresso.com.br\/?s={search_term_string}"},"query-input":{"@type":"PropertyValueSpecification","valueRequired":true,"valueName":"search_term_string"}}],"inLanguage":"pt-BR"},{"@type":"Organization","@id":"https:\/\/progresso.com.br\/#organization","name":"O PROGRESSO","url":"https:\/\/progresso.com.br\/","logo":{"@type":"ImageObject","inLanguage":"pt-BR","@id":"https:\/\/progresso.com.br\/#\/schema\/logo\/image\/","url":"https:\/\/progresso.com.br\/wp-content\/uploads\/2026\/03\/logo_proog.jpg","contentUrl":"https:\/\/progresso.com.br\/wp-content\/uploads\/2026\/03\/logo_proog.jpg","width":1960,"height":1080,"caption":"O PROGRESSO"},"image":{"@id":"https:\/\/progresso.com.br\/#\/schema\/logo\/image\/"},"sameAs":["https:\/\/www.facebook.com\/share\/1CeoksKBj6\/","https:\/\/www.instagram.com\/oprogresso_digital"]},{"@type":"Person","@id":"https:\/\/progresso.com.br\/#\/schema\/person\/b7390ac97c5e156cc2e02aa8e88f1bf2","name":"Alfredo","image":{"@type":"ImageObject","inLanguage":"pt-BR","@id":"https:\/\/progresso.com.br\/#\/schema\/person\/image\/","url":"https:\/\/secure.gravatar.com\/avatar\/ca208a3111522ad69d765c6f0ea1ce4742c74e10aba78ae7158042d704d65a9f?s=96&d=mm&r=g","contentUrl":"https:\/\/secure.gravatar.com\/avatar\/ca208a3111522ad69d765c6f0ea1ce4742c74e10aba78ae7158042d704d65a9f?s=96&d=mm&r=g","caption":"Alfredo"},"url":"https:\/\/progresso.com.br\/index.php\/author\/alfredo\/"}]}},"_links":{"self":[{"href":"https:\/\/progresso.com.br\/index.php\/wp-json\/wp\/v2\/posts\/5290","targetHints":{"allow":["GET"]}}],"collection":[{"href":"https:\/\/progresso.com.br\/index.php\/wp-json\/wp\/v2\/posts"}],"about":[{"href":"https:\/\/progresso.com.br\/index.php\/wp-json\/wp\/v2\/types\/post"}],"author":[{"embeddable":true,"href":"https:\/\/progresso.com.br\/index.php\/wp-json\/wp\/v2\/users\/3"}],"replies":[{"embeddable":true,"href":"https:\/\/progresso.com.br\/index.php\/wp-json\/wp\/v2\/comments?post=5290"}],"version-history":[{"count":1,"href":"https:\/\/progresso.com.br\/index.php\/wp-json\/wp\/v2\/posts\/5290\/revisions"}],"predecessor-version":[{"id":5292,"href":"https:\/\/progresso.com.br\/index.php\/wp-json\/wp\/v2\/posts\/5290\/revisions\/5292"}],"wp:featuredmedia":[{"embeddable":true,"href":"https:\/\/progresso.com.br\/index.php\/wp-json\/wp\/v2\/media\/5291"}],"wp:attachment":[{"href":"https:\/\/progresso.com.br\/index.php\/wp-json\/wp\/v2\/media?parent=5290"}],"wp:term":[{"taxonomy":"category","embeddable":true,"href":"https:\/\/progresso.com.br\/index.php\/wp-json\/wp\/v2\/categories?post=5290"},{"taxonomy":"post_tag","embeddable":true,"href":"https:\/\/progresso.com.br\/index.php\/wp-json\/wp\/v2\/tags?post=5290"}],"curies":[{"name":"wp","href":"https:\/\/api.w.org\/{rel}","templated":true}]}}