{"id":5293,"date":"2026-05-01T12:37:13","date_gmt":"2026-05-01T16:37:13","guid":{"rendered":"https:\/\/progresso.com.br\/?p=5293"},"modified":"2026-05-01T12:37:14","modified_gmt":"2026-05-01T16:37:14","slug":"morte-de-ayrton-senna-completa-32-anos","status":"publish","type":"post","link":"https:\/\/progresso.com.br\/index.php\/2026\/05\/01\/morte-de-ayrton-senna-completa-32-anos\/","title":{"rendered":"Morte de Ayrton Senna completa 32 anos"},"content":{"rendered":"\n<p>Este 1\u00ba de maio marca 32 anos da morte do piloto brasileiro Ayrton Senna. Foi em 1994 e o piloto tinha 34 anos. Ele morreu ap\u00f3s um acidente no Grande Pr\u00eamio de San Marino, em \u00cdmola, It\u00e1lia. O tricampe\u00e3o de F\u00f3rmula 1 perdeu o controle de sua Williams na curva Tamburello, colidindo contra o muro a mais de 200 km\/h, causando fraturas m\u00faltiplas na base do cr\u00e2nio.<\/p>\n\n\n\n<p>Seu nome \u00e9 referenciado pelo mundo inteiro e, no Brasil, se tornou uma grande refer\u00eancia esportiva.<\/p>\n\n\n\n<p><strong>O Impacto<\/strong><\/p>\n\n\n\n<p>Durante a 7\u00aa volta, uma pe\u00e7a da suspens\u00e3o (barra de dire\u00e7\u00e3o) soltou-se e atingiu o capacete de Senna, provocando les\u00f5es fatais, al\u00e9m do trauma do impacto.<\/p>\n\n\n\n<p><strong>Socorro<\/strong><\/p>\n\n\n\n<p>Senna foi atendido na pista e levado de helic\u00f3ptero ao Hospital Maggiore em Bolonha, onde foi declarada a morte cerebral.<\/p>\n\n\n\n<p><strong>Trag\u00e9dia em \u00cdmola<\/strong><\/p>\n\n\n\n<p>O fim de semana de 1994 foi tr\u00e1gico, incluindo o acidente fatal de Roland Ratzenberger no s\u00e1bado.<\/p>\n\n\n\n<p><strong>Impacto no Brasil<\/strong><\/p>\n\n\n\n<p>A morte parou o Brasil, resultando em luto oficial e uma como\u00e7\u00e3o nacional que reuniu mais de um milh\u00e3o de pessoas em seu funeral em S\u00e3o Paulo.<\/p>\n\n\n\n<p><strong>Legado de Seguran\u00e7a<\/strong><\/p>\n\n\n\n<p>O acidente de Senna mudou para sempre a F\u00f3rmula 1, acelerando reformas na seguran\u00e7a dos circuitos (incluindo a modifica\u00e7\u00e3o da curva Tamburello) e na estrutura dos carros.<\/p>\n","protected":false},"excerpt":{"rendered":"<p>Este 1\u00ba de maio marca 32 anos da morte do piloto brasileiro Ayrton Senna. Foi em 1994 e o piloto tinha 34 anos. Ele morreu ap\u00f3s um acidente no Grande Pr\u00eamio de San Marino, em \u00cdmola, It\u00e1lia. O tricampe\u00e3o de F\u00f3rmula 1 perdeu o controle de sua Williams na curva Tamburello, colidindo contra o muro [&hellip;]<\/p>\n","protected":false},"author":3,"featured_media":5294,"comment_status":"open","ping_status":"open","sticky":false,"template":"","format":"standard","meta":{"footnotes":""},"categories":[17],"tags":[],"class_list":["post-5293","post","type-post","status-publish","format-standard","has-post-thumbnail","hentry","category-esporte"],"yoast_head":"<!-- This site is optimized with the Yoast SEO plugin v27.1.1 - https:\/\/yoast.com\/product\/yoast-seo-wordpress\/ -->\n<title>Morte de Ayrton Senna completa 32 anos - O PROGRESSO<\/title>\n<meta name=\"robots\" content=\"index, follow, max-snippet:-1, max-image-preview:large, max-video-preview:-1\" \/>\n<link rel=\"canonical\" href=\"https:\/\/progresso.com.br\/index.php\/2026\/05\/01\/morte-de-ayrton-senna-completa-32-anos\/\" \/>\n<meta property=\"og:locale\" content=\"pt_BR\" \/>\n<meta property=\"og:type\" content=\"article\" \/>\n<meta property=\"og:title\" content=\"Morte de Ayrton Senna completa 32 anos - O PROGRESSO\" \/>\n<meta property=\"og:description\" content=\"Este 1\u00ba de maio marca 32 anos da morte do piloto brasileiro Ayrton Senna. Foi em 1994 e o piloto tinha 34 anos. Ele morreu ap\u00f3s um acidente no Grande Pr\u00eamio de San Marino, em \u00cdmola, It\u00e1lia. O tricampe\u00e3o de F\u00f3rmula 1 perdeu o controle de sua Williams na curva Tamburello, colidindo contra o muro [&hellip;]\" \/>\n<meta property=\"og:url\" content=\"https:\/\/progresso.com.br\/index.php\/2026\/05\/01\/morte-de-ayrton-senna-completa-32-anos\/\" \/>\n<meta property=\"og:site_name\" content=\"O PROGRESSO\" \/>\n<meta property=\"article:publisher\" content=\"https:\/\/www.facebook.com\/share\/1CeoksKBj6\/\" \/>\n<meta property=\"article:published_time\" content=\"2026-05-01T16:37:13+00:00\" \/>\n<meta property=\"article:modified_time\" content=\"2026-05-01T16:37:14+00:00\" \/>\n<meta property=\"og:image\" content=\"https:\/\/progresso.com.br\/wp-content\/uploads\/2026\/05\/senna.webp\" \/>\n\t<meta property=\"og:image:width\" content=\"840\" \/>\n\t<meta property=\"og:image:height\" content=\"560\" \/>\n\t<meta property=\"og:image:type\" content=\"image\/webp\" \/>\n<meta name=\"author\" content=\"Alfredo\" \/>\n<meta name=\"twitter:card\" content=\"summary_large_image\" \/>\n<meta name=\"twitter:label1\" content=\"Escrito por\" \/>\n\t<meta name=\"twitter:data1\" content=\"Alfredo\" \/>\n\t<meta name=\"twitter:label2\" content=\"Est. tempo de leitura\" \/>\n\t<meta name=\"twitter:data2\" content=\"2 minutos\" \/>\n<script type=\"application\/ld+json\" class=\"yoast-schema-graph\">{\"@context\":\"https:\/\/schema.org\",\"@graph\":[{\"@type\":\"Article\",\"@id\":\"https:\/\/progresso.com.br\/index.php\/2026\/05\/01\/morte-de-ayrton-senna-completa-32-anos\/#article\",\"isPartOf\":{\"@id\":\"https:\/\/progresso.com.br\/index.php\/2026\/05\/01\/morte-de-ayrton-senna-completa-32-anos\/\"},\"author\":{\"name\":\"Alfredo\",\"@id\":\"https:\/\/progresso.com.br\/#\/schema\/person\/b7390ac97c5e156cc2e02aa8e88f1bf2\"},\"headline\":\"Morte de Ayrton Senna completa 32 anos\",\"datePublished\":\"2026-05-01T16:37:13+00:00\",\"dateModified\":\"2026-05-01T16:37:14+00:00\",\"mainEntityOfPage\":{\"@id\":\"https:\/\/progresso.com.br\/index.php\/2026\/05\/01\/morte-de-ayrton-senna-completa-32-anos\/\"},\"wordCount\":233,\"commentCount\":0,\"publisher\":{\"@id\":\"https:\/\/progresso.com.br\/#organization\"},\"image\":{\"@id\":\"https:\/\/progresso.com.br\/index.php\/2026\/05\/01\/morte-de-ayrton-senna-completa-32-anos\/#primaryimage\"},\"thumbnailUrl\":\"https:\/\/progresso.com.br\/wp-content\/uploads\/2026\/05\/senna.webp\",\"articleSection\":[\"Esporte\"],\"inLanguage\":\"pt-BR\",\"potentialAction\":[{\"@type\":\"CommentAction\",\"name\":\"Comment\",\"target\":[\"https:\/\/progresso.com.br\/index.php\/2026\/05\/01\/morte-de-ayrton-senna-completa-32-anos\/#respond\"]}]},{\"@type\":\"WebPage\",\"@id\":\"https:\/\/progresso.com.br\/index.php\/2026\/05\/01\/morte-de-ayrton-senna-completa-32-anos\/\",\"url\":\"https:\/\/progresso.com.br\/index.php\/2026\/05\/01\/morte-de-ayrton-senna-completa-32-anos\/\",\"name\":\"Morte de Ayrton Senna completa 32 anos - O PROGRESSO\",\"isPartOf\":{\"@id\":\"https:\/\/progresso.com.br\/#website\"},\"primaryImageOfPage\":{\"@id\":\"https:\/\/progresso.com.br\/index.php\/2026\/05\/01\/morte-de-ayrton-senna-completa-32-anos\/#primaryimage\"},\"image\":{\"@id\":\"https:\/\/progresso.com.br\/index.php\/2026\/05\/01\/morte-de-ayrton-senna-completa-32-anos\/#primaryimage\"},\"thumbnailUrl\":\"https:\/\/progresso.com.br\/wp-content\/uploads\/2026\/05\/senna.webp\",\"datePublished\":\"2026-05-01T16:37:13+00:00\",\"dateModified\":\"2026-05-01T16:37:14+00:00\",\"breadcrumb\":{\"@id\":\"https:\/\/progresso.com.br\/index.php\/2026\/05\/01\/morte-de-ayrton-senna-completa-32-anos\/#breadcrumb\"},\"inLanguage\":\"pt-BR\",\"potentialAction\":[{\"@type\":\"ReadAction\",\"target\":[\"https:\/\/progresso.com.br\/index.php\/2026\/05\/01\/morte-de-ayrton-senna-completa-32-anos\/\"]}]},{\"@type\":\"ImageObject\",\"inLanguage\":\"pt-BR\",\"@id\":\"https:\/\/progresso.com.br\/index.php\/2026\/05\/01\/morte-de-ayrton-senna-completa-32-anos\/#primaryimage\",\"url\":\"https:\/\/progresso.com.br\/wp-content\/uploads\/2026\/05\/senna.webp\",\"contentUrl\":\"https:\/\/progresso.com.br\/wp-content\/uploads\/2026\/05\/senna.webp\",\"width\":840,\"height\":560,\"caption\":\"Laudos apontaram que a coluna de dire\u00e7\u00e3o, modificada (soldada) a pedido de Senna, falhou na curva Tamburello, fazendo-o perder o controle a mais de 300 km\/h. (Foto: Reprodu\u00e7\u00e3o)\"},{\"@type\":\"BreadcrumbList\",\"@id\":\"https:\/\/progresso.com.br\/index.php\/2026\/05\/01\/morte-de-ayrton-senna-completa-32-anos\/#breadcrumb\",\"itemListElement\":[{\"@type\":\"ListItem\",\"position\":1,\"name\":\"In\u00edcio\",\"item\":\"https:\/\/progresso.com.br\/\"},{\"@type\":\"ListItem\",\"position\":2,\"name\":\"Morte de Ayrton Senna completa 32 anos\"}]},{\"@type\":\"WebSite\",\"@id\":\"https:\/\/progresso.com.br\/#website\",\"url\":\"https:\/\/progresso.com.br\/\",\"name\":\"O PROGRESSO\",\"description\":\"\",\"publisher\":{\"@id\":\"https:\/\/progresso.com.br\/#organization\"},\"potentialAction\":[{\"@type\":\"SearchAction\",\"target\":{\"@type\":\"EntryPoint\",\"urlTemplate\":\"https:\/\/progresso.com.br\/?s={search_term_string}\"},\"query-input\":{\"@type\":\"PropertyValueSpecification\",\"valueRequired\":true,\"valueName\":\"search_term_string\"}}],\"inLanguage\":\"pt-BR\"},{\"@type\":\"Organization\",\"@id\":\"https:\/\/progresso.com.br\/#organization\",\"name\":\"O PROGRESSO\",\"url\":\"https:\/\/progresso.com.br\/\",\"logo\":{\"@type\":\"ImageObject\",\"inLanguage\":\"pt-BR\",\"@id\":\"https:\/\/progresso.com.br\/#\/schema\/logo\/image\/\",\"url\":\"https:\/\/progresso.com.br\/wp-content\/uploads\/2026\/03\/logo_proog.jpg\",\"contentUrl\":\"https:\/\/progresso.com.br\/wp-content\/uploads\/2026\/03\/logo_proog.jpg\",\"width\":1960,\"height\":1080,\"caption\":\"O PROGRESSO\"},\"image\":{\"@id\":\"https:\/\/progresso.com.br\/#\/schema\/logo\/image\/\"},\"sameAs\":[\"https:\/\/www.facebook.com\/share\/1CeoksKBj6\/\",\"https:\/\/www.instagram.com\/oprogresso_digital\"]},{\"@type\":\"Person\",\"@id\":\"https:\/\/progresso.com.br\/#\/schema\/person\/b7390ac97c5e156cc2e02aa8e88f1bf2\",\"name\":\"Alfredo\",\"image\":{\"@type\":\"ImageObject\",\"inLanguage\":\"pt-BR\",\"@id\":\"https:\/\/progresso.com.br\/#\/schema\/person\/image\/\",\"url\":\"https:\/\/secure.gravatar.com\/avatar\/ca208a3111522ad69d765c6f0ea1ce4742c74e10aba78ae7158042d704d65a9f?s=96&d=mm&r=g\",\"contentUrl\":\"https:\/\/secure.gravatar.com\/avatar\/ca208a3111522ad69d765c6f0ea1ce4742c74e10aba78ae7158042d704d65a9f?s=96&d=mm&r=g\",\"caption\":\"Alfredo\"},\"url\":\"https:\/\/progresso.com.br\/index.php\/author\/alfredo\/\"}]}<\/script>\n<!-- \/ Yoast SEO plugin. -->","yoast_head_json":{"title":"Morte de Ayrton Senna completa 32 anos - O PROGRESSO","robots":{"index":"index","follow":"follow","max-snippet":"max-snippet:-1","max-image-preview":"max-image-preview:large","max-video-preview":"max-video-preview:-1"},"canonical":"https:\/\/progresso.com.br\/index.php\/2026\/05\/01\/morte-de-ayrton-senna-completa-32-anos\/","og_locale":"pt_BR","og_type":"article","og_title":"Morte de Ayrton Senna completa 32 anos - O PROGRESSO","og_description":"Este 1\u00ba de maio marca 32 anos da morte do piloto brasileiro Ayrton Senna. Foi em 1994 e o piloto tinha 34 anos. Ele morreu ap\u00f3s um acidente no Grande Pr\u00eamio de San Marino, em \u00cdmola, It\u00e1lia. O tricampe\u00e3o de F\u00f3rmula 1 perdeu o controle de sua Williams na curva Tamburello, colidindo contra o muro [&hellip;]","og_url":"https:\/\/progresso.com.br\/index.php\/2026\/05\/01\/morte-de-ayrton-senna-completa-32-anos\/","og_site_name":"O PROGRESSO","article_publisher":"https:\/\/www.facebook.com\/share\/1CeoksKBj6\/","article_published_time":"2026-05-01T16:37:13+00:00","article_modified_time":"2026-05-01T16:37:14+00:00","og_image":[{"width":840,"height":560,"url":"https:\/\/progresso.com.br\/wp-content\/uploads\/2026\/05\/senna.webp","type":"image\/webp"}],"author":"Alfredo","twitter_card":"summary_large_image","twitter_misc":{"Escrito por":"Alfredo","Est. tempo de leitura":"2 minutos"},"schema":{"@context":"https:\/\/schema.org","@graph":[{"@type":"Article","@id":"https:\/\/progresso.com.br\/index.php\/2026\/05\/01\/morte-de-ayrton-senna-completa-32-anos\/#article","isPartOf":{"@id":"https:\/\/progresso.com.br\/index.php\/2026\/05\/01\/morte-de-ayrton-senna-completa-32-anos\/"},"author":{"name":"Alfredo","@id":"https:\/\/progresso.com.br\/#\/schema\/person\/b7390ac97c5e156cc2e02aa8e88f1bf2"},"headline":"Morte de Ayrton Senna completa 32 anos","datePublished":"2026-05-01T16:37:13+00:00","dateModified":"2026-05-01T16:37:14+00:00","mainEntityOfPage":{"@id":"https:\/\/progresso.com.br\/index.php\/2026\/05\/01\/morte-de-ayrton-senna-completa-32-anos\/"},"wordCount":233,"commentCount":0,"publisher":{"@id":"https:\/\/progresso.com.br\/#organization"},"image":{"@id":"https:\/\/progresso.com.br\/index.php\/2026\/05\/01\/morte-de-ayrton-senna-completa-32-anos\/#primaryimage"},"thumbnailUrl":"https:\/\/progresso.com.br\/wp-content\/uploads\/2026\/05\/senna.webp","articleSection":["Esporte"],"inLanguage":"pt-BR","potentialAction":[{"@type":"CommentAction","name":"Comment","target":["https:\/\/progresso.com.br\/index.php\/2026\/05\/01\/morte-de-ayrton-senna-completa-32-anos\/#respond"]}]},{"@type":"WebPage","@id":"https:\/\/progresso.com.br\/index.php\/2026\/05\/01\/morte-de-ayrton-senna-completa-32-anos\/","url":"https:\/\/progresso.com.br\/index.php\/2026\/05\/01\/morte-de-ayrton-senna-completa-32-anos\/","name":"Morte de Ayrton Senna completa 32 anos - O PROGRESSO","isPartOf":{"@id":"https:\/\/progresso.com.br\/#website"},"primaryImageOfPage":{"@id":"https:\/\/progresso.com.br\/index.php\/2026\/05\/01\/morte-de-ayrton-senna-completa-32-anos\/#primaryimage"},"image":{"@id":"https:\/\/progresso.com.br\/index.php\/2026\/05\/01\/morte-de-ayrton-senna-completa-32-anos\/#primaryimage"},"thumbnailUrl":"https:\/\/progresso.com.br\/wp-content\/uploads\/2026\/05\/senna.webp","datePublished":"2026-05-01T16:37:13+00:00","dateModified":"2026-05-01T16:37:14+00:00","breadcrumb":{"@id":"https:\/\/progresso.com.br\/index.php\/2026\/05\/01\/morte-de-ayrton-senna-completa-32-anos\/#breadcrumb"},"inLanguage":"pt-BR","potentialAction":[{"@type":"ReadAction","target":["https:\/\/progresso.com.br\/index.php\/2026\/05\/01\/morte-de-ayrton-senna-completa-32-anos\/"]}]},{"@type":"ImageObject","inLanguage":"pt-BR","@id":"https:\/\/progresso.com.br\/index.php\/2026\/05\/01\/morte-de-ayrton-senna-completa-32-anos\/#primaryimage","url":"https:\/\/progresso.com.br\/wp-content\/uploads\/2026\/05\/senna.webp","contentUrl":"https:\/\/progresso.com.br\/wp-content\/uploads\/2026\/05\/senna.webp","width":840,"height":560,"caption":"Laudos apontaram que a coluna de dire\u00e7\u00e3o, modificada (soldada) a pedido de Senna, falhou na curva Tamburello, fazendo-o perder o controle a mais de 300 km\/h. (Foto: Reprodu\u00e7\u00e3o)"},{"@type":"BreadcrumbList","@id":"https:\/\/progresso.com.br\/index.php\/2026\/05\/01\/morte-de-ayrton-senna-completa-32-anos\/#breadcrumb","itemListElement":[{"@type":"ListItem","position":1,"name":"In\u00edcio","item":"https:\/\/progresso.com.br\/"},{"@type":"ListItem","position":2,"name":"Morte de Ayrton Senna completa 32 anos"}]},{"@type":"WebSite","@id":"https:\/\/progresso.com.br\/#website","url":"https:\/\/progresso.com.br\/","name":"O PROGRESSO","description":"","publisher":{"@id":"https:\/\/progresso.com.br\/#organization"},"potentialAction":[{"@type":"SearchAction","target":{"@type":"EntryPoint","urlTemplate":"https:\/\/progresso.com.br\/?s={search_term_string}"},"query-input":{"@type":"PropertyValueSpecification","valueRequired":true,"valueName":"search_term_string"}}],"inLanguage":"pt-BR"},{"@type":"Organization","@id":"https:\/\/progresso.com.br\/#organization","name":"O PROGRESSO","url":"https:\/\/progresso.com.br\/","logo":{"@type":"ImageObject","inLanguage":"pt-BR","@id":"https:\/\/progresso.com.br\/#\/schema\/logo\/image\/","url":"https:\/\/progresso.com.br\/wp-content\/uploads\/2026\/03\/logo_proog.jpg","contentUrl":"https:\/\/progresso.com.br\/wp-content\/uploads\/2026\/03\/logo_proog.jpg","width":1960,"height":1080,"caption":"O PROGRESSO"},"image":{"@id":"https:\/\/progresso.com.br\/#\/schema\/logo\/image\/"},"sameAs":["https:\/\/www.facebook.com\/share\/1CeoksKBj6\/","https:\/\/www.instagram.com\/oprogresso_digital"]},{"@type":"Person","@id":"https:\/\/progresso.com.br\/#\/schema\/person\/b7390ac97c5e156cc2e02aa8e88f1bf2","name":"Alfredo","image":{"@type":"ImageObject","inLanguage":"pt-BR","@id":"https:\/\/progresso.com.br\/#\/schema\/person\/image\/","url":"https:\/\/secure.gravatar.com\/avatar\/ca208a3111522ad69d765c6f0ea1ce4742c74e10aba78ae7158042d704d65a9f?s=96&d=mm&r=g","contentUrl":"https:\/\/secure.gravatar.com\/avatar\/ca208a3111522ad69d765c6f0ea1ce4742c74e10aba78ae7158042d704d65a9f?s=96&d=mm&r=g","caption":"Alfredo"},"url":"https:\/\/progresso.com.br\/index.php\/author\/alfredo\/"}]}},"_links":{"self":[{"href":"https:\/\/progresso.com.br\/index.php\/wp-json\/wp\/v2\/posts\/5293","targetHints":{"allow":["GET"]}}],"collection":[{"href":"https:\/\/progresso.com.br\/index.php\/wp-json\/wp\/v2\/posts"}],"about":[{"href":"https:\/\/progresso.com.br\/index.php\/wp-json\/wp\/v2\/types\/post"}],"author":[{"embeddable":true,"href":"https:\/\/progresso.com.br\/index.php\/wp-json\/wp\/v2\/users\/3"}],"replies":[{"embeddable":true,"href":"https:\/\/progresso.com.br\/index.php\/wp-json\/wp\/v2\/comments?post=5293"}],"version-history":[{"count":1,"href":"https:\/\/progresso.com.br\/index.php\/wp-json\/wp\/v2\/posts\/5293\/revisions"}],"predecessor-version":[{"id":5297,"href":"https:\/\/progresso.com.br\/index.php\/wp-json\/wp\/v2\/posts\/5293\/revisions\/5297"}],"wp:featuredmedia":[{"embeddable":true,"href":"https:\/\/progresso.com.br\/index.php\/wp-json\/wp\/v2\/media\/5294"}],"wp:attachment":[{"href":"https:\/\/progresso.com.br\/index.php\/wp-json\/wp\/v2\/media?parent=5293"}],"wp:term":[{"taxonomy":"category","embeddable":true,"href":"https:\/\/progresso.com.br\/index.php\/wp-json\/wp\/v2\/categories?post=5293"},{"taxonomy":"post_tag","embeddable":true,"href":"https:\/\/progresso.com.br\/index.php\/wp-json\/wp\/v2\/tags?post=5293"}],"curies":[{"name":"wp","href":"https:\/\/api.w.org\/{rel}","templated":true}]}}