{"id":5300,"date":"2026-05-01T15:28:03","date_gmt":"2026-05-01T19:28:03","guid":{"rendered":"https:\/\/progresso.com.br\/?p=5300"},"modified":"2026-05-01T15:28:03","modified_gmt":"2026-05-01T19:28:03","slug":"poupado-contra-o-palmeiras-neymar-pode-jogar-em-pedro-juan-caballero-pela-sul-americana","status":"publish","type":"post","link":"https:\/\/progresso.com.br\/index.php\/2026\/05\/01\/poupado-contra-o-palmeiras-neymar-pode-jogar-em-pedro-juan-caballero-pela-sul-americana\/","title":{"rendered":"Poupado contra o Palmeiras, Neymar pode jogar em Pedro Juan Caballero pela Sul-Americana"},"content":{"rendered":"\n<p><strong><em>Atacante teria treinado normalmente nesta sexta e fica \u00e0 disposi\u00e7\u00e3o do t\u00e9cnico Cuca para o jogo de ter\u00e7a-feira<br><\/em><\/strong><\/p>\n\n\n\n<p><em>Rog\u00e9rio Vidmantas<\/em><\/p>\n\n\n\n<p>A expectativa da torcida do Santos de ver Neymar na partida do clube em Pedro Juan Caballero \u00e9 grande e ganha for\u00e7a para se concretizar. O camisa 10 do Peixe n\u00e3o vai enfrentar o Palmeiras, neste s\u00e1bado (2), pela 14\u00aa rodada do Campeonato Brasileiro e pode estar em campo no jogo seguinte, ter\u00e7a-feira (5), contra o Deportivo Recoleta-PAR, pela Copa Sul-Americana.<\/p>\n\n\n\n<p>A Comiss\u00e3o T\u00e9cnica do Santos preferiu preservar Neymar do duelo paulista no gramado sint\u00e9tico do Allianz Parque. De acordo com publica\u00e7\u00e3o do UOL, Neymar treinou normalmente nesta sexta (1\u00ba), o que significa que o atacante deve ficar \u00e0 disposi\u00e7\u00e3o de Cuca para o jogo na fronteira entre Paraguai e Brasil.<\/p>\n\n\n\n<p>Sem enfrentar o Palmeiras, Neymar tem apenas mais quatro jogos para convencer Carlo Ancelotti de que pode ser \u00fatil \u00e0 Sele\u00e7\u00e3o Brasileira na Copa do Mundo. Antes da convoca\u00e7\u00e3o final, dia 18, o Santos enfrenta o Recoleta, depois o Red Bull Bragantino-SP dia 10, pelo Brasileiro, o Coritiba-PR pela Copa do Brasil, dia 13, e mais uma vez o time paranaense, dia 17, pelo Brasileiro.<\/p>\n\n\n\n<p><strong>Est\u00e1dio Lotado<\/strong><\/p>\n\n\n\n<p>Deportivo Recoleta e Santos se enfrentam pela quarta rodada da fase de grupos da Sul-Americana na pr\u00f3xima ter\u00e7a-feira. O clube de Assun\u00e7\u00e3o optou por trazer a partida para o Est\u00e1dio Monumental Rio Parapiti, em Pedro Juan Caballero, cidade vizinha de Ponta Por\u00e3, de olho na grande torcida do clube paulista no Mato Grosso do Sul e no interior de estados pr\u00f3ximos, como Paran\u00e1 e S\u00e3o Paulo. A t\u00e1tica deu certo: nesta sexta, no site <a href=\"http:\/\/tuti.com\">tuti.com<\/a>, n\u00e3o havia mais ingressos dispon\u00edveis em nenhum setor<\/p>\n","protected":false},"excerpt":{"rendered":"<p>Atacante teria treinado normalmente nesta sexta e fica \u00e0 disposi\u00e7\u00e3o do t\u00e9cnico Cuca para o jogo de ter\u00e7a-feira Rog\u00e9rio Vidmantas A expectativa da torcida do Santos de ver Neymar na partida do clube em Pedro Juan Caballero \u00e9 grande e ganha for\u00e7a para se concretizar. O camisa 10 do Peixe n\u00e3o vai enfrentar o Palmeiras, [&hellip;]<\/p>\n","protected":false},"author":5,"featured_media":5301,"comment_status":"open","ping_status":"open","sticky":false,"template":"","format":"standard","meta":{"footnotes":""},"categories":[2,17],"tags":[],"class_list":["post-5300","post","type-post","status-publish","format-standard","has-post-thumbnail","hentry","category-destaque","category-esporte"],"yoast_head":"<!-- This site is optimized with the Yoast SEO plugin v27.1.1 - https:\/\/yoast.com\/product\/yoast-seo-wordpress\/ -->\n<title>Poupado contra o Palmeiras, Neymar pode jogar em Pedro Juan Caballero pela Sul-Americana - O PROGRESSO<\/title>\n<meta name=\"robots\" content=\"index, follow, max-snippet:-1, max-image-preview:large, max-video-preview:-1\" \/>\n<link rel=\"canonical\" href=\"https:\/\/progresso.com.br\/index.php\/2026\/05\/01\/poupado-contra-o-palmeiras-neymar-pode-jogar-em-pedro-juan-caballero-pela-sul-americana\/\" \/>\n<meta property=\"og:locale\" content=\"pt_BR\" \/>\n<meta property=\"og:type\" content=\"article\" \/>\n<meta property=\"og:title\" content=\"Poupado contra o Palmeiras, Neymar pode jogar em Pedro Juan Caballero pela Sul-Americana - O PROGRESSO\" \/>\n<meta property=\"og:description\" content=\"Atacante teria treinado normalmente nesta sexta e fica \u00e0 disposi\u00e7\u00e3o do t\u00e9cnico Cuca para o jogo de ter\u00e7a-feira Rog\u00e9rio Vidmantas A expectativa da torcida do Santos de ver Neymar na partida do clube em Pedro Juan Caballero \u00e9 grande e ganha for\u00e7a para se concretizar. O camisa 10 do Peixe n\u00e3o vai enfrentar o Palmeiras, [&hellip;]\" \/>\n<meta property=\"og:url\" content=\"https:\/\/progresso.com.br\/index.php\/2026\/05\/01\/poupado-contra-o-palmeiras-neymar-pode-jogar-em-pedro-juan-caballero-pela-sul-americana\/\" \/>\n<meta property=\"og:site_name\" content=\"O PROGRESSO\" \/>\n<meta property=\"article:publisher\" content=\"https:\/\/www.facebook.com\/share\/1CeoksKBj6\/\" \/>\n<meta property=\"article:published_time\" content=\"2026-05-01T19:28:03+00:00\" \/>\n<meta property=\"og:image\" content=\"https:\/\/progresso.com.br\/wp-content\/uploads\/2026\/05\/Neymar.jpg\" \/>\n\t<meta property=\"og:image:width\" content=\"1236\" \/>\n\t<meta property=\"og:image:height\" content=\"824\" \/>\n\t<meta property=\"og:image:type\" content=\"image\/jpeg\" \/>\n<meta name=\"author\" content=\"Rog\u00e9rio Vidmantas\" \/>\n<meta name=\"twitter:card\" content=\"summary_large_image\" \/>\n<meta name=\"twitter:label1\" content=\"Escrito por\" \/>\n\t<meta name=\"twitter:data1\" content=\"Rog\u00e9rio Vidmantas\" \/>\n\t<meta name=\"twitter:label2\" content=\"Est. tempo de leitura\" \/>\n\t<meta name=\"twitter:data2\" content=\"2 minutos\" \/>\n<script type=\"application\/ld+json\" class=\"yoast-schema-graph\">{\"@context\":\"https:\/\/schema.org\",\"@graph\":[{\"@type\":\"Article\",\"@id\":\"https:\/\/progresso.com.br\/index.php\/2026\/05\/01\/poupado-contra-o-palmeiras-neymar-pode-jogar-em-pedro-juan-caballero-pela-sul-americana\/#article\",\"isPartOf\":{\"@id\":\"https:\/\/progresso.com.br\/index.php\/2026\/05\/01\/poupado-contra-o-palmeiras-neymar-pode-jogar-em-pedro-juan-caballero-pela-sul-americana\/\"},\"author\":{\"name\":\"Rog\u00e9rio Vidmantas\",\"@id\":\"https:\/\/progresso.com.br\/#\/schema\/person\/471791cc575a7e23811d1070fa9d20ee\"},\"headline\":\"Poupado contra o Palmeiras, Neymar pode jogar em Pedro Juan Caballero pela Sul-Americana\",\"datePublished\":\"2026-05-01T19:28:03+00:00\",\"mainEntityOfPage\":{\"@id\":\"https:\/\/progresso.com.br\/index.php\/2026\/05\/01\/poupado-contra-o-palmeiras-neymar-pode-jogar-em-pedro-juan-caballero-pela-sul-americana\/\"},\"wordCount\":307,\"commentCount\":0,\"publisher\":{\"@id\":\"https:\/\/progresso.com.br\/#organization\"},\"image\":{\"@id\":\"https:\/\/progresso.com.br\/index.php\/2026\/05\/01\/poupado-contra-o-palmeiras-neymar-pode-jogar-em-pedro-juan-caballero-pela-sul-americana\/#primaryimage\"},\"thumbnailUrl\":\"https:\/\/progresso.com.br\/wp-content\/uploads\/2026\/05\/Neymar.jpg\",\"articleSection\":[\"Em destaque\",\"Esporte\"],\"inLanguage\":\"pt-BR\",\"potentialAction\":[{\"@type\":\"CommentAction\",\"name\":\"Comment\",\"target\":[\"https:\/\/progresso.com.br\/index.php\/2026\/05\/01\/poupado-contra-o-palmeiras-neymar-pode-jogar-em-pedro-juan-caballero-pela-sul-americana\/#respond\"]}]},{\"@type\":\"WebPage\",\"@id\":\"https:\/\/progresso.com.br\/index.php\/2026\/05\/01\/poupado-contra-o-palmeiras-neymar-pode-jogar-em-pedro-juan-caballero-pela-sul-americana\/\",\"url\":\"https:\/\/progresso.com.br\/index.php\/2026\/05\/01\/poupado-contra-o-palmeiras-neymar-pode-jogar-em-pedro-juan-caballero-pela-sul-americana\/\",\"name\":\"Poupado contra o Palmeiras, Neymar pode jogar em Pedro Juan Caballero pela Sul-Americana - O PROGRESSO\",\"isPartOf\":{\"@id\":\"https:\/\/progresso.com.br\/#website\"},\"primaryImageOfPage\":{\"@id\":\"https:\/\/progresso.com.br\/index.php\/2026\/05\/01\/poupado-contra-o-palmeiras-neymar-pode-jogar-em-pedro-juan-caballero-pela-sul-americana\/#primaryimage\"},\"image\":{\"@id\":\"https:\/\/progresso.com.br\/index.php\/2026\/05\/01\/poupado-contra-o-palmeiras-neymar-pode-jogar-em-pedro-juan-caballero-pela-sul-americana\/#primaryimage\"},\"thumbnailUrl\":\"https:\/\/progresso.com.br\/wp-content\/uploads\/2026\/05\/Neymar.jpg\",\"datePublished\":\"2026-05-01T19:28:03+00:00\",\"breadcrumb\":{\"@id\":\"https:\/\/progresso.com.br\/index.php\/2026\/05\/01\/poupado-contra-o-palmeiras-neymar-pode-jogar-em-pedro-juan-caballero-pela-sul-americana\/#breadcrumb\"},\"inLanguage\":\"pt-BR\",\"potentialAction\":[{\"@type\":\"ReadAction\",\"target\":[\"https:\/\/progresso.com.br\/index.php\/2026\/05\/01\/poupado-contra-o-palmeiras-neymar-pode-jogar-em-pedro-juan-caballero-pela-sul-americana\/\"]}]},{\"@type\":\"ImageObject\",\"inLanguage\":\"pt-BR\",\"@id\":\"https:\/\/progresso.com.br\/index.php\/2026\/05\/01\/poupado-contra-o-palmeiras-neymar-pode-jogar-em-pedro-juan-caballero-pela-sul-americana\/#primaryimage\",\"url\":\"https:\/\/progresso.com.br\/wp-content\/uploads\/2026\/05\/Neymar.jpg\",\"contentUrl\":\"https:\/\/progresso.com.br\/wp-content\/uploads\/2026\/05\/Neymar.jpg\",\"width\":1236,\"height\":824,\"caption\":\"Neymar treinou normalmente nesta sexta, mas ser\u00e1 poupado no cl\u00e1ssico com o Palmeiras no s\u00e1bado (Foto: X Oficial\/Santos FC)\"},{\"@type\":\"BreadcrumbList\",\"@id\":\"https:\/\/progresso.com.br\/index.php\/2026\/05\/01\/poupado-contra-o-palmeiras-neymar-pode-jogar-em-pedro-juan-caballero-pela-sul-americana\/#breadcrumb\",\"itemListElement\":[{\"@type\":\"ListItem\",\"position\":1,\"name\":\"In\u00edcio\",\"item\":\"https:\/\/progresso.com.br\/\"},{\"@type\":\"ListItem\",\"position\":2,\"name\":\"Poupado contra o Palmeiras, Neymar pode jogar em Pedro Juan Caballero pela Sul-Americana\"}]},{\"@type\":\"WebSite\",\"@id\":\"https:\/\/progresso.com.br\/#website\",\"url\":\"https:\/\/progresso.com.br\/\",\"name\":\"O PROGRESSO\",\"description\":\"\",\"publisher\":{\"@id\":\"https:\/\/progresso.com.br\/#organization\"},\"potentialAction\":[{\"@type\":\"SearchAction\",\"target\":{\"@type\":\"EntryPoint\",\"urlTemplate\":\"https:\/\/progresso.com.br\/?s={search_term_string}\"},\"query-input\":{\"@type\":\"PropertyValueSpecification\",\"valueRequired\":true,\"valueName\":\"search_term_string\"}}],\"inLanguage\":\"pt-BR\"},{\"@type\":\"Organization\",\"@id\":\"https:\/\/progresso.com.br\/#organization\",\"name\":\"O PROGRESSO\",\"url\":\"https:\/\/progresso.com.br\/\",\"logo\":{\"@type\":\"ImageObject\",\"inLanguage\":\"pt-BR\",\"@id\":\"https:\/\/progresso.com.br\/#\/schema\/logo\/image\/\",\"url\":\"https:\/\/progresso.com.br\/wp-content\/uploads\/2026\/03\/logo_proog.jpg\",\"contentUrl\":\"https:\/\/progresso.com.br\/wp-content\/uploads\/2026\/03\/logo_proog.jpg\",\"width\":1960,\"height\":1080,\"caption\":\"O PROGRESSO\"},\"image\":{\"@id\":\"https:\/\/progresso.com.br\/#\/schema\/logo\/image\/\"},\"sameAs\":[\"https:\/\/www.facebook.com\/share\/1CeoksKBj6\/\",\"https:\/\/www.instagram.com\/oprogresso_digital\"]},{\"@type\":\"Person\",\"@id\":\"https:\/\/progresso.com.br\/#\/schema\/person\/471791cc575a7e23811d1070fa9d20ee\",\"name\":\"Rog\u00e9rio Vidmantas\",\"image\":{\"@type\":\"ImageObject\",\"inLanguage\":\"pt-BR\",\"@id\":\"https:\/\/progresso.com.br\/#\/schema\/person\/image\/\",\"url\":\"https:\/\/secure.gravatar.com\/avatar\/10a86aae4992f407879fa7e12fb476cdff79509ad9ec42967d62b4fbcee7c57b?s=96&d=mm&r=g\",\"contentUrl\":\"https:\/\/secure.gravatar.com\/avatar\/10a86aae4992f407879fa7e12fb476cdff79509ad9ec42967d62b4fbcee7c57b?s=96&d=mm&r=g\",\"caption\":\"Rog\u00e9rio Vidmantas\"},\"url\":\"https:\/\/progresso.com.br\/index.php\/author\/vidmantas\/\"}]}<\/script>\n<!-- \/ Yoast SEO plugin. -->","yoast_head_json":{"title":"Poupado contra o Palmeiras, Neymar pode jogar em Pedro Juan Caballero pela Sul-Americana - O PROGRESSO","robots":{"index":"index","follow":"follow","max-snippet":"max-snippet:-1","max-image-preview":"max-image-preview:large","max-video-preview":"max-video-preview:-1"},"canonical":"https:\/\/progresso.com.br\/index.php\/2026\/05\/01\/poupado-contra-o-palmeiras-neymar-pode-jogar-em-pedro-juan-caballero-pela-sul-americana\/","og_locale":"pt_BR","og_type":"article","og_title":"Poupado contra o Palmeiras, Neymar pode jogar em Pedro Juan Caballero pela Sul-Americana - O PROGRESSO","og_description":"Atacante teria treinado normalmente nesta sexta e fica \u00e0 disposi\u00e7\u00e3o do t\u00e9cnico Cuca para o jogo de ter\u00e7a-feira Rog\u00e9rio Vidmantas A expectativa da torcida do Santos de ver Neymar na partida do clube em Pedro Juan Caballero \u00e9 grande e ganha for\u00e7a para se concretizar. O camisa 10 do Peixe n\u00e3o vai enfrentar o Palmeiras, [&hellip;]","og_url":"https:\/\/progresso.com.br\/index.php\/2026\/05\/01\/poupado-contra-o-palmeiras-neymar-pode-jogar-em-pedro-juan-caballero-pela-sul-americana\/","og_site_name":"O PROGRESSO","article_publisher":"https:\/\/www.facebook.com\/share\/1CeoksKBj6\/","article_published_time":"2026-05-01T19:28:03+00:00","og_image":[{"width":1236,"height":824,"url":"https:\/\/progresso.com.br\/wp-content\/uploads\/2026\/05\/Neymar.jpg","type":"image\/jpeg"}],"author":"Rog\u00e9rio Vidmantas","twitter_card":"summary_large_image","twitter_misc":{"Escrito por":"Rog\u00e9rio Vidmantas","Est. tempo de leitura":"2 minutos"},"schema":{"@context":"https:\/\/schema.org","@graph":[{"@type":"Article","@id":"https:\/\/progresso.com.br\/index.php\/2026\/05\/01\/poupado-contra-o-palmeiras-neymar-pode-jogar-em-pedro-juan-caballero-pela-sul-americana\/#article","isPartOf":{"@id":"https:\/\/progresso.com.br\/index.php\/2026\/05\/01\/poupado-contra-o-palmeiras-neymar-pode-jogar-em-pedro-juan-caballero-pela-sul-americana\/"},"author":{"name":"Rog\u00e9rio Vidmantas","@id":"https:\/\/progresso.com.br\/#\/schema\/person\/471791cc575a7e23811d1070fa9d20ee"},"headline":"Poupado contra o Palmeiras, Neymar pode jogar em Pedro Juan Caballero pela Sul-Americana","datePublished":"2026-05-01T19:28:03+00:00","mainEntityOfPage":{"@id":"https:\/\/progresso.com.br\/index.php\/2026\/05\/01\/poupado-contra-o-palmeiras-neymar-pode-jogar-em-pedro-juan-caballero-pela-sul-americana\/"},"wordCount":307,"commentCount":0,"publisher":{"@id":"https:\/\/progresso.com.br\/#organization"},"image":{"@id":"https:\/\/progresso.com.br\/index.php\/2026\/05\/01\/poupado-contra-o-palmeiras-neymar-pode-jogar-em-pedro-juan-caballero-pela-sul-americana\/#primaryimage"},"thumbnailUrl":"https:\/\/progresso.com.br\/wp-content\/uploads\/2026\/05\/Neymar.jpg","articleSection":["Em destaque","Esporte"],"inLanguage":"pt-BR","potentialAction":[{"@type":"CommentAction","name":"Comment","target":["https:\/\/progresso.com.br\/index.php\/2026\/05\/01\/poupado-contra-o-palmeiras-neymar-pode-jogar-em-pedro-juan-caballero-pela-sul-americana\/#respond"]}]},{"@type":"WebPage","@id":"https:\/\/progresso.com.br\/index.php\/2026\/05\/01\/poupado-contra-o-palmeiras-neymar-pode-jogar-em-pedro-juan-caballero-pela-sul-americana\/","url":"https:\/\/progresso.com.br\/index.php\/2026\/05\/01\/poupado-contra-o-palmeiras-neymar-pode-jogar-em-pedro-juan-caballero-pela-sul-americana\/","name":"Poupado contra o Palmeiras, Neymar pode jogar em Pedro Juan Caballero pela Sul-Americana - O PROGRESSO","isPartOf":{"@id":"https:\/\/progresso.com.br\/#website"},"primaryImageOfPage":{"@id":"https:\/\/progresso.com.br\/index.php\/2026\/05\/01\/poupado-contra-o-palmeiras-neymar-pode-jogar-em-pedro-juan-caballero-pela-sul-americana\/#primaryimage"},"image":{"@id":"https:\/\/progresso.com.br\/index.php\/2026\/05\/01\/poupado-contra-o-palmeiras-neymar-pode-jogar-em-pedro-juan-caballero-pela-sul-americana\/#primaryimage"},"thumbnailUrl":"https:\/\/progresso.com.br\/wp-content\/uploads\/2026\/05\/Neymar.jpg","datePublished":"2026-05-01T19:28:03+00:00","breadcrumb":{"@id":"https:\/\/progresso.com.br\/index.php\/2026\/05\/01\/poupado-contra-o-palmeiras-neymar-pode-jogar-em-pedro-juan-caballero-pela-sul-americana\/#breadcrumb"},"inLanguage":"pt-BR","potentialAction":[{"@type":"ReadAction","target":["https:\/\/progresso.com.br\/index.php\/2026\/05\/01\/poupado-contra-o-palmeiras-neymar-pode-jogar-em-pedro-juan-caballero-pela-sul-americana\/"]}]},{"@type":"ImageObject","inLanguage":"pt-BR","@id":"https:\/\/progresso.com.br\/index.php\/2026\/05\/01\/poupado-contra-o-palmeiras-neymar-pode-jogar-em-pedro-juan-caballero-pela-sul-americana\/#primaryimage","url":"https:\/\/progresso.com.br\/wp-content\/uploads\/2026\/05\/Neymar.jpg","contentUrl":"https:\/\/progresso.com.br\/wp-content\/uploads\/2026\/05\/Neymar.jpg","width":1236,"height":824,"caption":"Neymar treinou normalmente nesta sexta, mas ser\u00e1 poupado no cl\u00e1ssico com o Palmeiras no s\u00e1bado (Foto: X Oficial\/Santos FC)"},{"@type":"BreadcrumbList","@id":"https:\/\/progresso.com.br\/index.php\/2026\/05\/01\/poupado-contra-o-palmeiras-neymar-pode-jogar-em-pedro-juan-caballero-pela-sul-americana\/#breadcrumb","itemListElement":[{"@type":"ListItem","position":1,"name":"In\u00edcio","item":"https:\/\/progresso.com.br\/"},{"@type":"ListItem","position":2,"name":"Poupado contra o Palmeiras, Neymar pode jogar em Pedro Juan Caballero pela Sul-Americana"}]},{"@type":"WebSite","@id":"https:\/\/progresso.com.br\/#website","url":"https:\/\/progresso.com.br\/","name":"O PROGRESSO","description":"","publisher":{"@id":"https:\/\/progresso.com.br\/#organization"},"potentialAction":[{"@type":"SearchAction","target":{"@type":"EntryPoint","urlTemplate":"https:\/\/progresso.com.br\/?s={search_term_string}"},"query-input":{"@type":"PropertyValueSpecification","valueRequired":true,"valueName":"search_term_string"}}],"inLanguage":"pt-BR"},{"@type":"Organization","@id":"https:\/\/progresso.com.br\/#organization","name":"O PROGRESSO","url":"https:\/\/progresso.com.br\/","logo":{"@type":"ImageObject","inLanguage":"pt-BR","@id":"https:\/\/progresso.com.br\/#\/schema\/logo\/image\/","url":"https:\/\/progresso.com.br\/wp-content\/uploads\/2026\/03\/logo_proog.jpg","contentUrl":"https:\/\/progresso.com.br\/wp-content\/uploads\/2026\/03\/logo_proog.jpg","width":1960,"height":1080,"caption":"O PROGRESSO"},"image":{"@id":"https:\/\/progresso.com.br\/#\/schema\/logo\/image\/"},"sameAs":["https:\/\/www.facebook.com\/share\/1CeoksKBj6\/","https:\/\/www.instagram.com\/oprogresso_digital"]},{"@type":"Person","@id":"https:\/\/progresso.com.br\/#\/schema\/person\/471791cc575a7e23811d1070fa9d20ee","name":"Rog\u00e9rio Vidmantas","image":{"@type":"ImageObject","inLanguage":"pt-BR","@id":"https:\/\/progresso.com.br\/#\/schema\/person\/image\/","url":"https:\/\/secure.gravatar.com\/avatar\/10a86aae4992f407879fa7e12fb476cdff79509ad9ec42967d62b4fbcee7c57b?s=96&d=mm&r=g","contentUrl":"https:\/\/secure.gravatar.com\/avatar\/10a86aae4992f407879fa7e12fb476cdff79509ad9ec42967d62b4fbcee7c57b?s=96&d=mm&r=g","caption":"Rog\u00e9rio Vidmantas"},"url":"https:\/\/progresso.com.br\/index.php\/author\/vidmantas\/"}]}},"_links":{"self":[{"href":"https:\/\/progresso.com.br\/index.php\/wp-json\/wp\/v2\/posts\/5300","targetHints":{"allow":["GET"]}}],"collection":[{"href":"https:\/\/progresso.com.br\/index.php\/wp-json\/wp\/v2\/posts"}],"about":[{"href":"https:\/\/progresso.com.br\/index.php\/wp-json\/wp\/v2\/types\/post"}],"author":[{"embeddable":true,"href":"https:\/\/progresso.com.br\/index.php\/wp-json\/wp\/v2\/users\/5"}],"replies":[{"embeddable":true,"href":"https:\/\/progresso.com.br\/index.php\/wp-json\/wp\/v2\/comments?post=5300"}],"version-history":[{"count":1,"href":"https:\/\/progresso.com.br\/index.php\/wp-json\/wp\/v2\/posts\/5300\/revisions"}],"predecessor-version":[{"id":5302,"href":"https:\/\/progresso.com.br\/index.php\/wp-json\/wp\/v2\/posts\/5300\/revisions\/5302"}],"wp:featuredmedia":[{"embeddable":true,"href":"https:\/\/progresso.com.br\/index.php\/wp-json\/wp\/v2\/media\/5301"}],"wp:attachment":[{"href":"https:\/\/progresso.com.br\/index.php\/wp-json\/wp\/v2\/media?parent=5300"}],"wp:term":[{"taxonomy":"category","embeddable":true,"href":"https:\/\/progresso.com.br\/index.php\/wp-json\/wp\/v2\/categories?post=5300"},{"taxonomy":"post_tag","embeddable":true,"href":"https:\/\/progresso.com.br\/index.php\/wp-json\/wp\/v2\/tags?post=5300"}],"curies":[{"name":"wp","href":"https:\/\/api.w.org\/{rel}","templated":true}]}}