{"id":538,"date":"2026-03-09T09:12:32","date_gmt":"2026-03-09T13:12:32","guid":{"rendered":"https:\/\/10nl.com.br\/?p=538"},"modified":"2026-03-09T09:12:32","modified_gmt":"2026-03-09T13:12:32","slug":"mato-grosso-do-sul-soma-mais-de-52-mil-atendimentos-em-praticas-integrativas-no-sus","status":"publish","type":"post","link":"https:\/\/progresso.com.br\/index.php\/2026\/03\/09\/mato-grosso-do-sul-soma-mais-de-52-mil-atendimentos-em-praticas-integrativas-no-sus\/","title":{"rendered":"Mato Grosso do Sul soma mais de 52 mil atendimentos em pr\u00e1ticas integrativas no SUS"},"content":{"rendered":"\n<p><em><strong>Em dois anos, MS ultrapassa 50 mil atendimentos em Pr\u00e1ticas Integrativas e Complementares na rede p\u00fablica<\/strong><\/em><\/p>\n\n\n\n<p>Mato Grosso do Sul registrou mais de 52 mil atendimentos em PICS (Pr\u00e1ticas Integrativas e Complementares em Sa\u00fade) no SUS (Sistema \u00danico de Sa\u00fade) entre janeiro de 2024 e novembro de 2025. Entre os servi\u00e7os ofertados na rede p\u00fablica est\u00e3o pr\u00e1ticas como acupuntura, auriculoterapia, aromaterapia e outras terapias integrativas. Os dados s\u00e3o da SAPS\/MS (Secretaria de Aten\u00e7\u00e3o Prim\u00e1ria \u00e0 Sa\u00fade do Minist\u00e9rio da Sa\u00fade), extra\u00eddos do SISAB (Sistema de Informa\u00e7\u00e3o em Sa\u00fade para a Aten\u00e7\u00e3o B\u00e1sica).<\/p>\n\n\n\n<p>No per\u00edodo analisado, foram contabilizados 20.831 procedimentos entre janeiro e novembro de 2024 e 31.874 atendimentos no mesmo intervalo de 2025, totalizando 52.705 registros no sistema nacional de monitoramento da Aten\u00e7\u00e3o Prim\u00e1ria.<\/p>\n\n\n\n<p>Com o avan\u00e7o na oferta e no registro desses atendimentos, o Estado de Mato Grosso do Sul ocupa atualmente o 3\u00ba lugar no ranking nacional da taxa de atendimentos cadastrados na APS (Aten\u00e7\u00e3o Prim\u00e1ria \u00e0 Sa\u00fade).<\/p>\n\n\n\n<p><strong>&nbsp;<\/strong><strong>Crescimento dos atendimentos<\/strong><\/p>\n\n\n\n<p>Entre as pr\u00e1ticas mais registradas no Estado, a auriculoterapia lidera o volume de atendimentos. Em 2024, foram contabilizados 14.165 procedimentos, seguida pela acupuntura com inser\u00e7\u00e3o (2.810), aromaterapia (1.134), acupuntura com ventosa ou moxa (571) e eletroestimula\u00e7\u00e3o (387).<\/p>\n\n\n\n<p>Tamb\u00e9m foram registrados atendimentos em cromoterapia (296), geoterapia (157), musicoterapia (148), antroposofia aplicada (92), massoterapia (62), constela\u00e7\u00e3o familiar (58) e osteopatia (49).<\/p>\n\n\n\n<p>Em 2025, os registros mantiveram tend\u00eancia de crescimento, com destaque para auriculoterapia (21.742), acupuntura com inser\u00e7\u00e3o (4.285), aromaterapia (2.517), MTC \u2013 medicina tradicional chinesa (1.051), acupuntura com ventosa ou moxa (627) e yoga (40).<\/p>\n\n\n\n<p><strong>Munic\u00edpios ampliam oferta<\/strong><\/p>\n\n\n\n<p>Entre os munic\u00edpios com maior volume de atendimentos em 2024 est\u00e3o Campo Grande, Aquidauana, Jate\u00ed, Dourados e Corumb\u00e1. J\u00e1 em 2025, al\u00e9m da capital, cidades como&nbsp;<strong>T<\/strong>erenos, Rio Brilhante e Tr\u00eas Lagoas ampliaram significativamente a oferta dessas pr\u00e1ticas na Aten\u00e7\u00e3o Prim\u00e1ria.<\/p>\n\n\n\n<p>Somente em Campo Grande foram registrados 7.412 atendimentos em auriculoterapia em 2024. Em 2025, o munic\u00edpio contabilizou 10.703 procedimentos na mesma pr\u00e1tica, al\u00e9m de 1.372 atendimentos em acupuntura com inser\u00e7\u00e3o.<\/p>\n\n\n\n<p><strong>Forma\u00e7\u00e3o voltada \u00e0 Aten\u00e7\u00e3o Prim\u00e1ria<\/strong><\/p>\n\n\n\n<p>Em Mato Grosso do Sul, as capacita\u00e7\u00f5es promovidas pela SES (Secretaria de Estado de Sa\u00fade) s\u00e3o direcionadas exclusivamente a m\u00e9dicos da Aten\u00e7\u00e3o Prim\u00e1ria, especialmente aqueles vinculados \u00e0s Unidades de Sa\u00fade da Fam\u00edlia. A proposta \u00e9 incorporar a acupuntura como ferramenta de cuidado integral, humanizado e complementar ao tratamento convencional.<\/p>\n\n\n\n<p>A forma\u00e7\u00e3o \u00e9 realizada em parceria com a UFSC (Universidade Federal de Santa Catarina) e inclui etapas presenciais e remotas, fortalecendo a qualifica\u00e7\u00e3o t\u00e9cnica dos profissionais da rede p\u00fablica.<\/p>\n\n\n\n<p>A respons\u00e1vel pela \u00e1rea t\u00e9cnica das PICS na SES, Patr\u00edcia Mecatti, explica que a amplia\u00e7\u00e3o da oferta integra uma pol\u00edtica estruturada de sa\u00fade p\u00fablica. \u201cO investimento nas Pr\u00e1ticas Integrativas tem como foco a redu\u00e7\u00e3o da dor cr\u00f4nica, a melhoria da qualidade de vida e a desmedicaliza\u00e7\u00e3o dos usu\u00e1rios do SUS. Em Mato Grosso do Sul, trabalhamos para que, at\u00e9 2027, pelo menos 70% dos munic\u00edpios ofertem ao menos uma pr\u00e1tica integrativa \u00e0 popula\u00e7\u00e3o\u201d, destaca.<\/p>\n\n\n\n<p><strong>Regulamenta\u00e7\u00e3o fortalece expans\u00e3o da pr\u00e1tica<\/strong><\/p>\n\n\n\n<p>A expans\u00e3o da&nbsp;<strong>a<\/strong>cupuntura no pa\u00eds ocorre em paralelo \u00e0 regulamenta\u00e7\u00e3o nacional da atividade. Em 13 de janeiro de 2026, foi publicada a Lei n\u00ba 15.345\/2026, que regulamenta o exerc\u00edcio profissional da acupuntura no Brasil, estabelecendo crit\u00e9rios de forma\u00e7\u00e3o, reconhecimento profissional e exig\u00eancia de qualifica\u00e7\u00e3o espec\u00edfica para atua\u00e7\u00e3o.<\/p>\n\n\n\n<p>Com a nova legisla\u00e7\u00e3o federal, a pr\u00e1tica passa a contar com regras claras para o exerc\u00edcio profissional, garantindo seguran\u00e7a aos pacientes e respaldo t\u00e9cnico aos profissionais habilitados. A norma reconhece a atua\u00e7\u00e3o multiprofissional, exige forma\u00e7\u00e3o espec\u00edfica ou especializa\u00e7\u00e3o reconhecida e prev\u00ea crit\u00e9rios para valida\u00e7\u00e3o de diplomas estrangeiros.<\/p>\n\n\n\n<p>A regulamenta\u00e7\u00e3o tamb\u00e9m contribui para ampliar o acesso \u00e0 pr\u00e1tica no SUS, fortalecendo a PNPIC (Pol\u00edtica Nacional de Pr\u00e1ticas Integrativas e Complementares), vigente desde 2006.<\/p>\n\n\n\n<p><em>Andr\u00e9 Lima, Comunica\u00e7\u00e3o SES<\/em><br><em>Fotos: Divulga\u00e7\u00e3o SES<\/em><\/p>\n","protected":false},"excerpt":{"rendered":"<p>Em dois anos, MS ultrapassa 50 mil atendimentos em Pr\u00e1ticas Integrativas e Complementares na rede p\u00fablica Mato Grosso do Sul registrou mais de 52 mil atendimentos em PICS (Pr\u00e1ticas Integrativas e Complementares em Sa\u00fade) no SUS (Sistema \u00danico de Sa\u00fade) entre janeiro de 2024 e novembro de 2025. Entre os servi\u00e7os ofertados na rede p\u00fablica [&hellip;]<\/p>\n","protected":false},"author":2,"featured_media":539,"comment_status":"open","ping_status":"open","sticky":false,"template":"","format":"standard","meta":{"footnotes":""},"categories":[2,12],"tags":[],"class_list":["post-538","post","type-post","status-publish","format-standard","has-post-thumbnail","hentry","category-destaque","category-sociedade"],"yoast_head":"<!-- This site is optimized with the Yoast SEO plugin v27.1.1 - https:\/\/yoast.com\/product\/yoast-seo-wordpress\/ -->\n<title>Mato Grosso do Sul soma mais de 52 mil atendimentos em pr\u00e1ticas integrativas no SUS - O PROGRESSO<\/title>\n<meta name=\"robots\" content=\"index, follow, max-snippet:-1, max-image-preview:large, max-video-preview:-1\" \/>\n<link rel=\"canonical\" href=\"https:\/\/progresso.com.br\/index.php\/2026\/03\/09\/mato-grosso-do-sul-soma-mais-de-52-mil-atendimentos-em-praticas-integrativas-no-sus\/\" \/>\n<meta property=\"og:locale\" content=\"pt_BR\" \/>\n<meta property=\"og:type\" content=\"article\" \/>\n<meta property=\"og:title\" content=\"Mato Grosso do Sul soma mais de 52 mil atendimentos em pr\u00e1ticas integrativas no SUS - O PROGRESSO\" \/>\n<meta property=\"og:description\" content=\"Em dois anos, MS ultrapassa 50 mil atendimentos em Pr\u00e1ticas Integrativas e Complementares na rede p\u00fablica Mato Grosso do Sul registrou mais de 52 mil atendimentos em PICS (Pr\u00e1ticas Integrativas e Complementares em Sa\u00fade) no SUS (Sistema \u00danico de Sa\u00fade) entre janeiro de 2024 e novembro de 2025. Entre os servi\u00e7os ofertados na rede p\u00fablica [&hellip;]\" \/>\n<meta property=\"og:url\" content=\"https:\/\/progresso.com.br\/index.php\/2026\/03\/09\/mato-grosso-do-sul-soma-mais-de-52-mil-atendimentos-em-praticas-integrativas-no-sus\/\" \/>\n<meta property=\"og:site_name\" content=\"O PROGRESSO\" \/>\n<meta property=\"article:publisher\" content=\"https:\/\/www.facebook.com\/share\/1CeoksKBj6\/\" \/>\n<meta property=\"article:published_time\" content=\"2026-03-09T13:12:32+00:00\" \/>\n<meta property=\"og:image\" content=\"https:\/\/progresso.com.br\/wp-content\/uploads\/2026\/03\/capacitacao-acupuntura-1-730x480-1.jpeg\" \/>\n\t<meta property=\"og:image:width\" content=\"730\" \/>\n\t<meta property=\"og:image:height\" content=\"480\" \/>\n\t<meta property=\"og:image:type\" content=\"image\/jpeg\" \/>\n<meta name=\"author\" content=\"Rose\" \/>\n<meta name=\"twitter:card\" content=\"summary_large_image\" \/>\n<meta name=\"twitter:label1\" content=\"Escrito por\" \/>\n\t<meta name=\"twitter:data1\" content=\"Rose\" \/>\n\t<meta name=\"twitter:label2\" content=\"Est. tempo de leitura\" \/>\n\t<meta name=\"twitter:data2\" content=\"3 minutos\" \/>\n<script type=\"application\/ld+json\" class=\"yoast-schema-graph\">{\"@context\":\"https:\/\/schema.org\",\"@graph\":[{\"@type\":\"Article\",\"@id\":\"https:\/\/progresso.com.br\/index.php\/2026\/03\/09\/mato-grosso-do-sul-soma-mais-de-52-mil-atendimentos-em-praticas-integrativas-no-sus\/#article\",\"isPartOf\":{\"@id\":\"https:\/\/progresso.com.br\/index.php\/2026\/03\/09\/mato-grosso-do-sul-soma-mais-de-52-mil-atendimentos-em-praticas-integrativas-no-sus\/\"},\"author\":{\"name\":\"Rose\",\"@id\":\"https:\/\/progresso.com.br\/#\/schema\/person\/5dd27138d4463fbbaace62120bfc002b\"},\"headline\":\"Mato Grosso do Sul soma mais de 52 mil atendimentos em pr\u00e1ticas integrativas no SUS\",\"datePublished\":\"2026-03-09T13:12:32+00:00\",\"mainEntityOfPage\":{\"@id\":\"https:\/\/progresso.com.br\/index.php\/2026\/03\/09\/mato-grosso-do-sul-soma-mais-de-52-mil-atendimentos-em-praticas-integrativas-no-sus\/\"},\"wordCount\":693,\"commentCount\":0,\"publisher\":{\"@id\":\"https:\/\/progresso.com.br\/#organization\"},\"image\":{\"@id\":\"https:\/\/progresso.com.br\/index.php\/2026\/03\/09\/mato-grosso-do-sul-soma-mais-de-52-mil-atendimentos-em-praticas-integrativas-no-sus\/#primaryimage\"},\"thumbnailUrl\":\"https:\/\/progresso.com.br\/wp-content\/uploads\/2026\/03\/capacitacao-acupuntura-1-730x480-1.jpeg\",\"articleSection\":[\"Em destaque\",\"Sociedade\"],\"inLanguage\":\"pt-BR\",\"potentialAction\":[{\"@type\":\"CommentAction\",\"name\":\"Comment\",\"target\":[\"https:\/\/progresso.com.br\/index.php\/2026\/03\/09\/mato-grosso-do-sul-soma-mais-de-52-mil-atendimentos-em-praticas-integrativas-no-sus\/#respond\"]}]},{\"@type\":\"WebPage\",\"@id\":\"https:\/\/progresso.com.br\/index.php\/2026\/03\/09\/mato-grosso-do-sul-soma-mais-de-52-mil-atendimentos-em-praticas-integrativas-no-sus\/\",\"url\":\"https:\/\/progresso.com.br\/index.php\/2026\/03\/09\/mato-grosso-do-sul-soma-mais-de-52-mil-atendimentos-em-praticas-integrativas-no-sus\/\",\"name\":\"Mato Grosso do Sul soma mais de 52 mil atendimentos em pr\u00e1ticas integrativas no SUS - O PROGRESSO\",\"isPartOf\":{\"@id\":\"https:\/\/progresso.com.br\/#website\"},\"primaryImageOfPage\":{\"@id\":\"https:\/\/progresso.com.br\/index.php\/2026\/03\/09\/mato-grosso-do-sul-soma-mais-de-52-mil-atendimentos-em-praticas-integrativas-no-sus\/#primaryimage\"},\"image\":{\"@id\":\"https:\/\/progresso.com.br\/index.php\/2026\/03\/09\/mato-grosso-do-sul-soma-mais-de-52-mil-atendimentos-em-praticas-integrativas-no-sus\/#primaryimage\"},\"thumbnailUrl\":\"https:\/\/progresso.com.br\/wp-content\/uploads\/2026\/03\/capacitacao-acupuntura-1-730x480-1.jpeg\",\"datePublished\":\"2026-03-09T13:12:32+00:00\",\"breadcrumb\":{\"@id\":\"https:\/\/progresso.com.br\/index.php\/2026\/03\/09\/mato-grosso-do-sul-soma-mais-de-52-mil-atendimentos-em-praticas-integrativas-no-sus\/#breadcrumb\"},\"inLanguage\":\"pt-BR\",\"potentialAction\":[{\"@type\":\"ReadAction\",\"target\":[\"https:\/\/progresso.com.br\/index.php\/2026\/03\/09\/mato-grosso-do-sul-soma-mais-de-52-mil-atendimentos-em-praticas-integrativas-no-sus\/\"]}]},{\"@type\":\"ImageObject\",\"inLanguage\":\"pt-BR\",\"@id\":\"https:\/\/progresso.com.br\/index.php\/2026\/03\/09\/mato-grosso-do-sul-soma-mais-de-52-mil-atendimentos-em-praticas-integrativas-no-sus\/#primaryimage\",\"url\":\"https:\/\/progresso.com.br\/wp-content\/uploads\/2026\/03\/capacitacao-acupuntura-1-730x480-1.jpeg\",\"contentUrl\":\"https:\/\/progresso.com.br\/wp-content\/uploads\/2026\/03\/capacitacao-acupuntura-1-730x480-1.jpeg\",\"width\":730,\"height\":480,\"caption\":\"(Divulga\u00e7\u00e3o SES)\"},{\"@type\":\"BreadcrumbList\",\"@id\":\"https:\/\/progresso.com.br\/index.php\/2026\/03\/09\/mato-grosso-do-sul-soma-mais-de-52-mil-atendimentos-em-praticas-integrativas-no-sus\/#breadcrumb\",\"itemListElement\":[{\"@type\":\"ListItem\",\"position\":1,\"name\":\"In\u00edcio\",\"item\":\"https:\/\/progresso.com.br\/\"},{\"@type\":\"ListItem\",\"position\":2,\"name\":\"Mato Grosso do Sul soma mais de 52 mil atendimentos em pr\u00e1ticas integrativas no SUS\"}]},{\"@type\":\"WebSite\",\"@id\":\"https:\/\/progresso.com.br\/#website\",\"url\":\"https:\/\/progresso.com.br\/\",\"name\":\"O PROGRESSO\",\"description\":\"\",\"publisher\":{\"@id\":\"https:\/\/progresso.com.br\/#organization\"},\"potentialAction\":[{\"@type\":\"SearchAction\",\"target\":{\"@type\":\"EntryPoint\",\"urlTemplate\":\"https:\/\/progresso.com.br\/?s={search_term_string}\"},\"query-input\":{\"@type\":\"PropertyValueSpecification\",\"valueRequired\":true,\"valueName\":\"search_term_string\"}}],\"inLanguage\":\"pt-BR\"},{\"@type\":\"Organization\",\"@id\":\"https:\/\/progresso.com.br\/#organization\",\"name\":\"O PROGRESSO\",\"url\":\"https:\/\/progresso.com.br\/\",\"logo\":{\"@type\":\"ImageObject\",\"inLanguage\":\"pt-BR\",\"@id\":\"https:\/\/progresso.com.br\/#\/schema\/logo\/image\/\",\"url\":\"https:\/\/progresso.com.br\/wp-content\/uploads\/2026\/03\/logo_proog.jpg\",\"contentUrl\":\"https:\/\/progresso.com.br\/wp-content\/uploads\/2026\/03\/logo_proog.jpg\",\"width\":1960,\"height\":1080,\"caption\":\"O PROGRESSO\"},\"image\":{\"@id\":\"https:\/\/progresso.com.br\/#\/schema\/logo\/image\/\"},\"sameAs\":[\"https:\/\/www.facebook.com\/share\/1CeoksKBj6\/\",\"https:\/\/www.instagram.com\/oprogresso_digital\"]},{\"@type\":\"Person\",\"@id\":\"https:\/\/progresso.com.br\/#\/schema\/person\/5dd27138d4463fbbaace62120bfc002b\",\"name\":\"Rose\",\"image\":{\"@type\":\"ImageObject\",\"inLanguage\":\"pt-BR\",\"@id\":\"https:\/\/progresso.com.br\/#\/schema\/person\/image\/\",\"url\":\"https:\/\/secure.gravatar.com\/avatar\/1b6890e759cdd3a88d9f751cb423720b9861c5239167cd3586355638b6556599?s=96&d=mm&r=g\",\"contentUrl\":\"https:\/\/secure.gravatar.com\/avatar\/1b6890e759cdd3a88d9f751cb423720b9861c5239167cd3586355638b6556599?s=96&d=mm&r=g\",\"caption\":\"Rose\"},\"url\":\"https:\/\/progresso.com.br\/index.php\/author\/rose\/\"}]}<\/script>\n<!-- \/ Yoast SEO plugin. -->","yoast_head_json":{"title":"Mato Grosso do Sul soma mais de 52 mil atendimentos em pr\u00e1ticas integrativas no SUS - O PROGRESSO","robots":{"index":"index","follow":"follow","max-snippet":"max-snippet:-1","max-image-preview":"max-image-preview:large","max-video-preview":"max-video-preview:-1"},"canonical":"https:\/\/progresso.com.br\/index.php\/2026\/03\/09\/mato-grosso-do-sul-soma-mais-de-52-mil-atendimentos-em-praticas-integrativas-no-sus\/","og_locale":"pt_BR","og_type":"article","og_title":"Mato Grosso do Sul soma mais de 52 mil atendimentos em pr\u00e1ticas integrativas no SUS - O PROGRESSO","og_description":"Em dois anos, MS ultrapassa 50 mil atendimentos em Pr\u00e1ticas Integrativas e Complementares na rede p\u00fablica Mato Grosso do Sul registrou mais de 52 mil atendimentos em PICS (Pr\u00e1ticas Integrativas e Complementares em Sa\u00fade) no SUS (Sistema \u00danico de Sa\u00fade) entre janeiro de 2024 e novembro de 2025. Entre os servi\u00e7os ofertados na rede p\u00fablica [&hellip;]","og_url":"https:\/\/progresso.com.br\/index.php\/2026\/03\/09\/mato-grosso-do-sul-soma-mais-de-52-mil-atendimentos-em-praticas-integrativas-no-sus\/","og_site_name":"O PROGRESSO","article_publisher":"https:\/\/www.facebook.com\/share\/1CeoksKBj6\/","article_published_time":"2026-03-09T13:12:32+00:00","og_image":[{"width":730,"height":480,"url":"https:\/\/progresso.com.br\/wp-content\/uploads\/2026\/03\/capacitacao-acupuntura-1-730x480-1.jpeg","type":"image\/jpeg"}],"author":"Rose","twitter_card":"summary_large_image","twitter_misc":{"Escrito por":"Rose","Est. tempo de leitura":"3 minutos"},"schema":{"@context":"https:\/\/schema.org","@graph":[{"@type":"Article","@id":"https:\/\/progresso.com.br\/index.php\/2026\/03\/09\/mato-grosso-do-sul-soma-mais-de-52-mil-atendimentos-em-praticas-integrativas-no-sus\/#article","isPartOf":{"@id":"https:\/\/progresso.com.br\/index.php\/2026\/03\/09\/mato-grosso-do-sul-soma-mais-de-52-mil-atendimentos-em-praticas-integrativas-no-sus\/"},"author":{"name":"Rose","@id":"https:\/\/progresso.com.br\/#\/schema\/person\/5dd27138d4463fbbaace62120bfc002b"},"headline":"Mato Grosso do Sul soma mais de 52 mil atendimentos em pr\u00e1ticas integrativas no SUS","datePublished":"2026-03-09T13:12:32+00:00","mainEntityOfPage":{"@id":"https:\/\/progresso.com.br\/index.php\/2026\/03\/09\/mato-grosso-do-sul-soma-mais-de-52-mil-atendimentos-em-praticas-integrativas-no-sus\/"},"wordCount":693,"commentCount":0,"publisher":{"@id":"https:\/\/progresso.com.br\/#organization"},"image":{"@id":"https:\/\/progresso.com.br\/index.php\/2026\/03\/09\/mato-grosso-do-sul-soma-mais-de-52-mil-atendimentos-em-praticas-integrativas-no-sus\/#primaryimage"},"thumbnailUrl":"https:\/\/progresso.com.br\/wp-content\/uploads\/2026\/03\/capacitacao-acupuntura-1-730x480-1.jpeg","articleSection":["Em destaque","Sociedade"],"inLanguage":"pt-BR","potentialAction":[{"@type":"CommentAction","name":"Comment","target":["https:\/\/progresso.com.br\/index.php\/2026\/03\/09\/mato-grosso-do-sul-soma-mais-de-52-mil-atendimentos-em-praticas-integrativas-no-sus\/#respond"]}]},{"@type":"WebPage","@id":"https:\/\/progresso.com.br\/index.php\/2026\/03\/09\/mato-grosso-do-sul-soma-mais-de-52-mil-atendimentos-em-praticas-integrativas-no-sus\/","url":"https:\/\/progresso.com.br\/index.php\/2026\/03\/09\/mato-grosso-do-sul-soma-mais-de-52-mil-atendimentos-em-praticas-integrativas-no-sus\/","name":"Mato Grosso do Sul soma mais de 52 mil atendimentos em pr\u00e1ticas integrativas no SUS - O PROGRESSO","isPartOf":{"@id":"https:\/\/progresso.com.br\/#website"},"primaryImageOfPage":{"@id":"https:\/\/progresso.com.br\/index.php\/2026\/03\/09\/mato-grosso-do-sul-soma-mais-de-52-mil-atendimentos-em-praticas-integrativas-no-sus\/#primaryimage"},"image":{"@id":"https:\/\/progresso.com.br\/index.php\/2026\/03\/09\/mato-grosso-do-sul-soma-mais-de-52-mil-atendimentos-em-praticas-integrativas-no-sus\/#primaryimage"},"thumbnailUrl":"https:\/\/progresso.com.br\/wp-content\/uploads\/2026\/03\/capacitacao-acupuntura-1-730x480-1.jpeg","datePublished":"2026-03-09T13:12:32+00:00","breadcrumb":{"@id":"https:\/\/progresso.com.br\/index.php\/2026\/03\/09\/mato-grosso-do-sul-soma-mais-de-52-mil-atendimentos-em-praticas-integrativas-no-sus\/#breadcrumb"},"inLanguage":"pt-BR","potentialAction":[{"@type":"ReadAction","target":["https:\/\/progresso.com.br\/index.php\/2026\/03\/09\/mato-grosso-do-sul-soma-mais-de-52-mil-atendimentos-em-praticas-integrativas-no-sus\/"]}]},{"@type":"ImageObject","inLanguage":"pt-BR","@id":"https:\/\/progresso.com.br\/index.php\/2026\/03\/09\/mato-grosso-do-sul-soma-mais-de-52-mil-atendimentos-em-praticas-integrativas-no-sus\/#primaryimage","url":"https:\/\/progresso.com.br\/wp-content\/uploads\/2026\/03\/capacitacao-acupuntura-1-730x480-1.jpeg","contentUrl":"https:\/\/progresso.com.br\/wp-content\/uploads\/2026\/03\/capacitacao-acupuntura-1-730x480-1.jpeg","width":730,"height":480,"caption":"(Divulga\u00e7\u00e3o SES)"},{"@type":"BreadcrumbList","@id":"https:\/\/progresso.com.br\/index.php\/2026\/03\/09\/mato-grosso-do-sul-soma-mais-de-52-mil-atendimentos-em-praticas-integrativas-no-sus\/#breadcrumb","itemListElement":[{"@type":"ListItem","position":1,"name":"In\u00edcio","item":"https:\/\/progresso.com.br\/"},{"@type":"ListItem","position":2,"name":"Mato Grosso do Sul soma mais de 52 mil atendimentos em pr\u00e1ticas integrativas no SUS"}]},{"@type":"WebSite","@id":"https:\/\/progresso.com.br\/#website","url":"https:\/\/progresso.com.br\/","name":"O PROGRESSO","description":"","publisher":{"@id":"https:\/\/progresso.com.br\/#organization"},"potentialAction":[{"@type":"SearchAction","target":{"@type":"EntryPoint","urlTemplate":"https:\/\/progresso.com.br\/?s={search_term_string}"},"query-input":{"@type":"PropertyValueSpecification","valueRequired":true,"valueName":"search_term_string"}}],"inLanguage":"pt-BR"},{"@type":"Organization","@id":"https:\/\/progresso.com.br\/#organization","name":"O PROGRESSO","url":"https:\/\/progresso.com.br\/","logo":{"@type":"ImageObject","inLanguage":"pt-BR","@id":"https:\/\/progresso.com.br\/#\/schema\/logo\/image\/","url":"https:\/\/progresso.com.br\/wp-content\/uploads\/2026\/03\/logo_proog.jpg","contentUrl":"https:\/\/progresso.com.br\/wp-content\/uploads\/2026\/03\/logo_proog.jpg","width":1960,"height":1080,"caption":"O PROGRESSO"},"image":{"@id":"https:\/\/progresso.com.br\/#\/schema\/logo\/image\/"},"sameAs":["https:\/\/www.facebook.com\/share\/1CeoksKBj6\/","https:\/\/www.instagram.com\/oprogresso_digital"]},{"@type":"Person","@id":"https:\/\/progresso.com.br\/#\/schema\/person\/5dd27138d4463fbbaace62120bfc002b","name":"Rose","image":{"@type":"ImageObject","inLanguage":"pt-BR","@id":"https:\/\/progresso.com.br\/#\/schema\/person\/image\/","url":"https:\/\/secure.gravatar.com\/avatar\/1b6890e759cdd3a88d9f751cb423720b9861c5239167cd3586355638b6556599?s=96&d=mm&r=g","contentUrl":"https:\/\/secure.gravatar.com\/avatar\/1b6890e759cdd3a88d9f751cb423720b9861c5239167cd3586355638b6556599?s=96&d=mm&r=g","caption":"Rose"},"url":"https:\/\/progresso.com.br\/index.php\/author\/rose\/"}]}},"_links":{"self":[{"href":"https:\/\/progresso.com.br\/index.php\/wp-json\/wp\/v2\/posts\/538","targetHints":{"allow":["GET"]}}],"collection":[{"href":"https:\/\/progresso.com.br\/index.php\/wp-json\/wp\/v2\/posts"}],"about":[{"href":"https:\/\/progresso.com.br\/index.php\/wp-json\/wp\/v2\/types\/post"}],"author":[{"embeddable":true,"href":"https:\/\/progresso.com.br\/index.php\/wp-json\/wp\/v2\/users\/2"}],"replies":[{"embeddable":true,"href":"https:\/\/progresso.com.br\/index.php\/wp-json\/wp\/v2\/comments?post=538"}],"version-history":[{"count":1,"href":"https:\/\/progresso.com.br\/index.php\/wp-json\/wp\/v2\/posts\/538\/revisions"}],"predecessor-version":[{"id":540,"href":"https:\/\/progresso.com.br\/index.php\/wp-json\/wp\/v2\/posts\/538\/revisions\/540"}],"wp:featuredmedia":[{"embeddable":true,"href":"https:\/\/progresso.com.br\/index.php\/wp-json\/wp\/v2\/media\/539"}],"wp:attachment":[{"href":"https:\/\/progresso.com.br\/index.php\/wp-json\/wp\/v2\/media?parent=538"}],"wp:term":[{"taxonomy":"category","embeddable":true,"href":"https:\/\/progresso.com.br\/index.php\/wp-json\/wp\/v2\/categories?post=538"},{"taxonomy":"post_tag","embeddable":true,"href":"https:\/\/progresso.com.br\/index.php\/wp-json\/wp\/v2\/tags?post=538"}],"curies":[{"name":"wp","href":"https:\/\/api.w.org\/{rel}","templated":true}]}}