{"id":549,"date":"2026-03-10T08:47:39","date_gmt":"2026-03-10T12:47:39","guid":{"rendered":"https:\/\/10nl.com.br\/?p=549"},"modified":"2026-03-10T08:55:36","modified_gmt":"2026-03-10T12:55:36","slug":"hospital-regional-de-dourados-lanca-linhas-de-pesquisa-e-abre-portas-para-estudos-cientificos-na-unidade","status":"publish","type":"post","link":"https:\/\/progresso.com.br\/index.php\/2026\/03\/10\/hospital-regional-de-dourados-lanca-linhas-de-pesquisa-e-abre-portas-para-estudos-cientificos-na-unidade\/","title":{"rendered":"Hospital Regional de Dourados lan\u00e7a linhas de pesquisa e abre portas para estudos cient\u00edficos na unidade"},"content":{"rendered":"\n<p><em><strong>Em dois meses de funcionamento, unidade estrutura o Servi\u00e7o de Ensino e Pesquisa, ampliando a qualidade do cuidado e a capacidade t\u00e9cnica da institui\u00e7\u00e3o<\/strong><\/em><\/p>\n\n\n\n<p><em>Comunica\u00e7\u00e3o SES\u00a0<\/em><\/p>\n\n\n\n<p>O HRD (Hospital Regional de Dourados) lan\u00e7ou oficialmente tr\u00eas linhas de pesquisa para recebimento de estudos cient\u00edficos, direcionadas a diversas \u00e1reas de atua\u00e7\u00e3o e que contemplam temas estrat\u00e9gicos para a realidade hospitalar e regional.<\/p>\n\n\n\n<p>A iniciativa marca o in\u00edcio das atividades do Servi\u00e7o de Ensino e Pesquisa na unidade, que tem dentre seus objetivos ser um espa\u00e7o de forma\u00e7\u00e3o, inova\u00e7\u00e3o e produ\u00e7\u00e3o cient\u00edfica, contribuindo para o fortalecimento do sistema de sa\u00fade regional. A Diretora Geral do HRD, Andreia Alcantara, destaca que a iniciativa refor\u00e7a o compromisso da unidade com a excel\u00eancia assistencial e a produ\u00e7\u00e3o de conhecimento.<\/p>\n\n\n\n<p>\u201cO Hospital Regional de Dourados nasce com o prop\u00f3sito de oferecer uma assist\u00eancia de qualidade, mas tamb\u00e9m de ser um espa\u00e7o de constru\u00e7\u00e3o cient\u00edfica. Queremos incentivar pesquisadores a desenvolverem estudos que contribuam para aprimorar nossos processos, fortalecer a seguran\u00e7a do paciente e gerar impactos positivos para toda a regi\u00e3o. As portas do HRD est\u00e3o abertas para quem deseja transformar conhecimento em cuidado\u201d, afirma.<\/p>\n\n\n\n<p><strong>Submiss\u00e3o de projetos e fluxo de pesquisa<\/strong><\/p>\n\n\n\n<p>A Supervisora de Ensino e Pesquisa do HRD, Val\u00e9ria Azevedo, explica que o processo de submiss\u00e3o foi estruturado para garantir transpar\u00eancia, organiza\u00e7\u00e3o e celeridade na an\u00e1lise das propostas. \u201cO fluxo de pesquisa no HRD ser\u00e1 cont\u00ednuo, permitindo que os pesquisadores submetam seus projetos a qualquer momento por meio do formul\u00e1rio dispon\u00edvel\u201d, explica.<\/p>\n\n\n\n<p>Os pesquisadores interessados podem submeter projetos de pesquisa e extens\u00e3o por meio do link&nbsp;<a href=\"https:\/\/forms.gle\/aTrwH8BjQ2TkirXA7\">https:\/\/forms.gle\/aTrwH8BjQ2TkirXA7<\/a>, onde dever\u00e3o preencher um formul\u00e1rio com as informa\u00e7\u00f5es sobre o projeto a ser avaliado. \u201cAp\u00f3s o envio, as propostas ser\u00e3o avaliadas, assegurando crit\u00e9rios t\u00e9cnicos, \u00e9ticos e cient\u00edficos. Nosso objetivo \u00e9 oferecer um processo claro, acess\u00edvel e alinhado \u00e0s diretrizes institucionais\u201d, destaca a supervisora.<\/p>\n\n\n\n<p>Para mais informa\u00e7\u00f5es, os interessados podem entrar em contato com o Servi\u00e7o de Ensino e Pesquisa do HRD pelo e-mail ensinoepesquisa@hrd.org.br ou pelo telefone (67) 2091-2358.<br><a href=\"https:\/\/www.saude.ms.gov.br\/wp-content\/uploads\/2026\/03\/HRD-1.jpeg\"><\/a><\/p>\n\n\n\n<p><strong>Linhas de Pesquisa<\/strong><\/p>\n\n\n\n<ol class=\"wp-block-list\">\n<li><strong>Inova\u00e7\u00e3o Tecnol\u00f3gica e Gest\u00e3o em Sa\u00fade<\/strong><\/li>\n<\/ol>\n\n\n\n<p>Abrange o desenvolvimento, avalia\u00e7\u00e3o e aplica\u00e7\u00e3o de tecnologias e estrat\u00e9gias inovadoras para aprimorar a gest\u00e3o hospitalar e os processos assistenciais. A linha contempla solu\u00e7\u00f5es voltadas \u00e0 organiza\u00e7\u00e3o do cuidado, seguran\u00e7a do paciente, efici\u00eancia e qualidade dos fluxos assistenciais, al\u00e9m do apoio \u00e0 tomada de decis\u00e3o cl\u00ednica e administrativa, especialmente em contextos de m\u00e9dia e alta complexidade, como centros cir\u00fargicos, unidades de interna\u00e7\u00e3o e terapia intensiva.<\/p>\n\n\n\n<ol start=\"2\" class=\"wp-block-list\">\n<li><strong>Cuidado Integral e Equidade em Popula\u00e7\u00f5es Especiais<\/strong><\/li>\n<\/ol>\n\n\n\n<p>Foca na organiza\u00e7\u00e3o e qualifica\u00e7\u00e3o da aten\u00e7\u00e3o \u00e0 sa\u00fade de popula\u00e7\u00f5es em situa\u00e7\u00e3o de maior vulnerabilidade, com destaque para povos ind\u00edgenas e residentes em regi\u00f5es de fronteira. A proposta considera especificidades culturais, territoriais e epidemiol\u00f3gicas, visando ampliar o acesso, promover equidade e fortalecer a resolutividade da assist\u00eancia hospitalar, integrando pr\u00e1ticas interculturais e estrat\u00e9gias adaptadas \u00e0s necessidades locais.<\/p>\n\n\n\n<ol start=\"3\" class=\"wp-block-list\">\n<li><strong>Aten\u00e7\u00e3o Integral \u00e0 Sa\u00fade em M\u00e9dia e Alta Complexidade<\/strong><\/li>\n<\/ol>\n\n\n\n<p>Voltada \u00e0 qualifica\u00e7\u00e3o do cuidado em servi\u00e7os hospitalares e especializados, com \u00eanfase na qualidade assistencial, seguran\u00e7a do paciente e organiza\u00e7\u00e3o dos processos de cuidado. Inclui a implementa\u00e7\u00e3o de protocolos baseados em evid\u00eancias, avalia\u00e7\u00e3o de desfechos cl\u00ednicos, integra\u00e7\u00e3o multiprofissional, cuidado centrado no paciente e na fam\u00edlia, al\u00e9m da articula\u00e7\u00e3o entre os diferentes n\u00edveis de aten\u00e7\u00e3o e da busca por efici\u00eancia e sustentabilidade do sistema de sa\u00fade.<\/p>\n\n\n\n<p><em><br>*com informa\u00e7\u00f5es do HRD\u00a0<br><\/em><\/p>\n","protected":false},"excerpt":{"rendered":"<p>Em dois meses de funcionamento, unidade estrutura o Servi\u00e7o de Ensino e Pesquisa, ampliando a qualidade do cuidado e a capacidade t\u00e9cnica da institui\u00e7\u00e3o Comunica\u00e7\u00e3o SES\u00a0 O HRD (Hospital Regional de Dourados) lan\u00e7ou oficialmente tr\u00eas linhas de pesquisa para recebimento de estudos cient\u00edficos, direcionadas a diversas \u00e1reas de atua\u00e7\u00e3o e que contemplam temas estrat\u00e9gicos para [&hellip;]<\/p>\n","protected":false},"author":2,"featured_media":550,"comment_status":"open","ping_status":"open","sticky":false,"template":"","format":"standard","meta":{"footnotes":""},"categories":[2,12],"tags":[],"class_list":["post-549","post","type-post","status-publish","format-standard","has-post-thumbnail","hentry","category-destaque","category-sociedade"],"yoast_head":"<!-- This site is optimized with the Yoast SEO plugin v27.1.1 - https:\/\/yoast.com\/product\/yoast-seo-wordpress\/ -->\n<title>Hospital Regional de Dourados lan\u00e7a linhas de pesquisa e abre portas para estudos cient\u00edficos na unidade - O PROGRESSO<\/title>\n<meta name=\"robots\" content=\"index, follow, max-snippet:-1, max-image-preview:large, max-video-preview:-1\" \/>\n<link rel=\"canonical\" href=\"https:\/\/progresso.com.br\/index.php\/2026\/03\/10\/hospital-regional-de-dourados-lanca-linhas-de-pesquisa-e-abre-portas-para-estudos-cientificos-na-unidade\/\" \/>\n<meta property=\"og:locale\" content=\"pt_BR\" \/>\n<meta property=\"og:type\" content=\"article\" \/>\n<meta property=\"og:title\" content=\"Hospital Regional de Dourados lan\u00e7a linhas de pesquisa e abre portas para estudos cient\u00edficos na unidade - O PROGRESSO\" \/>\n<meta property=\"og:description\" content=\"Em dois meses de funcionamento, unidade estrutura o Servi\u00e7o de Ensino e Pesquisa, ampliando a qualidade do cuidado e a capacidade t\u00e9cnica da institui\u00e7\u00e3o Comunica\u00e7\u00e3o SES\u00a0 O HRD (Hospital Regional de Dourados) lan\u00e7ou oficialmente tr\u00eas linhas de pesquisa para recebimento de estudos cient\u00edficos, direcionadas a diversas \u00e1reas de atua\u00e7\u00e3o e que contemplam temas estrat\u00e9gicos para [&hellip;]\" \/>\n<meta property=\"og:url\" content=\"https:\/\/progresso.com.br\/index.php\/2026\/03\/10\/hospital-regional-de-dourados-lanca-linhas-de-pesquisa-e-abre-portas-para-estudos-cientificos-na-unidade\/\" \/>\n<meta property=\"og:site_name\" content=\"O PROGRESSO\" \/>\n<meta property=\"article:publisher\" content=\"https:\/\/www.facebook.com\/share\/1CeoksKBj6\/\" \/>\n<meta property=\"article:published_time\" content=\"2026-03-10T12:47:39+00:00\" \/>\n<meta property=\"article:modified_time\" content=\"2026-03-10T12:55:36+00:00\" \/>\n<meta property=\"og:image\" content=\"https:\/\/progresso.com.br\/wp-content\/uploads\/2026\/03\/HRD-2-730x480-1.jpeg\" \/>\n\t<meta property=\"og:image:width\" content=\"730\" \/>\n\t<meta property=\"og:image:height\" content=\"480\" \/>\n\t<meta property=\"og:image:type\" content=\"image\/jpeg\" \/>\n<meta name=\"author\" content=\"Rose\" \/>\n<meta name=\"twitter:card\" content=\"summary_large_image\" \/>\n<meta name=\"twitter:label1\" content=\"Escrito por\" \/>\n\t<meta name=\"twitter:data1\" content=\"Rose\" \/>\n\t<meta name=\"twitter:label2\" content=\"Est. tempo de leitura\" \/>\n\t<meta name=\"twitter:data2\" content=\"3 minutos\" \/>\n<script type=\"application\/ld+json\" class=\"yoast-schema-graph\">{\"@context\":\"https:\/\/schema.org\",\"@graph\":[{\"@type\":\"Article\",\"@id\":\"https:\/\/progresso.com.br\/index.php\/2026\/03\/10\/hospital-regional-de-dourados-lanca-linhas-de-pesquisa-e-abre-portas-para-estudos-cientificos-na-unidade\/#article\",\"isPartOf\":{\"@id\":\"https:\/\/progresso.com.br\/index.php\/2026\/03\/10\/hospital-regional-de-dourados-lanca-linhas-de-pesquisa-e-abre-portas-para-estudos-cientificos-na-unidade\/\"},\"author\":{\"name\":\"Rose\",\"@id\":\"https:\/\/progresso.com.br\/#\/schema\/person\/5dd27138d4463fbbaace62120bfc002b\"},\"headline\":\"Hospital Regional de Dourados lan\u00e7a linhas de pesquisa e abre portas para estudos cient\u00edficos na unidade\",\"datePublished\":\"2026-03-10T12:47:39+00:00\",\"dateModified\":\"2026-03-10T12:55:36+00:00\",\"mainEntityOfPage\":{\"@id\":\"https:\/\/progresso.com.br\/index.php\/2026\/03\/10\/hospital-regional-de-dourados-lanca-linhas-de-pesquisa-e-abre-portas-para-estudos-cientificos-na-unidade\/\"},\"wordCount\":666,\"commentCount\":0,\"publisher\":{\"@id\":\"https:\/\/progresso.com.br\/#organization\"},\"image\":{\"@id\":\"https:\/\/progresso.com.br\/index.php\/2026\/03\/10\/hospital-regional-de-dourados-lanca-linhas-de-pesquisa-e-abre-portas-para-estudos-cientificos-na-unidade\/#primaryimage\"},\"thumbnailUrl\":\"https:\/\/progresso.com.br\/wp-content\/uploads\/2026\/03\/HRD-2-730x480-1.jpeg\",\"articleSection\":[\"Em destaque\",\"Sociedade\"],\"inLanguage\":\"pt-BR\",\"potentialAction\":[{\"@type\":\"CommentAction\",\"name\":\"Comment\",\"target\":[\"https:\/\/progresso.com.br\/index.php\/2026\/03\/10\/hospital-regional-de-dourados-lanca-linhas-de-pesquisa-e-abre-portas-para-estudos-cientificos-na-unidade\/#respond\"]}]},{\"@type\":\"WebPage\",\"@id\":\"https:\/\/progresso.com.br\/index.php\/2026\/03\/10\/hospital-regional-de-dourados-lanca-linhas-de-pesquisa-e-abre-portas-para-estudos-cientificos-na-unidade\/\",\"url\":\"https:\/\/progresso.com.br\/index.php\/2026\/03\/10\/hospital-regional-de-dourados-lanca-linhas-de-pesquisa-e-abre-portas-para-estudos-cientificos-na-unidade\/\",\"name\":\"Hospital Regional de Dourados lan\u00e7a linhas de pesquisa e abre portas para estudos cient\u00edficos na unidade - O PROGRESSO\",\"isPartOf\":{\"@id\":\"https:\/\/progresso.com.br\/#website\"},\"primaryImageOfPage\":{\"@id\":\"https:\/\/progresso.com.br\/index.php\/2026\/03\/10\/hospital-regional-de-dourados-lanca-linhas-de-pesquisa-e-abre-portas-para-estudos-cientificos-na-unidade\/#primaryimage\"},\"image\":{\"@id\":\"https:\/\/progresso.com.br\/index.php\/2026\/03\/10\/hospital-regional-de-dourados-lanca-linhas-de-pesquisa-e-abre-portas-para-estudos-cientificos-na-unidade\/#primaryimage\"},\"thumbnailUrl\":\"https:\/\/progresso.com.br\/wp-content\/uploads\/2026\/03\/HRD-2-730x480-1.jpeg\",\"datePublished\":\"2026-03-10T12:47:39+00:00\",\"dateModified\":\"2026-03-10T12:55:36+00:00\",\"breadcrumb\":{\"@id\":\"https:\/\/progresso.com.br\/index.php\/2026\/03\/10\/hospital-regional-de-dourados-lanca-linhas-de-pesquisa-e-abre-portas-para-estudos-cientificos-na-unidade\/#breadcrumb\"},\"inLanguage\":\"pt-BR\",\"potentialAction\":[{\"@type\":\"ReadAction\",\"target\":[\"https:\/\/progresso.com.br\/index.php\/2026\/03\/10\/hospital-regional-de-dourados-lanca-linhas-de-pesquisa-e-abre-portas-para-estudos-cientificos-na-unidade\/\"]}]},{\"@type\":\"ImageObject\",\"inLanguage\":\"pt-BR\",\"@id\":\"https:\/\/progresso.com.br\/index.php\/2026\/03\/10\/hospital-regional-de-dourados-lanca-linhas-de-pesquisa-e-abre-portas-para-estudos-cientificos-na-unidade\/#primaryimage\",\"url\":\"https:\/\/progresso.com.br\/wp-content\/uploads\/2026\/03\/HRD-2-730x480-1.jpeg\",\"contentUrl\":\"https:\/\/progresso.com.br\/wp-content\/uploads\/2026\/03\/HRD-2-730x480-1.jpeg\",\"width\":730,\"height\":480,\"caption\":\"(Foto: HRD)\"},{\"@type\":\"BreadcrumbList\",\"@id\":\"https:\/\/progresso.com.br\/index.php\/2026\/03\/10\/hospital-regional-de-dourados-lanca-linhas-de-pesquisa-e-abre-portas-para-estudos-cientificos-na-unidade\/#breadcrumb\",\"itemListElement\":[{\"@type\":\"ListItem\",\"position\":1,\"name\":\"In\u00edcio\",\"item\":\"https:\/\/progresso.com.br\/\"},{\"@type\":\"ListItem\",\"position\":2,\"name\":\"Hospital Regional de Dourados lan\u00e7a linhas de pesquisa e abre portas para estudos cient\u00edficos na unidade\"}]},{\"@type\":\"WebSite\",\"@id\":\"https:\/\/progresso.com.br\/#website\",\"url\":\"https:\/\/progresso.com.br\/\",\"name\":\"O PROGRESSO\",\"description\":\"\",\"publisher\":{\"@id\":\"https:\/\/progresso.com.br\/#organization\"},\"potentialAction\":[{\"@type\":\"SearchAction\",\"target\":{\"@type\":\"EntryPoint\",\"urlTemplate\":\"https:\/\/progresso.com.br\/?s={search_term_string}\"},\"query-input\":{\"@type\":\"PropertyValueSpecification\",\"valueRequired\":true,\"valueName\":\"search_term_string\"}}],\"inLanguage\":\"pt-BR\"},{\"@type\":\"Organization\",\"@id\":\"https:\/\/progresso.com.br\/#organization\",\"name\":\"O PROGRESSO\",\"url\":\"https:\/\/progresso.com.br\/\",\"logo\":{\"@type\":\"ImageObject\",\"inLanguage\":\"pt-BR\",\"@id\":\"https:\/\/progresso.com.br\/#\/schema\/logo\/image\/\",\"url\":\"https:\/\/progresso.com.br\/wp-content\/uploads\/2026\/03\/logo_proog.jpg\",\"contentUrl\":\"https:\/\/progresso.com.br\/wp-content\/uploads\/2026\/03\/logo_proog.jpg\",\"width\":1960,\"height\":1080,\"caption\":\"O PROGRESSO\"},\"image\":{\"@id\":\"https:\/\/progresso.com.br\/#\/schema\/logo\/image\/\"},\"sameAs\":[\"https:\/\/www.facebook.com\/share\/1CeoksKBj6\/\",\"https:\/\/www.instagram.com\/oprogresso_digital\"]},{\"@type\":\"Person\",\"@id\":\"https:\/\/progresso.com.br\/#\/schema\/person\/5dd27138d4463fbbaace62120bfc002b\",\"name\":\"Rose\",\"image\":{\"@type\":\"ImageObject\",\"inLanguage\":\"pt-BR\",\"@id\":\"https:\/\/progresso.com.br\/#\/schema\/person\/image\/\",\"url\":\"https:\/\/secure.gravatar.com\/avatar\/1b6890e759cdd3a88d9f751cb423720b9861c5239167cd3586355638b6556599?s=96&d=mm&r=g\",\"contentUrl\":\"https:\/\/secure.gravatar.com\/avatar\/1b6890e759cdd3a88d9f751cb423720b9861c5239167cd3586355638b6556599?s=96&d=mm&r=g\",\"caption\":\"Rose\"},\"url\":\"https:\/\/progresso.com.br\/index.php\/author\/rose\/\"}]}<\/script>\n<!-- \/ Yoast SEO plugin. -->","yoast_head_json":{"title":"Hospital Regional de Dourados lan\u00e7a linhas de pesquisa e abre portas para estudos cient\u00edficos na unidade - O PROGRESSO","robots":{"index":"index","follow":"follow","max-snippet":"max-snippet:-1","max-image-preview":"max-image-preview:large","max-video-preview":"max-video-preview:-1"},"canonical":"https:\/\/progresso.com.br\/index.php\/2026\/03\/10\/hospital-regional-de-dourados-lanca-linhas-de-pesquisa-e-abre-portas-para-estudos-cientificos-na-unidade\/","og_locale":"pt_BR","og_type":"article","og_title":"Hospital Regional de Dourados lan\u00e7a linhas de pesquisa e abre portas para estudos cient\u00edficos na unidade - O PROGRESSO","og_description":"Em dois meses de funcionamento, unidade estrutura o Servi\u00e7o de Ensino e Pesquisa, ampliando a qualidade do cuidado e a capacidade t\u00e9cnica da institui\u00e7\u00e3o Comunica\u00e7\u00e3o SES\u00a0 O HRD (Hospital Regional de Dourados) lan\u00e7ou oficialmente tr\u00eas linhas de pesquisa para recebimento de estudos cient\u00edficos, direcionadas a diversas \u00e1reas de atua\u00e7\u00e3o e que contemplam temas estrat\u00e9gicos para [&hellip;]","og_url":"https:\/\/progresso.com.br\/index.php\/2026\/03\/10\/hospital-regional-de-dourados-lanca-linhas-de-pesquisa-e-abre-portas-para-estudos-cientificos-na-unidade\/","og_site_name":"O PROGRESSO","article_publisher":"https:\/\/www.facebook.com\/share\/1CeoksKBj6\/","article_published_time":"2026-03-10T12:47:39+00:00","article_modified_time":"2026-03-10T12:55:36+00:00","og_image":[{"width":730,"height":480,"url":"https:\/\/progresso.com.br\/wp-content\/uploads\/2026\/03\/HRD-2-730x480-1.jpeg","type":"image\/jpeg"}],"author":"Rose","twitter_card":"summary_large_image","twitter_misc":{"Escrito por":"Rose","Est. tempo de leitura":"3 minutos"},"schema":{"@context":"https:\/\/schema.org","@graph":[{"@type":"Article","@id":"https:\/\/progresso.com.br\/index.php\/2026\/03\/10\/hospital-regional-de-dourados-lanca-linhas-de-pesquisa-e-abre-portas-para-estudos-cientificos-na-unidade\/#article","isPartOf":{"@id":"https:\/\/progresso.com.br\/index.php\/2026\/03\/10\/hospital-regional-de-dourados-lanca-linhas-de-pesquisa-e-abre-portas-para-estudos-cientificos-na-unidade\/"},"author":{"name":"Rose","@id":"https:\/\/progresso.com.br\/#\/schema\/person\/5dd27138d4463fbbaace62120bfc002b"},"headline":"Hospital Regional de Dourados lan\u00e7a linhas de pesquisa e abre portas para estudos cient\u00edficos na unidade","datePublished":"2026-03-10T12:47:39+00:00","dateModified":"2026-03-10T12:55:36+00:00","mainEntityOfPage":{"@id":"https:\/\/progresso.com.br\/index.php\/2026\/03\/10\/hospital-regional-de-dourados-lanca-linhas-de-pesquisa-e-abre-portas-para-estudos-cientificos-na-unidade\/"},"wordCount":666,"commentCount":0,"publisher":{"@id":"https:\/\/progresso.com.br\/#organization"},"image":{"@id":"https:\/\/progresso.com.br\/index.php\/2026\/03\/10\/hospital-regional-de-dourados-lanca-linhas-de-pesquisa-e-abre-portas-para-estudos-cientificos-na-unidade\/#primaryimage"},"thumbnailUrl":"https:\/\/progresso.com.br\/wp-content\/uploads\/2026\/03\/HRD-2-730x480-1.jpeg","articleSection":["Em destaque","Sociedade"],"inLanguage":"pt-BR","potentialAction":[{"@type":"CommentAction","name":"Comment","target":["https:\/\/progresso.com.br\/index.php\/2026\/03\/10\/hospital-regional-de-dourados-lanca-linhas-de-pesquisa-e-abre-portas-para-estudos-cientificos-na-unidade\/#respond"]}]},{"@type":"WebPage","@id":"https:\/\/progresso.com.br\/index.php\/2026\/03\/10\/hospital-regional-de-dourados-lanca-linhas-de-pesquisa-e-abre-portas-para-estudos-cientificos-na-unidade\/","url":"https:\/\/progresso.com.br\/index.php\/2026\/03\/10\/hospital-regional-de-dourados-lanca-linhas-de-pesquisa-e-abre-portas-para-estudos-cientificos-na-unidade\/","name":"Hospital Regional de Dourados lan\u00e7a linhas de pesquisa e abre portas para estudos cient\u00edficos na unidade - O PROGRESSO","isPartOf":{"@id":"https:\/\/progresso.com.br\/#website"},"primaryImageOfPage":{"@id":"https:\/\/progresso.com.br\/index.php\/2026\/03\/10\/hospital-regional-de-dourados-lanca-linhas-de-pesquisa-e-abre-portas-para-estudos-cientificos-na-unidade\/#primaryimage"},"image":{"@id":"https:\/\/progresso.com.br\/index.php\/2026\/03\/10\/hospital-regional-de-dourados-lanca-linhas-de-pesquisa-e-abre-portas-para-estudos-cientificos-na-unidade\/#primaryimage"},"thumbnailUrl":"https:\/\/progresso.com.br\/wp-content\/uploads\/2026\/03\/HRD-2-730x480-1.jpeg","datePublished":"2026-03-10T12:47:39+00:00","dateModified":"2026-03-10T12:55:36+00:00","breadcrumb":{"@id":"https:\/\/progresso.com.br\/index.php\/2026\/03\/10\/hospital-regional-de-dourados-lanca-linhas-de-pesquisa-e-abre-portas-para-estudos-cientificos-na-unidade\/#breadcrumb"},"inLanguage":"pt-BR","potentialAction":[{"@type":"ReadAction","target":["https:\/\/progresso.com.br\/index.php\/2026\/03\/10\/hospital-regional-de-dourados-lanca-linhas-de-pesquisa-e-abre-portas-para-estudos-cientificos-na-unidade\/"]}]},{"@type":"ImageObject","inLanguage":"pt-BR","@id":"https:\/\/progresso.com.br\/index.php\/2026\/03\/10\/hospital-regional-de-dourados-lanca-linhas-de-pesquisa-e-abre-portas-para-estudos-cientificos-na-unidade\/#primaryimage","url":"https:\/\/progresso.com.br\/wp-content\/uploads\/2026\/03\/HRD-2-730x480-1.jpeg","contentUrl":"https:\/\/progresso.com.br\/wp-content\/uploads\/2026\/03\/HRD-2-730x480-1.jpeg","width":730,"height":480,"caption":"(Foto: HRD)"},{"@type":"BreadcrumbList","@id":"https:\/\/progresso.com.br\/index.php\/2026\/03\/10\/hospital-regional-de-dourados-lanca-linhas-de-pesquisa-e-abre-portas-para-estudos-cientificos-na-unidade\/#breadcrumb","itemListElement":[{"@type":"ListItem","position":1,"name":"In\u00edcio","item":"https:\/\/progresso.com.br\/"},{"@type":"ListItem","position":2,"name":"Hospital Regional de Dourados lan\u00e7a linhas de pesquisa e abre portas para estudos cient\u00edficos na unidade"}]},{"@type":"WebSite","@id":"https:\/\/progresso.com.br\/#website","url":"https:\/\/progresso.com.br\/","name":"O PROGRESSO","description":"","publisher":{"@id":"https:\/\/progresso.com.br\/#organization"},"potentialAction":[{"@type":"SearchAction","target":{"@type":"EntryPoint","urlTemplate":"https:\/\/progresso.com.br\/?s={search_term_string}"},"query-input":{"@type":"PropertyValueSpecification","valueRequired":true,"valueName":"search_term_string"}}],"inLanguage":"pt-BR"},{"@type":"Organization","@id":"https:\/\/progresso.com.br\/#organization","name":"O PROGRESSO","url":"https:\/\/progresso.com.br\/","logo":{"@type":"ImageObject","inLanguage":"pt-BR","@id":"https:\/\/progresso.com.br\/#\/schema\/logo\/image\/","url":"https:\/\/progresso.com.br\/wp-content\/uploads\/2026\/03\/logo_proog.jpg","contentUrl":"https:\/\/progresso.com.br\/wp-content\/uploads\/2026\/03\/logo_proog.jpg","width":1960,"height":1080,"caption":"O PROGRESSO"},"image":{"@id":"https:\/\/progresso.com.br\/#\/schema\/logo\/image\/"},"sameAs":["https:\/\/www.facebook.com\/share\/1CeoksKBj6\/","https:\/\/www.instagram.com\/oprogresso_digital"]},{"@type":"Person","@id":"https:\/\/progresso.com.br\/#\/schema\/person\/5dd27138d4463fbbaace62120bfc002b","name":"Rose","image":{"@type":"ImageObject","inLanguage":"pt-BR","@id":"https:\/\/progresso.com.br\/#\/schema\/person\/image\/","url":"https:\/\/secure.gravatar.com\/avatar\/1b6890e759cdd3a88d9f751cb423720b9861c5239167cd3586355638b6556599?s=96&d=mm&r=g","contentUrl":"https:\/\/secure.gravatar.com\/avatar\/1b6890e759cdd3a88d9f751cb423720b9861c5239167cd3586355638b6556599?s=96&d=mm&r=g","caption":"Rose"},"url":"https:\/\/progresso.com.br\/index.php\/author\/rose\/"}]}},"_links":{"self":[{"href":"https:\/\/progresso.com.br\/index.php\/wp-json\/wp\/v2\/posts\/549","targetHints":{"allow":["GET"]}}],"collection":[{"href":"https:\/\/progresso.com.br\/index.php\/wp-json\/wp\/v2\/posts"}],"about":[{"href":"https:\/\/progresso.com.br\/index.php\/wp-json\/wp\/v2\/types\/post"}],"author":[{"embeddable":true,"href":"https:\/\/progresso.com.br\/index.php\/wp-json\/wp\/v2\/users\/2"}],"replies":[{"embeddable":true,"href":"https:\/\/progresso.com.br\/index.php\/wp-json\/wp\/v2\/comments?post=549"}],"version-history":[{"count":1,"href":"https:\/\/progresso.com.br\/index.php\/wp-json\/wp\/v2\/posts\/549\/revisions"}],"predecessor-version":[{"id":551,"href":"https:\/\/progresso.com.br\/index.php\/wp-json\/wp\/v2\/posts\/549\/revisions\/551"}],"wp:featuredmedia":[{"embeddable":true,"href":"https:\/\/progresso.com.br\/index.php\/wp-json\/wp\/v2\/media\/550"}],"wp:attachment":[{"href":"https:\/\/progresso.com.br\/index.php\/wp-json\/wp\/v2\/media?parent=549"}],"wp:term":[{"taxonomy":"category","embeddable":true,"href":"https:\/\/progresso.com.br\/index.php\/wp-json\/wp\/v2\/categories?post=549"},{"taxonomy":"post_tag","embeddable":true,"href":"https:\/\/progresso.com.br\/index.php\/wp-json\/wp\/v2\/tags?post=549"}],"curies":[{"name":"wp","href":"https:\/\/api.w.org\/{rel}","templated":true}]}}