{"id":552,"date":"2026-03-10T08:51:22","date_gmt":"2026-03-10T12:51:22","guid":{"rendered":"https:\/\/10nl.com.br\/?p=552"},"modified":"2026-03-10T08:55:21","modified_gmt":"2026-03-10T12:55:21","slug":"cidadania-mobiliza-com-21-dias-de-ativismo-pela-eliminacao-da-discriminacao-racial-e-religiosa","status":"publish","type":"post","link":"https:\/\/progresso.com.br\/index.php\/2026\/03\/10\/cidadania-mobiliza-com-21-dias-de-ativismo-pela-eliminacao-da-discriminacao-racial-e-religiosa\/","title":{"rendered":"Cidadania mobiliza com \u201921 Dias de Ativismo pela Elimina\u00e7\u00e3o da Discrimina\u00e7\u00e3o Racial e Religiosa"},"content":{"rendered":"\n<p><em>Comunica\u00e7\u00e3o da Cidadania<\/em><\/p>\n\n\n\n<p>A Secretaria de Estado da Cidadania promove, ao longo do m\u00eas de mar\u00e7o, a campanha 21 Dias de Ativismo pela Elimina\u00e7\u00e3o da Discrimina\u00e7\u00e3o Racial e Religiosa, com uma s\u00e9rie de atividades de forma\u00e7\u00e3o, di\u00e1logo comunit\u00e1rio, mobiliza\u00e7\u00e3o social e valoriza\u00e7\u00e3o da cultura negra em diferentes munic\u00edpios de Mato Grosso do Sul.<\/p>\n\n\n\n<p>A mobiliza\u00e7\u00e3o ocorre entre os dias 1\u00ba e 21 de mar\u00e7o e tem como refer\u00eancia o Dia Internacional pela Elimina\u00e7\u00e3o da Discrimina\u00e7\u00e3o Racial, celebrado em 21 de mar\u00e7o. A data refor\u00e7a o debate sobre o enfrentamento ao racismo e tamb\u00e9m a import\u00e2ncia do respeito \u00e0s religi\u00f5es de matriz africana e aos povos de terreiro.<\/p>\n\n\n\n<figure class=\"wp-block-image\"><img decoding=\"async\" src=\"https:\/\/agenciadenoticias.ms.gov.br\/wp-content\/uploads\/2026\/03\/Roda-de-Conversa-Terreiro-Intolerancia-Religiosa-foto-Vitor-Ilis-3-1024x682.jpeg\" alt=\"\"\/><\/figure>\n\n\n\n<p>Subsecret\u00e1rio, Deividson explica que data provoca reflex\u00e3o acerca do racismo, em especial na quest\u00e3o religiosa.<\/p>\n\n\n\n<p>De acordo com o subsecret\u00e1rio de Pol\u00edticas P\u00fablicas para Promo\u00e7\u00e3o da Igualdade Racial da Secretaria de Estado da Cidadania, Deividson Silva, a campanha busca ampliar o di\u00e1logo e fortalecer pol\u00edticas p\u00fablicas de igualdade racial no Estado.<\/p>\n\n\n\n<p>\u201cOs 21 dias de ativismo surgem a partir do simbolismo do dia 21 de mar\u00e7o, uma data dedicada a refletir sobre o racismo em todas as suas vertentes e tamb\u00e9m sobre a quest\u00e3o religiosa. \u00c9 um momento muito importante para as religi\u00f5es de matriz africana. A partir dessa data, adotamos esse per\u00edodo de mobiliza\u00e7\u00e3o para ocupar espa\u00e7os e refor\u00e7ar que o racismo ainda est\u00e1 presente na sociedade e que a intoler\u00e2ncia religiosa tamb\u00e9m existe. Precisamos valorizar o povo negro, os princ\u00edpios das religi\u00f5es de matriz africana e dos povos de terreiro, quebrando estere\u00f3tipos e preconceitos que ainda atingem essas comunidades\u201d, afirma.<\/p>\n\n\n\n<p>Segundo ele, as a\u00e7\u00f5es tamb\u00e9m dialogam com outras pol\u00edticas p\u00fablicas do Estado, como o programa MS Sem Racismo, al\u00e9m de envolver parcerias com munic\u00edpios, organiza\u00e7\u00f5es da sociedade civil e outras subsecretarias da pasta.<\/p>\n\n\n\n<p>\u201cTrabalhamos a campanha de forma transversal, envolvendo pol\u00edticas para juventude, mulheres e popula\u00e7\u00e3o idosa. Mar\u00e7o tamb\u00e9m \u00e9 o m\u00eas da mulher, ent\u00e3o refor\u00e7amos a representatividade e a valoriza\u00e7\u00e3o da mulher negra dentro desse debate. Teremos letramento racial voltado para a educa\u00e7\u00e3o, a\u00e7\u00f5es com o CRAS, iniciativas de incentivo \u00e0 autonomia financeira de comunidades quilombolas por meio do afroturismo e atividades diretamente nas comunidades para ouvir demandas e fortalecer pol\u00edticas p\u00fablicas cada vez mais eficazes\u201d, destaca.<\/p>\n\n\n\n<p>As atividades acontecem em cidades como Campo Grande, Maracaju, Nioaque, Corumb\u00e1 e Nova Andradina.<\/p>\n\n\n\n<figure class=\"wp-block-image\"><img decoding=\"async\" src=\"https:\/\/agenciadenoticias.ms.gov.br\/wp-content\/uploads\/2026\/03\/Abertura-Novembro-Negro-Subs-Racial-fotos-Paula-M-41-1024x768.jpeg\" alt=\"\"\/><\/figure>\n\n\n\n<p>Programa\u00e7\u00e3o inclui debates e rodas de conversa pelo Estado. (Foto: Matheus Carvalho)<\/p>\n\n\n\n<p>Com atividades em diferentes territ\u00f3rios e p\u00fablicos, a campanha busca ampliar o debate sobre racismo, intoler\u00e2ncia religiosa e valoriza\u00e7\u00e3o da cultura afro-brasileira, fortalecendo o di\u00e1logo com comunidades e ampliando o alcance das pol\u00edticas p\u00fablicas de igualdade racial no Estado.<\/p>\n","protected":false},"excerpt":{"rendered":"<p>Comunica\u00e7\u00e3o da Cidadania A Secretaria de Estado da Cidadania promove, ao longo do m\u00eas de mar\u00e7o, a campanha 21 Dias de Ativismo pela Elimina\u00e7\u00e3o da Discrimina\u00e7\u00e3o Racial e Religiosa, com uma s\u00e9rie de atividades de forma\u00e7\u00e3o, di\u00e1logo comunit\u00e1rio, mobiliza\u00e7\u00e3o social e valoriza\u00e7\u00e3o da cultura negra em diferentes munic\u00edpios de Mato Grosso do Sul. A mobiliza\u00e7\u00e3o [&hellip;]<\/p>\n","protected":false},"author":2,"featured_media":553,"comment_status":"open","ping_status":"open","sticky":false,"template":"","format":"standard","meta":{"footnotes":""},"categories":[19,2],"tags":[],"class_list":["post-552","post","type-post","status-publish","format-standard","has-post-thumbnail","hentry","category-cultura","category-destaque"],"yoast_head":"<!-- This site is optimized with the Yoast SEO plugin v27.1.1 - https:\/\/yoast.com\/product\/yoast-seo-wordpress\/ -->\n<title>Cidadania mobiliza com \u201921 Dias de Ativismo pela Elimina\u00e7\u00e3o da Discrimina\u00e7\u00e3o Racial e Religiosa - O PROGRESSO<\/title>\n<meta name=\"robots\" content=\"index, follow, max-snippet:-1, max-image-preview:large, max-video-preview:-1\" \/>\n<link rel=\"canonical\" href=\"https:\/\/progresso.com.br\/index.php\/2026\/03\/10\/cidadania-mobiliza-com-21-dias-de-ativismo-pela-eliminacao-da-discriminacao-racial-e-religiosa\/\" \/>\n<meta property=\"og:locale\" content=\"pt_BR\" \/>\n<meta property=\"og:type\" content=\"article\" \/>\n<meta property=\"og:title\" content=\"Cidadania mobiliza com \u201921 Dias de Ativismo pela Elimina\u00e7\u00e3o da Discrimina\u00e7\u00e3o Racial e Religiosa - O PROGRESSO\" \/>\n<meta property=\"og:description\" content=\"Comunica\u00e7\u00e3o da Cidadania A Secretaria de Estado da Cidadania promove, ao longo do m\u00eas de mar\u00e7o, a campanha 21 Dias de Ativismo pela Elimina\u00e7\u00e3o da Discrimina\u00e7\u00e3o Racial e Religiosa, com uma s\u00e9rie de atividades de forma\u00e7\u00e3o, di\u00e1logo comunit\u00e1rio, mobiliza\u00e7\u00e3o social e valoriza\u00e7\u00e3o da cultura negra em diferentes munic\u00edpios de Mato Grosso do Sul. A mobiliza\u00e7\u00e3o [&hellip;]\" \/>\n<meta property=\"og:url\" content=\"https:\/\/progresso.com.br\/index.php\/2026\/03\/10\/cidadania-mobiliza-com-21-dias-de-ativismo-pela-eliminacao-da-discriminacao-racial-e-religiosa\/\" \/>\n<meta property=\"og:site_name\" content=\"O PROGRESSO\" \/>\n<meta property=\"article:publisher\" content=\"https:\/\/www.facebook.com\/share\/1CeoksKBj6\/\" \/>\n<meta property=\"article:published_time\" content=\"2026-03-10T12:51:22+00:00\" \/>\n<meta property=\"article:modified_time\" content=\"2026-03-10T12:55:21+00:00\" \/>\n<meta property=\"og:image\" content=\"https:\/\/progresso.com.br\/wp-content\/uploads\/2026\/03\/Abertura-Novembro-Negro-Subs-Racial-fotos-Matheus-Carvalho-8-730x480-1.jpeg\" \/>\n\t<meta property=\"og:image:width\" content=\"730\" \/>\n\t<meta property=\"og:image:height\" content=\"480\" \/>\n\t<meta property=\"og:image:type\" content=\"image\/jpeg\" \/>\n<meta name=\"author\" content=\"Rose\" \/>\n<meta name=\"twitter:card\" content=\"summary_large_image\" \/>\n<meta name=\"twitter:label1\" content=\"Escrito por\" \/>\n\t<meta name=\"twitter:data1\" content=\"Rose\" \/>\n\t<meta name=\"twitter:label2\" content=\"Est. tempo de leitura\" \/>\n\t<meta name=\"twitter:data2\" content=\"2 minutos\" \/>\n<script type=\"application\/ld+json\" class=\"yoast-schema-graph\">{\"@context\":\"https:\/\/schema.org\",\"@graph\":[{\"@type\":\"Article\",\"@id\":\"https:\/\/progresso.com.br\/index.php\/2026\/03\/10\/cidadania-mobiliza-com-21-dias-de-ativismo-pela-eliminacao-da-discriminacao-racial-e-religiosa\/#article\",\"isPartOf\":{\"@id\":\"https:\/\/progresso.com.br\/index.php\/2026\/03\/10\/cidadania-mobiliza-com-21-dias-de-ativismo-pela-eliminacao-da-discriminacao-racial-e-religiosa\/\"},\"author\":{\"name\":\"Rose\",\"@id\":\"https:\/\/progresso.com.br\/#\/schema\/person\/5dd27138d4463fbbaace62120bfc002b\"},\"headline\":\"Cidadania mobiliza com \u201921 Dias de Ativismo pela Elimina\u00e7\u00e3o da Discrimina\u00e7\u00e3o Racial e Religiosa\",\"datePublished\":\"2026-03-10T12:51:22+00:00\",\"dateModified\":\"2026-03-10T12:55:21+00:00\",\"mainEntityOfPage\":{\"@id\":\"https:\/\/progresso.com.br\/index.php\/2026\/03\/10\/cidadania-mobiliza-com-21-dias-de-ativismo-pela-eliminacao-da-discriminacao-racial-e-religiosa\/\"},\"wordCount\":510,\"commentCount\":0,\"publisher\":{\"@id\":\"https:\/\/progresso.com.br\/#organization\"},\"image\":{\"@id\":\"https:\/\/progresso.com.br\/index.php\/2026\/03\/10\/cidadania-mobiliza-com-21-dias-de-ativismo-pela-eliminacao-da-discriminacao-racial-e-religiosa\/#primaryimage\"},\"thumbnailUrl\":\"https:\/\/progresso.com.br\/wp-content\/uploads\/2026\/03\/Abertura-Novembro-Negro-Subs-Racial-fotos-Matheus-Carvalho-8-730x480-1.jpeg\",\"articleSection\":[\"Cultura\",\"Em destaque\"],\"inLanguage\":\"pt-BR\",\"potentialAction\":[{\"@type\":\"CommentAction\",\"name\":\"Comment\",\"target\":[\"https:\/\/progresso.com.br\/index.php\/2026\/03\/10\/cidadania-mobiliza-com-21-dias-de-ativismo-pela-eliminacao-da-discriminacao-racial-e-religiosa\/#respond\"]}]},{\"@type\":\"WebPage\",\"@id\":\"https:\/\/progresso.com.br\/index.php\/2026\/03\/10\/cidadania-mobiliza-com-21-dias-de-ativismo-pela-eliminacao-da-discriminacao-racial-e-religiosa\/\",\"url\":\"https:\/\/progresso.com.br\/index.php\/2026\/03\/10\/cidadania-mobiliza-com-21-dias-de-ativismo-pela-eliminacao-da-discriminacao-racial-e-religiosa\/\",\"name\":\"Cidadania mobiliza com \u201921 Dias de Ativismo pela Elimina\u00e7\u00e3o da Discrimina\u00e7\u00e3o Racial e Religiosa - O PROGRESSO\",\"isPartOf\":{\"@id\":\"https:\/\/progresso.com.br\/#website\"},\"primaryImageOfPage\":{\"@id\":\"https:\/\/progresso.com.br\/index.php\/2026\/03\/10\/cidadania-mobiliza-com-21-dias-de-ativismo-pela-eliminacao-da-discriminacao-racial-e-religiosa\/#primaryimage\"},\"image\":{\"@id\":\"https:\/\/progresso.com.br\/index.php\/2026\/03\/10\/cidadania-mobiliza-com-21-dias-de-ativismo-pela-eliminacao-da-discriminacao-racial-e-religiosa\/#primaryimage\"},\"thumbnailUrl\":\"https:\/\/progresso.com.br\/wp-content\/uploads\/2026\/03\/Abertura-Novembro-Negro-Subs-Racial-fotos-Matheus-Carvalho-8-730x480-1.jpeg\",\"datePublished\":\"2026-03-10T12:51:22+00:00\",\"dateModified\":\"2026-03-10T12:55:21+00:00\",\"breadcrumb\":{\"@id\":\"https:\/\/progresso.com.br\/index.php\/2026\/03\/10\/cidadania-mobiliza-com-21-dias-de-ativismo-pela-eliminacao-da-discriminacao-racial-e-religiosa\/#breadcrumb\"},\"inLanguage\":\"pt-BR\",\"potentialAction\":[{\"@type\":\"ReadAction\",\"target\":[\"https:\/\/progresso.com.br\/index.php\/2026\/03\/10\/cidadania-mobiliza-com-21-dias-de-ativismo-pela-eliminacao-da-discriminacao-racial-e-religiosa\/\"]}]},{\"@type\":\"ImageObject\",\"inLanguage\":\"pt-BR\",\"@id\":\"https:\/\/progresso.com.br\/index.php\/2026\/03\/10\/cidadania-mobiliza-com-21-dias-de-ativismo-pela-eliminacao-da-discriminacao-racial-e-religiosa\/#primaryimage\",\"url\":\"https:\/\/progresso.com.br\/wp-content\/uploads\/2026\/03\/Abertura-Novembro-Negro-Subs-Racial-fotos-Matheus-Carvalho-8-730x480-1.jpeg\",\"contentUrl\":\"https:\/\/progresso.com.br\/wp-content\/uploads\/2026\/03\/Abertura-Novembro-Negro-Subs-Racial-fotos-Matheus-Carvalho-8-730x480-1.jpeg\",\"width\":730,\"height\":480,\"caption\":\"(Matheus Carvalho\/SEC)\"},{\"@type\":\"BreadcrumbList\",\"@id\":\"https:\/\/progresso.com.br\/index.php\/2026\/03\/10\/cidadania-mobiliza-com-21-dias-de-ativismo-pela-eliminacao-da-discriminacao-racial-e-religiosa\/#breadcrumb\",\"itemListElement\":[{\"@type\":\"ListItem\",\"position\":1,\"name\":\"In\u00edcio\",\"item\":\"https:\/\/progresso.com.br\/\"},{\"@type\":\"ListItem\",\"position\":2,\"name\":\"Cidadania mobiliza com \u201921 Dias de Ativismo pela Elimina\u00e7\u00e3o da Discrimina\u00e7\u00e3o Racial e Religiosa\"}]},{\"@type\":\"WebSite\",\"@id\":\"https:\/\/progresso.com.br\/#website\",\"url\":\"https:\/\/progresso.com.br\/\",\"name\":\"O PROGRESSO\",\"description\":\"\",\"publisher\":{\"@id\":\"https:\/\/progresso.com.br\/#organization\"},\"potentialAction\":[{\"@type\":\"SearchAction\",\"target\":{\"@type\":\"EntryPoint\",\"urlTemplate\":\"https:\/\/progresso.com.br\/?s={search_term_string}\"},\"query-input\":{\"@type\":\"PropertyValueSpecification\",\"valueRequired\":true,\"valueName\":\"search_term_string\"}}],\"inLanguage\":\"pt-BR\"},{\"@type\":\"Organization\",\"@id\":\"https:\/\/progresso.com.br\/#organization\",\"name\":\"O PROGRESSO\",\"url\":\"https:\/\/progresso.com.br\/\",\"logo\":{\"@type\":\"ImageObject\",\"inLanguage\":\"pt-BR\",\"@id\":\"https:\/\/progresso.com.br\/#\/schema\/logo\/image\/\",\"url\":\"https:\/\/progresso.com.br\/wp-content\/uploads\/2026\/03\/logo_proog.jpg\",\"contentUrl\":\"https:\/\/progresso.com.br\/wp-content\/uploads\/2026\/03\/logo_proog.jpg\",\"width\":1960,\"height\":1080,\"caption\":\"O PROGRESSO\"},\"image\":{\"@id\":\"https:\/\/progresso.com.br\/#\/schema\/logo\/image\/\"},\"sameAs\":[\"https:\/\/www.facebook.com\/share\/1CeoksKBj6\/\",\"https:\/\/www.instagram.com\/oprogresso_digital\"]},{\"@type\":\"Person\",\"@id\":\"https:\/\/progresso.com.br\/#\/schema\/person\/5dd27138d4463fbbaace62120bfc002b\",\"name\":\"Rose\",\"image\":{\"@type\":\"ImageObject\",\"inLanguage\":\"pt-BR\",\"@id\":\"https:\/\/progresso.com.br\/#\/schema\/person\/image\/\",\"url\":\"https:\/\/secure.gravatar.com\/avatar\/1b6890e759cdd3a88d9f751cb423720b9861c5239167cd3586355638b6556599?s=96&d=mm&r=g\",\"contentUrl\":\"https:\/\/secure.gravatar.com\/avatar\/1b6890e759cdd3a88d9f751cb423720b9861c5239167cd3586355638b6556599?s=96&d=mm&r=g\",\"caption\":\"Rose\"},\"url\":\"https:\/\/progresso.com.br\/index.php\/author\/rose\/\"}]}<\/script>\n<!-- \/ Yoast SEO plugin. -->","yoast_head_json":{"title":"Cidadania mobiliza com \u201921 Dias de Ativismo pela Elimina\u00e7\u00e3o da Discrimina\u00e7\u00e3o Racial e Religiosa - O PROGRESSO","robots":{"index":"index","follow":"follow","max-snippet":"max-snippet:-1","max-image-preview":"max-image-preview:large","max-video-preview":"max-video-preview:-1"},"canonical":"https:\/\/progresso.com.br\/index.php\/2026\/03\/10\/cidadania-mobiliza-com-21-dias-de-ativismo-pela-eliminacao-da-discriminacao-racial-e-religiosa\/","og_locale":"pt_BR","og_type":"article","og_title":"Cidadania mobiliza com \u201921 Dias de Ativismo pela Elimina\u00e7\u00e3o da Discrimina\u00e7\u00e3o Racial e Religiosa - O PROGRESSO","og_description":"Comunica\u00e7\u00e3o da Cidadania A Secretaria de Estado da Cidadania promove, ao longo do m\u00eas de mar\u00e7o, a campanha 21 Dias de Ativismo pela Elimina\u00e7\u00e3o da Discrimina\u00e7\u00e3o Racial e Religiosa, com uma s\u00e9rie de atividades de forma\u00e7\u00e3o, di\u00e1logo comunit\u00e1rio, mobiliza\u00e7\u00e3o social e valoriza\u00e7\u00e3o da cultura negra em diferentes munic\u00edpios de Mato Grosso do Sul. A mobiliza\u00e7\u00e3o [&hellip;]","og_url":"https:\/\/progresso.com.br\/index.php\/2026\/03\/10\/cidadania-mobiliza-com-21-dias-de-ativismo-pela-eliminacao-da-discriminacao-racial-e-religiosa\/","og_site_name":"O PROGRESSO","article_publisher":"https:\/\/www.facebook.com\/share\/1CeoksKBj6\/","article_published_time":"2026-03-10T12:51:22+00:00","article_modified_time":"2026-03-10T12:55:21+00:00","og_image":[{"width":730,"height":480,"url":"https:\/\/progresso.com.br\/wp-content\/uploads\/2026\/03\/Abertura-Novembro-Negro-Subs-Racial-fotos-Matheus-Carvalho-8-730x480-1.jpeg","type":"image\/jpeg"}],"author":"Rose","twitter_card":"summary_large_image","twitter_misc":{"Escrito por":"Rose","Est. tempo de leitura":"2 minutos"},"schema":{"@context":"https:\/\/schema.org","@graph":[{"@type":"Article","@id":"https:\/\/progresso.com.br\/index.php\/2026\/03\/10\/cidadania-mobiliza-com-21-dias-de-ativismo-pela-eliminacao-da-discriminacao-racial-e-religiosa\/#article","isPartOf":{"@id":"https:\/\/progresso.com.br\/index.php\/2026\/03\/10\/cidadania-mobiliza-com-21-dias-de-ativismo-pela-eliminacao-da-discriminacao-racial-e-religiosa\/"},"author":{"name":"Rose","@id":"https:\/\/progresso.com.br\/#\/schema\/person\/5dd27138d4463fbbaace62120bfc002b"},"headline":"Cidadania mobiliza com \u201921 Dias de Ativismo pela Elimina\u00e7\u00e3o da Discrimina\u00e7\u00e3o Racial e Religiosa","datePublished":"2026-03-10T12:51:22+00:00","dateModified":"2026-03-10T12:55:21+00:00","mainEntityOfPage":{"@id":"https:\/\/progresso.com.br\/index.php\/2026\/03\/10\/cidadania-mobiliza-com-21-dias-de-ativismo-pela-eliminacao-da-discriminacao-racial-e-religiosa\/"},"wordCount":510,"commentCount":0,"publisher":{"@id":"https:\/\/progresso.com.br\/#organization"},"image":{"@id":"https:\/\/progresso.com.br\/index.php\/2026\/03\/10\/cidadania-mobiliza-com-21-dias-de-ativismo-pela-eliminacao-da-discriminacao-racial-e-religiosa\/#primaryimage"},"thumbnailUrl":"https:\/\/progresso.com.br\/wp-content\/uploads\/2026\/03\/Abertura-Novembro-Negro-Subs-Racial-fotos-Matheus-Carvalho-8-730x480-1.jpeg","articleSection":["Cultura","Em destaque"],"inLanguage":"pt-BR","potentialAction":[{"@type":"CommentAction","name":"Comment","target":["https:\/\/progresso.com.br\/index.php\/2026\/03\/10\/cidadania-mobiliza-com-21-dias-de-ativismo-pela-eliminacao-da-discriminacao-racial-e-religiosa\/#respond"]}]},{"@type":"WebPage","@id":"https:\/\/progresso.com.br\/index.php\/2026\/03\/10\/cidadania-mobiliza-com-21-dias-de-ativismo-pela-eliminacao-da-discriminacao-racial-e-religiosa\/","url":"https:\/\/progresso.com.br\/index.php\/2026\/03\/10\/cidadania-mobiliza-com-21-dias-de-ativismo-pela-eliminacao-da-discriminacao-racial-e-religiosa\/","name":"Cidadania mobiliza com \u201921 Dias de Ativismo pela Elimina\u00e7\u00e3o da Discrimina\u00e7\u00e3o Racial e Religiosa - O PROGRESSO","isPartOf":{"@id":"https:\/\/progresso.com.br\/#website"},"primaryImageOfPage":{"@id":"https:\/\/progresso.com.br\/index.php\/2026\/03\/10\/cidadania-mobiliza-com-21-dias-de-ativismo-pela-eliminacao-da-discriminacao-racial-e-religiosa\/#primaryimage"},"image":{"@id":"https:\/\/progresso.com.br\/index.php\/2026\/03\/10\/cidadania-mobiliza-com-21-dias-de-ativismo-pela-eliminacao-da-discriminacao-racial-e-religiosa\/#primaryimage"},"thumbnailUrl":"https:\/\/progresso.com.br\/wp-content\/uploads\/2026\/03\/Abertura-Novembro-Negro-Subs-Racial-fotos-Matheus-Carvalho-8-730x480-1.jpeg","datePublished":"2026-03-10T12:51:22+00:00","dateModified":"2026-03-10T12:55:21+00:00","breadcrumb":{"@id":"https:\/\/progresso.com.br\/index.php\/2026\/03\/10\/cidadania-mobiliza-com-21-dias-de-ativismo-pela-eliminacao-da-discriminacao-racial-e-religiosa\/#breadcrumb"},"inLanguage":"pt-BR","potentialAction":[{"@type":"ReadAction","target":["https:\/\/progresso.com.br\/index.php\/2026\/03\/10\/cidadania-mobiliza-com-21-dias-de-ativismo-pela-eliminacao-da-discriminacao-racial-e-religiosa\/"]}]},{"@type":"ImageObject","inLanguage":"pt-BR","@id":"https:\/\/progresso.com.br\/index.php\/2026\/03\/10\/cidadania-mobiliza-com-21-dias-de-ativismo-pela-eliminacao-da-discriminacao-racial-e-religiosa\/#primaryimage","url":"https:\/\/progresso.com.br\/wp-content\/uploads\/2026\/03\/Abertura-Novembro-Negro-Subs-Racial-fotos-Matheus-Carvalho-8-730x480-1.jpeg","contentUrl":"https:\/\/progresso.com.br\/wp-content\/uploads\/2026\/03\/Abertura-Novembro-Negro-Subs-Racial-fotos-Matheus-Carvalho-8-730x480-1.jpeg","width":730,"height":480,"caption":"(Matheus Carvalho\/SEC)"},{"@type":"BreadcrumbList","@id":"https:\/\/progresso.com.br\/index.php\/2026\/03\/10\/cidadania-mobiliza-com-21-dias-de-ativismo-pela-eliminacao-da-discriminacao-racial-e-religiosa\/#breadcrumb","itemListElement":[{"@type":"ListItem","position":1,"name":"In\u00edcio","item":"https:\/\/progresso.com.br\/"},{"@type":"ListItem","position":2,"name":"Cidadania mobiliza com \u201921 Dias de Ativismo pela Elimina\u00e7\u00e3o da Discrimina\u00e7\u00e3o Racial e Religiosa"}]},{"@type":"WebSite","@id":"https:\/\/progresso.com.br\/#website","url":"https:\/\/progresso.com.br\/","name":"O PROGRESSO","description":"","publisher":{"@id":"https:\/\/progresso.com.br\/#organization"},"potentialAction":[{"@type":"SearchAction","target":{"@type":"EntryPoint","urlTemplate":"https:\/\/progresso.com.br\/?s={search_term_string}"},"query-input":{"@type":"PropertyValueSpecification","valueRequired":true,"valueName":"search_term_string"}}],"inLanguage":"pt-BR"},{"@type":"Organization","@id":"https:\/\/progresso.com.br\/#organization","name":"O PROGRESSO","url":"https:\/\/progresso.com.br\/","logo":{"@type":"ImageObject","inLanguage":"pt-BR","@id":"https:\/\/progresso.com.br\/#\/schema\/logo\/image\/","url":"https:\/\/progresso.com.br\/wp-content\/uploads\/2026\/03\/logo_proog.jpg","contentUrl":"https:\/\/progresso.com.br\/wp-content\/uploads\/2026\/03\/logo_proog.jpg","width":1960,"height":1080,"caption":"O PROGRESSO"},"image":{"@id":"https:\/\/progresso.com.br\/#\/schema\/logo\/image\/"},"sameAs":["https:\/\/www.facebook.com\/share\/1CeoksKBj6\/","https:\/\/www.instagram.com\/oprogresso_digital"]},{"@type":"Person","@id":"https:\/\/progresso.com.br\/#\/schema\/person\/5dd27138d4463fbbaace62120bfc002b","name":"Rose","image":{"@type":"ImageObject","inLanguage":"pt-BR","@id":"https:\/\/progresso.com.br\/#\/schema\/person\/image\/","url":"https:\/\/secure.gravatar.com\/avatar\/1b6890e759cdd3a88d9f751cb423720b9861c5239167cd3586355638b6556599?s=96&d=mm&r=g","contentUrl":"https:\/\/secure.gravatar.com\/avatar\/1b6890e759cdd3a88d9f751cb423720b9861c5239167cd3586355638b6556599?s=96&d=mm&r=g","caption":"Rose"},"url":"https:\/\/progresso.com.br\/index.php\/author\/rose\/"}]}},"_links":{"self":[{"href":"https:\/\/progresso.com.br\/index.php\/wp-json\/wp\/v2\/posts\/552","targetHints":{"allow":["GET"]}}],"collection":[{"href":"https:\/\/progresso.com.br\/index.php\/wp-json\/wp\/v2\/posts"}],"about":[{"href":"https:\/\/progresso.com.br\/index.php\/wp-json\/wp\/v2\/types\/post"}],"author":[{"embeddable":true,"href":"https:\/\/progresso.com.br\/index.php\/wp-json\/wp\/v2\/users\/2"}],"replies":[{"embeddable":true,"href":"https:\/\/progresso.com.br\/index.php\/wp-json\/wp\/v2\/comments?post=552"}],"version-history":[{"count":1,"href":"https:\/\/progresso.com.br\/index.php\/wp-json\/wp\/v2\/posts\/552\/revisions"}],"predecessor-version":[{"id":554,"href":"https:\/\/progresso.com.br\/index.php\/wp-json\/wp\/v2\/posts\/552\/revisions\/554"}],"wp:featuredmedia":[{"embeddable":true,"href":"https:\/\/progresso.com.br\/index.php\/wp-json\/wp\/v2\/media\/553"}],"wp:attachment":[{"href":"https:\/\/progresso.com.br\/index.php\/wp-json\/wp\/v2\/media?parent=552"}],"wp:term":[{"taxonomy":"category","embeddable":true,"href":"https:\/\/progresso.com.br\/index.php\/wp-json\/wp\/v2\/categories?post=552"},{"taxonomy":"post_tag","embeddable":true,"href":"https:\/\/progresso.com.br\/index.php\/wp-json\/wp\/v2\/tags?post=552"}],"curies":[{"name":"wp","href":"https:\/\/api.w.org\/{rel}","templated":true}]}}