{"id":555,"date":"2026-03-10T08:55:05","date_gmt":"2026-03-10T12:55:05","guid":{"rendered":"https:\/\/10nl.com.br\/?p=555"},"modified":"2026-03-10T08:55:05","modified_gmt":"2026-03-10T12:55:05","slug":"nova-regra-eleva-indice-de-aprovacao-nos-exames-praticos-de-direcao-em-mato-grosso-do-sul","status":"publish","type":"post","link":"https:\/\/progresso.com.br\/index.php\/2026\/03\/10\/nova-regra-eleva-indice-de-aprovacao-nos-exames-praticos-de-direcao-em-mato-grosso-do-sul\/","title":{"rendered":"Nova regra eleva \u00edndice de aprova\u00e7\u00e3o nos exames pr\u00e1ticos de dire\u00e7\u00e3o em Mato Grosso do Sul"},"content":{"rendered":"\n<p><em><strong>Primeiro bimestre mostra aumento na aprova\u00e7\u00e3o em exames pr\u00e1ticos de dire\u00e7\u00e3o em MS<\/strong><\/em><\/p>\n\n\n\n<p><em> Comunica\u00e7\u00e3o Detran-MS<\/em><\/p>\n\n\n\n<p>Os \u00edndices de aprova\u00e7\u00e3o nos exames pr\u00e1ticos de dire\u00e7\u00e3o veicular em Mato Grosso do Sul apresentaram aumento significativo ap\u00f3s a atualiza\u00e7\u00e3o dos crit\u00e9rios de avalia\u00e7\u00e3o definidos nacionalmente pela Secretaria Nacional de Tr\u00e2nsito.<\/p>\n\n\n\n<p>No Estado, as mudan\u00e7as foram regulamentadas pela Portaria Detran-MS N n\u00ba 202 de 2026, que estabelece os requisitos para a realiza\u00e7\u00e3o do exame pr\u00e1tico de dire\u00e7\u00e3o veicular para candidatos \u00e0 Permiss\u00e3o para Dirigir e \u00e0 Carteira Nacional de Habilita\u00e7\u00e3o.<\/p>\n\n\n\n<p>Comparando os meses de janeiro e fevereiro de 2025 com o mesmo per\u00edodo de 2026, j\u00e1 sob a nova regulamenta\u00e7\u00e3o, observa-se aumento expressivo no percentual de candidatos aprovados.<\/p>\n\n\n\n<p>Na categoria A, destinada a condutores de motocicletas, o \u00edndice de aprova\u00e7\u00e3o saltou de 66% no primeiro bimestre de 2025 para 92% em 2026. No per\u00edodo mais recente, 3.139 candidatos foram considerados aptos e 266 inaptos, em um total de 3.405 exames realizados. No mesmo per\u00edodo do ano passado, foram 3.672 aprovados e 1.913 reprovados entre 5.585 avalia\u00e7\u00f5es.<\/p>\n\n\n<div class=\"wp-block-image\">\n<figure class=\"aligncenter\"><a href=\"https:\/\/agenciadenoticias.ms.gov.br\/wp-content\/uploads\/2026\/03\/WhatsApp-Image-2026-03-09-at-08.44.49-1-scaled.jpeg\"><img decoding=\"async\" src=\"https:\/\/agenciadenoticias.ms.gov.br\/wp-content\/uploads\/2026\/03\/WhatsApp-Image-2026-03-09-at-08.44.49-1-1024x576.jpeg\" alt=\"\" class=\"wp-image-535723\"\/><\/a><\/figure>\n<\/div>\n\n\n<p>Nas categorias de quatro rodas \u2014 B, C, D e E \u2014 a taxa de aprova\u00e7\u00e3o tamb\u00e9m apresentou crescimento relevante. O percentual passou de 54% em 2025 para 78% em 2026. Nos dois primeiros meses deste ano, 6.370 candidatos foram aprovados e 1.847 reprovados, em um total de 8.217 exames. J\u00e1 no primeiro bimestre do ano anterior, 6.982 candidatos foram considerados aptos e 5.984 inaptos entre 12.966 avalia\u00e7\u00f5es.<\/p>\n\n\n\n<p>Considerando todas as categorias, Mato Grosso do Sul realizou 11.622 exames pr\u00e1ticos em janeiro e fevereiro de 2026, enquanto no mesmo per\u00edodo de 2025 foram 18.551 avalia\u00e7\u00f5es.<\/p>\n\n\n\n<p>Os dados indicam que, mesmo com menor volume de exames aplicados no in\u00edcio deste ano, a propor\u00e7\u00e3o de candidatos aprovados cresceu de forma consistente. Na categoria A, o aumento foi de 26 pontos percentuais no \u00edndice de aprova\u00e7\u00e3o. J\u00e1 nas categorias de quatro rodas, a eleva\u00e7\u00e3o foi de 24 pontos<\/p>\n\n\n\n<p>O aumento nos \u00edndices de aprova\u00e7\u00e3o pode ser atribu\u00eddo \u00e0 atualiza\u00e7\u00e3o dos crit\u00e9rios de pontua\u00e7\u00e3o do exame pr\u00e1tico, estabelecida pela Resolu\u00e7\u00e3o Contran n\u00ba 1020 de 2022. Entre as altera\u00e7\u00f5es, est\u00e1 o aumento do limite de pontos que o candidato pode perder durante a avalia\u00e7\u00e3o.&nbsp;<\/p>\n\n\n\n<p>Antes, conforme a Resolu\u00e7\u00e3o Contran n\u00ba 789 de 2020, o candidato podia perder at\u00e9 tr\u00eas pontos, com faltas classificadas como leves (1 ponto), m\u00e9dias (2 pontos) e graves (3 pontos). Com a nova regulamenta\u00e7\u00e3o, o limite passou para dez pontos e a classifica\u00e7\u00e3o dos erros foi alinhada \u00e0s infra\u00e7\u00f5es previstas no C\u00f3digo de Tr\u00e2nsito Brasileiro: leve (1 ponto), m\u00e9dia (2 pontos), grave (4 pontos) e grav\u00edssima (6 pontos).<\/p>\n\n\n\n<p>A gerente de Exames do Detran-MS, Lina Zeinab, avalia que as mudan\u00e7as no modelo de avalia\u00e7\u00e3o favorecem muito os candidatos. \u201cA nova resolu\u00e7\u00e3o trouxe crit\u00e9rios mais alinhados ao C\u00f3digo de Tr\u00e2nsito Brasileiro e ampliou as possibilidades de avalia\u00e7\u00e3o do candidato durante o percurso. Mas vale lembrar que o examinador continua observando o dom\u00ednio do ve\u00edculo, o respeito \u00e0s normas e o comportamento seguro no tr\u00e2nsito\u201d, explica.<\/p>\n\n\n\n<p>Outra altera\u00e7\u00e3o relevante foi a retirada da etapa de baliza do exame pr\u00e1tico. A avalia\u00e7\u00e3o passa a ser realizada exclusivamente em percurso, sob acompanhamento do examinador de tr\u00e2nsito do Detran.<\/p>\n\n\n\n<p><\/p>\n","protected":false},"excerpt":{"rendered":"<p>Primeiro bimestre mostra aumento na aprova\u00e7\u00e3o em exames pr\u00e1ticos de dire\u00e7\u00e3o em MS Comunica\u00e7\u00e3o Detran-MS Os \u00edndices de aprova\u00e7\u00e3o nos exames pr\u00e1ticos de dire\u00e7\u00e3o veicular em Mato Grosso do Sul apresentaram aumento significativo ap\u00f3s a atualiza\u00e7\u00e3o dos crit\u00e9rios de avalia\u00e7\u00e3o definidos nacionalmente pela Secretaria Nacional de Tr\u00e2nsito. No Estado, as mudan\u00e7as foram regulamentadas pela Portaria [&hellip;]<\/p>\n","protected":false},"author":2,"featured_media":556,"comment_status":"open","ping_status":"open","sticky":false,"template":"","format":"standard","meta":{"footnotes":""},"categories":[13,2],"tags":[],"class_list":["post-555","post","type-post","status-publish","format-standard","has-post-thumbnail","hentry","category-cotidiano","category-destaque"],"yoast_head":"<!-- This site is optimized with the Yoast SEO plugin v27.1.1 - https:\/\/yoast.com\/product\/yoast-seo-wordpress\/ -->\n<title>Nova regra eleva \u00edndice de aprova\u00e7\u00e3o nos exames pr\u00e1ticos de dire\u00e7\u00e3o em Mato Grosso do Sul - O PROGRESSO<\/title>\n<meta name=\"robots\" content=\"index, follow, max-snippet:-1, max-image-preview:large, max-video-preview:-1\" \/>\n<link rel=\"canonical\" href=\"https:\/\/progresso.com.br\/index.php\/2026\/03\/10\/nova-regra-eleva-indice-de-aprovacao-nos-exames-praticos-de-direcao-em-mato-grosso-do-sul\/\" \/>\n<meta property=\"og:locale\" content=\"pt_BR\" \/>\n<meta property=\"og:type\" content=\"article\" \/>\n<meta property=\"og:title\" content=\"Nova regra eleva \u00edndice de aprova\u00e7\u00e3o nos exames pr\u00e1ticos de dire\u00e7\u00e3o em Mato Grosso do Sul - O PROGRESSO\" \/>\n<meta property=\"og:description\" content=\"Primeiro bimestre mostra aumento na aprova\u00e7\u00e3o em exames pr\u00e1ticos de dire\u00e7\u00e3o em MS Comunica\u00e7\u00e3o Detran-MS Os \u00edndices de aprova\u00e7\u00e3o nos exames pr\u00e1ticos de dire\u00e7\u00e3o veicular em Mato Grosso do Sul apresentaram aumento significativo ap\u00f3s a atualiza\u00e7\u00e3o dos crit\u00e9rios de avalia\u00e7\u00e3o definidos nacionalmente pela Secretaria Nacional de Tr\u00e2nsito. No Estado, as mudan\u00e7as foram regulamentadas pela Portaria [&hellip;]\" \/>\n<meta property=\"og:url\" content=\"https:\/\/progresso.com.br\/index.php\/2026\/03\/10\/nova-regra-eleva-indice-de-aprovacao-nos-exames-praticos-de-direcao-em-mato-grosso-do-sul\/\" \/>\n<meta property=\"og:site_name\" content=\"O PROGRESSO\" \/>\n<meta property=\"article:publisher\" content=\"https:\/\/www.facebook.com\/share\/1CeoksKBj6\/\" \/>\n<meta property=\"article:published_time\" content=\"2026-03-10T12:55:05+00:00\" \/>\n<meta property=\"og:image\" content=\"https:\/\/progresso.com.br\/wp-content\/uploads\/2026\/03\/prova-pratica-de-moto-T-mar26-foto-rachid-waqued-730x480-1.jpg\" \/>\n\t<meta property=\"og:image:width\" content=\"730\" \/>\n\t<meta property=\"og:image:height\" content=\"480\" \/>\n\t<meta property=\"og:image:type\" content=\"image\/jpeg\" \/>\n<meta name=\"author\" content=\"Rose\" \/>\n<meta name=\"twitter:card\" content=\"summary_large_image\" \/>\n<meta name=\"twitter:label1\" content=\"Escrito por\" \/>\n\t<meta name=\"twitter:data1\" content=\"Rose\" \/>\n\t<meta name=\"twitter:label2\" content=\"Est. tempo de leitura\" \/>\n\t<meta name=\"twitter:data2\" content=\"3 minutos\" \/>\n<script type=\"application\/ld+json\" class=\"yoast-schema-graph\">{\"@context\":\"https:\/\/schema.org\",\"@graph\":[{\"@type\":\"Article\",\"@id\":\"https:\/\/progresso.com.br\/index.php\/2026\/03\/10\/nova-regra-eleva-indice-de-aprovacao-nos-exames-praticos-de-direcao-em-mato-grosso-do-sul\/#article\",\"isPartOf\":{\"@id\":\"https:\/\/progresso.com.br\/index.php\/2026\/03\/10\/nova-regra-eleva-indice-de-aprovacao-nos-exames-praticos-de-direcao-em-mato-grosso-do-sul\/\"},\"author\":{\"name\":\"Rose\",\"@id\":\"https:\/\/progresso.com.br\/#\/schema\/person\/5dd27138d4463fbbaace62120bfc002b\"},\"headline\":\"Nova regra eleva \u00edndice de aprova\u00e7\u00e3o nos exames pr\u00e1ticos de dire\u00e7\u00e3o em Mato Grosso do Sul\",\"datePublished\":\"2026-03-10T12:55:05+00:00\",\"mainEntityOfPage\":{\"@id\":\"https:\/\/progresso.com.br\/index.php\/2026\/03\/10\/nova-regra-eleva-indice-de-aprovacao-nos-exames-praticos-de-direcao-em-mato-grosso-do-sul\/\"},\"wordCount\":566,\"commentCount\":0,\"publisher\":{\"@id\":\"https:\/\/progresso.com.br\/#organization\"},\"image\":{\"@id\":\"https:\/\/progresso.com.br\/index.php\/2026\/03\/10\/nova-regra-eleva-indice-de-aprovacao-nos-exames-praticos-de-direcao-em-mato-grosso-do-sul\/#primaryimage\"},\"thumbnailUrl\":\"https:\/\/progresso.com.br\/wp-content\/uploads\/2026\/03\/prova-pratica-de-moto-T-mar26-foto-rachid-waqued-730x480-1.jpg\",\"articleSection\":[\"Cotidiano\",\"Em destaque\"],\"inLanguage\":\"pt-BR\",\"potentialAction\":[{\"@type\":\"CommentAction\",\"name\":\"Comment\",\"target\":[\"https:\/\/progresso.com.br\/index.php\/2026\/03\/10\/nova-regra-eleva-indice-de-aprovacao-nos-exames-praticos-de-direcao-em-mato-grosso-do-sul\/#respond\"]}]},{\"@type\":\"WebPage\",\"@id\":\"https:\/\/progresso.com.br\/index.php\/2026\/03\/10\/nova-regra-eleva-indice-de-aprovacao-nos-exames-praticos-de-direcao-em-mato-grosso-do-sul\/\",\"url\":\"https:\/\/progresso.com.br\/index.php\/2026\/03\/10\/nova-regra-eleva-indice-de-aprovacao-nos-exames-praticos-de-direcao-em-mato-grosso-do-sul\/\",\"name\":\"Nova regra eleva \u00edndice de aprova\u00e7\u00e3o nos exames pr\u00e1ticos de dire\u00e7\u00e3o em Mato Grosso do Sul - O PROGRESSO\",\"isPartOf\":{\"@id\":\"https:\/\/progresso.com.br\/#website\"},\"primaryImageOfPage\":{\"@id\":\"https:\/\/progresso.com.br\/index.php\/2026\/03\/10\/nova-regra-eleva-indice-de-aprovacao-nos-exames-praticos-de-direcao-em-mato-grosso-do-sul\/#primaryimage\"},\"image\":{\"@id\":\"https:\/\/progresso.com.br\/index.php\/2026\/03\/10\/nova-regra-eleva-indice-de-aprovacao-nos-exames-praticos-de-direcao-em-mato-grosso-do-sul\/#primaryimage\"},\"thumbnailUrl\":\"https:\/\/progresso.com.br\/wp-content\/uploads\/2026\/03\/prova-pratica-de-moto-T-mar26-foto-rachid-waqued-730x480-1.jpg\",\"datePublished\":\"2026-03-10T12:55:05+00:00\",\"breadcrumb\":{\"@id\":\"https:\/\/progresso.com.br\/index.php\/2026\/03\/10\/nova-regra-eleva-indice-de-aprovacao-nos-exames-praticos-de-direcao-em-mato-grosso-do-sul\/#breadcrumb\"},\"inLanguage\":\"pt-BR\",\"potentialAction\":[{\"@type\":\"ReadAction\",\"target\":[\"https:\/\/progresso.com.br\/index.php\/2026\/03\/10\/nova-regra-eleva-indice-de-aprovacao-nos-exames-praticos-de-direcao-em-mato-grosso-do-sul\/\"]}]},{\"@type\":\"ImageObject\",\"inLanguage\":\"pt-BR\",\"@id\":\"https:\/\/progresso.com.br\/index.php\/2026\/03\/10\/nova-regra-eleva-indice-de-aprovacao-nos-exames-praticos-de-direcao-em-mato-grosso-do-sul\/#primaryimage\",\"url\":\"https:\/\/progresso.com.br\/wp-content\/uploads\/2026\/03\/prova-pratica-de-moto-T-mar26-foto-rachid-waqued-730x480-1.jpg\",\"contentUrl\":\"https:\/\/progresso.com.br\/wp-content\/uploads\/2026\/03\/prova-pratica-de-moto-T-mar26-foto-rachid-waqued-730x480-1.jpg\",\"width\":730,\"height\":480,\"caption\":\"(Fotos:Rachid Waqued\/Detran \/Rodrigo Maia\/Detran)\"},{\"@type\":\"BreadcrumbList\",\"@id\":\"https:\/\/progresso.com.br\/index.php\/2026\/03\/10\/nova-regra-eleva-indice-de-aprovacao-nos-exames-praticos-de-direcao-em-mato-grosso-do-sul\/#breadcrumb\",\"itemListElement\":[{\"@type\":\"ListItem\",\"position\":1,\"name\":\"In\u00edcio\",\"item\":\"https:\/\/progresso.com.br\/\"},{\"@type\":\"ListItem\",\"position\":2,\"name\":\"Nova regra eleva \u00edndice de aprova\u00e7\u00e3o nos exames pr\u00e1ticos de dire\u00e7\u00e3o em Mato Grosso do Sul\"}]},{\"@type\":\"WebSite\",\"@id\":\"https:\/\/progresso.com.br\/#website\",\"url\":\"https:\/\/progresso.com.br\/\",\"name\":\"O PROGRESSO\",\"description\":\"\",\"publisher\":{\"@id\":\"https:\/\/progresso.com.br\/#organization\"},\"potentialAction\":[{\"@type\":\"SearchAction\",\"target\":{\"@type\":\"EntryPoint\",\"urlTemplate\":\"https:\/\/progresso.com.br\/?s={search_term_string}\"},\"query-input\":{\"@type\":\"PropertyValueSpecification\",\"valueRequired\":true,\"valueName\":\"search_term_string\"}}],\"inLanguage\":\"pt-BR\"},{\"@type\":\"Organization\",\"@id\":\"https:\/\/progresso.com.br\/#organization\",\"name\":\"O PROGRESSO\",\"url\":\"https:\/\/progresso.com.br\/\",\"logo\":{\"@type\":\"ImageObject\",\"inLanguage\":\"pt-BR\",\"@id\":\"https:\/\/progresso.com.br\/#\/schema\/logo\/image\/\",\"url\":\"https:\/\/progresso.com.br\/wp-content\/uploads\/2026\/03\/logo_proog.jpg\",\"contentUrl\":\"https:\/\/progresso.com.br\/wp-content\/uploads\/2026\/03\/logo_proog.jpg\",\"width\":1960,\"height\":1080,\"caption\":\"O PROGRESSO\"},\"image\":{\"@id\":\"https:\/\/progresso.com.br\/#\/schema\/logo\/image\/\"},\"sameAs\":[\"https:\/\/www.facebook.com\/share\/1CeoksKBj6\/\",\"https:\/\/www.instagram.com\/oprogresso_digital\"]},{\"@type\":\"Person\",\"@id\":\"https:\/\/progresso.com.br\/#\/schema\/person\/5dd27138d4463fbbaace62120bfc002b\",\"name\":\"Rose\",\"image\":{\"@type\":\"ImageObject\",\"inLanguage\":\"pt-BR\",\"@id\":\"https:\/\/progresso.com.br\/#\/schema\/person\/image\/\",\"url\":\"https:\/\/secure.gravatar.com\/avatar\/1b6890e759cdd3a88d9f751cb423720b9861c5239167cd3586355638b6556599?s=96&d=mm&r=g\",\"contentUrl\":\"https:\/\/secure.gravatar.com\/avatar\/1b6890e759cdd3a88d9f751cb423720b9861c5239167cd3586355638b6556599?s=96&d=mm&r=g\",\"caption\":\"Rose\"},\"url\":\"https:\/\/progresso.com.br\/index.php\/author\/rose\/\"}]}<\/script>\n<!-- \/ Yoast SEO plugin. -->","yoast_head_json":{"title":"Nova regra eleva \u00edndice de aprova\u00e7\u00e3o nos exames pr\u00e1ticos de dire\u00e7\u00e3o em Mato Grosso do Sul - O PROGRESSO","robots":{"index":"index","follow":"follow","max-snippet":"max-snippet:-1","max-image-preview":"max-image-preview:large","max-video-preview":"max-video-preview:-1"},"canonical":"https:\/\/progresso.com.br\/index.php\/2026\/03\/10\/nova-regra-eleva-indice-de-aprovacao-nos-exames-praticos-de-direcao-em-mato-grosso-do-sul\/","og_locale":"pt_BR","og_type":"article","og_title":"Nova regra eleva \u00edndice de aprova\u00e7\u00e3o nos exames pr\u00e1ticos de dire\u00e7\u00e3o em Mato Grosso do Sul - O PROGRESSO","og_description":"Primeiro bimestre mostra aumento na aprova\u00e7\u00e3o em exames pr\u00e1ticos de dire\u00e7\u00e3o em MS Comunica\u00e7\u00e3o Detran-MS Os \u00edndices de aprova\u00e7\u00e3o nos exames pr\u00e1ticos de dire\u00e7\u00e3o veicular em Mato Grosso do Sul apresentaram aumento significativo ap\u00f3s a atualiza\u00e7\u00e3o dos crit\u00e9rios de avalia\u00e7\u00e3o definidos nacionalmente pela Secretaria Nacional de Tr\u00e2nsito. No Estado, as mudan\u00e7as foram regulamentadas pela Portaria [&hellip;]","og_url":"https:\/\/progresso.com.br\/index.php\/2026\/03\/10\/nova-regra-eleva-indice-de-aprovacao-nos-exames-praticos-de-direcao-em-mato-grosso-do-sul\/","og_site_name":"O PROGRESSO","article_publisher":"https:\/\/www.facebook.com\/share\/1CeoksKBj6\/","article_published_time":"2026-03-10T12:55:05+00:00","og_image":[{"width":730,"height":480,"url":"https:\/\/progresso.com.br\/wp-content\/uploads\/2026\/03\/prova-pratica-de-moto-T-mar26-foto-rachid-waqued-730x480-1.jpg","type":"image\/jpeg"}],"author":"Rose","twitter_card":"summary_large_image","twitter_misc":{"Escrito por":"Rose","Est. tempo de leitura":"3 minutos"},"schema":{"@context":"https:\/\/schema.org","@graph":[{"@type":"Article","@id":"https:\/\/progresso.com.br\/index.php\/2026\/03\/10\/nova-regra-eleva-indice-de-aprovacao-nos-exames-praticos-de-direcao-em-mato-grosso-do-sul\/#article","isPartOf":{"@id":"https:\/\/progresso.com.br\/index.php\/2026\/03\/10\/nova-regra-eleva-indice-de-aprovacao-nos-exames-praticos-de-direcao-em-mato-grosso-do-sul\/"},"author":{"name":"Rose","@id":"https:\/\/progresso.com.br\/#\/schema\/person\/5dd27138d4463fbbaace62120bfc002b"},"headline":"Nova regra eleva \u00edndice de aprova\u00e7\u00e3o nos exames pr\u00e1ticos de dire\u00e7\u00e3o em Mato Grosso do Sul","datePublished":"2026-03-10T12:55:05+00:00","mainEntityOfPage":{"@id":"https:\/\/progresso.com.br\/index.php\/2026\/03\/10\/nova-regra-eleva-indice-de-aprovacao-nos-exames-praticos-de-direcao-em-mato-grosso-do-sul\/"},"wordCount":566,"commentCount":0,"publisher":{"@id":"https:\/\/progresso.com.br\/#organization"},"image":{"@id":"https:\/\/progresso.com.br\/index.php\/2026\/03\/10\/nova-regra-eleva-indice-de-aprovacao-nos-exames-praticos-de-direcao-em-mato-grosso-do-sul\/#primaryimage"},"thumbnailUrl":"https:\/\/progresso.com.br\/wp-content\/uploads\/2026\/03\/prova-pratica-de-moto-T-mar26-foto-rachid-waqued-730x480-1.jpg","articleSection":["Cotidiano","Em destaque"],"inLanguage":"pt-BR","potentialAction":[{"@type":"CommentAction","name":"Comment","target":["https:\/\/progresso.com.br\/index.php\/2026\/03\/10\/nova-regra-eleva-indice-de-aprovacao-nos-exames-praticos-de-direcao-em-mato-grosso-do-sul\/#respond"]}]},{"@type":"WebPage","@id":"https:\/\/progresso.com.br\/index.php\/2026\/03\/10\/nova-regra-eleva-indice-de-aprovacao-nos-exames-praticos-de-direcao-em-mato-grosso-do-sul\/","url":"https:\/\/progresso.com.br\/index.php\/2026\/03\/10\/nova-regra-eleva-indice-de-aprovacao-nos-exames-praticos-de-direcao-em-mato-grosso-do-sul\/","name":"Nova regra eleva \u00edndice de aprova\u00e7\u00e3o nos exames pr\u00e1ticos de dire\u00e7\u00e3o em Mato Grosso do Sul - O PROGRESSO","isPartOf":{"@id":"https:\/\/progresso.com.br\/#website"},"primaryImageOfPage":{"@id":"https:\/\/progresso.com.br\/index.php\/2026\/03\/10\/nova-regra-eleva-indice-de-aprovacao-nos-exames-praticos-de-direcao-em-mato-grosso-do-sul\/#primaryimage"},"image":{"@id":"https:\/\/progresso.com.br\/index.php\/2026\/03\/10\/nova-regra-eleva-indice-de-aprovacao-nos-exames-praticos-de-direcao-em-mato-grosso-do-sul\/#primaryimage"},"thumbnailUrl":"https:\/\/progresso.com.br\/wp-content\/uploads\/2026\/03\/prova-pratica-de-moto-T-mar26-foto-rachid-waqued-730x480-1.jpg","datePublished":"2026-03-10T12:55:05+00:00","breadcrumb":{"@id":"https:\/\/progresso.com.br\/index.php\/2026\/03\/10\/nova-regra-eleva-indice-de-aprovacao-nos-exames-praticos-de-direcao-em-mato-grosso-do-sul\/#breadcrumb"},"inLanguage":"pt-BR","potentialAction":[{"@type":"ReadAction","target":["https:\/\/progresso.com.br\/index.php\/2026\/03\/10\/nova-regra-eleva-indice-de-aprovacao-nos-exames-praticos-de-direcao-em-mato-grosso-do-sul\/"]}]},{"@type":"ImageObject","inLanguage":"pt-BR","@id":"https:\/\/progresso.com.br\/index.php\/2026\/03\/10\/nova-regra-eleva-indice-de-aprovacao-nos-exames-praticos-de-direcao-em-mato-grosso-do-sul\/#primaryimage","url":"https:\/\/progresso.com.br\/wp-content\/uploads\/2026\/03\/prova-pratica-de-moto-T-mar26-foto-rachid-waqued-730x480-1.jpg","contentUrl":"https:\/\/progresso.com.br\/wp-content\/uploads\/2026\/03\/prova-pratica-de-moto-T-mar26-foto-rachid-waqued-730x480-1.jpg","width":730,"height":480,"caption":"(Fotos:Rachid Waqued\/Detran \/Rodrigo Maia\/Detran)"},{"@type":"BreadcrumbList","@id":"https:\/\/progresso.com.br\/index.php\/2026\/03\/10\/nova-regra-eleva-indice-de-aprovacao-nos-exames-praticos-de-direcao-em-mato-grosso-do-sul\/#breadcrumb","itemListElement":[{"@type":"ListItem","position":1,"name":"In\u00edcio","item":"https:\/\/progresso.com.br\/"},{"@type":"ListItem","position":2,"name":"Nova regra eleva \u00edndice de aprova\u00e7\u00e3o nos exames pr\u00e1ticos de dire\u00e7\u00e3o em Mato Grosso do Sul"}]},{"@type":"WebSite","@id":"https:\/\/progresso.com.br\/#website","url":"https:\/\/progresso.com.br\/","name":"O PROGRESSO","description":"","publisher":{"@id":"https:\/\/progresso.com.br\/#organization"},"potentialAction":[{"@type":"SearchAction","target":{"@type":"EntryPoint","urlTemplate":"https:\/\/progresso.com.br\/?s={search_term_string}"},"query-input":{"@type":"PropertyValueSpecification","valueRequired":true,"valueName":"search_term_string"}}],"inLanguage":"pt-BR"},{"@type":"Organization","@id":"https:\/\/progresso.com.br\/#organization","name":"O PROGRESSO","url":"https:\/\/progresso.com.br\/","logo":{"@type":"ImageObject","inLanguage":"pt-BR","@id":"https:\/\/progresso.com.br\/#\/schema\/logo\/image\/","url":"https:\/\/progresso.com.br\/wp-content\/uploads\/2026\/03\/logo_proog.jpg","contentUrl":"https:\/\/progresso.com.br\/wp-content\/uploads\/2026\/03\/logo_proog.jpg","width":1960,"height":1080,"caption":"O PROGRESSO"},"image":{"@id":"https:\/\/progresso.com.br\/#\/schema\/logo\/image\/"},"sameAs":["https:\/\/www.facebook.com\/share\/1CeoksKBj6\/","https:\/\/www.instagram.com\/oprogresso_digital"]},{"@type":"Person","@id":"https:\/\/progresso.com.br\/#\/schema\/person\/5dd27138d4463fbbaace62120bfc002b","name":"Rose","image":{"@type":"ImageObject","inLanguage":"pt-BR","@id":"https:\/\/progresso.com.br\/#\/schema\/person\/image\/","url":"https:\/\/secure.gravatar.com\/avatar\/1b6890e759cdd3a88d9f751cb423720b9861c5239167cd3586355638b6556599?s=96&d=mm&r=g","contentUrl":"https:\/\/secure.gravatar.com\/avatar\/1b6890e759cdd3a88d9f751cb423720b9861c5239167cd3586355638b6556599?s=96&d=mm&r=g","caption":"Rose"},"url":"https:\/\/progresso.com.br\/index.php\/author\/rose\/"}]}},"_links":{"self":[{"href":"https:\/\/progresso.com.br\/index.php\/wp-json\/wp\/v2\/posts\/555","targetHints":{"allow":["GET"]}}],"collection":[{"href":"https:\/\/progresso.com.br\/index.php\/wp-json\/wp\/v2\/posts"}],"about":[{"href":"https:\/\/progresso.com.br\/index.php\/wp-json\/wp\/v2\/types\/post"}],"author":[{"embeddable":true,"href":"https:\/\/progresso.com.br\/index.php\/wp-json\/wp\/v2\/users\/2"}],"replies":[{"embeddable":true,"href":"https:\/\/progresso.com.br\/index.php\/wp-json\/wp\/v2\/comments?post=555"}],"version-history":[{"count":1,"href":"https:\/\/progresso.com.br\/index.php\/wp-json\/wp\/v2\/posts\/555\/revisions"}],"predecessor-version":[{"id":557,"href":"https:\/\/progresso.com.br\/index.php\/wp-json\/wp\/v2\/posts\/555\/revisions\/557"}],"wp:featuredmedia":[{"embeddable":true,"href":"https:\/\/progresso.com.br\/index.php\/wp-json\/wp\/v2\/media\/556"}],"wp:attachment":[{"href":"https:\/\/progresso.com.br\/index.php\/wp-json\/wp\/v2\/media?parent=555"}],"wp:term":[{"taxonomy":"category","embeddable":true,"href":"https:\/\/progresso.com.br\/index.php\/wp-json\/wp\/v2\/categories?post=555"},{"taxonomy":"post_tag","embeddable":true,"href":"https:\/\/progresso.com.br\/index.php\/wp-json\/wp\/v2\/tags?post=555"}],"curies":[{"name":"wp","href":"https:\/\/api.w.org\/{rel}","templated":true}]}}