{"id":558,"date":"2026-03-10T09:07:43","date_gmt":"2026-03-10T13:07:43","guid":{"rendered":"https:\/\/10nl.com.br\/?p=558"},"modified":"2026-03-10T09:07:43","modified_gmt":"2026-03-10T13:07:43","slug":"segunda-chamada-do-psa-pantanal-recebe-inscricoes-ate-6-de-abril","status":"publish","type":"post","link":"https:\/\/progresso.com.br\/index.php\/2026\/03\/10\/segunda-chamada-do-psa-pantanal-recebe-inscricoes-ate-6-de-abril\/","title":{"rendered":"Segunda chamada do PSA Pantanal recebe inscri\u00e7\u00f5es at\u00e9 6 de abril"},"content":{"rendered":"\n<blockquote class=\"wp-block-quote is-layout-flow wp-block-quote-is-layout-flow\">\n<p><\/p>\n<\/blockquote>\n\n\n\n<p><em><strong>70 im\u00f3veis rurais foram aprovados na primeira fase do programa, gerando o montante de R$ 3 milh\u00f5es a serem pagos<\/strong><\/em><\/p>\n\n\n\n<p><em>Comunica\u00e7\u00e3o Sistema Famasul<\/em><\/p>\n\n\n\n<p>O Governo de Mato Grosso do Sul publicou a segunda chamada do edital do Programa de Pagamento por Servi\u00e7os Ambientais (PSA) do Pantanal, iniciativa que remunera produtores rurais pela conserva\u00e7\u00e3o da vegeta\u00e7\u00e3o nativa excedente, al\u00e9m do m\u00ednimo exigido, no bioma, por meio do subprograma \u201cConserva\u00e7\u00e3o e Valoriza\u00e7\u00e3o da Biodiversidade. As inscri\u00e7\u00f5es seguem abertas at\u00e9 o dia 6 de abril de 2026.<\/p>\n\n\n\n<p>Na primeira chamada, mais de 70 propriedades rurais pantaneiras foram aprovadas, totalizando 112 mil hectares conservados e reconhecidos pelo programa O processo gerou o montante de R$ 3 milh\u00f5es a serem pagos aos propriet\u00e1rios dos im\u00f3veis.&nbsp;<\/p>\n\n\n\n<p>O presidente do Sistema Famasul, Marcelo Bertoni, destaca que iniciativas como o PSA refor\u00e7am o reconhecimento do produtor pantaneiro como aliado da preserva\u00e7\u00e3o ambiental. \u201cOs produtores rurais do bioma t\u00eam um hist\u00f3rico de conviv\u00eancia harmoniosa com o bioma. Programas como o PSA ajudam a valorizar esse trabalho e criam mecanismos que incentivam ainda mais a conserva\u00e7\u00e3o aliada \u00e0 produ\u00e7\u00e3o\u201d, afirma.<\/p>\n\n\n\n<p>Nesta chamada, o Estado destinar\u00e1 at\u00e9 o limite de R$ 30 milh\u00f5es por meio do Fundo Clima Pantanal, administrado pela Funar\/MS. A proposta reconhece o papel do produtor rural na conserva\u00e7\u00e3o do bioma e busca fortalecer pr\u00e1ticas produtivas que conciliam preserva\u00e7\u00e3o ambiental e atividade econ\u00f4mica.<\/p>\n\n\n\n<p>Para o produtor rural pantaneiro na Nhecol\u00e2ndia, Vicente Jurgielewicz, contemplado na primeira chamada, destaca que o pagamento significa&nbsp; o reconhecimento ap\u00f3s anos de luta pela valoriza\u00e7\u00e3o da produ\u00e7\u00e3o sustent\u00e1vel no bioma.&nbsp; \u201cFicamos muito satisfeitos. \u00c9 um valor que ajuda a amenizar algumas despesas como impostos. \u00c9 muito satisfat\u00f3rio e estou incentivando outros amigos a tamb\u00e9m participarem\u201d, comenta.<\/p>\n\n\n\n<p><strong>Quem pode participar<\/strong><\/p>\n\n\n\n<p>Podem se inscrever produtores rurais pessoa f\u00edsica ou jur\u00eddica com propriedades localizadas no bioma Pantanal segundo IBGE (2019) e que estejam com o Cadastro Ambiental Rural (CAR) regular.<\/p>\n\n\n\n<p>As inscri\u00e7\u00f5es devem ser&nbsp;<a href=\"https:\/\/prosas.com.br\/editais\/16724-segunda-chamada-edital-semadesc-fundo-clima-pantanal-006-2025-psa-conservacao#!%23tab_vermais_descricao\"><strong>realizadas pela internet<\/strong><\/a>, com envio da documenta\u00e7\u00e3o exigida no edital, que inclui comprova\u00e7\u00e3o de propriedade do im\u00f3vel, certid\u00f5es negativas de d\u00e9bitos fiscais e trabalhistas, declara\u00e7\u00e3o de regularidade ambiental e registro no CAR.<\/p>\n\n\n\n<p>Uma das exig\u00eancias do edital \u00e9 que propriedades com autoriza\u00e7\u00e3o vigente para supress\u00e3o de vegeta\u00e7\u00e3o nativa ou substitui\u00e7\u00e3o de campos nativos optem pelo cancelamento dessas autoriza\u00e7\u00f5es no momento da inscri\u00e7\u00e3o. Caso contr\u00e1rio, o proponente ser\u00e1 desclassificado.<\/p>\n\n\n\n<p>Tamb\u00e9m est\u00e1 previsto que \u00e1reas atingidas por inc\u00eandios no per\u00edodo de Janeiro de 2025 a Janeiro de 2026 ter\u00e3o a \u00e1rea queimada descontada no c\u00e1lculo da vegeta\u00e7\u00e3o nativa excedente, utilizada como base para o pagamento.<\/p>\n\n\n\n<p><a href=\"https:\/\/prosas.com.br\/editais\/16724-segunda-chamada-edital-semadesc-fundo-clima-pantanal-006-2025-psa-conservacao#!%23tab_vermais_descricao\"><strong>Clique aqui e confira o edital completo.<\/strong><\/a><\/p>\n\n\n\n<p><strong>Cronograma<\/strong><\/p>\n\n\n\n<ul class=\"wp-block-list\">\n<li><strong>Inscri\u00e7\u00f5es:<\/strong> at\u00e9 6 de abril de 2026<br>\u00a0<\/li>\n\n\n\n<li><strong>Publica\u00e7\u00e3o das inscri\u00e7\u00f5es deferidas:<\/strong> 16 de abril<br>\u00a0<\/li>\n\n\n\n<li><strong>Prazo para recursos:<\/strong> at\u00e9 20 de abril<br>\u00a0<\/li>\n\n\n\n<li><strong>Resultado final:<\/strong> at\u00e9 15 de junho<br>\u00a0<\/li>\n\n\n\n<li><strong>Assinatura dos termos de ades\u00e3o:<\/strong> a partir de 16 de junho<br>\u00a0<\/li>\n<\/ul>\n\n\n\n<p>Os pagamentos previstos nesta chamada s\u00e3o referentes ao ano de 2026.<\/p>\n\n\n\n<p>O Programa de Pagamento por Servi\u00e7os Ambientais integra a pol\u00edtica estadual de conserva\u00e7\u00e3o do Pantanal e busca reconhecer economicamente os produtores rurais que mant\u00eam \u00e1reas naturais preservadas em suas propriedades, contribuindo para a manuten\u00e7\u00e3o da biodiversidade e para a sustentabilidade do bioma.<\/p>\n","protected":false},"excerpt":{"rendered":"<p>70 im\u00f3veis rurais foram aprovados na primeira fase do programa, gerando o montante de R$ 3 milh\u00f5es a serem pagos Comunica\u00e7\u00e3o Sistema Famasul O Governo de Mato Grosso do Sul publicou a segunda chamada do edital do Programa de Pagamento por Servi\u00e7os Ambientais (PSA) do Pantanal, iniciativa que remunera produtores rurais pela conserva\u00e7\u00e3o da vegeta\u00e7\u00e3o [&hellip;]<\/p>\n","protected":false},"author":2,"featured_media":559,"comment_status":"open","ping_status":"open","sticky":false,"template":"","format":"standard","meta":{"footnotes":""},"categories":[13,2],"tags":[],"class_list":["post-558","post","type-post","status-publish","format-standard","has-post-thumbnail","hentry","category-cotidiano","category-destaque"],"yoast_head":"<!-- This site is optimized with the Yoast SEO plugin v27.1.1 - https:\/\/yoast.com\/product\/yoast-seo-wordpress\/ -->\n<title>Segunda chamada do PSA Pantanal recebe inscri\u00e7\u00f5es at\u00e9 6 de abril - O PROGRESSO<\/title>\n<meta name=\"robots\" content=\"index, follow, max-snippet:-1, max-image-preview:large, max-video-preview:-1\" \/>\n<link rel=\"canonical\" href=\"https:\/\/progresso.com.br\/index.php\/2026\/03\/10\/segunda-chamada-do-psa-pantanal-recebe-inscricoes-ate-6-de-abril\/\" \/>\n<meta property=\"og:locale\" content=\"pt_BR\" \/>\n<meta property=\"og:type\" content=\"article\" \/>\n<meta property=\"og:title\" content=\"Segunda chamada do PSA Pantanal recebe inscri\u00e7\u00f5es at\u00e9 6 de abril - O PROGRESSO\" \/>\n<meta property=\"og:description\" content=\"70 im\u00f3veis rurais foram aprovados na primeira fase do programa, gerando o montante de R$ 3 milh\u00f5es a serem pagos Comunica\u00e7\u00e3o Sistema Famasul O Governo de Mato Grosso do Sul publicou a segunda chamada do edital do Programa de Pagamento por Servi\u00e7os Ambientais (PSA) do Pantanal, iniciativa que remunera produtores rurais pela conserva\u00e7\u00e3o da vegeta\u00e7\u00e3o [&hellip;]\" \/>\n<meta property=\"og:url\" content=\"https:\/\/progresso.com.br\/index.php\/2026\/03\/10\/segunda-chamada-do-psa-pantanal-recebe-inscricoes-ate-6-de-abril\/\" \/>\n<meta property=\"og:site_name\" content=\"O PROGRESSO\" \/>\n<meta property=\"article:publisher\" content=\"https:\/\/www.facebook.com\/share\/1CeoksKBj6\/\" \/>\n<meta property=\"article:published_time\" content=\"2026-03-10T13:07:43+00:00\" \/>\n<meta property=\"og:image\" content=\"https:\/\/progresso.com.br\/wp-content\/uploads\/2026\/03\/0D3A6219_0.jpg\" \/>\n\t<meta property=\"og:image:width\" content=\"750\" \/>\n\t<meta property=\"og:image:height\" content=\"500\" \/>\n\t<meta property=\"og:image:type\" content=\"image\/jpeg\" \/>\n<meta name=\"author\" content=\"Rose\" \/>\n<meta name=\"twitter:card\" content=\"summary_large_image\" \/>\n<meta name=\"twitter:label1\" content=\"Escrito por\" \/>\n\t<meta name=\"twitter:data1\" content=\"Rose\" \/>\n\t<meta name=\"twitter:label2\" content=\"Est. tempo de leitura\" \/>\n\t<meta name=\"twitter:data2\" content=\"3 minutos\" \/>\n<script type=\"application\/ld+json\" class=\"yoast-schema-graph\">{\"@context\":\"https:\/\/schema.org\",\"@graph\":[{\"@type\":\"Article\",\"@id\":\"https:\/\/progresso.com.br\/index.php\/2026\/03\/10\/segunda-chamada-do-psa-pantanal-recebe-inscricoes-ate-6-de-abril\/#article\",\"isPartOf\":{\"@id\":\"https:\/\/progresso.com.br\/index.php\/2026\/03\/10\/segunda-chamada-do-psa-pantanal-recebe-inscricoes-ate-6-de-abril\/\"},\"author\":{\"name\":\"Rose\",\"@id\":\"https:\/\/progresso.com.br\/#\/schema\/person\/5dd27138d4463fbbaace62120bfc002b\"},\"headline\":\"Segunda chamada do PSA Pantanal recebe inscri\u00e7\u00f5es at\u00e9 6 de abril\",\"datePublished\":\"2026-03-10T13:07:43+00:00\",\"mainEntityOfPage\":{\"@id\":\"https:\/\/progresso.com.br\/index.php\/2026\/03\/10\/segunda-chamada-do-psa-pantanal-recebe-inscricoes-ate-6-de-abril\/\"},\"wordCount\":579,\"commentCount\":0,\"publisher\":{\"@id\":\"https:\/\/progresso.com.br\/#organization\"},\"image\":{\"@id\":\"https:\/\/progresso.com.br\/index.php\/2026\/03\/10\/segunda-chamada-do-psa-pantanal-recebe-inscricoes-ate-6-de-abril\/#primaryimage\"},\"thumbnailUrl\":\"https:\/\/progresso.com.br\/wp-content\/uploads\/2026\/03\/0D3A6219_0.jpg\",\"articleSection\":[\"Cotidiano\",\"Em destaque\"],\"inLanguage\":\"pt-BR\",\"potentialAction\":[{\"@type\":\"CommentAction\",\"name\":\"Comment\",\"target\":[\"https:\/\/progresso.com.br\/index.php\/2026\/03\/10\/segunda-chamada-do-psa-pantanal-recebe-inscricoes-ate-6-de-abril\/#respond\"]}]},{\"@type\":\"WebPage\",\"@id\":\"https:\/\/progresso.com.br\/index.php\/2026\/03\/10\/segunda-chamada-do-psa-pantanal-recebe-inscricoes-ate-6-de-abril\/\",\"url\":\"https:\/\/progresso.com.br\/index.php\/2026\/03\/10\/segunda-chamada-do-psa-pantanal-recebe-inscricoes-ate-6-de-abril\/\",\"name\":\"Segunda chamada do PSA Pantanal recebe inscri\u00e7\u00f5es at\u00e9 6 de abril - O PROGRESSO\",\"isPartOf\":{\"@id\":\"https:\/\/progresso.com.br\/#website\"},\"primaryImageOfPage\":{\"@id\":\"https:\/\/progresso.com.br\/index.php\/2026\/03\/10\/segunda-chamada-do-psa-pantanal-recebe-inscricoes-ate-6-de-abril\/#primaryimage\"},\"image\":{\"@id\":\"https:\/\/progresso.com.br\/index.php\/2026\/03\/10\/segunda-chamada-do-psa-pantanal-recebe-inscricoes-ate-6-de-abril\/#primaryimage\"},\"thumbnailUrl\":\"https:\/\/progresso.com.br\/wp-content\/uploads\/2026\/03\/0D3A6219_0.jpg\",\"datePublished\":\"2026-03-10T13:07:43+00:00\",\"breadcrumb\":{\"@id\":\"https:\/\/progresso.com.br\/index.php\/2026\/03\/10\/segunda-chamada-do-psa-pantanal-recebe-inscricoes-ate-6-de-abril\/#breadcrumb\"},\"inLanguage\":\"pt-BR\",\"potentialAction\":[{\"@type\":\"ReadAction\",\"target\":[\"https:\/\/progresso.com.br\/index.php\/2026\/03\/10\/segunda-chamada-do-psa-pantanal-recebe-inscricoes-ate-6-de-abril\/\"]}]},{\"@type\":\"ImageObject\",\"inLanguage\":\"pt-BR\",\"@id\":\"https:\/\/progresso.com.br\/index.php\/2026\/03\/10\/segunda-chamada-do-psa-pantanal-recebe-inscricoes-ate-6-de-abril\/#primaryimage\",\"url\":\"https:\/\/progresso.com.br\/wp-content\/uploads\/2026\/03\/0D3A6219_0.jpg\",\"contentUrl\":\"https:\/\/progresso.com.br\/wp-content\/uploads\/2026\/03\/0D3A6219_0.jpg\",\"width\":750,\"height\":500,\"caption\":\"(Foto: Michael Franco)\"},{\"@type\":\"BreadcrumbList\",\"@id\":\"https:\/\/progresso.com.br\/index.php\/2026\/03\/10\/segunda-chamada-do-psa-pantanal-recebe-inscricoes-ate-6-de-abril\/#breadcrumb\",\"itemListElement\":[{\"@type\":\"ListItem\",\"position\":1,\"name\":\"In\u00edcio\",\"item\":\"https:\/\/progresso.com.br\/\"},{\"@type\":\"ListItem\",\"position\":2,\"name\":\"Segunda chamada do PSA Pantanal recebe inscri\u00e7\u00f5es at\u00e9 6 de abril\"}]},{\"@type\":\"WebSite\",\"@id\":\"https:\/\/progresso.com.br\/#website\",\"url\":\"https:\/\/progresso.com.br\/\",\"name\":\"O PROGRESSO\",\"description\":\"\",\"publisher\":{\"@id\":\"https:\/\/progresso.com.br\/#organization\"},\"potentialAction\":[{\"@type\":\"SearchAction\",\"target\":{\"@type\":\"EntryPoint\",\"urlTemplate\":\"https:\/\/progresso.com.br\/?s={search_term_string}\"},\"query-input\":{\"@type\":\"PropertyValueSpecification\",\"valueRequired\":true,\"valueName\":\"search_term_string\"}}],\"inLanguage\":\"pt-BR\"},{\"@type\":\"Organization\",\"@id\":\"https:\/\/progresso.com.br\/#organization\",\"name\":\"O PROGRESSO\",\"url\":\"https:\/\/progresso.com.br\/\",\"logo\":{\"@type\":\"ImageObject\",\"inLanguage\":\"pt-BR\",\"@id\":\"https:\/\/progresso.com.br\/#\/schema\/logo\/image\/\",\"url\":\"https:\/\/progresso.com.br\/wp-content\/uploads\/2026\/03\/logo_proog.jpg\",\"contentUrl\":\"https:\/\/progresso.com.br\/wp-content\/uploads\/2026\/03\/logo_proog.jpg\",\"width\":1960,\"height\":1080,\"caption\":\"O PROGRESSO\"},\"image\":{\"@id\":\"https:\/\/progresso.com.br\/#\/schema\/logo\/image\/\"},\"sameAs\":[\"https:\/\/www.facebook.com\/share\/1CeoksKBj6\/\",\"https:\/\/www.instagram.com\/oprogresso_digital\"]},{\"@type\":\"Person\",\"@id\":\"https:\/\/progresso.com.br\/#\/schema\/person\/5dd27138d4463fbbaace62120bfc002b\",\"name\":\"Rose\",\"image\":{\"@type\":\"ImageObject\",\"inLanguage\":\"pt-BR\",\"@id\":\"https:\/\/progresso.com.br\/#\/schema\/person\/image\/\",\"url\":\"https:\/\/secure.gravatar.com\/avatar\/1b6890e759cdd3a88d9f751cb423720b9861c5239167cd3586355638b6556599?s=96&d=mm&r=g\",\"contentUrl\":\"https:\/\/secure.gravatar.com\/avatar\/1b6890e759cdd3a88d9f751cb423720b9861c5239167cd3586355638b6556599?s=96&d=mm&r=g\",\"caption\":\"Rose\"},\"url\":\"https:\/\/progresso.com.br\/index.php\/author\/rose\/\"}]}<\/script>\n<!-- \/ Yoast SEO plugin. -->","yoast_head_json":{"title":"Segunda chamada do PSA Pantanal recebe inscri\u00e7\u00f5es at\u00e9 6 de abril - O PROGRESSO","robots":{"index":"index","follow":"follow","max-snippet":"max-snippet:-1","max-image-preview":"max-image-preview:large","max-video-preview":"max-video-preview:-1"},"canonical":"https:\/\/progresso.com.br\/index.php\/2026\/03\/10\/segunda-chamada-do-psa-pantanal-recebe-inscricoes-ate-6-de-abril\/","og_locale":"pt_BR","og_type":"article","og_title":"Segunda chamada do PSA Pantanal recebe inscri\u00e7\u00f5es at\u00e9 6 de abril - O PROGRESSO","og_description":"70 im\u00f3veis rurais foram aprovados na primeira fase do programa, gerando o montante de R$ 3 milh\u00f5es a serem pagos Comunica\u00e7\u00e3o Sistema Famasul O Governo de Mato Grosso do Sul publicou a segunda chamada do edital do Programa de Pagamento por Servi\u00e7os Ambientais (PSA) do Pantanal, iniciativa que remunera produtores rurais pela conserva\u00e7\u00e3o da vegeta\u00e7\u00e3o [&hellip;]","og_url":"https:\/\/progresso.com.br\/index.php\/2026\/03\/10\/segunda-chamada-do-psa-pantanal-recebe-inscricoes-ate-6-de-abril\/","og_site_name":"O PROGRESSO","article_publisher":"https:\/\/www.facebook.com\/share\/1CeoksKBj6\/","article_published_time":"2026-03-10T13:07:43+00:00","og_image":[{"width":750,"height":500,"url":"https:\/\/progresso.com.br\/wp-content\/uploads\/2026\/03\/0D3A6219_0.jpg","type":"image\/jpeg"}],"author":"Rose","twitter_card":"summary_large_image","twitter_misc":{"Escrito por":"Rose","Est. tempo de leitura":"3 minutos"},"schema":{"@context":"https:\/\/schema.org","@graph":[{"@type":"Article","@id":"https:\/\/progresso.com.br\/index.php\/2026\/03\/10\/segunda-chamada-do-psa-pantanal-recebe-inscricoes-ate-6-de-abril\/#article","isPartOf":{"@id":"https:\/\/progresso.com.br\/index.php\/2026\/03\/10\/segunda-chamada-do-psa-pantanal-recebe-inscricoes-ate-6-de-abril\/"},"author":{"name":"Rose","@id":"https:\/\/progresso.com.br\/#\/schema\/person\/5dd27138d4463fbbaace62120bfc002b"},"headline":"Segunda chamada do PSA Pantanal recebe inscri\u00e7\u00f5es at\u00e9 6 de abril","datePublished":"2026-03-10T13:07:43+00:00","mainEntityOfPage":{"@id":"https:\/\/progresso.com.br\/index.php\/2026\/03\/10\/segunda-chamada-do-psa-pantanal-recebe-inscricoes-ate-6-de-abril\/"},"wordCount":579,"commentCount":0,"publisher":{"@id":"https:\/\/progresso.com.br\/#organization"},"image":{"@id":"https:\/\/progresso.com.br\/index.php\/2026\/03\/10\/segunda-chamada-do-psa-pantanal-recebe-inscricoes-ate-6-de-abril\/#primaryimage"},"thumbnailUrl":"https:\/\/progresso.com.br\/wp-content\/uploads\/2026\/03\/0D3A6219_0.jpg","articleSection":["Cotidiano","Em destaque"],"inLanguage":"pt-BR","potentialAction":[{"@type":"CommentAction","name":"Comment","target":["https:\/\/progresso.com.br\/index.php\/2026\/03\/10\/segunda-chamada-do-psa-pantanal-recebe-inscricoes-ate-6-de-abril\/#respond"]}]},{"@type":"WebPage","@id":"https:\/\/progresso.com.br\/index.php\/2026\/03\/10\/segunda-chamada-do-psa-pantanal-recebe-inscricoes-ate-6-de-abril\/","url":"https:\/\/progresso.com.br\/index.php\/2026\/03\/10\/segunda-chamada-do-psa-pantanal-recebe-inscricoes-ate-6-de-abril\/","name":"Segunda chamada do PSA Pantanal recebe inscri\u00e7\u00f5es at\u00e9 6 de abril - O PROGRESSO","isPartOf":{"@id":"https:\/\/progresso.com.br\/#website"},"primaryImageOfPage":{"@id":"https:\/\/progresso.com.br\/index.php\/2026\/03\/10\/segunda-chamada-do-psa-pantanal-recebe-inscricoes-ate-6-de-abril\/#primaryimage"},"image":{"@id":"https:\/\/progresso.com.br\/index.php\/2026\/03\/10\/segunda-chamada-do-psa-pantanal-recebe-inscricoes-ate-6-de-abril\/#primaryimage"},"thumbnailUrl":"https:\/\/progresso.com.br\/wp-content\/uploads\/2026\/03\/0D3A6219_0.jpg","datePublished":"2026-03-10T13:07:43+00:00","breadcrumb":{"@id":"https:\/\/progresso.com.br\/index.php\/2026\/03\/10\/segunda-chamada-do-psa-pantanal-recebe-inscricoes-ate-6-de-abril\/#breadcrumb"},"inLanguage":"pt-BR","potentialAction":[{"@type":"ReadAction","target":["https:\/\/progresso.com.br\/index.php\/2026\/03\/10\/segunda-chamada-do-psa-pantanal-recebe-inscricoes-ate-6-de-abril\/"]}]},{"@type":"ImageObject","inLanguage":"pt-BR","@id":"https:\/\/progresso.com.br\/index.php\/2026\/03\/10\/segunda-chamada-do-psa-pantanal-recebe-inscricoes-ate-6-de-abril\/#primaryimage","url":"https:\/\/progresso.com.br\/wp-content\/uploads\/2026\/03\/0D3A6219_0.jpg","contentUrl":"https:\/\/progresso.com.br\/wp-content\/uploads\/2026\/03\/0D3A6219_0.jpg","width":750,"height":500,"caption":"(Foto: Michael Franco)"},{"@type":"BreadcrumbList","@id":"https:\/\/progresso.com.br\/index.php\/2026\/03\/10\/segunda-chamada-do-psa-pantanal-recebe-inscricoes-ate-6-de-abril\/#breadcrumb","itemListElement":[{"@type":"ListItem","position":1,"name":"In\u00edcio","item":"https:\/\/progresso.com.br\/"},{"@type":"ListItem","position":2,"name":"Segunda chamada do PSA Pantanal recebe inscri\u00e7\u00f5es at\u00e9 6 de abril"}]},{"@type":"WebSite","@id":"https:\/\/progresso.com.br\/#website","url":"https:\/\/progresso.com.br\/","name":"O PROGRESSO","description":"","publisher":{"@id":"https:\/\/progresso.com.br\/#organization"},"potentialAction":[{"@type":"SearchAction","target":{"@type":"EntryPoint","urlTemplate":"https:\/\/progresso.com.br\/?s={search_term_string}"},"query-input":{"@type":"PropertyValueSpecification","valueRequired":true,"valueName":"search_term_string"}}],"inLanguage":"pt-BR"},{"@type":"Organization","@id":"https:\/\/progresso.com.br\/#organization","name":"O PROGRESSO","url":"https:\/\/progresso.com.br\/","logo":{"@type":"ImageObject","inLanguage":"pt-BR","@id":"https:\/\/progresso.com.br\/#\/schema\/logo\/image\/","url":"https:\/\/progresso.com.br\/wp-content\/uploads\/2026\/03\/logo_proog.jpg","contentUrl":"https:\/\/progresso.com.br\/wp-content\/uploads\/2026\/03\/logo_proog.jpg","width":1960,"height":1080,"caption":"O PROGRESSO"},"image":{"@id":"https:\/\/progresso.com.br\/#\/schema\/logo\/image\/"},"sameAs":["https:\/\/www.facebook.com\/share\/1CeoksKBj6\/","https:\/\/www.instagram.com\/oprogresso_digital"]},{"@type":"Person","@id":"https:\/\/progresso.com.br\/#\/schema\/person\/5dd27138d4463fbbaace62120bfc002b","name":"Rose","image":{"@type":"ImageObject","inLanguage":"pt-BR","@id":"https:\/\/progresso.com.br\/#\/schema\/person\/image\/","url":"https:\/\/secure.gravatar.com\/avatar\/1b6890e759cdd3a88d9f751cb423720b9861c5239167cd3586355638b6556599?s=96&d=mm&r=g","contentUrl":"https:\/\/secure.gravatar.com\/avatar\/1b6890e759cdd3a88d9f751cb423720b9861c5239167cd3586355638b6556599?s=96&d=mm&r=g","caption":"Rose"},"url":"https:\/\/progresso.com.br\/index.php\/author\/rose\/"}]}},"_links":{"self":[{"href":"https:\/\/progresso.com.br\/index.php\/wp-json\/wp\/v2\/posts\/558","targetHints":{"allow":["GET"]}}],"collection":[{"href":"https:\/\/progresso.com.br\/index.php\/wp-json\/wp\/v2\/posts"}],"about":[{"href":"https:\/\/progresso.com.br\/index.php\/wp-json\/wp\/v2\/types\/post"}],"author":[{"embeddable":true,"href":"https:\/\/progresso.com.br\/index.php\/wp-json\/wp\/v2\/users\/2"}],"replies":[{"embeddable":true,"href":"https:\/\/progresso.com.br\/index.php\/wp-json\/wp\/v2\/comments?post=558"}],"version-history":[{"count":1,"href":"https:\/\/progresso.com.br\/index.php\/wp-json\/wp\/v2\/posts\/558\/revisions"}],"predecessor-version":[{"id":560,"href":"https:\/\/progresso.com.br\/index.php\/wp-json\/wp\/v2\/posts\/558\/revisions\/560"}],"wp:featuredmedia":[{"embeddable":true,"href":"https:\/\/progresso.com.br\/index.php\/wp-json\/wp\/v2\/media\/559"}],"wp:attachment":[{"href":"https:\/\/progresso.com.br\/index.php\/wp-json\/wp\/v2\/media?parent=558"}],"wp:term":[{"taxonomy":"category","embeddable":true,"href":"https:\/\/progresso.com.br\/index.php\/wp-json\/wp\/v2\/categories?post=558"},{"taxonomy":"post_tag","embeddable":true,"href":"https:\/\/progresso.com.br\/index.php\/wp-json\/wp\/v2\/tags?post=558"}],"curies":[{"name":"wp","href":"https:\/\/api.w.org\/{rel}","templated":true}]}}