{"id":561,"date":"2026-03-10T10:44:19","date_gmt":"2026-03-10T14:44:19","guid":{"rendered":"https:\/\/10nl.com.br\/?p=561"},"modified":"2026-03-10T10:44:44","modified_gmt":"2026-03-10T14:44:44","slug":"unigran-inicia-comemoracoes-dos-50-anos-com-homenagem-a-egressos","status":"publish","type":"post","link":"https:\/\/progresso.com.br\/index.php\/2026\/03\/10\/unigran-inicia-comemoracoes-dos-50-anos-com-homenagem-a-egressos\/","title":{"rendered":"UNIGRAN inicia comemora\u00e7\u00f5es dos 50 anos com homenagem a egressos"},"content":{"rendered":"\n<p><em><strong>Destaque durante abertura do Rec\u00e9m-Ingresso 2026<\/strong><\/em><\/p>\n\n\n\n<p>A abertura do Projeto Rec\u00e9m-Ingresso 2026 marcou, na noite de segunda-feira (9), o in\u00edcio oficial do ano letivo presencial e das comemora\u00e7\u00f5es pelos 50 anos da UNIGRAN. Realizado no Sal\u00e3o de Eventos da Institui\u00e7\u00e3o, o encontro reuniu acad\u00eamicos, docentes, gestores e convidados em uma programa\u00e7\u00e3o que celebrou a trajet\u00f3ria do Centro Universit\u00e1rio e prestou homenagem a tr\u00eas egressos que se destacam no cen\u00e1rio jur\u00eddico brasileiro.<\/p>\n\n\n\n<p>Mais do que recepcionar os novos estudantes, o evento simbolizou o reconhecimento da contribui\u00e7\u00e3o da Institui\u00e7\u00e3o para a forma\u00e7\u00e3o de profissionais que impactam a sociedade. A cerim\u00f4nia foi conduzida pelo Reitor da UNIGRAN, professor Renato de Aguiar Lima Pereira, e contou com a presen\u00e7a da chanceler Rosa Maria D\u2019Amato De D\u00e9a, Pr\u00f3-Reitores, diretores de faculdades, coordenadores de cursos e representantes de setores acad\u00eamicos e administrativos.<\/p>\n\n\n\n<p>Como parte da abertura das festividades do cinquenten\u00e1rio, a Institui\u00e7\u00e3o homenageou tr\u00eas egressos do curso de Direito: o vice-presidente do Tribunal de Justi\u00e7a de Mato Grosso do Sul, desembargador Eduardo Machado Rocha; o desembargador do Tribunal de Justi\u00e7a do Estado, Luiz Tadeu Barbosa Silva; e a presidente do Tribunal Regional do Trabalho da 23\u00aa Regi\u00e3o, desembargadora Adenir Alves da Silva Carruesco.<\/p>\n\n\n\n<p>Em suas palavras, o Reitor da UNIGRAN, professor Renato de Aguiar Lima Pereira, destacou o car\u00e1ter de acolhimento e testemunho da solenidade: \u201cCom essa singela homenagem, sintam-se todos abra\u00e7ados por toda a equipe administrativa, por todo o nosso corpo docente, por todos aqueles professores que aqui passaram e para voc\u00eas, acad\u00eamicos e acad\u00eamicas que est\u00e3o iniciando, aqui n\u00f3s temos tr\u00eas provas vivas de que o estudo \u00e9 transformador. Ent\u00e3o, s\u00e3o tr\u00eas exemplos claros de que o estudo transforma vidas. Est\u00e3o nos mais altos cargos do poder judici\u00e1rio dos estados do Mato Grosso e do Mato Grosso do Sul e sa\u00edram daqui, da nossa casa, da nossa UNIGRAN. E isso serve de incentivo a voc\u00eas que agora est\u00e3o iniciando na nossa casa\u201d.&nbsp;<\/p>\n\n\n\n<p>Formado pela primeira turma de Direito da UNIGRAN, em 1980, Dr. Eduardo Machado Rocha construiu carreira na magistratura desde 1987 e atualmente ocupa a vice-presid\u00eancia do Tribunal de Justi\u00e7a do Estado. Suas palavras recordaram o in\u00edcio de sua trajet\u00f3ria e a relev\u00e2ncia da Institui\u00e7\u00e3o para a comunidade.&nbsp;<\/p>\n\n\n\n<p>\u201cFazer parte desse evento me traz muitas alegrias, e lembran\u00e7as da \u00e9poca em que a popula\u00e7\u00e3o de Dourados e regi\u00e3o, esperava, com ansiedade, a cria\u00e7\u00e3o de uma faculdade de Direito em Dourados. Esse sonho se tornou realidade gra\u00e7as ao empreendedorismo do Dr. Murilo, da Cec\u00edlia, de seus familiares, que investiram na educa\u00e7\u00e3o dessa regi\u00e3o. Para isso, tiveram um esfor\u00e7o, dedica\u00e7\u00e3o e contribui\u00e7\u00e3o das autoridades da \u00e9poca. Lembro que esperei muito tempo para a publica\u00e7\u00e3o da abertura do vestibular, fiz minha inscri\u00e7\u00e3o, consegui ser aprovado e ser um dos integrantes da primeira turma\u201d, relembrou o magistrado.<\/p>\n\n\n\n<p>Tamb\u00e9m egresso da turma inaugural, Dr. Luiz Tadeu Barbosa Silva tornou-se desembargador em 2008, com atua\u00e7\u00e3o destacada na magistratura e na forma\u00e7\u00e3o jur\u00eddica, incluindo a doc\u00eancia na pr\u00f3pria UNIGRAN. Ele se dirigiu aos acad\u00eamicos, nos quais deposita a esperan\u00e7a de um futuro melhor.&nbsp;<\/p>\n\n\n\n<p>\u201cBem, qual a mensagem que n\u00f3s poder\u00edamos passar para o jovem acad\u00eamico? A primeira \u00e9 de que o futuro do Brasil, o futuro de Dourados que est\u00e1 nas m\u00e3os de voc\u00eas. Quantas pessoas passaram pela institui\u00e7\u00e3o Socigran, depois UNIGRAN, e que est\u00e3o hoje em cargos administrativos de toda ordem. Ent\u00e3o, meus amigos acad\u00eamicos, que Deus cubra de prote\u00e7\u00e3o a vida acad\u00eamica de voc\u00eas. E que voc\u00eas possam contribuir para com o munic\u00edpio, para com o nosso estado, e, por que n\u00e3o, para com a na\u00e7\u00e3o\u201d, disse o desembargador.&nbsp;<\/p>\n\n\n\n<p>J\u00e1 a Dra. Adenir Alves da Silva Carruesco, formada em 1990, tornou-se em 2023 a primeira mulher negra a presidir o TRT da 23\u00aa Regi\u00e3o, no Mato Grosso. Emocionada, ela destacou os sentimentos despertados ao estar presente novamente na Institui\u00e7\u00e3o:&nbsp;<\/p>\n\n\n\n<p>\u201cE hoje, aqui eu me encontro tomada pelo sentimento que \u00e9 um dos mais nobres sentimentos do ser humano: a gratid\u00e3o. Na verdade, eu n\u00e3o conhe\u00e7o nenhuma pessoa de valor que n\u00e3o expresse gratid\u00e3o. A gratid\u00e3o nos transforma numa pessoa melhor, nos eleva, nos faz com que a gente seja mais humilde sem perder a firmeza. Na verdade, a gratid\u00e3o nos conecta com o divino. Imagina a minha alegria de estar aqui hoje e poder registrar a minha gratid\u00e3o a esta Institui\u00e7\u00e3o, que certamente a minha carreira profissional \u00e9 reflexo dos valores, do conhecimento e do acolhimento que eu recebi aqui nesta faculdade. Eu quero aqui deixar registrado o meu agradecimento, a minha emo\u00e7\u00e3o por ter tido a oportunidade de vir aqui hoje rememorar o passado, tudo que essa institui\u00e7\u00e3o representa na minha vida\u201d, enfatizou a ju\u00edza.&nbsp;<\/p>\n\n\n\n<p>Durante a cerim\u00f4nia, os homenageados receberam o selo comemorativo dos 50 anos da UNIGRAN, entregue pelo Reitor, em reconhecimento \u00e0s trajet\u00f3rias profissionais que refletem a contribui\u00e7\u00e3o da Institui\u00e7\u00e3o para o desenvolvimento regional e nacional.<\/p>\n","protected":false},"excerpt":{"rendered":"<p>Destaque durante abertura do Rec\u00e9m-Ingresso 2026 A abertura do Projeto Rec\u00e9m-Ingresso 2026 marcou, na noite de segunda-feira (9), o in\u00edcio oficial do ano letivo presencial e das comemora\u00e7\u00f5es pelos 50 anos da UNIGRAN. Realizado no Sal\u00e3o de Eventos da Institui\u00e7\u00e3o, o encontro reuniu acad\u00eamicos, docentes, gestores e convidados em uma programa\u00e7\u00e3o que celebrou a trajet\u00f3ria [&hellip;]<\/p>\n","protected":false},"author":2,"featured_media":562,"comment_status":"open","ping_status":"open","sticky":false,"template":"","format":"standard","meta":{"footnotes":""},"categories":[2,12],"tags":[],"class_list":["post-561","post","type-post","status-publish","format-standard","has-post-thumbnail","hentry","category-destaque","category-sociedade"],"yoast_head":"<!-- This site is optimized with the Yoast SEO plugin v27.1.1 - https:\/\/yoast.com\/product\/yoast-seo-wordpress\/ -->\n<title>UNIGRAN inicia comemora\u00e7\u00f5es dos 50 anos com homenagem a egressos - O PROGRESSO<\/title>\n<meta name=\"robots\" content=\"index, follow, max-snippet:-1, max-image-preview:large, max-video-preview:-1\" \/>\n<link rel=\"canonical\" href=\"https:\/\/progresso.com.br\/index.php\/2026\/03\/10\/unigran-inicia-comemoracoes-dos-50-anos-com-homenagem-a-egressos\/\" \/>\n<meta property=\"og:locale\" content=\"pt_BR\" \/>\n<meta property=\"og:type\" content=\"article\" \/>\n<meta property=\"og:title\" content=\"UNIGRAN inicia comemora\u00e7\u00f5es dos 50 anos com homenagem a egressos - O PROGRESSO\" \/>\n<meta property=\"og:description\" content=\"Destaque durante abertura do Rec\u00e9m-Ingresso 2026 A abertura do Projeto Rec\u00e9m-Ingresso 2026 marcou, na noite de segunda-feira (9), o in\u00edcio oficial do ano letivo presencial e das comemora\u00e7\u00f5es pelos 50 anos da UNIGRAN. Realizado no Sal\u00e3o de Eventos da Institui\u00e7\u00e3o, o encontro reuniu acad\u00eamicos, docentes, gestores e convidados em uma programa\u00e7\u00e3o que celebrou a trajet\u00f3ria [&hellip;]\" \/>\n<meta property=\"og:url\" content=\"https:\/\/progresso.com.br\/index.php\/2026\/03\/10\/unigran-inicia-comemoracoes-dos-50-anos-com-homenagem-a-egressos\/\" \/>\n<meta property=\"og:site_name\" content=\"O PROGRESSO\" \/>\n<meta property=\"article:publisher\" content=\"https:\/\/www.facebook.com\/share\/1CeoksKBj6\/\" \/>\n<meta property=\"article:published_time\" content=\"2026-03-10T14:44:19+00:00\" \/>\n<meta property=\"article:modified_time\" content=\"2026-03-10T14:44:44+00:00\" \/>\n<meta property=\"og:image\" content=\"https:\/\/progresso.com.br\/wp-content\/uploads\/2026\/03\/unigran-scaled.jpg\" \/>\n\t<meta property=\"og:image:width\" content=\"2560\" \/>\n\t<meta property=\"og:image:height\" content=\"1707\" \/>\n\t<meta property=\"og:image:type\" content=\"image\/jpeg\" \/>\n<meta name=\"author\" content=\"Rose\" \/>\n<meta name=\"twitter:card\" content=\"summary_large_image\" \/>\n<meta name=\"twitter:label1\" content=\"Escrito por\" \/>\n\t<meta name=\"twitter:data1\" content=\"Rose\" \/>\n\t<meta name=\"twitter:label2\" content=\"Est. tempo de leitura\" \/>\n\t<meta name=\"twitter:data2\" content=\"4 minutos\" \/>\n<script type=\"application\/ld+json\" class=\"yoast-schema-graph\">{\"@context\":\"https:\/\/schema.org\",\"@graph\":[{\"@type\":\"Article\",\"@id\":\"https:\/\/progresso.com.br\/index.php\/2026\/03\/10\/unigran-inicia-comemoracoes-dos-50-anos-com-homenagem-a-egressos\/#article\",\"isPartOf\":{\"@id\":\"https:\/\/progresso.com.br\/index.php\/2026\/03\/10\/unigran-inicia-comemoracoes-dos-50-anos-com-homenagem-a-egressos\/\"},\"author\":{\"name\":\"Rose\",\"@id\":\"https:\/\/progresso.com.br\/#\/schema\/person\/5dd27138d4463fbbaace62120bfc002b\"},\"headline\":\"UNIGRAN inicia comemora\u00e7\u00f5es dos 50 anos com homenagem a egressos\",\"datePublished\":\"2026-03-10T14:44:19+00:00\",\"dateModified\":\"2026-03-10T14:44:44+00:00\",\"mainEntityOfPage\":{\"@id\":\"https:\/\/progresso.com.br\/index.php\/2026\/03\/10\/unigran-inicia-comemoracoes-dos-50-anos-com-homenagem-a-egressos\/\"},\"wordCount\":907,\"commentCount\":0,\"publisher\":{\"@id\":\"https:\/\/progresso.com.br\/#organization\"},\"image\":{\"@id\":\"https:\/\/progresso.com.br\/index.php\/2026\/03\/10\/unigran-inicia-comemoracoes-dos-50-anos-com-homenagem-a-egressos\/#primaryimage\"},\"thumbnailUrl\":\"https:\/\/progresso.com.br\/wp-content\/uploads\/2026\/03\/unigran-scaled.jpg\",\"articleSection\":[\"Em destaque\",\"Sociedade\"],\"inLanguage\":\"pt-BR\",\"potentialAction\":[{\"@type\":\"CommentAction\",\"name\":\"Comment\",\"target\":[\"https:\/\/progresso.com.br\/index.php\/2026\/03\/10\/unigran-inicia-comemoracoes-dos-50-anos-com-homenagem-a-egressos\/#respond\"]}]},{\"@type\":\"WebPage\",\"@id\":\"https:\/\/progresso.com.br\/index.php\/2026\/03\/10\/unigran-inicia-comemoracoes-dos-50-anos-com-homenagem-a-egressos\/\",\"url\":\"https:\/\/progresso.com.br\/index.php\/2026\/03\/10\/unigran-inicia-comemoracoes-dos-50-anos-com-homenagem-a-egressos\/\",\"name\":\"UNIGRAN inicia comemora\u00e7\u00f5es dos 50 anos com homenagem a egressos - O PROGRESSO\",\"isPartOf\":{\"@id\":\"https:\/\/progresso.com.br\/#website\"},\"primaryImageOfPage\":{\"@id\":\"https:\/\/progresso.com.br\/index.php\/2026\/03\/10\/unigran-inicia-comemoracoes-dos-50-anos-com-homenagem-a-egressos\/#primaryimage\"},\"image\":{\"@id\":\"https:\/\/progresso.com.br\/index.php\/2026\/03\/10\/unigran-inicia-comemoracoes-dos-50-anos-com-homenagem-a-egressos\/#primaryimage\"},\"thumbnailUrl\":\"https:\/\/progresso.com.br\/wp-content\/uploads\/2026\/03\/unigran-scaled.jpg\",\"datePublished\":\"2026-03-10T14:44:19+00:00\",\"dateModified\":\"2026-03-10T14:44:44+00:00\",\"breadcrumb\":{\"@id\":\"https:\/\/progresso.com.br\/index.php\/2026\/03\/10\/unigran-inicia-comemoracoes-dos-50-anos-com-homenagem-a-egressos\/#breadcrumb\"},\"inLanguage\":\"pt-BR\",\"potentialAction\":[{\"@type\":\"ReadAction\",\"target\":[\"https:\/\/progresso.com.br\/index.php\/2026\/03\/10\/unigran-inicia-comemoracoes-dos-50-anos-com-homenagem-a-egressos\/\"]}]},{\"@type\":\"ImageObject\",\"inLanguage\":\"pt-BR\",\"@id\":\"https:\/\/progresso.com.br\/index.php\/2026\/03\/10\/unigran-inicia-comemoracoes-dos-50-anos-com-homenagem-a-egressos\/#primaryimage\",\"url\":\"https:\/\/progresso.com.br\/wp-content\/uploads\/2026\/03\/unigran-scaled.jpg\",\"contentUrl\":\"https:\/\/progresso.com.br\/wp-content\/uploads\/2026\/03\/unigran-scaled.jpg\",\"width\":2560,\"height\":1707,\"caption\":\"(Divulga\u00e7\u00e3o)\"},{\"@type\":\"BreadcrumbList\",\"@id\":\"https:\/\/progresso.com.br\/index.php\/2026\/03\/10\/unigran-inicia-comemoracoes-dos-50-anos-com-homenagem-a-egressos\/#breadcrumb\",\"itemListElement\":[{\"@type\":\"ListItem\",\"position\":1,\"name\":\"In\u00edcio\",\"item\":\"https:\/\/progresso.com.br\/\"},{\"@type\":\"ListItem\",\"position\":2,\"name\":\"UNIGRAN inicia comemora\u00e7\u00f5es dos 50 anos com homenagem a egressos\"}]},{\"@type\":\"WebSite\",\"@id\":\"https:\/\/progresso.com.br\/#website\",\"url\":\"https:\/\/progresso.com.br\/\",\"name\":\"O PROGRESSO\",\"description\":\"\",\"publisher\":{\"@id\":\"https:\/\/progresso.com.br\/#organization\"},\"potentialAction\":[{\"@type\":\"SearchAction\",\"target\":{\"@type\":\"EntryPoint\",\"urlTemplate\":\"https:\/\/progresso.com.br\/?s={search_term_string}\"},\"query-input\":{\"@type\":\"PropertyValueSpecification\",\"valueRequired\":true,\"valueName\":\"search_term_string\"}}],\"inLanguage\":\"pt-BR\"},{\"@type\":\"Organization\",\"@id\":\"https:\/\/progresso.com.br\/#organization\",\"name\":\"O PROGRESSO\",\"url\":\"https:\/\/progresso.com.br\/\",\"logo\":{\"@type\":\"ImageObject\",\"inLanguage\":\"pt-BR\",\"@id\":\"https:\/\/progresso.com.br\/#\/schema\/logo\/image\/\",\"url\":\"https:\/\/progresso.com.br\/wp-content\/uploads\/2026\/03\/logo_proog.jpg\",\"contentUrl\":\"https:\/\/progresso.com.br\/wp-content\/uploads\/2026\/03\/logo_proog.jpg\",\"width\":1960,\"height\":1080,\"caption\":\"O PROGRESSO\"},\"image\":{\"@id\":\"https:\/\/progresso.com.br\/#\/schema\/logo\/image\/\"},\"sameAs\":[\"https:\/\/www.facebook.com\/share\/1CeoksKBj6\/\",\"https:\/\/www.instagram.com\/oprogresso_digital\"]},{\"@type\":\"Person\",\"@id\":\"https:\/\/progresso.com.br\/#\/schema\/person\/5dd27138d4463fbbaace62120bfc002b\",\"name\":\"Rose\",\"image\":{\"@type\":\"ImageObject\",\"inLanguage\":\"pt-BR\",\"@id\":\"https:\/\/progresso.com.br\/#\/schema\/person\/image\/\",\"url\":\"https:\/\/secure.gravatar.com\/avatar\/1b6890e759cdd3a88d9f751cb423720b9861c5239167cd3586355638b6556599?s=96&d=mm&r=g\",\"contentUrl\":\"https:\/\/secure.gravatar.com\/avatar\/1b6890e759cdd3a88d9f751cb423720b9861c5239167cd3586355638b6556599?s=96&d=mm&r=g\",\"caption\":\"Rose\"},\"url\":\"https:\/\/progresso.com.br\/index.php\/author\/rose\/\"}]}<\/script>\n<!-- \/ Yoast SEO plugin. -->","yoast_head_json":{"title":"UNIGRAN inicia comemora\u00e7\u00f5es dos 50 anos com homenagem a egressos - O PROGRESSO","robots":{"index":"index","follow":"follow","max-snippet":"max-snippet:-1","max-image-preview":"max-image-preview:large","max-video-preview":"max-video-preview:-1"},"canonical":"https:\/\/progresso.com.br\/index.php\/2026\/03\/10\/unigran-inicia-comemoracoes-dos-50-anos-com-homenagem-a-egressos\/","og_locale":"pt_BR","og_type":"article","og_title":"UNIGRAN inicia comemora\u00e7\u00f5es dos 50 anos com homenagem a egressos - O PROGRESSO","og_description":"Destaque durante abertura do Rec\u00e9m-Ingresso 2026 A abertura do Projeto Rec\u00e9m-Ingresso 2026 marcou, na noite de segunda-feira (9), o in\u00edcio oficial do ano letivo presencial e das comemora\u00e7\u00f5es pelos 50 anos da UNIGRAN. Realizado no Sal\u00e3o de Eventos da Institui\u00e7\u00e3o, o encontro reuniu acad\u00eamicos, docentes, gestores e convidados em uma programa\u00e7\u00e3o que celebrou a trajet\u00f3ria [&hellip;]","og_url":"https:\/\/progresso.com.br\/index.php\/2026\/03\/10\/unigran-inicia-comemoracoes-dos-50-anos-com-homenagem-a-egressos\/","og_site_name":"O PROGRESSO","article_publisher":"https:\/\/www.facebook.com\/share\/1CeoksKBj6\/","article_published_time":"2026-03-10T14:44:19+00:00","article_modified_time":"2026-03-10T14:44:44+00:00","og_image":[{"width":2560,"height":1707,"url":"https:\/\/progresso.com.br\/wp-content\/uploads\/2026\/03\/unigran-scaled.jpg","type":"image\/jpeg"}],"author":"Rose","twitter_card":"summary_large_image","twitter_misc":{"Escrito por":"Rose","Est. tempo de leitura":"4 minutos"},"schema":{"@context":"https:\/\/schema.org","@graph":[{"@type":"Article","@id":"https:\/\/progresso.com.br\/index.php\/2026\/03\/10\/unigran-inicia-comemoracoes-dos-50-anos-com-homenagem-a-egressos\/#article","isPartOf":{"@id":"https:\/\/progresso.com.br\/index.php\/2026\/03\/10\/unigran-inicia-comemoracoes-dos-50-anos-com-homenagem-a-egressos\/"},"author":{"name":"Rose","@id":"https:\/\/progresso.com.br\/#\/schema\/person\/5dd27138d4463fbbaace62120bfc002b"},"headline":"UNIGRAN inicia comemora\u00e7\u00f5es dos 50 anos com homenagem a egressos","datePublished":"2026-03-10T14:44:19+00:00","dateModified":"2026-03-10T14:44:44+00:00","mainEntityOfPage":{"@id":"https:\/\/progresso.com.br\/index.php\/2026\/03\/10\/unigran-inicia-comemoracoes-dos-50-anos-com-homenagem-a-egressos\/"},"wordCount":907,"commentCount":0,"publisher":{"@id":"https:\/\/progresso.com.br\/#organization"},"image":{"@id":"https:\/\/progresso.com.br\/index.php\/2026\/03\/10\/unigran-inicia-comemoracoes-dos-50-anos-com-homenagem-a-egressos\/#primaryimage"},"thumbnailUrl":"https:\/\/progresso.com.br\/wp-content\/uploads\/2026\/03\/unigran-scaled.jpg","articleSection":["Em destaque","Sociedade"],"inLanguage":"pt-BR","potentialAction":[{"@type":"CommentAction","name":"Comment","target":["https:\/\/progresso.com.br\/index.php\/2026\/03\/10\/unigran-inicia-comemoracoes-dos-50-anos-com-homenagem-a-egressos\/#respond"]}]},{"@type":"WebPage","@id":"https:\/\/progresso.com.br\/index.php\/2026\/03\/10\/unigran-inicia-comemoracoes-dos-50-anos-com-homenagem-a-egressos\/","url":"https:\/\/progresso.com.br\/index.php\/2026\/03\/10\/unigran-inicia-comemoracoes-dos-50-anos-com-homenagem-a-egressos\/","name":"UNIGRAN inicia comemora\u00e7\u00f5es dos 50 anos com homenagem a egressos - O PROGRESSO","isPartOf":{"@id":"https:\/\/progresso.com.br\/#website"},"primaryImageOfPage":{"@id":"https:\/\/progresso.com.br\/index.php\/2026\/03\/10\/unigran-inicia-comemoracoes-dos-50-anos-com-homenagem-a-egressos\/#primaryimage"},"image":{"@id":"https:\/\/progresso.com.br\/index.php\/2026\/03\/10\/unigran-inicia-comemoracoes-dos-50-anos-com-homenagem-a-egressos\/#primaryimage"},"thumbnailUrl":"https:\/\/progresso.com.br\/wp-content\/uploads\/2026\/03\/unigran-scaled.jpg","datePublished":"2026-03-10T14:44:19+00:00","dateModified":"2026-03-10T14:44:44+00:00","breadcrumb":{"@id":"https:\/\/progresso.com.br\/index.php\/2026\/03\/10\/unigran-inicia-comemoracoes-dos-50-anos-com-homenagem-a-egressos\/#breadcrumb"},"inLanguage":"pt-BR","potentialAction":[{"@type":"ReadAction","target":["https:\/\/progresso.com.br\/index.php\/2026\/03\/10\/unigran-inicia-comemoracoes-dos-50-anos-com-homenagem-a-egressos\/"]}]},{"@type":"ImageObject","inLanguage":"pt-BR","@id":"https:\/\/progresso.com.br\/index.php\/2026\/03\/10\/unigran-inicia-comemoracoes-dos-50-anos-com-homenagem-a-egressos\/#primaryimage","url":"https:\/\/progresso.com.br\/wp-content\/uploads\/2026\/03\/unigran-scaled.jpg","contentUrl":"https:\/\/progresso.com.br\/wp-content\/uploads\/2026\/03\/unigran-scaled.jpg","width":2560,"height":1707,"caption":"(Divulga\u00e7\u00e3o)"},{"@type":"BreadcrumbList","@id":"https:\/\/progresso.com.br\/index.php\/2026\/03\/10\/unigran-inicia-comemoracoes-dos-50-anos-com-homenagem-a-egressos\/#breadcrumb","itemListElement":[{"@type":"ListItem","position":1,"name":"In\u00edcio","item":"https:\/\/progresso.com.br\/"},{"@type":"ListItem","position":2,"name":"UNIGRAN inicia comemora\u00e7\u00f5es dos 50 anos com homenagem a egressos"}]},{"@type":"WebSite","@id":"https:\/\/progresso.com.br\/#website","url":"https:\/\/progresso.com.br\/","name":"O PROGRESSO","description":"","publisher":{"@id":"https:\/\/progresso.com.br\/#organization"},"potentialAction":[{"@type":"SearchAction","target":{"@type":"EntryPoint","urlTemplate":"https:\/\/progresso.com.br\/?s={search_term_string}"},"query-input":{"@type":"PropertyValueSpecification","valueRequired":true,"valueName":"search_term_string"}}],"inLanguage":"pt-BR"},{"@type":"Organization","@id":"https:\/\/progresso.com.br\/#organization","name":"O PROGRESSO","url":"https:\/\/progresso.com.br\/","logo":{"@type":"ImageObject","inLanguage":"pt-BR","@id":"https:\/\/progresso.com.br\/#\/schema\/logo\/image\/","url":"https:\/\/progresso.com.br\/wp-content\/uploads\/2026\/03\/logo_proog.jpg","contentUrl":"https:\/\/progresso.com.br\/wp-content\/uploads\/2026\/03\/logo_proog.jpg","width":1960,"height":1080,"caption":"O PROGRESSO"},"image":{"@id":"https:\/\/progresso.com.br\/#\/schema\/logo\/image\/"},"sameAs":["https:\/\/www.facebook.com\/share\/1CeoksKBj6\/","https:\/\/www.instagram.com\/oprogresso_digital"]},{"@type":"Person","@id":"https:\/\/progresso.com.br\/#\/schema\/person\/5dd27138d4463fbbaace62120bfc002b","name":"Rose","image":{"@type":"ImageObject","inLanguage":"pt-BR","@id":"https:\/\/progresso.com.br\/#\/schema\/person\/image\/","url":"https:\/\/secure.gravatar.com\/avatar\/1b6890e759cdd3a88d9f751cb423720b9861c5239167cd3586355638b6556599?s=96&d=mm&r=g","contentUrl":"https:\/\/secure.gravatar.com\/avatar\/1b6890e759cdd3a88d9f751cb423720b9861c5239167cd3586355638b6556599?s=96&d=mm&r=g","caption":"Rose"},"url":"https:\/\/progresso.com.br\/index.php\/author\/rose\/"}]}},"_links":{"self":[{"href":"https:\/\/progresso.com.br\/index.php\/wp-json\/wp\/v2\/posts\/561","targetHints":{"allow":["GET"]}}],"collection":[{"href":"https:\/\/progresso.com.br\/index.php\/wp-json\/wp\/v2\/posts"}],"about":[{"href":"https:\/\/progresso.com.br\/index.php\/wp-json\/wp\/v2\/types\/post"}],"author":[{"embeddable":true,"href":"https:\/\/progresso.com.br\/index.php\/wp-json\/wp\/v2\/users\/2"}],"replies":[{"embeddable":true,"href":"https:\/\/progresso.com.br\/index.php\/wp-json\/wp\/v2\/comments?post=561"}],"version-history":[{"count":1,"href":"https:\/\/progresso.com.br\/index.php\/wp-json\/wp\/v2\/posts\/561\/revisions"}],"predecessor-version":[{"id":563,"href":"https:\/\/progresso.com.br\/index.php\/wp-json\/wp\/v2\/posts\/561\/revisions\/563"}],"wp:featuredmedia":[{"embeddable":true,"href":"https:\/\/progresso.com.br\/index.php\/wp-json\/wp\/v2\/media\/562"}],"wp:attachment":[{"href":"https:\/\/progresso.com.br\/index.php\/wp-json\/wp\/v2\/media?parent=561"}],"wp:term":[{"taxonomy":"category","embeddable":true,"href":"https:\/\/progresso.com.br\/index.php\/wp-json\/wp\/v2\/categories?post=561"},{"taxonomy":"post_tag","embeddable":true,"href":"https:\/\/progresso.com.br\/index.php\/wp-json\/wp\/v2\/tags?post=561"}],"curies":[{"name":"wp","href":"https:\/\/api.w.org\/{rel}","templated":true}]}}