{"id":572,"date":"2026-03-10T15:18:43","date_gmt":"2026-03-10T19:18:43","guid":{"rendered":"https:\/\/10nl.com.br\/?p=572"},"modified":"2026-03-10T15:18:43","modified_gmt":"2026-03-10T19:18:43","slug":"cristian-ribera-fatura-podio-inedito-para-o-brasil-na-paralimpiada","status":"publish","type":"post","link":"https:\/\/progresso.com.br\/index.php\/2026\/03\/10\/cristian-ribera-fatura-podio-inedito-para-o-brasil-na-paralimpiada\/","title":{"rendered":"Cristian Ribera fatura p\u00f3dio in\u00e9dito para o Brasil na Paralimp\u00edada"},"content":{"rendered":"\n<p><strong><em>Brasileiro arrematou a prata na prova de sprint do esqui cross-country<\/em><\/strong><\/p>\n\n\n\n<p><em>Ag\u00eancia Brasil<\/em><\/p>\n\n\n\n<p>O esquiador Cristian Ribera garantiu a medalha de prata nesta ter\u00e7a-feira (10) na Paralimp\u00edada de Inverno de Mil\u00e3o-Cortina (It\u00e1lia) e tornou-se o primeiro brasileiro a subir ao p\u00f3dio na hist\u00f3ria do megaevento esportivo. Atual campe\u00e3o mundial, o atleta de 23 anos dominou boa parte da prova de sprint do esqui cross-country, classe&nbsp;<em>sitting&nbsp;<\/em>(para atletas com defici\u00eancia nos membros inferiores), mas na reta final foi ultrapassado pelo chin\u00eas Liu Zixu (2min29s9). O brasileiro (2min29s6) cruzou a linha de chegada em segundo lugar, com apenas sete d\u00e9cimos de diferen\u00e7a para o asi\u00e1tico. O bronze ficou com o cazaque Yerbol Khamitov (2min29s90). &nbsp;<img decoding=\"async\" src=\"https:\/\/agenciabrasil.ebc.com.br\/ebc.png?id=1681384&amp;o=node\"><img decoding=\"async\" src=\"https:\/\/agenciabrasil.ebc.com.br\/ebc.gif?id=1681384&amp;o=node\"><\/p>\n\n\n\n<p>\u201cQuero s\u00f3 agradecer meu time. A gente sempre trabalhou muito duro. Minha fam\u00edlia estava torcendo, fiz isso por eles. Queria o ouro, foi por muito pouco, m\u00e9rito do chin\u00eas. Foi o sprint final do maior evento. Todo mundo chega muito forte. Os esquis estavam bons. [\u2026] Foi muito acirrado. Enfim, sou campe\u00e3o mundial, do Globo de Cristal e agora \u00e9 a prata. Estou muito feliz, mais um sonho realizado. Agora a meta \u00e9 o ouro\u201d, projetou o rondoniense, radicado em Jundia\u00ed (SP), em entrevista ao canal SporTV.<\/p>\n\n\n\n<p>Ribera ainda tem chances de subir ao p\u00f3dio novamente no Tesero Cross-Country Stadium, nas Dolomitas. Nesta quarta-feira (11) ele competir\u00e1 na prova de 10 quil\u00f4metros do esqui-cross country. Ele tamb\u00e9m est\u00e1 inscrito na prova de revezamento misto no s\u00e1bado (14), e na disputa dos 20 km no domingo (15), \u00faltimo dia dos Jogos. &nbsp;<\/p>\n\n\n\n<p>Antes do p\u00f3dio in\u00e9dito conquistado hoje, o melhor resultado do Brasil fora a sexta posi\u00e7\u00e3o obtida pelo pr\u00f3prio Cristian Ribera, aos 15 anos, na edi\u00e7\u00e3o dos Jogos de Inverno de PyeongChang (Coreia do Sul), em 2018. Na edi\u00e7\u00e3o seguinte, em Pequim 2022, o rondoniense terminou em oitavo lugar.<\/p>\n\n\n\n<p>Quem tamb\u00e9m foi destaque nesta ter\u00e7a (10) foi a paranaense Aline Rocha, que encerrou em quinto lugar a prova feminina do esqui cross-country da classe sitting. \u00c9 o melhor resultado de uma mulher brasileira&nbsp;na Paralimp\u00edada de Inverno. Nascida em Pinh\u00e3o (PR), a esquiadora de 35 anos concluiu a disputa como tempo de 3min21s00.<\/p>\n\n\n\n<p>\u201c\u00c9 uma emo\u00e7\u00e3o imensa. Estou muito feliz de chegar pela primeira vez na final da prova de sprint. [\u2026] Eu espero que os resultados que estamos conquistando aqui incentive mais mulheres a conhecer o esporte. O esqui \u00e9 incr\u00edvel. [\u2026] Eu consegui fazer uma \u00f3tima classificat\u00f3ria, uma \u00f3tima semifinal. Na final, faltou um pouquinho de bra\u00e7o, mas foi um \u00f3timo resultado. Ainda tem mais\u201d, comemorou Aline, em depoimento ao SporTV.<\/p>\n\n\n\n<figure class=\"wp-block-image is-resized\"><img decoding=\"async\" src=\"https:\/\/imagens.ebc.com.br\/GX7G5DGifG8mtR3BgDCeNjVFNok=\/754x0\/smart\/https:\/\/agenciabrasil.ebc.com.br\/sites\/default\/files\/thumbnails\/image\/2026\/03\/10\/aline_rocha.jpg?itok=LoyiMHxI\" alt=\"Aline Rocha - quinta posi\u00e7\u00e3o - melhor resultado de atleta mulher nos Jogos de Mil\u00e3o-Cortina 2026 - em 10\/03\/2026\" style=\"width:934px;height:auto\" title=\"Reprodu\u00e7\u00e3o X \/ Comit\u00ea Paral\u00edmpico Brasileiro\"\/><\/figure>\n\n\n\n<p><em>A paranaense Aline Rocha foi quinta colocada na prova feminina de sprint do esqui cross-country, o melhor resultado de uma mulher brasileira nos\u00a0Jogos de Mil\u00e3o-Cortina 2026 &#8211;\u00a0<strong>Reprodu\u00e7\u00e3o X \/ Comit\u00ea Paral\u00edmpico Brasileiro<\/strong><\/em><\/p>\n\n\n\n<p>A campe\u00e3 da prova de sprint foi a norte-americana Oksana Masters (3min07s1), seguida pela sul-coreana Yunji Kim (3min10s1) e a chinesa Shiyu Wang (3min17s9), com prata e bronze, respectivamente.<\/p>\n","protected":false},"excerpt":{"rendered":"<p>Brasileiro arrematou a prata na prova de sprint do esqui cross-country Ag\u00eancia Brasil O esquiador Cristian Ribera garantiu a medalha de prata nesta ter\u00e7a-feira (10) na Paralimp\u00edada de Inverno de Mil\u00e3o-Cortina (It\u00e1lia) e tornou-se o primeiro brasileiro a subir ao p\u00f3dio na hist\u00f3ria do megaevento esportivo. Atual campe\u00e3o mundial, o atleta de 23 anos dominou [&hellip;]<\/p>\n","protected":false},"author":2,"featured_media":573,"comment_status":"open","ping_status":"open","sticky":false,"template":"","format":"standard","meta":{"footnotes":""},"categories":[2,17],"tags":[],"class_list":["post-572","post","type-post","status-publish","format-standard","has-post-thumbnail","hentry","category-destaque","category-esporte"],"yoast_head":"<!-- This site is optimized with the Yoast SEO plugin v27.1.1 - https:\/\/yoast.com\/product\/yoast-seo-wordpress\/ -->\n<title>Cristian Ribera fatura p\u00f3dio in\u00e9dito para o Brasil na Paralimp\u00edada - O PROGRESSO<\/title>\n<meta name=\"robots\" content=\"index, follow, max-snippet:-1, max-image-preview:large, max-video-preview:-1\" \/>\n<link rel=\"canonical\" href=\"https:\/\/progresso.com.br\/index.php\/2026\/03\/10\/cristian-ribera-fatura-podio-inedito-para-o-brasil-na-paralimpiada\/\" \/>\n<meta property=\"og:locale\" content=\"pt_BR\" \/>\n<meta property=\"og:type\" content=\"article\" \/>\n<meta property=\"og:title\" content=\"Cristian Ribera fatura p\u00f3dio in\u00e9dito para o Brasil na Paralimp\u00edada - O PROGRESSO\" \/>\n<meta property=\"og:description\" content=\"Brasileiro arrematou a prata na prova de sprint do esqui cross-country Ag\u00eancia Brasil O esquiador Cristian Ribera garantiu a medalha de prata nesta ter\u00e7a-feira (10) na Paralimp\u00edada de Inverno de Mil\u00e3o-Cortina (It\u00e1lia) e tornou-se o primeiro brasileiro a subir ao p\u00f3dio na hist\u00f3ria do megaevento esportivo. Atual campe\u00e3o mundial, o atleta de 23 anos dominou [&hellip;]\" \/>\n<meta property=\"og:url\" content=\"https:\/\/progresso.com.br\/index.php\/2026\/03\/10\/cristian-ribera-fatura-podio-inedito-para-o-brasil-na-paralimpiada\/\" \/>\n<meta property=\"og:site_name\" content=\"O PROGRESSO\" \/>\n<meta property=\"article:publisher\" content=\"https:\/\/www.facebook.com\/share\/1CeoksKBj6\/\" \/>\n<meta property=\"article:published_time\" content=\"2026-03-10T19:18:43+00:00\" \/>\n<meta property=\"og:image\" content=\"https:\/\/progresso.com.br\/wp-content\/uploads\/2026\/03\/paral.png\" \/>\n\t<meta property=\"og:image:width\" content=\"427\" \/>\n\t<meta property=\"og:image:height\" content=\"532\" \/>\n\t<meta property=\"og:image:type\" content=\"image\/png\" \/>\n<meta name=\"author\" content=\"Rose\" \/>\n<meta name=\"twitter:card\" content=\"summary_large_image\" \/>\n<meta name=\"twitter:label1\" content=\"Escrito por\" \/>\n\t<meta name=\"twitter:data1\" content=\"Rose\" \/>\n\t<meta name=\"twitter:label2\" content=\"Est. tempo de leitura\" \/>\n\t<meta name=\"twitter:data2\" content=\"3 minutos\" \/>\n<script type=\"application\/ld+json\" class=\"yoast-schema-graph\">{\"@context\":\"https:\/\/schema.org\",\"@graph\":[{\"@type\":\"Article\",\"@id\":\"https:\/\/progresso.com.br\/index.php\/2026\/03\/10\/cristian-ribera-fatura-podio-inedito-para-o-brasil-na-paralimpiada\/#article\",\"isPartOf\":{\"@id\":\"https:\/\/progresso.com.br\/index.php\/2026\/03\/10\/cristian-ribera-fatura-podio-inedito-para-o-brasil-na-paralimpiada\/\"},\"author\":{\"name\":\"Rose\",\"@id\":\"https:\/\/progresso.com.br\/#\/schema\/person\/5dd27138d4463fbbaace62120bfc002b\"},\"headline\":\"Cristian Ribera fatura p\u00f3dio in\u00e9dito para o Brasil na Paralimp\u00edada\",\"datePublished\":\"2026-03-10T19:18:43+00:00\",\"mainEntityOfPage\":{\"@id\":\"https:\/\/progresso.com.br\/index.php\/2026\/03\/10\/cristian-ribera-fatura-podio-inedito-para-o-brasil-na-paralimpiada\/\"},\"wordCount\":529,\"commentCount\":0,\"publisher\":{\"@id\":\"https:\/\/progresso.com.br\/#organization\"},\"image\":{\"@id\":\"https:\/\/progresso.com.br\/index.php\/2026\/03\/10\/cristian-ribera-fatura-podio-inedito-para-o-brasil-na-paralimpiada\/#primaryimage\"},\"thumbnailUrl\":\"https:\/\/progresso.com.br\/wp-content\/uploads\/2026\/03\/paral.png\",\"articleSection\":[\"Em destaque\",\"Esporte\"],\"inLanguage\":\"pt-BR\",\"potentialAction\":[{\"@type\":\"CommentAction\",\"name\":\"Comment\",\"target\":[\"https:\/\/progresso.com.br\/index.php\/2026\/03\/10\/cristian-ribera-fatura-podio-inedito-para-o-brasil-na-paralimpiada\/#respond\"]}]},{\"@type\":\"WebPage\",\"@id\":\"https:\/\/progresso.com.br\/index.php\/2026\/03\/10\/cristian-ribera-fatura-podio-inedito-para-o-brasil-na-paralimpiada\/\",\"url\":\"https:\/\/progresso.com.br\/index.php\/2026\/03\/10\/cristian-ribera-fatura-podio-inedito-para-o-brasil-na-paralimpiada\/\",\"name\":\"Cristian Ribera fatura p\u00f3dio in\u00e9dito para o Brasil na Paralimp\u00edada - O PROGRESSO\",\"isPartOf\":{\"@id\":\"https:\/\/progresso.com.br\/#website\"},\"primaryImageOfPage\":{\"@id\":\"https:\/\/progresso.com.br\/index.php\/2026\/03\/10\/cristian-ribera-fatura-podio-inedito-para-o-brasil-na-paralimpiada\/#primaryimage\"},\"image\":{\"@id\":\"https:\/\/progresso.com.br\/index.php\/2026\/03\/10\/cristian-ribera-fatura-podio-inedito-para-o-brasil-na-paralimpiada\/#primaryimage\"},\"thumbnailUrl\":\"https:\/\/progresso.com.br\/wp-content\/uploads\/2026\/03\/paral.png\",\"datePublished\":\"2026-03-10T19:18:43+00:00\",\"breadcrumb\":{\"@id\":\"https:\/\/progresso.com.br\/index.php\/2026\/03\/10\/cristian-ribera-fatura-podio-inedito-para-o-brasil-na-paralimpiada\/#breadcrumb\"},\"inLanguage\":\"pt-BR\",\"potentialAction\":[{\"@type\":\"ReadAction\",\"target\":[\"https:\/\/progresso.com.br\/index.php\/2026\/03\/10\/cristian-ribera-fatura-podio-inedito-para-o-brasil-na-paralimpiada\/\"]}]},{\"@type\":\"ImageObject\",\"inLanguage\":\"pt-BR\",\"@id\":\"https:\/\/progresso.com.br\/index.php\/2026\/03\/10\/cristian-ribera-fatura-podio-inedito-para-o-brasil-na-paralimpiada\/#primaryimage\",\"url\":\"https:\/\/progresso.com.br\/wp-content\/uploads\/2026\/03\/paral.png\",\"contentUrl\":\"https:\/\/progresso.com.br\/wp-content\/uploads\/2026\/03\/paral.png\",\"width\":427,\"height\":532,\"caption\":\"(Reprodu\u00e7\u00e3o\/Instagran)\"},{\"@type\":\"BreadcrumbList\",\"@id\":\"https:\/\/progresso.com.br\/index.php\/2026\/03\/10\/cristian-ribera-fatura-podio-inedito-para-o-brasil-na-paralimpiada\/#breadcrumb\",\"itemListElement\":[{\"@type\":\"ListItem\",\"position\":1,\"name\":\"In\u00edcio\",\"item\":\"https:\/\/progresso.com.br\/\"},{\"@type\":\"ListItem\",\"position\":2,\"name\":\"Cristian Ribera fatura p\u00f3dio in\u00e9dito para o Brasil na Paralimp\u00edada\"}]},{\"@type\":\"WebSite\",\"@id\":\"https:\/\/progresso.com.br\/#website\",\"url\":\"https:\/\/progresso.com.br\/\",\"name\":\"O PROGRESSO\",\"description\":\"\",\"publisher\":{\"@id\":\"https:\/\/progresso.com.br\/#organization\"},\"potentialAction\":[{\"@type\":\"SearchAction\",\"target\":{\"@type\":\"EntryPoint\",\"urlTemplate\":\"https:\/\/progresso.com.br\/?s={search_term_string}\"},\"query-input\":{\"@type\":\"PropertyValueSpecification\",\"valueRequired\":true,\"valueName\":\"search_term_string\"}}],\"inLanguage\":\"pt-BR\"},{\"@type\":\"Organization\",\"@id\":\"https:\/\/progresso.com.br\/#organization\",\"name\":\"O PROGRESSO\",\"url\":\"https:\/\/progresso.com.br\/\",\"logo\":{\"@type\":\"ImageObject\",\"inLanguage\":\"pt-BR\",\"@id\":\"https:\/\/progresso.com.br\/#\/schema\/logo\/image\/\",\"url\":\"https:\/\/progresso.com.br\/wp-content\/uploads\/2026\/03\/logo_proog.jpg\",\"contentUrl\":\"https:\/\/progresso.com.br\/wp-content\/uploads\/2026\/03\/logo_proog.jpg\",\"width\":1960,\"height\":1080,\"caption\":\"O PROGRESSO\"},\"image\":{\"@id\":\"https:\/\/progresso.com.br\/#\/schema\/logo\/image\/\"},\"sameAs\":[\"https:\/\/www.facebook.com\/share\/1CeoksKBj6\/\",\"https:\/\/www.instagram.com\/oprogresso_digital\"]},{\"@type\":\"Person\",\"@id\":\"https:\/\/progresso.com.br\/#\/schema\/person\/5dd27138d4463fbbaace62120bfc002b\",\"name\":\"Rose\",\"image\":{\"@type\":\"ImageObject\",\"inLanguage\":\"pt-BR\",\"@id\":\"https:\/\/progresso.com.br\/#\/schema\/person\/image\/\",\"url\":\"https:\/\/secure.gravatar.com\/avatar\/1b6890e759cdd3a88d9f751cb423720b9861c5239167cd3586355638b6556599?s=96&d=mm&r=g\",\"contentUrl\":\"https:\/\/secure.gravatar.com\/avatar\/1b6890e759cdd3a88d9f751cb423720b9861c5239167cd3586355638b6556599?s=96&d=mm&r=g\",\"caption\":\"Rose\"},\"url\":\"https:\/\/progresso.com.br\/index.php\/author\/rose\/\"}]}<\/script>\n<!-- \/ Yoast SEO plugin. -->","yoast_head_json":{"title":"Cristian Ribera fatura p\u00f3dio in\u00e9dito para o Brasil na Paralimp\u00edada - O PROGRESSO","robots":{"index":"index","follow":"follow","max-snippet":"max-snippet:-1","max-image-preview":"max-image-preview:large","max-video-preview":"max-video-preview:-1"},"canonical":"https:\/\/progresso.com.br\/index.php\/2026\/03\/10\/cristian-ribera-fatura-podio-inedito-para-o-brasil-na-paralimpiada\/","og_locale":"pt_BR","og_type":"article","og_title":"Cristian Ribera fatura p\u00f3dio in\u00e9dito para o Brasil na Paralimp\u00edada - O PROGRESSO","og_description":"Brasileiro arrematou a prata na prova de sprint do esqui cross-country Ag\u00eancia Brasil O esquiador Cristian Ribera garantiu a medalha de prata nesta ter\u00e7a-feira (10) na Paralimp\u00edada de Inverno de Mil\u00e3o-Cortina (It\u00e1lia) e tornou-se o primeiro brasileiro a subir ao p\u00f3dio na hist\u00f3ria do megaevento esportivo. Atual campe\u00e3o mundial, o atleta de 23 anos dominou [&hellip;]","og_url":"https:\/\/progresso.com.br\/index.php\/2026\/03\/10\/cristian-ribera-fatura-podio-inedito-para-o-brasil-na-paralimpiada\/","og_site_name":"O PROGRESSO","article_publisher":"https:\/\/www.facebook.com\/share\/1CeoksKBj6\/","article_published_time":"2026-03-10T19:18:43+00:00","og_image":[{"width":427,"height":532,"url":"https:\/\/progresso.com.br\/wp-content\/uploads\/2026\/03\/paral.png","type":"image\/png"}],"author":"Rose","twitter_card":"summary_large_image","twitter_misc":{"Escrito por":"Rose","Est. tempo de leitura":"3 minutos"},"schema":{"@context":"https:\/\/schema.org","@graph":[{"@type":"Article","@id":"https:\/\/progresso.com.br\/index.php\/2026\/03\/10\/cristian-ribera-fatura-podio-inedito-para-o-brasil-na-paralimpiada\/#article","isPartOf":{"@id":"https:\/\/progresso.com.br\/index.php\/2026\/03\/10\/cristian-ribera-fatura-podio-inedito-para-o-brasil-na-paralimpiada\/"},"author":{"name":"Rose","@id":"https:\/\/progresso.com.br\/#\/schema\/person\/5dd27138d4463fbbaace62120bfc002b"},"headline":"Cristian Ribera fatura p\u00f3dio in\u00e9dito para o Brasil na Paralimp\u00edada","datePublished":"2026-03-10T19:18:43+00:00","mainEntityOfPage":{"@id":"https:\/\/progresso.com.br\/index.php\/2026\/03\/10\/cristian-ribera-fatura-podio-inedito-para-o-brasil-na-paralimpiada\/"},"wordCount":529,"commentCount":0,"publisher":{"@id":"https:\/\/progresso.com.br\/#organization"},"image":{"@id":"https:\/\/progresso.com.br\/index.php\/2026\/03\/10\/cristian-ribera-fatura-podio-inedito-para-o-brasil-na-paralimpiada\/#primaryimage"},"thumbnailUrl":"https:\/\/progresso.com.br\/wp-content\/uploads\/2026\/03\/paral.png","articleSection":["Em destaque","Esporte"],"inLanguage":"pt-BR","potentialAction":[{"@type":"CommentAction","name":"Comment","target":["https:\/\/progresso.com.br\/index.php\/2026\/03\/10\/cristian-ribera-fatura-podio-inedito-para-o-brasil-na-paralimpiada\/#respond"]}]},{"@type":"WebPage","@id":"https:\/\/progresso.com.br\/index.php\/2026\/03\/10\/cristian-ribera-fatura-podio-inedito-para-o-brasil-na-paralimpiada\/","url":"https:\/\/progresso.com.br\/index.php\/2026\/03\/10\/cristian-ribera-fatura-podio-inedito-para-o-brasil-na-paralimpiada\/","name":"Cristian Ribera fatura p\u00f3dio in\u00e9dito para o Brasil na Paralimp\u00edada - O PROGRESSO","isPartOf":{"@id":"https:\/\/progresso.com.br\/#website"},"primaryImageOfPage":{"@id":"https:\/\/progresso.com.br\/index.php\/2026\/03\/10\/cristian-ribera-fatura-podio-inedito-para-o-brasil-na-paralimpiada\/#primaryimage"},"image":{"@id":"https:\/\/progresso.com.br\/index.php\/2026\/03\/10\/cristian-ribera-fatura-podio-inedito-para-o-brasil-na-paralimpiada\/#primaryimage"},"thumbnailUrl":"https:\/\/progresso.com.br\/wp-content\/uploads\/2026\/03\/paral.png","datePublished":"2026-03-10T19:18:43+00:00","breadcrumb":{"@id":"https:\/\/progresso.com.br\/index.php\/2026\/03\/10\/cristian-ribera-fatura-podio-inedito-para-o-brasil-na-paralimpiada\/#breadcrumb"},"inLanguage":"pt-BR","potentialAction":[{"@type":"ReadAction","target":["https:\/\/progresso.com.br\/index.php\/2026\/03\/10\/cristian-ribera-fatura-podio-inedito-para-o-brasil-na-paralimpiada\/"]}]},{"@type":"ImageObject","inLanguage":"pt-BR","@id":"https:\/\/progresso.com.br\/index.php\/2026\/03\/10\/cristian-ribera-fatura-podio-inedito-para-o-brasil-na-paralimpiada\/#primaryimage","url":"https:\/\/progresso.com.br\/wp-content\/uploads\/2026\/03\/paral.png","contentUrl":"https:\/\/progresso.com.br\/wp-content\/uploads\/2026\/03\/paral.png","width":427,"height":532,"caption":"(Reprodu\u00e7\u00e3o\/Instagran)"},{"@type":"BreadcrumbList","@id":"https:\/\/progresso.com.br\/index.php\/2026\/03\/10\/cristian-ribera-fatura-podio-inedito-para-o-brasil-na-paralimpiada\/#breadcrumb","itemListElement":[{"@type":"ListItem","position":1,"name":"In\u00edcio","item":"https:\/\/progresso.com.br\/"},{"@type":"ListItem","position":2,"name":"Cristian Ribera fatura p\u00f3dio in\u00e9dito para o Brasil na Paralimp\u00edada"}]},{"@type":"WebSite","@id":"https:\/\/progresso.com.br\/#website","url":"https:\/\/progresso.com.br\/","name":"O PROGRESSO","description":"","publisher":{"@id":"https:\/\/progresso.com.br\/#organization"},"potentialAction":[{"@type":"SearchAction","target":{"@type":"EntryPoint","urlTemplate":"https:\/\/progresso.com.br\/?s={search_term_string}"},"query-input":{"@type":"PropertyValueSpecification","valueRequired":true,"valueName":"search_term_string"}}],"inLanguage":"pt-BR"},{"@type":"Organization","@id":"https:\/\/progresso.com.br\/#organization","name":"O PROGRESSO","url":"https:\/\/progresso.com.br\/","logo":{"@type":"ImageObject","inLanguage":"pt-BR","@id":"https:\/\/progresso.com.br\/#\/schema\/logo\/image\/","url":"https:\/\/progresso.com.br\/wp-content\/uploads\/2026\/03\/logo_proog.jpg","contentUrl":"https:\/\/progresso.com.br\/wp-content\/uploads\/2026\/03\/logo_proog.jpg","width":1960,"height":1080,"caption":"O PROGRESSO"},"image":{"@id":"https:\/\/progresso.com.br\/#\/schema\/logo\/image\/"},"sameAs":["https:\/\/www.facebook.com\/share\/1CeoksKBj6\/","https:\/\/www.instagram.com\/oprogresso_digital"]},{"@type":"Person","@id":"https:\/\/progresso.com.br\/#\/schema\/person\/5dd27138d4463fbbaace62120bfc002b","name":"Rose","image":{"@type":"ImageObject","inLanguage":"pt-BR","@id":"https:\/\/progresso.com.br\/#\/schema\/person\/image\/","url":"https:\/\/secure.gravatar.com\/avatar\/1b6890e759cdd3a88d9f751cb423720b9861c5239167cd3586355638b6556599?s=96&d=mm&r=g","contentUrl":"https:\/\/secure.gravatar.com\/avatar\/1b6890e759cdd3a88d9f751cb423720b9861c5239167cd3586355638b6556599?s=96&d=mm&r=g","caption":"Rose"},"url":"https:\/\/progresso.com.br\/index.php\/author\/rose\/"}]}},"_links":{"self":[{"href":"https:\/\/progresso.com.br\/index.php\/wp-json\/wp\/v2\/posts\/572","targetHints":{"allow":["GET"]}}],"collection":[{"href":"https:\/\/progresso.com.br\/index.php\/wp-json\/wp\/v2\/posts"}],"about":[{"href":"https:\/\/progresso.com.br\/index.php\/wp-json\/wp\/v2\/types\/post"}],"author":[{"embeddable":true,"href":"https:\/\/progresso.com.br\/index.php\/wp-json\/wp\/v2\/users\/2"}],"replies":[{"embeddable":true,"href":"https:\/\/progresso.com.br\/index.php\/wp-json\/wp\/v2\/comments?post=572"}],"version-history":[{"count":1,"href":"https:\/\/progresso.com.br\/index.php\/wp-json\/wp\/v2\/posts\/572\/revisions"}],"predecessor-version":[{"id":574,"href":"https:\/\/progresso.com.br\/index.php\/wp-json\/wp\/v2\/posts\/572\/revisions\/574"}],"wp:featuredmedia":[{"embeddable":true,"href":"https:\/\/progresso.com.br\/index.php\/wp-json\/wp\/v2\/media\/573"}],"wp:attachment":[{"href":"https:\/\/progresso.com.br\/index.php\/wp-json\/wp\/v2\/media?parent=572"}],"wp:term":[{"taxonomy":"category","embeddable":true,"href":"https:\/\/progresso.com.br\/index.php\/wp-json\/wp\/v2\/categories?post=572"},{"taxonomy":"post_tag","embeddable":true,"href":"https:\/\/progresso.com.br\/index.php\/wp-json\/wp\/v2\/tags?post=572"}],"curies":[{"name":"wp","href":"https:\/\/api.w.org\/{rel}","templated":true}]}}