{"id":578,"date":"2026-03-10T15:41:55","date_gmt":"2026-03-10T19:41:55","guid":{"rendered":"https:\/\/10nl.com.br\/?p=578"},"modified":"2026-03-10T15:41:55","modified_gmt":"2026-03-10T19:41:55","slug":"pf-abre-inquerito-sobre-trend-que-inicita-odio-a-mulheres-no-tiktok","status":"publish","type":"post","link":"https:\/\/progresso.com.br\/index.php\/2026\/03\/10\/pf-abre-inquerito-sobre-trend-que-inicita-odio-a-mulheres-no-tiktok\/","title":{"rendered":"PF abre inqu\u00e9rito sobre trend que inicita \u00f3dio a mulheres no TikTok"},"content":{"rendered":"\n<p><strong><em>Em v\u00eddeos, homens simulam socos, chutes e outras agress\u00f5es<\/em><\/strong><\/p>\n\n\n\n<p><em>Gabriel Brum &#8211;  R\u00e1dio Nacional<\/em><\/p>\n\n\n\n<p>A Pol\u00edcia Federal abriu&nbsp;investiga\u00e7\u00e3o sobre uma trend de v\u00eddeos na rede social&nbsp;TikTok com apologia \u00e0 viol\u00eancia contra a mulher. Em nota, a corpora\u00e7\u00e3o informou ter recebido&nbsp;den\u00fancias contra essas publica\u00e7\u00f5es.<img decoding=\"async\" src=\"https:\/\/agenciabrasil.ebc.com.br\/ebc.png?id=1681404&amp;o=node\"><img decoding=\"async\" src=\"https:\/\/agenciabrasil.ebc.com.br\/ebc.gif?id=1681404&amp;o=node\"><\/p>\n\n\n\n<p>A PF tamb\u00e9m solicitou \u00e0 plataforma a preserva\u00e7\u00e3o dos dados e a retirada desse material. Durante a an\u00e1lise, os agentes identificaram mais v\u00eddeos relacionados ao tema, que tamb\u00e9m foram reportados e removidos.<\/p>\n\n\n\n<p><strong>Essa trend mostra homens simulando socos, chutes e facadas em mulheres caso tenham as investidas amorosas rejeitadas.<\/strong>&nbsp;<a href=\"https:\/\/agenciabrasil.ebc.com.br\/justica\/noticia\/2026-03\/agu-pede-que-pf-investigue-usuarios-que-publicaram-videos-misoginos\" target=\"_blank\" rel=\"noreferrer noopener\">Na segunda-feira (9), a Advocacia-Geral da Uni\u00e3o (AGU) anunciou que tinha acionado a PF para investigar o caso.<\/a><\/p>\n\n\n\n<p>Segundo a AGU, os v\u00eddeos tiveram origem em quatro perfis do TikTok. O conte\u00fado foi retirado, e&nbsp;<strong>os criadores&nbsp;podem responder por incita\u00e7\u00e3o aos crimes de feminic\u00eddio, amea\u00e7a, les\u00e3o corporal e viol\u00eancia psicol\u00f3gica contra a mulher.<\/strong><\/p>\n\n\n\n<p>Em nota, o TikTok informou que os v\u00eddeos violam as Diretrizes da Comunidade e foram removidos da plataforma. Al\u00e9m disso, a plataforma disse que a equipe de modera\u00e7\u00e3o busca identificar poss\u00edveis conte\u00fados violativos sobre o tema.<\/p>\n\n\n\n<p>Esse tipo de conte\u00fado mis\u00f3gino, que \u00e9 de \u00f3dio contra mulheres, vem ganhando for\u00e7a em grupos da \u201cmachosfera\u201d,&nbsp;<em>redpills<\/em>&nbsp;e&nbsp;<em>incels<\/em>. Nessas comunidades, homens que se dizem&nbsp;injusti\u00e7ados pela sociedade e pelas mulheres&nbsp;pregam viol\u00eancia e discrimina\u00e7\u00e3o de g\u00eanero.<\/p>\n\n\n\n<p><a href=\"https:\/\/agenciabrasil.ebc.com.br\/direitos-humanos\/noticia\/2026-03\/conteudos-violentos-contra-mulher-viralizam-na-internet-saiba-mais\" target=\"_blank\" rel=\"noreferrer noopener\">&gt;&gt;&nbsp;Conte\u00fados violentos contra mulheres viralizam na internet; saiba mais<\/a><\/p>\n\n\n\n<h2 class=\"wp-block-heading\">Criminaliza\u00e7\u00e3o da misoginia<\/h2>\n\n\n\n<p>A militante da Articula\u00e7\u00e3o de Mulheres Brasileiras&nbsp;Eunice Guedes, professora da Universidade Federal do Par\u00e1, explica que esse movimento ganhou for\u00e7a nos \u00faltimos anos.<\/p>\n\n\n\n<p>&#8220;Mas ele n\u00e3o tinha tanta voz, tanto acesso \u00e0s m\u00eddias corporativas, a recursos financeiros, a setores governamentais. E, de uns tempos para c\u00e1, talvez&nbsp;a gente poderia dizer de uns 10 anos para c\u00e1, isso tem se acirrado ainda mais&#8221;.<\/p>\n\n\n\n<p><strong>A pesquisadora ressalta que o pa\u00eds precisa de leis que criminalizem a misoginia<\/strong>, para que haja puni\u00e7\u00e3o; mas a sociedade toda tamb\u00e9m deve combater essa cultura violenta.<\/p>\n\n\n\n<p>&#8220;Que a sociedade se aproprie desse arcabou\u00e7o jur\u00eddico, dessa situa\u00e7\u00e3o e desse cen\u00e1rio. A sociedade e as suas diversas organiza\u00e7\u00f5es. N\u00e3o basta s\u00f3 a puni\u00e7\u00e3o, a gente precisa pensar em preven\u00e7\u00e3o, em mudan\u00e7a de paradigmas, em mudan\u00e7a de culturas, em mudan\u00e7a de concep\u00e7\u00f5es&#8221;.<\/p>\n\n\n\n<p>Esse tipo de conte\u00fado surgiu no momento em que cresce o debate sobre o aumento da viol\u00eancia contra mulheres no pa\u00eds.&nbsp;Dados do Minist\u00e9rio da Justi\u00e7a e Seguran\u00e7a P\u00fablica mostram que o Brasil registra atualmente quatro&nbsp;feminic\u00eddios por dia.<\/p>\n\n\n\n<h2 class=\"wp-block-heading\">Como denunciar<\/h2>\n\n\n\n<p><strong>\u00c9 poss\u00edvel pedir ajuda e denunciar casos de viol\u00eancia dom\u00e9stica e contra a mulher na&nbsp;Central de Atendimento \u00e0 Mulher \u2013 Ligue 180, um servi\u00e7o gratuito que&nbsp;funciona 24 horas por dia, todos os dias da semana.&nbsp;<\/strong><\/p>\n\n\n\n<p>O servi\u00e7o est\u00e1 dispon\u00edvel tamb\u00e9m&nbsp;no&nbsp;WhatsApp: (61) 9610-0180 e pelo e-mail&nbsp;central180@mulheres.gov.br.&nbsp;<\/p>\n\n\n\n<p><strong>Den\u00fancias de viol\u00eancia contra a mulher tamb\u00e9m podem ser apresentadas em delegacias especializadas de atendimento \u00e0 mulher (Deam) ou em delegacias comuns e nas Casas da Mulher Brasileira.<\/strong><\/p>\n\n\n\n<p>Ainda \u00e9 poss\u00edvel pedir ajuda por meio dos n\u00fameros Disque 100, que recebe casos de viola\u00e7\u00f5es de direitos humanos, e&nbsp;190, de ocorr\u00eancias policiais.&nbsp;<\/p>\n","protected":false},"excerpt":{"rendered":"<p>Em v\u00eddeos, homens simulam socos, chutes e outras agress\u00f5es Gabriel Brum &#8211; R\u00e1dio Nacional A Pol\u00edcia Federal abriu&nbsp;investiga\u00e7\u00e3o sobre uma trend de v\u00eddeos na rede social&nbsp;TikTok com apologia \u00e0 viol\u00eancia contra a mulher. Em nota, a corpora\u00e7\u00e3o informou ter recebido&nbsp;den\u00fancias contra essas publica\u00e7\u00f5es. A PF tamb\u00e9m solicitou \u00e0 plataforma a preserva\u00e7\u00e3o dos dados e a [&hellip;]<\/p>\n","protected":false},"author":2,"featured_media":579,"comment_status":"open","ping_status":"open","sticky":false,"template":"","format":"standard","meta":{"footnotes":""},"categories":[2,12],"tags":[],"class_list":["post-578","post","type-post","status-publish","format-standard","has-post-thumbnail","hentry","category-destaque","category-sociedade"],"yoast_head":"<!-- This site is optimized with the Yoast SEO plugin v27.1.1 - https:\/\/yoast.com\/product\/yoast-seo-wordpress\/ -->\n<title>PF abre inqu\u00e9rito sobre trend que inicita \u00f3dio a mulheres no TikTok - O PROGRESSO<\/title>\n<meta name=\"robots\" content=\"index, follow, max-snippet:-1, max-image-preview:large, max-video-preview:-1\" \/>\n<link rel=\"canonical\" href=\"https:\/\/progresso.com.br\/index.php\/2026\/03\/10\/pf-abre-inquerito-sobre-trend-que-inicita-odio-a-mulheres-no-tiktok\/\" \/>\n<meta property=\"og:locale\" content=\"pt_BR\" \/>\n<meta property=\"og:type\" content=\"article\" \/>\n<meta property=\"og:title\" content=\"PF abre inqu\u00e9rito sobre trend que inicita \u00f3dio a mulheres no TikTok - O PROGRESSO\" \/>\n<meta property=\"og:description\" content=\"Em v\u00eddeos, homens simulam socos, chutes e outras agress\u00f5es Gabriel Brum &#8211; R\u00e1dio Nacional A Pol\u00edcia Federal abriu&nbsp;investiga\u00e7\u00e3o sobre uma trend de v\u00eddeos na rede social&nbsp;TikTok com apologia \u00e0 viol\u00eancia contra a mulher. Em nota, a corpora\u00e7\u00e3o informou ter recebido&nbsp;den\u00fancias contra essas publica\u00e7\u00f5es. A PF tamb\u00e9m solicitou \u00e0 plataforma a preserva\u00e7\u00e3o dos dados e a [&hellip;]\" \/>\n<meta property=\"og:url\" content=\"https:\/\/progresso.com.br\/index.php\/2026\/03\/10\/pf-abre-inquerito-sobre-trend-que-inicita-odio-a-mulheres-no-tiktok\/\" \/>\n<meta property=\"og:site_name\" content=\"O PROGRESSO\" \/>\n<meta property=\"article:publisher\" content=\"https:\/\/www.facebook.com\/share\/1CeoksKBj6\/\" \/>\n<meta property=\"article:published_time\" content=\"2026-03-10T19:41:55+00:00\" \/>\n<meta property=\"og:image\" content=\"https:\/\/progresso.com.br\/wp-content\/uploads\/2026\/03\/toms0054.webp\" \/>\n\t<meta property=\"og:image:width\" content=\"1170\" \/>\n\t<meta property=\"og:image:height\" content=\"700\" \/>\n\t<meta property=\"og:image:type\" content=\"image\/webp\" \/>\n<meta name=\"author\" content=\"Rose\" \/>\n<meta name=\"twitter:card\" content=\"summary_large_image\" \/>\n<meta name=\"twitter:label1\" content=\"Escrito por\" \/>\n\t<meta name=\"twitter:data1\" content=\"Rose\" \/>\n\t<meta name=\"twitter:label2\" content=\"Est. tempo de leitura\" \/>\n\t<meta name=\"twitter:data2\" content=\"3 minutos\" \/>\n<script type=\"application\/ld+json\" class=\"yoast-schema-graph\">{\"@context\":\"https:\/\/schema.org\",\"@graph\":[{\"@type\":\"Article\",\"@id\":\"https:\/\/progresso.com.br\/index.php\/2026\/03\/10\/pf-abre-inquerito-sobre-trend-que-inicita-odio-a-mulheres-no-tiktok\/#article\",\"isPartOf\":{\"@id\":\"https:\/\/progresso.com.br\/index.php\/2026\/03\/10\/pf-abre-inquerito-sobre-trend-que-inicita-odio-a-mulheres-no-tiktok\/\"},\"author\":{\"name\":\"Rose\",\"@id\":\"https:\/\/progresso.com.br\/#\/schema\/person\/5dd27138d4463fbbaace62120bfc002b\"},\"headline\":\"PF abre inqu\u00e9rito sobre trend que inicita \u00f3dio a mulheres no TikTok\",\"datePublished\":\"2026-03-10T19:41:55+00:00\",\"mainEntityOfPage\":{\"@id\":\"https:\/\/progresso.com.br\/index.php\/2026\/03\/10\/pf-abre-inquerito-sobre-trend-que-inicita-odio-a-mulheres-no-tiktok\/\"},\"wordCount\":620,\"commentCount\":0,\"publisher\":{\"@id\":\"https:\/\/progresso.com.br\/#organization\"},\"image\":{\"@id\":\"https:\/\/progresso.com.br\/index.php\/2026\/03\/10\/pf-abre-inquerito-sobre-trend-que-inicita-odio-a-mulheres-no-tiktok\/#primaryimage\"},\"thumbnailUrl\":\"https:\/\/progresso.com.br\/wp-content\/uploads\/2026\/03\/toms0054.webp\",\"articleSection\":[\"Em destaque\",\"Sociedade\"],\"inLanguage\":\"pt-BR\",\"potentialAction\":[{\"@type\":\"CommentAction\",\"name\":\"Comment\",\"target\":[\"https:\/\/progresso.com.br\/index.php\/2026\/03\/10\/pf-abre-inquerito-sobre-trend-que-inicita-odio-a-mulheres-no-tiktok\/#respond\"]}]},{\"@type\":\"WebPage\",\"@id\":\"https:\/\/progresso.com.br\/index.php\/2026\/03\/10\/pf-abre-inquerito-sobre-trend-que-inicita-odio-a-mulheres-no-tiktok\/\",\"url\":\"https:\/\/progresso.com.br\/index.php\/2026\/03\/10\/pf-abre-inquerito-sobre-trend-que-inicita-odio-a-mulheres-no-tiktok\/\",\"name\":\"PF abre inqu\u00e9rito sobre trend que inicita \u00f3dio a mulheres no TikTok - O PROGRESSO\",\"isPartOf\":{\"@id\":\"https:\/\/progresso.com.br\/#website\"},\"primaryImageOfPage\":{\"@id\":\"https:\/\/progresso.com.br\/index.php\/2026\/03\/10\/pf-abre-inquerito-sobre-trend-que-inicita-odio-a-mulheres-no-tiktok\/#primaryimage\"},\"image\":{\"@id\":\"https:\/\/progresso.com.br\/index.php\/2026\/03\/10\/pf-abre-inquerito-sobre-trend-que-inicita-odio-a-mulheres-no-tiktok\/#primaryimage\"},\"thumbnailUrl\":\"https:\/\/progresso.com.br\/wp-content\/uploads\/2026\/03\/toms0054.webp\",\"datePublished\":\"2026-03-10T19:41:55+00:00\",\"breadcrumb\":{\"@id\":\"https:\/\/progresso.com.br\/index.php\/2026\/03\/10\/pf-abre-inquerito-sobre-trend-que-inicita-odio-a-mulheres-no-tiktok\/#breadcrumb\"},\"inLanguage\":\"pt-BR\",\"potentialAction\":[{\"@type\":\"ReadAction\",\"target\":[\"https:\/\/progresso.com.br\/index.php\/2026\/03\/10\/pf-abre-inquerito-sobre-trend-que-inicita-odio-a-mulheres-no-tiktok\/\"]}]},{\"@type\":\"ImageObject\",\"inLanguage\":\"pt-BR\",\"@id\":\"https:\/\/progresso.com.br\/index.php\/2026\/03\/10\/pf-abre-inquerito-sobre-trend-que-inicita-odio-a-mulheres-no-tiktok\/#primaryimage\",\"url\":\"https:\/\/progresso.com.br\/wp-content\/uploads\/2026\/03\/toms0054.webp\",\"contentUrl\":\"https:\/\/progresso.com.br\/wp-content\/uploads\/2026\/03\/toms0054.webp\",\"width\":1170,\"height\":700,\"caption\":\"(\u00a9 Tomaz Silva\/Ag\u00eancia Brasil)\"},{\"@type\":\"BreadcrumbList\",\"@id\":\"https:\/\/progresso.com.br\/index.php\/2026\/03\/10\/pf-abre-inquerito-sobre-trend-que-inicita-odio-a-mulheres-no-tiktok\/#breadcrumb\",\"itemListElement\":[{\"@type\":\"ListItem\",\"position\":1,\"name\":\"In\u00edcio\",\"item\":\"https:\/\/progresso.com.br\/\"},{\"@type\":\"ListItem\",\"position\":2,\"name\":\"PF abre inqu\u00e9rito sobre trend que inicita \u00f3dio a mulheres no TikTok\"}]},{\"@type\":\"WebSite\",\"@id\":\"https:\/\/progresso.com.br\/#website\",\"url\":\"https:\/\/progresso.com.br\/\",\"name\":\"O PROGRESSO\",\"description\":\"\",\"publisher\":{\"@id\":\"https:\/\/progresso.com.br\/#organization\"},\"potentialAction\":[{\"@type\":\"SearchAction\",\"target\":{\"@type\":\"EntryPoint\",\"urlTemplate\":\"https:\/\/progresso.com.br\/?s={search_term_string}\"},\"query-input\":{\"@type\":\"PropertyValueSpecification\",\"valueRequired\":true,\"valueName\":\"search_term_string\"}}],\"inLanguage\":\"pt-BR\"},{\"@type\":\"Organization\",\"@id\":\"https:\/\/progresso.com.br\/#organization\",\"name\":\"O PROGRESSO\",\"url\":\"https:\/\/progresso.com.br\/\",\"logo\":{\"@type\":\"ImageObject\",\"inLanguage\":\"pt-BR\",\"@id\":\"https:\/\/progresso.com.br\/#\/schema\/logo\/image\/\",\"url\":\"https:\/\/progresso.com.br\/wp-content\/uploads\/2026\/03\/logo_proog.jpg\",\"contentUrl\":\"https:\/\/progresso.com.br\/wp-content\/uploads\/2026\/03\/logo_proog.jpg\",\"width\":1960,\"height\":1080,\"caption\":\"O PROGRESSO\"},\"image\":{\"@id\":\"https:\/\/progresso.com.br\/#\/schema\/logo\/image\/\"},\"sameAs\":[\"https:\/\/www.facebook.com\/share\/1CeoksKBj6\/\",\"https:\/\/www.instagram.com\/oprogresso_digital\"]},{\"@type\":\"Person\",\"@id\":\"https:\/\/progresso.com.br\/#\/schema\/person\/5dd27138d4463fbbaace62120bfc002b\",\"name\":\"Rose\",\"image\":{\"@type\":\"ImageObject\",\"inLanguage\":\"pt-BR\",\"@id\":\"https:\/\/progresso.com.br\/#\/schema\/person\/image\/\",\"url\":\"https:\/\/secure.gravatar.com\/avatar\/1b6890e759cdd3a88d9f751cb423720b9861c5239167cd3586355638b6556599?s=96&d=mm&r=g\",\"contentUrl\":\"https:\/\/secure.gravatar.com\/avatar\/1b6890e759cdd3a88d9f751cb423720b9861c5239167cd3586355638b6556599?s=96&d=mm&r=g\",\"caption\":\"Rose\"},\"url\":\"https:\/\/progresso.com.br\/index.php\/author\/rose\/\"}]}<\/script>\n<!-- \/ Yoast SEO plugin. -->","yoast_head_json":{"title":"PF abre inqu\u00e9rito sobre trend que inicita \u00f3dio a mulheres no TikTok - O PROGRESSO","robots":{"index":"index","follow":"follow","max-snippet":"max-snippet:-1","max-image-preview":"max-image-preview:large","max-video-preview":"max-video-preview:-1"},"canonical":"https:\/\/progresso.com.br\/index.php\/2026\/03\/10\/pf-abre-inquerito-sobre-trend-que-inicita-odio-a-mulheres-no-tiktok\/","og_locale":"pt_BR","og_type":"article","og_title":"PF abre inqu\u00e9rito sobre trend que inicita \u00f3dio a mulheres no TikTok - O PROGRESSO","og_description":"Em v\u00eddeos, homens simulam socos, chutes e outras agress\u00f5es Gabriel Brum &#8211; R\u00e1dio Nacional A Pol\u00edcia Federal abriu&nbsp;investiga\u00e7\u00e3o sobre uma trend de v\u00eddeos na rede social&nbsp;TikTok com apologia \u00e0 viol\u00eancia contra a mulher. Em nota, a corpora\u00e7\u00e3o informou ter recebido&nbsp;den\u00fancias contra essas publica\u00e7\u00f5es. A PF tamb\u00e9m solicitou \u00e0 plataforma a preserva\u00e7\u00e3o dos dados e a [&hellip;]","og_url":"https:\/\/progresso.com.br\/index.php\/2026\/03\/10\/pf-abre-inquerito-sobre-trend-que-inicita-odio-a-mulheres-no-tiktok\/","og_site_name":"O PROGRESSO","article_publisher":"https:\/\/www.facebook.com\/share\/1CeoksKBj6\/","article_published_time":"2026-03-10T19:41:55+00:00","og_image":[{"width":1170,"height":700,"url":"https:\/\/progresso.com.br\/wp-content\/uploads\/2026\/03\/toms0054.webp","type":"image\/webp"}],"author":"Rose","twitter_card":"summary_large_image","twitter_misc":{"Escrito por":"Rose","Est. tempo de leitura":"3 minutos"},"schema":{"@context":"https:\/\/schema.org","@graph":[{"@type":"Article","@id":"https:\/\/progresso.com.br\/index.php\/2026\/03\/10\/pf-abre-inquerito-sobre-trend-que-inicita-odio-a-mulheres-no-tiktok\/#article","isPartOf":{"@id":"https:\/\/progresso.com.br\/index.php\/2026\/03\/10\/pf-abre-inquerito-sobre-trend-que-inicita-odio-a-mulheres-no-tiktok\/"},"author":{"name":"Rose","@id":"https:\/\/progresso.com.br\/#\/schema\/person\/5dd27138d4463fbbaace62120bfc002b"},"headline":"PF abre inqu\u00e9rito sobre trend que inicita \u00f3dio a mulheres no TikTok","datePublished":"2026-03-10T19:41:55+00:00","mainEntityOfPage":{"@id":"https:\/\/progresso.com.br\/index.php\/2026\/03\/10\/pf-abre-inquerito-sobre-trend-que-inicita-odio-a-mulheres-no-tiktok\/"},"wordCount":620,"commentCount":0,"publisher":{"@id":"https:\/\/progresso.com.br\/#organization"},"image":{"@id":"https:\/\/progresso.com.br\/index.php\/2026\/03\/10\/pf-abre-inquerito-sobre-trend-que-inicita-odio-a-mulheres-no-tiktok\/#primaryimage"},"thumbnailUrl":"https:\/\/progresso.com.br\/wp-content\/uploads\/2026\/03\/toms0054.webp","articleSection":["Em destaque","Sociedade"],"inLanguage":"pt-BR","potentialAction":[{"@type":"CommentAction","name":"Comment","target":["https:\/\/progresso.com.br\/index.php\/2026\/03\/10\/pf-abre-inquerito-sobre-trend-que-inicita-odio-a-mulheres-no-tiktok\/#respond"]}]},{"@type":"WebPage","@id":"https:\/\/progresso.com.br\/index.php\/2026\/03\/10\/pf-abre-inquerito-sobre-trend-que-inicita-odio-a-mulheres-no-tiktok\/","url":"https:\/\/progresso.com.br\/index.php\/2026\/03\/10\/pf-abre-inquerito-sobre-trend-que-inicita-odio-a-mulheres-no-tiktok\/","name":"PF abre inqu\u00e9rito sobre trend que inicita \u00f3dio a mulheres no TikTok - O PROGRESSO","isPartOf":{"@id":"https:\/\/progresso.com.br\/#website"},"primaryImageOfPage":{"@id":"https:\/\/progresso.com.br\/index.php\/2026\/03\/10\/pf-abre-inquerito-sobre-trend-que-inicita-odio-a-mulheres-no-tiktok\/#primaryimage"},"image":{"@id":"https:\/\/progresso.com.br\/index.php\/2026\/03\/10\/pf-abre-inquerito-sobre-trend-que-inicita-odio-a-mulheres-no-tiktok\/#primaryimage"},"thumbnailUrl":"https:\/\/progresso.com.br\/wp-content\/uploads\/2026\/03\/toms0054.webp","datePublished":"2026-03-10T19:41:55+00:00","breadcrumb":{"@id":"https:\/\/progresso.com.br\/index.php\/2026\/03\/10\/pf-abre-inquerito-sobre-trend-que-inicita-odio-a-mulheres-no-tiktok\/#breadcrumb"},"inLanguage":"pt-BR","potentialAction":[{"@type":"ReadAction","target":["https:\/\/progresso.com.br\/index.php\/2026\/03\/10\/pf-abre-inquerito-sobre-trend-que-inicita-odio-a-mulheres-no-tiktok\/"]}]},{"@type":"ImageObject","inLanguage":"pt-BR","@id":"https:\/\/progresso.com.br\/index.php\/2026\/03\/10\/pf-abre-inquerito-sobre-trend-que-inicita-odio-a-mulheres-no-tiktok\/#primaryimage","url":"https:\/\/progresso.com.br\/wp-content\/uploads\/2026\/03\/toms0054.webp","contentUrl":"https:\/\/progresso.com.br\/wp-content\/uploads\/2026\/03\/toms0054.webp","width":1170,"height":700,"caption":"(\u00a9 Tomaz Silva\/Ag\u00eancia Brasil)"},{"@type":"BreadcrumbList","@id":"https:\/\/progresso.com.br\/index.php\/2026\/03\/10\/pf-abre-inquerito-sobre-trend-que-inicita-odio-a-mulheres-no-tiktok\/#breadcrumb","itemListElement":[{"@type":"ListItem","position":1,"name":"In\u00edcio","item":"https:\/\/progresso.com.br\/"},{"@type":"ListItem","position":2,"name":"PF abre inqu\u00e9rito sobre trend que inicita \u00f3dio a mulheres no TikTok"}]},{"@type":"WebSite","@id":"https:\/\/progresso.com.br\/#website","url":"https:\/\/progresso.com.br\/","name":"O PROGRESSO","description":"","publisher":{"@id":"https:\/\/progresso.com.br\/#organization"},"potentialAction":[{"@type":"SearchAction","target":{"@type":"EntryPoint","urlTemplate":"https:\/\/progresso.com.br\/?s={search_term_string}"},"query-input":{"@type":"PropertyValueSpecification","valueRequired":true,"valueName":"search_term_string"}}],"inLanguage":"pt-BR"},{"@type":"Organization","@id":"https:\/\/progresso.com.br\/#organization","name":"O PROGRESSO","url":"https:\/\/progresso.com.br\/","logo":{"@type":"ImageObject","inLanguage":"pt-BR","@id":"https:\/\/progresso.com.br\/#\/schema\/logo\/image\/","url":"https:\/\/progresso.com.br\/wp-content\/uploads\/2026\/03\/logo_proog.jpg","contentUrl":"https:\/\/progresso.com.br\/wp-content\/uploads\/2026\/03\/logo_proog.jpg","width":1960,"height":1080,"caption":"O PROGRESSO"},"image":{"@id":"https:\/\/progresso.com.br\/#\/schema\/logo\/image\/"},"sameAs":["https:\/\/www.facebook.com\/share\/1CeoksKBj6\/","https:\/\/www.instagram.com\/oprogresso_digital"]},{"@type":"Person","@id":"https:\/\/progresso.com.br\/#\/schema\/person\/5dd27138d4463fbbaace62120bfc002b","name":"Rose","image":{"@type":"ImageObject","inLanguage":"pt-BR","@id":"https:\/\/progresso.com.br\/#\/schema\/person\/image\/","url":"https:\/\/secure.gravatar.com\/avatar\/1b6890e759cdd3a88d9f751cb423720b9861c5239167cd3586355638b6556599?s=96&d=mm&r=g","contentUrl":"https:\/\/secure.gravatar.com\/avatar\/1b6890e759cdd3a88d9f751cb423720b9861c5239167cd3586355638b6556599?s=96&d=mm&r=g","caption":"Rose"},"url":"https:\/\/progresso.com.br\/index.php\/author\/rose\/"}]}},"_links":{"self":[{"href":"https:\/\/progresso.com.br\/index.php\/wp-json\/wp\/v2\/posts\/578","targetHints":{"allow":["GET"]}}],"collection":[{"href":"https:\/\/progresso.com.br\/index.php\/wp-json\/wp\/v2\/posts"}],"about":[{"href":"https:\/\/progresso.com.br\/index.php\/wp-json\/wp\/v2\/types\/post"}],"author":[{"embeddable":true,"href":"https:\/\/progresso.com.br\/index.php\/wp-json\/wp\/v2\/users\/2"}],"replies":[{"embeddable":true,"href":"https:\/\/progresso.com.br\/index.php\/wp-json\/wp\/v2\/comments?post=578"}],"version-history":[{"count":2,"href":"https:\/\/progresso.com.br\/index.php\/wp-json\/wp\/v2\/posts\/578\/revisions"}],"predecessor-version":[{"id":584,"href":"https:\/\/progresso.com.br\/index.php\/wp-json\/wp\/v2\/posts\/578\/revisions\/584"}],"wp:featuredmedia":[{"embeddable":true,"href":"https:\/\/progresso.com.br\/index.php\/wp-json\/wp\/v2\/media\/579"}],"wp:attachment":[{"href":"https:\/\/progresso.com.br\/index.php\/wp-json\/wp\/v2\/media?parent=578"}],"wp:term":[{"taxonomy":"category","embeddable":true,"href":"https:\/\/progresso.com.br\/index.php\/wp-json\/wp\/v2\/categories?post=578"},{"taxonomy":"post_tag","embeddable":true,"href":"https:\/\/progresso.com.br\/index.php\/wp-json\/wp\/v2\/tags?post=578"}],"curies":[{"name":"wp","href":"https:\/\/api.w.org\/{rel}","templated":true}]}}