{"id":603,"date":"2026-03-11T09:01:22","date_gmt":"2026-03-11T13:01:22","guid":{"rendered":"https:\/\/10nl.com.br\/?p=603"},"modified":"2026-03-11T09:01:22","modified_gmt":"2026-03-11T13:01:22","slug":"recuperacao-judicial-no-agro-fica-mais-rigida","status":"publish","type":"post","link":"https:\/\/progresso.com.br\/index.php\/2026\/03\/11\/recuperacao-judicial-no-agro-fica-mais-rigida\/","title":{"rendered":"Recupera\u00e7\u00e3o judicial no agro fica mais r\u00edgida"},"content":{"rendered":"\n<p><strong><em>Entre os pontos definidos, algumas d\u00edvidas permanecem fora do processo<\/em><\/strong><\/p>\n\n\n\n<p><strong><a href=\"javascript:;\" target=\"_blank\" rel=\"noreferrer noopener\">Agrolink<\/a>&nbsp;&#8211; Leonardo Gottems<\/strong><\/p>\n\n\n\n<p>Produtores rurais que pretendem recorrer \u00e0 recupera\u00e7\u00e3o judicial passam a enfrentar regras mais r\u00edgidas para comprovar a situa\u00e7\u00e3o financeira e a atividade produtiva. As novas diretrizes buscam dar mais seguran\u00e7a jur\u00eddica ao cr\u00e9dito rural e evitar distor\u00e7\u00f5es no uso desse instrumento.<\/p>\n\n\n\n<p>Entre os pontos definidos, algumas d\u00edvidas permanecem fora do processo. N\u00e3o entram na recupera\u00e7\u00e3o judicial d\u00e9bitos de cr\u00e9dito rural j\u00e1 renegociados com institui\u00e7\u00f5es financeiras antes do pedido, obriga\u00e7\u00f5es assumidas nos tr\u00eas anos anteriores para aquisi\u00e7\u00e3o de propriedade rural e patrim\u00f4nios vinculados a instrumentos de garantia, como a C\u00e9dula Imobili\u00e1ria Rural (CIR). D\u00edvidas em moeda estrangeira continuam sendo corrigidas pela varia\u00e7\u00e3o cambial, salvo se houver concord\u00e2ncia expressa do credor.<\/p>\n\n\n\n<p>Para protocolar o pedido, o produtor precisa estar registrado na Junta Comercial e comprovar pelo menos dois anos de atividade rural. Entre os documentos exigidos est\u00e3o o Livro Caixa Digital do Produtor Rural (LCDPR), a declara\u00e7\u00e3o de Imposto de Renda e o balan\u00e7o patrimonial assinado por contador. No caso de empresas, tamb\u00e9m \u00e9 necess\u00e1ria a apresenta\u00e7\u00e3o da Escritura\u00e7\u00e3o Cont\u00e1bil Fiscal (ECF). A aus\u00eancia dessa documenta\u00e7\u00e3o pode levar ao indeferimento imediato do pedido.<\/p>\n\n\n\n<p>Antes de aceitar o processo, o juiz ainda poder\u00e1 determinar uma constata\u00e7\u00e3o pr\u00e9via. Um perito designado analisar\u00e1 se o produtor realmente exerce atividade rural com risco pr\u00f3prio, se o pedido foi protocolado na comarca correta, se h\u00e1 ind\u00edcios de fraude ou desvio de garantias e qual \u00e9 a situa\u00e7\u00e3o da safra em andamento. Para isso, podem ser utilizados registros fotogr\u00e1ficos, mapas e imagens de sat\u00e9lite.<\/p>\n\n\n\n<p>Caso a recupera\u00e7\u00e3o seja admitida, o administrador judicial dever\u00e1 acompanhar mensalmente o andamento da safra, relatar os insumos utilizados e apontar riscos produtivos. Irregularidades como desvio de garantias ou venda indevida de bens dever\u00e3o ser comunicadas ao ju\u00edzo e ao Minist\u00e9rio P\u00fablico.<\/p>\n","protected":false},"excerpt":{"rendered":"<p>Entre os pontos definidos, algumas d\u00edvidas permanecem fora do processo Agrolink&nbsp;&#8211; Leonardo Gottems Produtores rurais que pretendem recorrer \u00e0 recupera\u00e7\u00e3o judicial passam a enfrentar regras mais r\u00edgidas para comprovar a situa\u00e7\u00e3o financeira e a atividade produtiva. As novas diretrizes buscam dar mais seguran\u00e7a jur\u00eddica ao cr\u00e9dito rural e evitar distor\u00e7\u00f5es no uso desse instrumento. Entre [&hellip;]<\/p>\n","protected":false},"author":2,"featured_media":604,"comment_status":"open","ping_status":"open","sticky":false,"template":"","format":"standard","meta":{"footnotes":""},"categories":[14,2],"tags":[],"class_list":["post-603","post","type-post","status-publish","format-standard","has-post-thumbnail","hentry","category-agro","category-destaque"],"yoast_head":"<!-- This site is optimized with the Yoast SEO plugin v27.1.1 - https:\/\/yoast.com\/product\/yoast-seo-wordpress\/ -->\n<title>Recupera\u00e7\u00e3o judicial no agro fica mais r\u00edgida - O PROGRESSO<\/title>\n<meta name=\"robots\" content=\"index, follow, max-snippet:-1, max-image-preview:large, max-video-preview:-1\" \/>\n<link rel=\"canonical\" href=\"https:\/\/progresso.com.br\/index.php\/2026\/03\/11\/recuperacao-judicial-no-agro-fica-mais-rigida\/\" \/>\n<meta property=\"og:locale\" content=\"pt_BR\" \/>\n<meta property=\"og:type\" content=\"article\" \/>\n<meta property=\"og:title\" content=\"Recupera\u00e7\u00e3o judicial no agro fica mais r\u00edgida - O PROGRESSO\" \/>\n<meta property=\"og:description\" content=\"Entre os pontos definidos, algumas d\u00edvidas permanecem fora do processo Agrolink&nbsp;&#8211; Leonardo Gottems Produtores rurais que pretendem recorrer \u00e0 recupera\u00e7\u00e3o judicial passam a enfrentar regras mais r\u00edgidas para comprovar a situa\u00e7\u00e3o financeira e a atividade produtiva. As novas diretrizes buscam dar mais seguran\u00e7a jur\u00eddica ao cr\u00e9dito rural e evitar distor\u00e7\u00f5es no uso desse instrumento. Entre [&hellip;]\" \/>\n<meta property=\"og:url\" content=\"https:\/\/progresso.com.br\/index.php\/2026\/03\/11\/recuperacao-judicial-no-agro-fica-mais-rigida\/\" \/>\n<meta property=\"og:site_name\" content=\"O PROGRESSO\" \/>\n<meta property=\"article:publisher\" content=\"https:\/\/www.facebook.com\/share\/1CeoksKBj6\/\" \/>\n<meta property=\"article:published_time\" content=\"2026-03-11T13:01:22+00:00\" \/>\n<meta property=\"og:image\" content=\"https:\/\/progresso.com.br\/wp-content\/uploads\/2026\/03\/267a91276ac849b98055c0571ad61bb6_858x483.jpg\" \/>\n\t<meta property=\"og:image:width\" content=\"858\" \/>\n\t<meta property=\"og:image:height\" content=\"483\" \/>\n\t<meta property=\"og:image:type\" content=\"image\/jpeg\" \/>\n<meta name=\"author\" content=\"Rose\" \/>\n<meta name=\"twitter:card\" content=\"summary_large_image\" \/>\n<meta name=\"twitter:label1\" content=\"Escrito por\" \/>\n\t<meta name=\"twitter:data1\" content=\"Rose\" \/>\n\t<meta name=\"twitter:label2\" content=\"Est. tempo de leitura\" \/>\n\t<meta name=\"twitter:data2\" content=\"2 minutos\" \/>\n<script type=\"application\/ld+json\" class=\"yoast-schema-graph\">{\"@context\":\"https:\/\/schema.org\",\"@graph\":[{\"@type\":\"Article\",\"@id\":\"https:\/\/progresso.com.br\/index.php\/2026\/03\/11\/recuperacao-judicial-no-agro-fica-mais-rigida\/#article\",\"isPartOf\":{\"@id\":\"https:\/\/progresso.com.br\/index.php\/2026\/03\/11\/recuperacao-judicial-no-agro-fica-mais-rigida\/\"},\"author\":{\"name\":\"Rose\",\"@id\":\"https:\/\/progresso.com.br\/#\/schema\/person\/5dd27138d4463fbbaace62120bfc002b\"},\"headline\":\"Recupera\u00e7\u00e3o judicial no agro fica mais r\u00edgida\",\"datePublished\":\"2026-03-11T13:01:22+00:00\",\"mainEntityOfPage\":{\"@id\":\"https:\/\/progresso.com.br\/index.php\/2026\/03\/11\/recuperacao-judicial-no-agro-fica-mais-rigida\/\"},\"wordCount\":354,\"commentCount\":0,\"publisher\":{\"@id\":\"https:\/\/progresso.com.br\/#organization\"},\"image\":{\"@id\":\"https:\/\/progresso.com.br\/index.php\/2026\/03\/11\/recuperacao-judicial-no-agro-fica-mais-rigida\/#primaryimage\"},\"thumbnailUrl\":\"https:\/\/progresso.com.br\/wp-content\/uploads\/2026\/03\/267a91276ac849b98055c0571ad61bb6_858x483.jpg\",\"articleSection\":[\"Agro\",\"Em destaque\"],\"inLanguage\":\"pt-BR\",\"potentialAction\":[{\"@type\":\"CommentAction\",\"name\":\"Comment\",\"target\":[\"https:\/\/progresso.com.br\/index.php\/2026\/03\/11\/recuperacao-judicial-no-agro-fica-mais-rigida\/#respond\"]}]},{\"@type\":\"WebPage\",\"@id\":\"https:\/\/progresso.com.br\/index.php\/2026\/03\/11\/recuperacao-judicial-no-agro-fica-mais-rigida\/\",\"url\":\"https:\/\/progresso.com.br\/index.php\/2026\/03\/11\/recuperacao-judicial-no-agro-fica-mais-rigida\/\",\"name\":\"Recupera\u00e7\u00e3o judicial no agro fica mais r\u00edgida - O PROGRESSO\",\"isPartOf\":{\"@id\":\"https:\/\/progresso.com.br\/#website\"},\"primaryImageOfPage\":{\"@id\":\"https:\/\/progresso.com.br\/index.php\/2026\/03\/11\/recuperacao-judicial-no-agro-fica-mais-rigida\/#primaryimage\"},\"image\":{\"@id\":\"https:\/\/progresso.com.br\/index.php\/2026\/03\/11\/recuperacao-judicial-no-agro-fica-mais-rigida\/#primaryimage\"},\"thumbnailUrl\":\"https:\/\/progresso.com.br\/wp-content\/uploads\/2026\/03\/267a91276ac849b98055c0571ad61bb6_858x483.jpg\",\"datePublished\":\"2026-03-11T13:01:22+00:00\",\"breadcrumb\":{\"@id\":\"https:\/\/progresso.com.br\/index.php\/2026\/03\/11\/recuperacao-judicial-no-agro-fica-mais-rigida\/#breadcrumb\"},\"inLanguage\":\"pt-BR\",\"potentialAction\":[{\"@type\":\"ReadAction\",\"target\":[\"https:\/\/progresso.com.br\/index.php\/2026\/03\/11\/recuperacao-judicial-no-agro-fica-mais-rigida\/\"]}]},{\"@type\":\"ImageObject\",\"inLanguage\":\"pt-BR\",\"@id\":\"https:\/\/progresso.com.br\/index.php\/2026\/03\/11\/recuperacao-judicial-no-agro-fica-mais-rigida\/#primaryimage\",\"url\":\"https:\/\/progresso.com.br\/wp-content\/uploads\/2026\/03\/267a91276ac849b98055c0571ad61bb6_858x483.jpg\",\"contentUrl\":\"https:\/\/progresso.com.br\/wp-content\/uploads\/2026\/03\/267a91276ac849b98055c0571ad61bb6_858x483.jpg\",\"width\":858,\"height\":483,\"caption\":\"Entre os pontos definidos, algumas d\u00edvidas permanecem fora do processo - (Foto: Pixabay)\"},{\"@type\":\"BreadcrumbList\",\"@id\":\"https:\/\/progresso.com.br\/index.php\/2026\/03\/11\/recuperacao-judicial-no-agro-fica-mais-rigida\/#breadcrumb\",\"itemListElement\":[{\"@type\":\"ListItem\",\"position\":1,\"name\":\"In\u00edcio\",\"item\":\"https:\/\/progresso.com.br\/\"},{\"@type\":\"ListItem\",\"position\":2,\"name\":\"Recupera\u00e7\u00e3o judicial no agro fica mais r\u00edgida\"}]},{\"@type\":\"WebSite\",\"@id\":\"https:\/\/progresso.com.br\/#website\",\"url\":\"https:\/\/progresso.com.br\/\",\"name\":\"O PROGRESSO\",\"description\":\"\",\"publisher\":{\"@id\":\"https:\/\/progresso.com.br\/#organization\"},\"potentialAction\":[{\"@type\":\"SearchAction\",\"target\":{\"@type\":\"EntryPoint\",\"urlTemplate\":\"https:\/\/progresso.com.br\/?s={search_term_string}\"},\"query-input\":{\"@type\":\"PropertyValueSpecification\",\"valueRequired\":true,\"valueName\":\"search_term_string\"}}],\"inLanguage\":\"pt-BR\"},{\"@type\":\"Organization\",\"@id\":\"https:\/\/progresso.com.br\/#organization\",\"name\":\"O PROGRESSO\",\"url\":\"https:\/\/progresso.com.br\/\",\"logo\":{\"@type\":\"ImageObject\",\"inLanguage\":\"pt-BR\",\"@id\":\"https:\/\/progresso.com.br\/#\/schema\/logo\/image\/\",\"url\":\"https:\/\/progresso.com.br\/wp-content\/uploads\/2026\/03\/logo_proog.jpg\",\"contentUrl\":\"https:\/\/progresso.com.br\/wp-content\/uploads\/2026\/03\/logo_proog.jpg\",\"width\":1960,\"height\":1080,\"caption\":\"O PROGRESSO\"},\"image\":{\"@id\":\"https:\/\/progresso.com.br\/#\/schema\/logo\/image\/\"},\"sameAs\":[\"https:\/\/www.facebook.com\/share\/1CeoksKBj6\/\",\"https:\/\/www.instagram.com\/oprogresso_digital\"]},{\"@type\":\"Person\",\"@id\":\"https:\/\/progresso.com.br\/#\/schema\/person\/5dd27138d4463fbbaace62120bfc002b\",\"name\":\"Rose\",\"image\":{\"@type\":\"ImageObject\",\"inLanguage\":\"pt-BR\",\"@id\":\"https:\/\/progresso.com.br\/#\/schema\/person\/image\/\",\"url\":\"https:\/\/secure.gravatar.com\/avatar\/1b6890e759cdd3a88d9f751cb423720b9861c5239167cd3586355638b6556599?s=96&d=mm&r=g\",\"contentUrl\":\"https:\/\/secure.gravatar.com\/avatar\/1b6890e759cdd3a88d9f751cb423720b9861c5239167cd3586355638b6556599?s=96&d=mm&r=g\",\"caption\":\"Rose\"},\"url\":\"https:\/\/progresso.com.br\/index.php\/author\/rose\/\"}]}<\/script>\n<!-- \/ Yoast SEO plugin. -->","yoast_head_json":{"title":"Recupera\u00e7\u00e3o judicial no agro fica mais r\u00edgida - O PROGRESSO","robots":{"index":"index","follow":"follow","max-snippet":"max-snippet:-1","max-image-preview":"max-image-preview:large","max-video-preview":"max-video-preview:-1"},"canonical":"https:\/\/progresso.com.br\/index.php\/2026\/03\/11\/recuperacao-judicial-no-agro-fica-mais-rigida\/","og_locale":"pt_BR","og_type":"article","og_title":"Recupera\u00e7\u00e3o judicial no agro fica mais r\u00edgida - O PROGRESSO","og_description":"Entre os pontos definidos, algumas d\u00edvidas permanecem fora do processo Agrolink&nbsp;&#8211; Leonardo Gottems Produtores rurais que pretendem recorrer \u00e0 recupera\u00e7\u00e3o judicial passam a enfrentar regras mais r\u00edgidas para comprovar a situa\u00e7\u00e3o financeira e a atividade produtiva. As novas diretrizes buscam dar mais seguran\u00e7a jur\u00eddica ao cr\u00e9dito rural e evitar distor\u00e7\u00f5es no uso desse instrumento. Entre [&hellip;]","og_url":"https:\/\/progresso.com.br\/index.php\/2026\/03\/11\/recuperacao-judicial-no-agro-fica-mais-rigida\/","og_site_name":"O PROGRESSO","article_publisher":"https:\/\/www.facebook.com\/share\/1CeoksKBj6\/","article_published_time":"2026-03-11T13:01:22+00:00","og_image":[{"width":858,"height":483,"url":"https:\/\/progresso.com.br\/wp-content\/uploads\/2026\/03\/267a91276ac849b98055c0571ad61bb6_858x483.jpg","type":"image\/jpeg"}],"author":"Rose","twitter_card":"summary_large_image","twitter_misc":{"Escrito por":"Rose","Est. tempo de leitura":"2 minutos"},"schema":{"@context":"https:\/\/schema.org","@graph":[{"@type":"Article","@id":"https:\/\/progresso.com.br\/index.php\/2026\/03\/11\/recuperacao-judicial-no-agro-fica-mais-rigida\/#article","isPartOf":{"@id":"https:\/\/progresso.com.br\/index.php\/2026\/03\/11\/recuperacao-judicial-no-agro-fica-mais-rigida\/"},"author":{"name":"Rose","@id":"https:\/\/progresso.com.br\/#\/schema\/person\/5dd27138d4463fbbaace62120bfc002b"},"headline":"Recupera\u00e7\u00e3o judicial no agro fica mais r\u00edgida","datePublished":"2026-03-11T13:01:22+00:00","mainEntityOfPage":{"@id":"https:\/\/progresso.com.br\/index.php\/2026\/03\/11\/recuperacao-judicial-no-agro-fica-mais-rigida\/"},"wordCount":354,"commentCount":0,"publisher":{"@id":"https:\/\/progresso.com.br\/#organization"},"image":{"@id":"https:\/\/progresso.com.br\/index.php\/2026\/03\/11\/recuperacao-judicial-no-agro-fica-mais-rigida\/#primaryimage"},"thumbnailUrl":"https:\/\/progresso.com.br\/wp-content\/uploads\/2026\/03\/267a91276ac849b98055c0571ad61bb6_858x483.jpg","articleSection":["Agro","Em destaque"],"inLanguage":"pt-BR","potentialAction":[{"@type":"CommentAction","name":"Comment","target":["https:\/\/progresso.com.br\/index.php\/2026\/03\/11\/recuperacao-judicial-no-agro-fica-mais-rigida\/#respond"]}]},{"@type":"WebPage","@id":"https:\/\/progresso.com.br\/index.php\/2026\/03\/11\/recuperacao-judicial-no-agro-fica-mais-rigida\/","url":"https:\/\/progresso.com.br\/index.php\/2026\/03\/11\/recuperacao-judicial-no-agro-fica-mais-rigida\/","name":"Recupera\u00e7\u00e3o judicial no agro fica mais r\u00edgida - O PROGRESSO","isPartOf":{"@id":"https:\/\/progresso.com.br\/#website"},"primaryImageOfPage":{"@id":"https:\/\/progresso.com.br\/index.php\/2026\/03\/11\/recuperacao-judicial-no-agro-fica-mais-rigida\/#primaryimage"},"image":{"@id":"https:\/\/progresso.com.br\/index.php\/2026\/03\/11\/recuperacao-judicial-no-agro-fica-mais-rigida\/#primaryimage"},"thumbnailUrl":"https:\/\/progresso.com.br\/wp-content\/uploads\/2026\/03\/267a91276ac849b98055c0571ad61bb6_858x483.jpg","datePublished":"2026-03-11T13:01:22+00:00","breadcrumb":{"@id":"https:\/\/progresso.com.br\/index.php\/2026\/03\/11\/recuperacao-judicial-no-agro-fica-mais-rigida\/#breadcrumb"},"inLanguage":"pt-BR","potentialAction":[{"@type":"ReadAction","target":["https:\/\/progresso.com.br\/index.php\/2026\/03\/11\/recuperacao-judicial-no-agro-fica-mais-rigida\/"]}]},{"@type":"ImageObject","inLanguage":"pt-BR","@id":"https:\/\/progresso.com.br\/index.php\/2026\/03\/11\/recuperacao-judicial-no-agro-fica-mais-rigida\/#primaryimage","url":"https:\/\/progresso.com.br\/wp-content\/uploads\/2026\/03\/267a91276ac849b98055c0571ad61bb6_858x483.jpg","contentUrl":"https:\/\/progresso.com.br\/wp-content\/uploads\/2026\/03\/267a91276ac849b98055c0571ad61bb6_858x483.jpg","width":858,"height":483,"caption":"Entre os pontos definidos, algumas d\u00edvidas permanecem fora do processo - (Foto: Pixabay)"},{"@type":"BreadcrumbList","@id":"https:\/\/progresso.com.br\/index.php\/2026\/03\/11\/recuperacao-judicial-no-agro-fica-mais-rigida\/#breadcrumb","itemListElement":[{"@type":"ListItem","position":1,"name":"In\u00edcio","item":"https:\/\/progresso.com.br\/"},{"@type":"ListItem","position":2,"name":"Recupera\u00e7\u00e3o judicial no agro fica mais r\u00edgida"}]},{"@type":"WebSite","@id":"https:\/\/progresso.com.br\/#website","url":"https:\/\/progresso.com.br\/","name":"O PROGRESSO","description":"","publisher":{"@id":"https:\/\/progresso.com.br\/#organization"},"potentialAction":[{"@type":"SearchAction","target":{"@type":"EntryPoint","urlTemplate":"https:\/\/progresso.com.br\/?s={search_term_string}"},"query-input":{"@type":"PropertyValueSpecification","valueRequired":true,"valueName":"search_term_string"}}],"inLanguage":"pt-BR"},{"@type":"Organization","@id":"https:\/\/progresso.com.br\/#organization","name":"O PROGRESSO","url":"https:\/\/progresso.com.br\/","logo":{"@type":"ImageObject","inLanguage":"pt-BR","@id":"https:\/\/progresso.com.br\/#\/schema\/logo\/image\/","url":"https:\/\/progresso.com.br\/wp-content\/uploads\/2026\/03\/logo_proog.jpg","contentUrl":"https:\/\/progresso.com.br\/wp-content\/uploads\/2026\/03\/logo_proog.jpg","width":1960,"height":1080,"caption":"O PROGRESSO"},"image":{"@id":"https:\/\/progresso.com.br\/#\/schema\/logo\/image\/"},"sameAs":["https:\/\/www.facebook.com\/share\/1CeoksKBj6\/","https:\/\/www.instagram.com\/oprogresso_digital"]},{"@type":"Person","@id":"https:\/\/progresso.com.br\/#\/schema\/person\/5dd27138d4463fbbaace62120bfc002b","name":"Rose","image":{"@type":"ImageObject","inLanguage":"pt-BR","@id":"https:\/\/progresso.com.br\/#\/schema\/person\/image\/","url":"https:\/\/secure.gravatar.com\/avatar\/1b6890e759cdd3a88d9f751cb423720b9861c5239167cd3586355638b6556599?s=96&d=mm&r=g","contentUrl":"https:\/\/secure.gravatar.com\/avatar\/1b6890e759cdd3a88d9f751cb423720b9861c5239167cd3586355638b6556599?s=96&d=mm&r=g","caption":"Rose"},"url":"https:\/\/progresso.com.br\/index.php\/author\/rose\/"}]}},"_links":{"self":[{"href":"https:\/\/progresso.com.br\/index.php\/wp-json\/wp\/v2\/posts\/603","targetHints":{"allow":["GET"]}}],"collection":[{"href":"https:\/\/progresso.com.br\/index.php\/wp-json\/wp\/v2\/posts"}],"about":[{"href":"https:\/\/progresso.com.br\/index.php\/wp-json\/wp\/v2\/types\/post"}],"author":[{"embeddable":true,"href":"https:\/\/progresso.com.br\/index.php\/wp-json\/wp\/v2\/users\/2"}],"replies":[{"embeddable":true,"href":"https:\/\/progresso.com.br\/index.php\/wp-json\/wp\/v2\/comments?post=603"}],"version-history":[{"count":1,"href":"https:\/\/progresso.com.br\/index.php\/wp-json\/wp\/v2\/posts\/603\/revisions"}],"predecessor-version":[{"id":605,"href":"https:\/\/progresso.com.br\/index.php\/wp-json\/wp\/v2\/posts\/603\/revisions\/605"}],"wp:featuredmedia":[{"embeddable":true,"href":"https:\/\/progresso.com.br\/index.php\/wp-json\/wp\/v2\/media\/604"}],"wp:attachment":[{"href":"https:\/\/progresso.com.br\/index.php\/wp-json\/wp\/v2\/media?parent=603"}],"wp:term":[{"taxonomy":"category","embeddable":true,"href":"https:\/\/progresso.com.br\/index.php\/wp-json\/wp\/v2\/categories?post=603"},{"taxonomy":"post_tag","embeddable":true,"href":"https:\/\/progresso.com.br\/index.php\/wp-json\/wp\/v2\/tags?post=603"}],"curies":[{"name":"wp","href":"https:\/\/api.w.org\/{rel}","templated":true}]}}