{"id":612,"date":"2026-03-11T09:11:27","date_gmt":"2026-03-11T13:11:27","guid":{"rendered":"https:\/\/10nl.com.br\/?p=612"},"modified":"2026-03-11T09:11:28","modified_gmt":"2026-03-11T13:11:28","slug":"antonio-joao-aposta-na-atracao-de-negocios-com-lancamento-do-pdm","status":"publish","type":"post","link":"https:\/\/progresso.com.br\/index.php\/2026\/03\/11\/antonio-joao-aposta-na-atracao-de-negocios-com-lancamento-do-pdm\/","title":{"rendered":"Ant\u00f4nio Jo\u00e3o aposta na atra\u00e7\u00e3o de neg\u00f3cios com lan\u00e7amento do PDM"},"content":{"rendered":"\n<p><em><strong>Plano de Desenvolvimento do Munic\u00edpio prev\u00ea a\u00e7\u00f5es para gerar riqueza e fomentar o empreendedorismo<\/strong><\/em><\/p>\n\n\n\n<figure class=\"wp-block-table\"><table class=\"has-fixed-layout\"><tbody><tr><td>Comunica\u00e7\u00e3o Sebrae\/MS<br><br>Com foco na moderniza\u00e7\u00e3o e no fortalecimento do empreendedorismo, o munic\u00edpio de Ant\u00f4nio Jo\u00e3o passa a contar com um Plano de Desenvolvimento Municipal (PDM) que orientar\u00e1 o planejamento e as a\u00e7\u00f5es estrat\u00e9gicas at\u00e9 o fim deste ano. O PDM foi apresentado nesta ter\u00e7a-feira (10), no audit\u00f3rio da Prefeitura. O plano foi estruturado a partir de diferentes consultorias, reuni\u00f5es e discuss\u00f5es dentro do programa Cidade Empreendedora, iniciativa executada pelo Sebrae\/MS e pelo Governo do Estado, por meio da Secretaria de Estado de Meio Ambiente, Desenvolvimento, Ci\u00eancia, Tecnologia e Inova\u00e7\u00e3o (Semadesc), em conjunto com a Prefeitura Municipal.Entre as metas estipuladas est\u00e3o elevar o n\u00famero de empresas locais para atender uma car\u00eancia de demanda gerada pelo pr\u00f3prio governo local, estruturar dois roteiros tur\u00edsticos, implementar eventos culturais e gastron\u00f4micos e favorecer o empreendedorismo local a partir de mecanismos de fomento e incentivos a quem abrir uma empresa em Ant\u00f4nio Jo\u00e3o.O prefeito da cidade, Agnaldo Marcelo da Silva Oliveira, o Marcelo P\u00e9, refor\u00e7ou que as capacita\u00e7\u00f5es do setor p\u00fablico, de empres\u00e1rios e a cria\u00e7\u00e3o de mecanismos que levem incentivos ao setor privado v\u00e3o gerar renda localmente. \u201cNessa parceria com o Sebrae e o governo do Estado, quem tem a se desenvolver \u00e9 Ant\u00f4nio Jo\u00e3o. Quando parcerias como essa v\u00eam para um munic\u00edpio de 9,6 mil habitantes, temos que reconhecer que podemos ter um resultado realmente de impacto para a sociedade. Cada dia conta muito e temos que fazer nosso melhor.\u201d<\/td><\/tr><\/tbody><\/table><\/figure>\n\n\n\n<figure class=\"wp-block-table\"><table class=\"has-fixed-layout\"><tbody><tr><td><img decoding=\"async\" src=\"https:\/\/ci3.googleusercontent.com\/meips\/ADKq_NagfrFiTve3wi9DPKEbJpgSQxO4CU9UOrFianAzXeeqvB7CNgQ_izQCLoMuUSfdgCqk_Otephb509aqNvBzwlU21wrvSFYMMktQWacs8vcuf__VtgdCWIuK9G_Q63moeXzqd4md-rtByCUqZYkK91XiiDR2HBksRHt8AG1UsA=s0-d-e1-ft#https:\/\/image.divulga.sebrae.ms\/lib\/fe3611727364047f751c72\/m\/1\/cadea986-56e7-471e-ab6d-046f1b130d28.jpeg\" alt=\"\" width=\"1600\"><\/td><\/tr><\/tbody><\/table><\/figure>\n\n\n\n<figure class=\"wp-block-table\"><table class=\"has-fixed-layout\"><tbody><tr><td><em>Marcelo P\u00e9, prefeito de Ant\u00f4nio Jo\u00e3o, frisou que as parcerias institucionais s\u00e3o essenciais para gerar impactos positivos na cidade<\/em><\/td><\/tr><\/tbody><\/table><\/figure>\n\n\n\n<figure class=\"wp-block-table\"><table class=\"has-fixed-layout\"><tbody><tr><td>A diretora-t\u00e9cnica do Sebrae\/MS, Sandra Amarilha, participou do lan\u00e7amento e pontuou que o munic\u00edpio possui um mapa de oportunidades a ser desenvolvido, incluindo um espa\u00e7o de mercado que ainda n\u00e3o \u00e9 atendido localmente e que pode favorecer empreendedores da cidade ou quem quer investir.\u201cO desenvolvimento s\u00f3 acontece quando quem mora no munic\u00edpio se apropria do plano, participa, faz e acredita. Esse plano de desenvolvimento municipal contempla a inclus\u00e3o produtiva, v\u00e1rias a\u00e7\u00f5es de engajamento da comunidade, a exemplo do turismo de base comunit\u00e1ria que apareceu como um vi\u00e9s de desenvolvimento econ\u00f4mico. Temos tamb\u00e9m uma enorme oportunidade de compras locais por parte do poder p\u00fablico\u201d, explicou a diretora-t\u00e9cnica do Sebrae\/MS.<\/td><\/tr><\/tbody><\/table><\/figure>\n\n\n\n<figure class=\"wp-block-table\"><table class=\"has-fixed-layout\"><tbody><tr><td><img decoding=\"async\" src=\"https:\/\/ci3.googleusercontent.com\/meips\/ADKq_NZwkNzWnn7NQAdOLUuZtWHr3AUD7DtTgM0U_ssAT_syM8nNeo6PKPv-x2nagkbVG8WnN65XEJWFaSHG97zN-TKLUW_FV18xfCSVVXbHX9i86VUdyWYsRbqNgqOKGBIwIQvVkM2X-wmqIqI1QCn5Hym3BoiDb_79YKv8SUlIzg=s0-d-e1-ft#https:\/\/image.divulga.sebrae.ms\/lib\/fe3611727364047f751c72\/m\/1\/915a26ca-9da3-47a7-bd06-fd5df0488478.jpeg\" alt=\"\" width=\"1600\"><\/td><\/tr><\/tbody><\/table><\/figure>\n\n\n\n<figure class=\"wp-block-table\"><table class=\"has-fixed-layout\"><tbody><tr><td><em>Diretora-t\u00e9cnica do Sebrae, Sandra Amarilha, destacou a import\u00e2ncia do engajamento da popula\u00e7\u00e3o no desenvolvimento local<\/em><\/td><\/tr><\/tbody><\/table><\/figure>\n\n\n\n<figure class=\"wp-block-table\"><table class=\"has-fixed-layout\"><tbody><tr><td>Como representante do governo de Mato Grosso do Sul, o analista da Semadesc Vagner Alexandre Teixeira destacou que a proposta de transforma\u00e7\u00e3o com o PDM abrange diferentes setores locais. \u201cEssa \u00e9 uma oportunidade para o munic\u00edpio e tamb\u00e9m para o Estado, com o envolvimento de toda a comunidade, o empresariado e a expertise do Sebrae para desenvolver o ambiente de neg\u00f3cios. \u00c9 muito importante o engajamento de todos para a execu\u00e7\u00e3o e, principalmente, o alcance de resultados. O Estado confia e acredita muito nessa regi\u00e3o e em Ant\u00f4nio Jo\u00e3o, que est\u00e1 no pacote Transforma. Ou seja, \u00e9 para transformar o munic\u00edpio na educa\u00e7\u00e3o, na inova\u00e7\u00e3o, no empreendedorismo, na agricultura familiar\u201d, elencou o analista da Semadesc.<\/td><\/tr><\/tbody><\/table><\/figure>\n\n\n\n<figure class=\"wp-block-table\"><table class=\"has-fixed-layout\"><tbody><tr><td><img decoding=\"async\" src=\"https:\/\/ci3.googleusercontent.com\/meips\/ADKq_NZqZdMQlfND_8qIsdPGx8ERRyfVo2t9_RPnjIEVY9pTi8nGoIRgqCvcv0R_cNaxY15jKZDFXzXiA_sl5RFMivhm0Ct1SOttJ74kgmmzQ1ScdDY-qSp_kALvh5KwpwghJaDcl3vwU_r1u410_T4qrHDTK5CHuTngSPlcETpvwQ=s0-d-e1-ft#https:\/\/image.divulga.sebrae.ms\/lib\/fe3611727364047f751c72\/m\/1\/935f1be2-c6d7-4b1d-9df2-173c52ee9964.jpeg\" alt=\"\" width=\"1280\"><\/td><\/tr><\/tbody><\/table><\/figure>\n\n\n\n<figure class=\"wp-block-table\"><table class=\"has-fixed-layout\"><tbody><tr><td><em>Para o analista da Semadesc, Vagner Teixeira, o PDM contempla setores estrat\u00e9gicos para fomentar desenvolvimento<\/em><\/td><\/tr><\/tbody><\/table><\/figure>\n\n\n\n<figure class=\"wp-block-table\"><table class=\"has-fixed-layout\"><tbody><tr><td><strong>Integra\u00e7\u00e3o da sociedade e metas<\/strong>Diretamente envolvida no processo de formata\u00e7\u00e3o do PDM, a secret\u00e1ria municipal de Administra\u00e7\u00e3o e Planejamento, Mariana Riquerme Nunes Siqueira, refor\u00e7ou que a constru\u00e7\u00e3o do Plano Municipal de Desenvolvimento engajou diferentes atores dos setores p\u00fablico e privado. \u201cNa elabora\u00e7\u00e3o do plano, a gente tem o comit\u00ea multissetorial, em que chamamos as pessoas, as empresas e outros setores da sociedade civil para elaboramos juntos. Ele \u00e9 voltado totalmente para a realidade da nossa cidade.\u201dA artes\u00e3 Ana Maria Aquino Pereira Dourado vem participando da Feira do Empreendedor, que acontece ao lado da Pra\u00e7a de Eventos na cidade, uma vez por m\u00eas, no s\u00e1bado. Ele esteve presente no lan\u00e7amento e ressaltou que o plano gera uma nova perspectiva. \u201cMuitas vezes, as pessoas desistem do neg\u00f3cio logo nas primeiras dificuldades. Mas temos que persistir, acreditar e eu avalio que esse plano vai trazer novas oportunidades. Como empreendedora, a gente depende tamb\u00e9m desses incentivos para seguir.\u201dAs metas a serem alcan\u00e7adas est\u00e3o pontuadas nas \u00e1reas de desenvolvimento econ\u00f4mico e empreendedorismo sustent\u00e1vel, governan\u00e7a, gest\u00e3o p\u00fablica e inclus\u00e3o social, infraestrutura de mobilidade e sustentabilidade urbana, al\u00e9m de educa\u00e7\u00e3o, inova\u00e7\u00e3o e capital humano, com mais de 40 resultados estipulados.Entre elas est\u00e1 a abertura de uma estrutura que atenda diretamente o empreendedor, com a inaugura\u00e7\u00e3o da Sala do Empreendedor de Ant\u00f4nio Jo\u00e3o, realizada tamb\u00e9m nessa ter\u00e7a (10), sendo algo in\u00e9dito para o munic\u00edpio. Os atendimentos gratuitos come\u00e7aram nesta ter\u00e7a-feira e acontecem sempre das 13h \u00e0s 17h, de segunda a sexta-feira, na Rua Juraci Pereira, 150.Mais informa\u00e7\u00f5es o programa Cidade Empreendedora em MS podem ser obtidas no portal&nbsp;<a href=\"https:\/\/click.divulga.sebrae.ms\/?qs=eyJkZWtJZCI6ImE1OWM1NTdiLTU1YzctNDU3NC05ZjIxLWJjN2M1YzE4NDVlMCIsImRla1ZlcnNpb24iOjEsIml2IjoieWtSY3BLTXM4eUN3RENpd3plL2UrZz09IiwiY2lwaGVyVGV4dCI6IlZJanh1bktIZXhwYmV6clpZcWliTXJ3MEtlWitJaGVGZC8zT25BdW9oSjJBRW9IUVlQajVVRE1lNU9jTm9KNzRBS2tZMzE1Y0Zub1RoRnFiQ09rWmpEVUVWSWZLUkZ5a295enpJTEFNS0xETjc5NzYiLCJhdXRoVGFnIjoiWGx3V2VoT0VXcHNJNlJtTU5RUlVodz09In0%3D\" target=\"_blank\" rel=\"noreferrer noopener\">cidadeempreendedora.ms.sebrae.com.br\/<\/a>&nbsp;ou pela Central de Relacionamento do Sebrae\/MS.<\/td><\/tr><\/tbody><\/table><\/figure>\n","protected":false},"excerpt":{"rendered":"<p>Plano de Desenvolvimento do Munic\u00edpio prev\u00ea a\u00e7\u00f5es para gerar riqueza e fomentar o empreendedorismo Comunica\u00e7\u00e3o Sebrae\/MS Com foco na moderniza\u00e7\u00e3o e no fortalecimento do empreendedorismo, o munic\u00edpio de Ant\u00f4nio Jo\u00e3o passa a contar com um Plano de Desenvolvimento Municipal (PDM) que orientar\u00e1 o planejamento e as a\u00e7\u00f5es estrat\u00e9gicas at\u00e9 o fim deste ano. O PDM [&hellip;]<\/p>\n","protected":false},"author":2,"featured_media":613,"comment_status":"open","ping_status":"open","sticky":false,"template":"","format":"standard","meta":{"footnotes":""},"categories":[13,2],"tags":[],"class_list":["post-612","post","type-post","status-publish","format-standard","has-post-thumbnail","hentry","category-cotidiano","category-destaque"],"yoast_head":"<!-- This site is optimized with the Yoast SEO plugin v27.1.1 - https:\/\/yoast.com\/product\/yoast-seo-wordpress\/ -->\n<title>Ant\u00f4nio Jo\u00e3o aposta na atra\u00e7\u00e3o de neg\u00f3cios com lan\u00e7amento do PDM - O PROGRESSO<\/title>\n<meta name=\"robots\" content=\"index, follow, max-snippet:-1, max-image-preview:large, max-video-preview:-1\" \/>\n<link rel=\"canonical\" href=\"https:\/\/progresso.com.br\/index.php\/2026\/03\/11\/antonio-joao-aposta-na-atracao-de-negocios-com-lancamento-do-pdm\/\" \/>\n<meta property=\"og:locale\" content=\"pt_BR\" \/>\n<meta property=\"og:type\" content=\"article\" \/>\n<meta property=\"og:title\" content=\"Ant\u00f4nio Jo\u00e3o aposta na atra\u00e7\u00e3o de neg\u00f3cios com lan\u00e7amento do PDM - O PROGRESSO\" \/>\n<meta property=\"og:description\" content=\"Plano de Desenvolvimento do Munic\u00edpio prev\u00ea a\u00e7\u00f5es para gerar riqueza e fomentar o empreendedorismo Comunica\u00e7\u00e3o Sebrae\/MS Com foco na moderniza\u00e7\u00e3o e no fortalecimento do empreendedorismo, o munic\u00edpio de Ant\u00f4nio Jo\u00e3o passa a contar com um Plano de Desenvolvimento Municipal (PDM) que orientar\u00e1 o planejamento e as a\u00e7\u00f5es estrat\u00e9gicas at\u00e9 o fim deste ano. O PDM [&hellip;]\" \/>\n<meta property=\"og:url\" content=\"https:\/\/progresso.com.br\/index.php\/2026\/03\/11\/antonio-joao-aposta-na-atracao-de-negocios-com-lancamento-do-pdm\/\" \/>\n<meta property=\"og:site_name\" content=\"O PROGRESSO\" \/>\n<meta property=\"article:publisher\" content=\"https:\/\/www.facebook.com\/share\/1CeoksKBj6\/\" \/>\n<meta property=\"article:published_time\" content=\"2026-03-11T13:11:27+00:00\" \/>\n<meta property=\"article:modified_time\" content=\"2026-03-11T13:11:28+00:00\" \/>\n<meta property=\"og:image\" content=\"https:\/\/progresso.com.br\/wp-content\/uploads\/2026\/03\/unnamed-4.jpg\" \/>\n\t<meta property=\"og:image:width\" content=\"1280\" \/>\n\t<meta property=\"og:image:height\" content=\"854\" \/>\n\t<meta property=\"og:image:type\" content=\"image\/jpeg\" \/>\n<meta name=\"author\" content=\"Rose\" \/>\n<meta name=\"twitter:card\" content=\"summary_large_image\" \/>\n<meta name=\"twitter:label1\" content=\"Escrito por\" \/>\n\t<meta name=\"twitter:data1\" content=\"Rose\" \/>\n\t<meta name=\"twitter:label2\" content=\"Est. tempo de leitura\" \/>\n\t<meta name=\"twitter:data2\" content=\"4 minutos\" \/>\n<script type=\"application\/ld+json\" class=\"yoast-schema-graph\">{\"@context\":\"https:\/\/schema.org\",\"@graph\":[{\"@type\":\"Article\",\"@id\":\"https:\/\/progresso.com.br\/index.php\/2026\/03\/11\/antonio-joao-aposta-na-atracao-de-negocios-com-lancamento-do-pdm\/#article\",\"isPartOf\":{\"@id\":\"https:\/\/progresso.com.br\/index.php\/2026\/03\/11\/antonio-joao-aposta-na-atracao-de-negocios-com-lancamento-do-pdm\/\"},\"author\":{\"name\":\"Rose\",\"@id\":\"https:\/\/progresso.com.br\/#\/schema\/person\/5dd27138d4463fbbaace62120bfc002b\"},\"headline\":\"Ant\u00f4nio Jo\u00e3o aposta na atra\u00e7\u00e3o de neg\u00f3cios com lan\u00e7amento do PDM\",\"datePublished\":\"2026-03-11T13:11:27+00:00\",\"dateModified\":\"2026-03-11T13:11:28+00:00\",\"mainEntityOfPage\":{\"@id\":\"https:\/\/progresso.com.br\/index.php\/2026\/03\/11\/antonio-joao-aposta-na-atracao-de-negocios-com-lancamento-do-pdm\/\"},\"wordCount\":915,\"commentCount\":0,\"publisher\":{\"@id\":\"https:\/\/progresso.com.br\/#organization\"},\"image\":{\"@id\":\"https:\/\/progresso.com.br\/index.php\/2026\/03\/11\/antonio-joao-aposta-na-atracao-de-negocios-com-lancamento-do-pdm\/#primaryimage\"},\"thumbnailUrl\":\"https:\/\/progresso.com.br\/wp-content\/uploads\/2026\/03\/unnamed-4.jpg\",\"articleSection\":[\"Cotidiano\",\"Em destaque\"],\"inLanguage\":\"pt-BR\",\"potentialAction\":[{\"@type\":\"CommentAction\",\"name\":\"Comment\",\"target\":[\"https:\/\/progresso.com.br\/index.php\/2026\/03\/11\/antonio-joao-aposta-na-atracao-de-negocios-com-lancamento-do-pdm\/#respond\"]}]},{\"@type\":\"WebPage\",\"@id\":\"https:\/\/progresso.com.br\/index.php\/2026\/03\/11\/antonio-joao-aposta-na-atracao-de-negocios-com-lancamento-do-pdm\/\",\"url\":\"https:\/\/progresso.com.br\/index.php\/2026\/03\/11\/antonio-joao-aposta-na-atracao-de-negocios-com-lancamento-do-pdm\/\",\"name\":\"Ant\u00f4nio Jo\u00e3o aposta na atra\u00e7\u00e3o de neg\u00f3cios com lan\u00e7amento do PDM - O PROGRESSO\",\"isPartOf\":{\"@id\":\"https:\/\/progresso.com.br\/#website\"},\"primaryImageOfPage\":{\"@id\":\"https:\/\/progresso.com.br\/index.php\/2026\/03\/11\/antonio-joao-aposta-na-atracao-de-negocios-com-lancamento-do-pdm\/#primaryimage\"},\"image\":{\"@id\":\"https:\/\/progresso.com.br\/index.php\/2026\/03\/11\/antonio-joao-aposta-na-atracao-de-negocios-com-lancamento-do-pdm\/#primaryimage\"},\"thumbnailUrl\":\"https:\/\/progresso.com.br\/wp-content\/uploads\/2026\/03\/unnamed-4.jpg\",\"datePublished\":\"2026-03-11T13:11:27+00:00\",\"dateModified\":\"2026-03-11T13:11:28+00:00\",\"breadcrumb\":{\"@id\":\"https:\/\/progresso.com.br\/index.php\/2026\/03\/11\/antonio-joao-aposta-na-atracao-de-negocios-com-lancamento-do-pdm\/#breadcrumb\"},\"inLanguage\":\"pt-BR\",\"potentialAction\":[{\"@type\":\"ReadAction\",\"target\":[\"https:\/\/progresso.com.br\/index.php\/2026\/03\/11\/antonio-joao-aposta-na-atracao-de-negocios-com-lancamento-do-pdm\/\"]}]},{\"@type\":\"ImageObject\",\"inLanguage\":\"pt-BR\",\"@id\":\"https:\/\/progresso.com.br\/index.php\/2026\/03\/11\/antonio-joao-aposta-na-atracao-de-negocios-com-lancamento-do-pdm\/#primaryimage\",\"url\":\"https:\/\/progresso.com.br\/wp-content\/uploads\/2026\/03\/unnamed-4.jpg\",\"contentUrl\":\"https:\/\/progresso.com.br\/wp-content\/uploads\/2026\/03\/unnamed-4.jpg\",\"width\":1280,\"height\":854,\"caption\":\"A iniciativa re\u00fane institui\u00e7\u00f5es p\u00fablicas, setor produtivo, academia e sociedade civil organizada em torno de uma agenda conjunta de desenvolvimento(Fotos: Divulga\u00e7\u00e3o)\"},{\"@type\":\"BreadcrumbList\",\"@id\":\"https:\/\/progresso.com.br\/index.php\/2026\/03\/11\/antonio-joao-aposta-na-atracao-de-negocios-com-lancamento-do-pdm\/#breadcrumb\",\"itemListElement\":[{\"@type\":\"ListItem\",\"position\":1,\"name\":\"In\u00edcio\",\"item\":\"https:\/\/progresso.com.br\/\"},{\"@type\":\"ListItem\",\"position\":2,\"name\":\"Ant\u00f4nio Jo\u00e3o aposta na atra\u00e7\u00e3o de neg\u00f3cios com lan\u00e7amento do PDM\"}]},{\"@type\":\"WebSite\",\"@id\":\"https:\/\/progresso.com.br\/#website\",\"url\":\"https:\/\/progresso.com.br\/\",\"name\":\"O PROGRESSO\",\"description\":\"\",\"publisher\":{\"@id\":\"https:\/\/progresso.com.br\/#organization\"},\"potentialAction\":[{\"@type\":\"SearchAction\",\"target\":{\"@type\":\"EntryPoint\",\"urlTemplate\":\"https:\/\/progresso.com.br\/?s={search_term_string}\"},\"query-input\":{\"@type\":\"PropertyValueSpecification\",\"valueRequired\":true,\"valueName\":\"search_term_string\"}}],\"inLanguage\":\"pt-BR\"},{\"@type\":\"Organization\",\"@id\":\"https:\/\/progresso.com.br\/#organization\",\"name\":\"O PROGRESSO\",\"url\":\"https:\/\/progresso.com.br\/\",\"logo\":{\"@type\":\"ImageObject\",\"inLanguage\":\"pt-BR\",\"@id\":\"https:\/\/progresso.com.br\/#\/schema\/logo\/image\/\",\"url\":\"https:\/\/progresso.com.br\/wp-content\/uploads\/2026\/03\/logo_proog.jpg\",\"contentUrl\":\"https:\/\/progresso.com.br\/wp-content\/uploads\/2026\/03\/logo_proog.jpg\",\"width\":1960,\"height\":1080,\"caption\":\"O PROGRESSO\"},\"image\":{\"@id\":\"https:\/\/progresso.com.br\/#\/schema\/logo\/image\/\"},\"sameAs\":[\"https:\/\/www.facebook.com\/share\/1CeoksKBj6\/\",\"https:\/\/www.instagram.com\/oprogresso_digital\"]},{\"@type\":\"Person\",\"@id\":\"https:\/\/progresso.com.br\/#\/schema\/person\/5dd27138d4463fbbaace62120bfc002b\",\"name\":\"Rose\",\"image\":{\"@type\":\"ImageObject\",\"inLanguage\":\"pt-BR\",\"@id\":\"https:\/\/progresso.com.br\/#\/schema\/person\/image\/\",\"url\":\"https:\/\/secure.gravatar.com\/avatar\/1b6890e759cdd3a88d9f751cb423720b9861c5239167cd3586355638b6556599?s=96&d=mm&r=g\",\"contentUrl\":\"https:\/\/secure.gravatar.com\/avatar\/1b6890e759cdd3a88d9f751cb423720b9861c5239167cd3586355638b6556599?s=96&d=mm&r=g\",\"caption\":\"Rose\"},\"url\":\"https:\/\/progresso.com.br\/index.php\/author\/rose\/\"}]}<\/script>\n<!-- \/ Yoast SEO plugin. -->","yoast_head_json":{"title":"Ant\u00f4nio Jo\u00e3o aposta na atra\u00e7\u00e3o de neg\u00f3cios com lan\u00e7amento do PDM - O PROGRESSO","robots":{"index":"index","follow":"follow","max-snippet":"max-snippet:-1","max-image-preview":"max-image-preview:large","max-video-preview":"max-video-preview:-1"},"canonical":"https:\/\/progresso.com.br\/index.php\/2026\/03\/11\/antonio-joao-aposta-na-atracao-de-negocios-com-lancamento-do-pdm\/","og_locale":"pt_BR","og_type":"article","og_title":"Ant\u00f4nio Jo\u00e3o aposta na atra\u00e7\u00e3o de neg\u00f3cios com lan\u00e7amento do PDM - O PROGRESSO","og_description":"Plano de Desenvolvimento do Munic\u00edpio prev\u00ea a\u00e7\u00f5es para gerar riqueza e fomentar o empreendedorismo Comunica\u00e7\u00e3o Sebrae\/MS Com foco na moderniza\u00e7\u00e3o e no fortalecimento do empreendedorismo, o munic\u00edpio de Ant\u00f4nio Jo\u00e3o passa a contar com um Plano de Desenvolvimento Municipal (PDM) que orientar\u00e1 o planejamento e as a\u00e7\u00f5es estrat\u00e9gicas at\u00e9 o fim deste ano. O PDM [&hellip;]","og_url":"https:\/\/progresso.com.br\/index.php\/2026\/03\/11\/antonio-joao-aposta-na-atracao-de-negocios-com-lancamento-do-pdm\/","og_site_name":"O PROGRESSO","article_publisher":"https:\/\/www.facebook.com\/share\/1CeoksKBj6\/","article_published_time":"2026-03-11T13:11:27+00:00","article_modified_time":"2026-03-11T13:11:28+00:00","og_image":[{"width":1280,"height":854,"url":"https:\/\/progresso.com.br\/wp-content\/uploads\/2026\/03\/unnamed-4.jpg","type":"image\/jpeg"}],"author":"Rose","twitter_card":"summary_large_image","twitter_misc":{"Escrito por":"Rose","Est. tempo de leitura":"4 minutos"},"schema":{"@context":"https:\/\/schema.org","@graph":[{"@type":"Article","@id":"https:\/\/progresso.com.br\/index.php\/2026\/03\/11\/antonio-joao-aposta-na-atracao-de-negocios-com-lancamento-do-pdm\/#article","isPartOf":{"@id":"https:\/\/progresso.com.br\/index.php\/2026\/03\/11\/antonio-joao-aposta-na-atracao-de-negocios-com-lancamento-do-pdm\/"},"author":{"name":"Rose","@id":"https:\/\/progresso.com.br\/#\/schema\/person\/5dd27138d4463fbbaace62120bfc002b"},"headline":"Ant\u00f4nio Jo\u00e3o aposta na atra\u00e7\u00e3o de neg\u00f3cios com lan\u00e7amento do PDM","datePublished":"2026-03-11T13:11:27+00:00","dateModified":"2026-03-11T13:11:28+00:00","mainEntityOfPage":{"@id":"https:\/\/progresso.com.br\/index.php\/2026\/03\/11\/antonio-joao-aposta-na-atracao-de-negocios-com-lancamento-do-pdm\/"},"wordCount":915,"commentCount":0,"publisher":{"@id":"https:\/\/progresso.com.br\/#organization"},"image":{"@id":"https:\/\/progresso.com.br\/index.php\/2026\/03\/11\/antonio-joao-aposta-na-atracao-de-negocios-com-lancamento-do-pdm\/#primaryimage"},"thumbnailUrl":"https:\/\/progresso.com.br\/wp-content\/uploads\/2026\/03\/unnamed-4.jpg","articleSection":["Cotidiano","Em destaque"],"inLanguage":"pt-BR","potentialAction":[{"@type":"CommentAction","name":"Comment","target":["https:\/\/progresso.com.br\/index.php\/2026\/03\/11\/antonio-joao-aposta-na-atracao-de-negocios-com-lancamento-do-pdm\/#respond"]}]},{"@type":"WebPage","@id":"https:\/\/progresso.com.br\/index.php\/2026\/03\/11\/antonio-joao-aposta-na-atracao-de-negocios-com-lancamento-do-pdm\/","url":"https:\/\/progresso.com.br\/index.php\/2026\/03\/11\/antonio-joao-aposta-na-atracao-de-negocios-com-lancamento-do-pdm\/","name":"Ant\u00f4nio Jo\u00e3o aposta na atra\u00e7\u00e3o de neg\u00f3cios com lan\u00e7amento do PDM - O PROGRESSO","isPartOf":{"@id":"https:\/\/progresso.com.br\/#website"},"primaryImageOfPage":{"@id":"https:\/\/progresso.com.br\/index.php\/2026\/03\/11\/antonio-joao-aposta-na-atracao-de-negocios-com-lancamento-do-pdm\/#primaryimage"},"image":{"@id":"https:\/\/progresso.com.br\/index.php\/2026\/03\/11\/antonio-joao-aposta-na-atracao-de-negocios-com-lancamento-do-pdm\/#primaryimage"},"thumbnailUrl":"https:\/\/progresso.com.br\/wp-content\/uploads\/2026\/03\/unnamed-4.jpg","datePublished":"2026-03-11T13:11:27+00:00","dateModified":"2026-03-11T13:11:28+00:00","breadcrumb":{"@id":"https:\/\/progresso.com.br\/index.php\/2026\/03\/11\/antonio-joao-aposta-na-atracao-de-negocios-com-lancamento-do-pdm\/#breadcrumb"},"inLanguage":"pt-BR","potentialAction":[{"@type":"ReadAction","target":["https:\/\/progresso.com.br\/index.php\/2026\/03\/11\/antonio-joao-aposta-na-atracao-de-negocios-com-lancamento-do-pdm\/"]}]},{"@type":"ImageObject","inLanguage":"pt-BR","@id":"https:\/\/progresso.com.br\/index.php\/2026\/03\/11\/antonio-joao-aposta-na-atracao-de-negocios-com-lancamento-do-pdm\/#primaryimage","url":"https:\/\/progresso.com.br\/wp-content\/uploads\/2026\/03\/unnamed-4.jpg","contentUrl":"https:\/\/progresso.com.br\/wp-content\/uploads\/2026\/03\/unnamed-4.jpg","width":1280,"height":854,"caption":"A iniciativa re\u00fane institui\u00e7\u00f5es p\u00fablicas, setor produtivo, academia e sociedade civil organizada em torno de uma agenda conjunta de desenvolvimento(Fotos: Divulga\u00e7\u00e3o)"},{"@type":"BreadcrumbList","@id":"https:\/\/progresso.com.br\/index.php\/2026\/03\/11\/antonio-joao-aposta-na-atracao-de-negocios-com-lancamento-do-pdm\/#breadcrumb","itemListElement":[{"@type":"ListItem","position":1,"name":"In\u00edcio","item":"https:\/\/progresso.com.br\/"},{"@type":"ListItem","position":2,"name":"Ant\u00f4nio Jo\u00e3o aposta na atra\u00e7\u00e3o de neg\u00f3cios com lan\u00e7amento do PDM"}]},{"@type":"WebSite","@id":"https:\/\/progresso.com.br\/#website","url":"https:\/\/progresso.com.br\/","name":"O PROGRESSO","description":"","publisher":{"@id":"https:\/\/progresso.com.br\/#organization"},"potentialAction":[{"@type":"SearchAction","target":{"@type":"EntryPoint","urlTemplate":"https:\/\/progresso.com.br\/?s={search_term_string}"},"query-input":{"@type":"PropertyValueSpecification","valueRequired":true,"valueName":"search_term_string"}}],"inLanguage":"pt-BR"},{"@type":"Organization","@id":"https:\/\/progresso.com.br\/#organization","name":"O PROGRESSO","url":"https:\/\/progresso.com.br\/","logo":{"@type":"ImageObject","inLanguage":"pt-BR","@id":"https:\/\/progresso.com.br\/#\/schema\/logo\/image\/","url":"https:\/\/progresso.com.br\/wp-content\/uploads\/2026\/03\/logo_proog.jpg","contentUrl":"https:\/\/progresso.com.br\/wp-content\/uploads\/2026\/03\/logo_proog.jpg","width":1960,"height":1080,"caption":"O PROGRESSO"},"image":{"@id":"https:\/\/progresso.com.br\/#\/schema\/logo\/image\/"},"sameAs":["https:\/\/www.facebook.com\/share\/1CeoksKBj6\/","https:\/\/www.instagram.com\/oprogresso_digital"]},{"@type":"Person","@id":"https:\/\/progresso.com.br\/#\/schema\/person\/5dd27138d4463fbbaace62120bfc002b","name":"Rose","image":{"@type":"ImageObject","inLanguage":"pt-BR","@id":"https:\/\/progresso.com.br\/#\/schema\/person\/image\/","url":"https:\/\/secure.gravatar.com\/avatar\/1b6890e759cdd3a88d9f751cb423720b9861c5239167cd3586355638b6556599?s=96&d=mm&r=g","contentUrl":"https:\/\/secure.gravatar.com\/avatar\/1b6890e759cdd3a88d9f751cb423720b9861c5239167cd3586355638b6556599?s=96&d=mm&r=g","caption":"Rose"},"url":"https:\/\/progresso.com.br\/index.php\/author\/rose\/"}]}},"_links":{"self":[{"href":"https:\/\/progresso.com.br\/index.php\/wp-json\/wp\/v2\/posts\/612","targetHints":{"allow":["GET"]}}],"collection":[{"href":"https:\/\/progresso.com.br\/index.php\/wp-json\/wp\/v2\/posts"}],"about":[{"href":"https:\/\/progresso.com.br\/index.php\/wp-json\/wp\/v2\/types\/post"}],"author":[{"embeddable":true,"href":"https:\/\/progresso.com.br\/index.php\/wp-json\/wp\/v2\/users\/2"}],"replies":[{"embeddable":true,"href":"https:\/\/progresso.com.br\/index.php\/wp-json\/wp\/v2\/comments?post=612"}],"version-history":[{"count":1,"href":"https:\/\/progresso.com.br\/index.php\/wp-json\/wp\/v2\/posts\/612\/revisions"}],"predecessor-version":[{"id":614,"href":"https:\/\/progresso.com.br\/index.php\/wp-json\/wp\/v2\/posts\/612\/revisions\/614"}],"wp:featuredmedia":[{"embeddable":true,"href":"https:\/\/progresso.com.br\/index.php\/wp-json\/wp\/v2\/media\/613"}],"wp:attachment":[{"href":"https:\/\/progresso.com.br\/index.php\/wp-json\/wp\/v2\/media?parent=612"}],"wp:term":[{"taxonomy":"category","embeddable":true,"href":"https:\/\/progresso.com.br\/index.php\/wp-json\/wp\/v2\/categories?post=612"},{"taxonomy":"post_tag","embeddable":true,"href":"https:\/\/progresso.com.br\/index.php\/wp-json\/wp\/v2\/tags?post=612"}],"curies":[{"name":"wp","href":"https:\/\/api.w.org\/{rel}","templated":true}]}}