{"id":615,"date":"2026-03-11T09:40:00","date_gmt":"2026-03-11T13:40:00","guid":{"rendered":"https:\/\/10nl.com.br\/?p=615"},"modified":"2026-03-11T09:24:29","modified_gmt":"2026-03-11T13:24:29","slug":"vendas-no-comercio-crescem-04-em-janeiro-e-igualam-patamar-recorde","status":"publish","type":"post","link":"https:\/\/progresso.com.br\/index.php\/2026\/03\/11\/vendas-no-comercio-crescem-04-em-janeiro-e-igualam-patamar-recorde\/","title":{"rendered":"Vendas no com\u00e9rcio crescem 0,4% em janeiro e igualam patamar recorde"},"content":{"rendered":"\n<p><strong><em>Em 12 meses, setor acumula alta de 1,6%, mostra IBGE<\/em><\/strong><\/p>\n\n\n\n<p>Bruno de Freitas Moura &#8211;  Ag\u00eancia Brasil<\/p>\n\n\n\n<p><strong>O volume de vendas no com\u00e9rcio varejista brasileiro cresceu 0,4% na passagem de dezembro para janeiro. Dessa forma, o setor alcan\u00e7ou o maior patamar, igualando o recorde de novembro de 2025.<\/strong><img decoding=\"async\" src=\"https:\/\/agenciabrasil.ebc.com.br\/ebc.png?id=1681508&amp;o=node\"><img decoding=\"async\" src=\"https:\/\/agenciabrasil.ebc.com.br\/ebc.gif?id=1681508&amp;o=node\"><\/p>\n\n\n\n<p><strong>Na compara\u00e7\u00e3o com o mesmo m\u00eas do ano passado, janeiro de 2026 apresenta salto de 2,8%. Em 12 meses, o setor registra expans\u00e3o de 1,6%.<\/strong><\/p>\n\n\n\n<p>A m\u00e9dia m\u00f3vel trimestral, que apresenta a tend\u00eancia de comportamento do com\u00e9rcio nos \u00faltimos meses, reflete alta de 0,3% na compara\u00e7\u00e3o com os tr\u00eas meses terminados em dezembro de 2025.<\/p>\n\n\n\n<p>O resultado de janeiro reverte a queda de 0,4% assinalada no \u00faltimo m\u00eas de 2025.<\/p>\n\n\n\n<p>Os&nbsp;<a href=\"https:\/\/agenciadenoticias.ibge.gov.br\/media\/com_mediaibge\/arquivos\/f9aed318938f25739043c99a88def4e9.pdf\" target=\"_blank\" rel=\"noreferrer noopener\">dados fazem parte da Pesquisa Mensal de Com\u00e9rcio<\/a>, divulgada nesta quarta-feira (11) pelo&nbsp;<a href=\"https:\/\/agenciabrasil.ebc.com.br\/tags\/ibge\" target=\"_blank\" rel=\"noreferrer noopener\">Instituto Brasileiro de Geografia e Estat\u00edstica (IBGE)<\/a>, no Rio de Janeiro.<\/p>\n\n\n\n<p>Ao destacar que foi alcan\u00e7ado o ponto mais alto da s\u00e9rie, iniciada no ano 2000, o gerente da pesquisa, Cristiano Santos, ressalta que \u201crenova\u00e7\u00f5es do pico n\u00e3o s\u00e3o t\u00e3o comuns assim\u201d.<\/p>\n\n\n\n<h2 class=\"wp-block-heading\">Atividades<\/h2>\n\n\n\n<p><strong>Dos oito segmentos pesquisados pelo IBGE, quatro apresentaram crescimento do volume de vendas na passagem de dezembro para janeiro, com destaque para a atividade farmac\u00eautica.<\/strong><\/p>\n\n\n\n<p>&#8211; Artigos farmac\u00eauticos, m\u00e9dicos, ortop\u00e9dicos e de perfumaria: 2,6%<\/p>\n\n\n\n<p>&#8211; Tecidos, vestu\u00e1rio e cal\u00e7ados: 1,8%<\/p>\n\n\n\n<p>&#8211; Outros artigos de uso pessoal e dom\u00e9stico: 1,3%<\/p>\n\n\n\n<p>&#8211; Hiper, supermercados, produtos aliment\u00edcios, bebidas e fumo 0,4%<\/p>\n\n\n\n<p>&#8211; M\u00f3veis e eletrodom\u00e9sticos: 0%<\/p>\n\n\n\n<p>&#8211; Equipamentos e material para escrit\u00f3rio inform\u00e1tica e comunica\u00e7\u00e3o: -9,3%<\/p>\n\n\n\n<p>&#8211; Livros, jornais, revistas e papelaria: -1,8%<\/p>\n\n\n\n<p>&#8211; Combust\u00edveis e lubrificantes: -1,3%<\/p>\n\n\n\n<p>O gerente do IBGE aponta que a atividade farmac\u00eautica, que inclui produtos de higiene pessoal e beleza, tem apresentado crescimento constante desde julho de 2025, com exce\u00e7\u00e3o de dezembro.<\/p>\n\n\n\n<p>No outro extremo, o desempenho em janeiro foi dos equipamentos e material para escrit\u00f3rio inform\u00e1tica e comunica\u00e7\u00e3o.<\/p>\n\n\n\n<p><strong>Cristiano explica que o tombo de quase 10% \u00e9 relacionado ao comportamento do d\u00f3lar.<\/strong><\/p>\n\n\n\n<blockquote class=\"wp-block-quote is-layout-flow wp-block-quote-is-layout-flow\">\n<p>\u201cEsse setor \u00e9 especialmente afetado pela varia\u00e7\u00e3o do d\u00f3lar e em \u00e9pocas de alta volatilidade, as empresas aproveitam para repor estoques em momentos de valoriza\u00e7\u00e3o do real para depois decidir o melhor momento de fazer promo\u00e7\u00f5es\u201d.<\/p>\n<\/blockquote>\n\n\n\n<p>Ele acrescenta que o segmento vinha de vendas fortes durante a&nbsp;<em>Black Friday<\/em>&nbsp;(novembro) e Natal.<\/p>\n\n\n\n<h2 class=\"wp-block-heading\">Atacado<\/h2>\n\n\n\n<p>No com\u00e9rcio varejista ampliado, que inclui atividades de atacado \u2500 ve\u00edculos, motos, partes e pe\u00e7as; material de constru\u00e7\u00e3o; e produtos aliment\u00edcios, bebidas e fumo \u2500 o indicador cresceu 0,9% de dezembro para janeiro, d\u00e9cimo m\u00eas seguido de alta nessa compara\u00e7\u00e3o entre meses imediatamente seguidos. Em 12 meses, o com\u00e9rcio varejista ampliado tem varia\u00e7\u00e3o nula (0%).<\/p>\n","protected":false},"excerpt":{"rendered":"<p>Em 12 meses, setor acumula alta de 1,6%, mostra IBGE Bruno de Freitas Moura &#8211; Ag\u00eancia Brasil O volume de vendas no com\u00e9rcio varejista brasileiro cresceu 0,4% na passagem de dezembro para janeiro. Dessa forma, o setor alcan\u00e7ou o maior patamar, igualando o recorde de novembro de 2025. Na compara\u00e7\u00e3o com o mesmo m\u00eas do [&hellip;]<\/p>\n","protected":false},"author":2,"featured_media":616,"comment_status":"open","ping_status":"open","sticky":false,"template":"","format":"standard","meta":{"footnotes":""},"categories":[10,2],"tags":[],"class_list":["post-615","post","type-post","status-publish","format-standard","has-post-thumbnail","hentry","category-economia","category-destaque"],"yoast_head":"<!-- This site is optimized with the Yoast SEO plugin v27.1.1 - https:\/\/yoast.com\/product\/yoast-seo-wordpress\/ -->\n<title>Vendas no com\u00e9rcio crescem 0,4% em janeiro e igualam patamar recorde - O PROGRESSO<\/title>\n<meta name=\"robots\" content=\"index, follow, max-snippet:-1, max-image-preview:large, max-video-preview:-1\" \/>\n<link rel=\"canonical\" href=\"https:\/\/progresso.com.br\/index.php\/2026\/03\/11\/vendas-no-comercio-crescem-04-em-janeiro-e-igualam-patamar-recorde\/\" \/>\n<meta property=\"og:locale\" content=\"pt_BR\" \/>\n<meta property=\"og:type\" content=\"article\" \/>\n<meta property=\"og:title\" content=\"Vendas no com\u00e9rcio crescem 0,4% em janeiro e igualam patamar recorde - O PROGRESSO\" \/>\n<meta property=\"og:description\" content=\"Em 12 meses, setor acumula alta de 1,6%, mostra IBGE Bruno de Freitas Moura &#8211; Ag\u00eancia Brasil O volume de vendas no com\u00e9rcio varejista brasileiro cresceu 0,4% na passagem de dezembro para janeiro. Dessa forma, o setor alcan\u00e7ou o maior patamar, igualando o recorde de novembro de 2025. Na compara\u00e7\u00e3o com o mesmo m\u00eas do [&hellip;]\" \/>\n<meta property=\"og:url\" content=\"https:\/\/progresso.com.br\/index.php\/2026\/03\/11\/vendas-no-comercio-crescem-04-em-janeiro-e-igualam-patamar-recorde\/\" \/>\n<meta property=\"og:site_name\" content=\"O PROGRESSO\" \/>\n<meta property=\"article:publisher\" content=\"https:\/\/www.facebook.com\/share\/1CeoksKBj6\/\" \/>\n<meta property=\"article:published_time\" content=\"2026-03-11T13:40:00+00:00\" \/>\n<meta property=\"og:image\" content=\"https:\/\/progresso.com.br\/wp-content\/uploads\/2026\/03\/rio_tem_primeiro_dia_util_de_reabertura_do_comercio_de_rua2906200458.webp\" \/>\n\t<meta property=\"og:image:width\" content=\"1170\" \/>\n\t<meta property=\"og:image:height\" content=\"700\" \/>\n\t<meta property=\"og:image:type\" content=\"image\/webp\" \/>\n<meta name=\"author\" content=\"Rose\" \/>\n<meta name=\"twitter:card\" content=\"summary_large_image\" \/>\n<meta name=\"twitter:label1\" content=\"Escrito por\" \/>\n\t<meta name=\"twitter:data1\" content=\"Rose\" \/>\n\t<meta name=\"twitter:label2\" content=\"Est. tempo de leitura\" \/>\n\t<meta name=\"twitter:data2\" content=\"2 minutos\" \/>\n<script type=\"application\/ld+json\" class=\"yoast-schema-graph\">{\"@context\":\"https:\/\/schema.org\",\"@graph\":[{\"@type\":\"Article\",\"@id\":\"https:\/\/progresso.com.br\/index.php\/2026\/03\/11\/vendas-no-comercio-crescem-04-em-janeiro-e-igualam-patamar-recorde\/#article\",\"isPartOf\":{\"@id\":\"https:\/\/progresso.com.br\/index.php\/2026\/03\/11\/vendas-no-comercio-crescem-04-em-janeiro-e-igualam-patamar-recorde\/\"},\"author\":{\"name\":\"Rose\",\"@id\":\"https:\/\/progresso.com.br\/#\/schema\/person\/5dd27138d4463fbbaace62120bfc002b\"},\"headline\":\"Vendas no com\u00e9rcio crescem 0,4% em janeiro e igualam patamar recorde\",\"datePublished\":\"2026-03-11T13:40:00+00:00\",\"mainEntityOfPage\":{\"@id\":\"https:\/\/progresso.com.br\/index.php\/2026\/03\/11\/vendas-no-comercio-crescem-04-em-janeiro-e-igualam-patamar-recorde\/\"},\"wordCount\":470,\"commentCount\":0,\"publisher\":{\"@id\":\"https:\/\/progresso.com.br\/#organization\"},\"image\":{\"@id\":\"https:\/\/progresso.com.br\/index.php\/2026\/03\/11\/vendas-no-comercio-crescem-04-em-janeiro-e-igualam-patamar-recorde\/#primaryimage\"},\"thumbnailUrl\":\"https:\/\/progresso.com.br\/wp-content\/uploads\/2026\/03\/rio_tem_primeiro_dia_util_de_reabertura_do_comercio_de_rua2906200458.webp\",\"articleSection\":[\"Economia\",\"Em destaque\"],\"inLanguage\":\"pt-BR\",\"potentialAction\":[{\"@type\":\"CommentAction\",\"name\":\"Comment\",\"target\":[\"https:\/\/progresso.com.br\/index.php\/2026\/03\/11\/vendas-no-comercio-crescem-04-em-janeiro-e-igualam-patamar-recorde\/#respond\"]}]},{\"@type\":\"WebPage\",\"@id\":\"https:\/\/progresso.com.br\/index.php\/2026\/03\/11\/vendas-no-comercio-crescem-04-em-janeiro-e-igualam-patamar-recorde\/\",\"url\":\"https:\/\/progresso.com.br\/index.php\/2026\/03\/11\/vendas-no-comercio-crescem-04-em-janeiro-e-igualam-patamar-recorde\/\",\"name\":\"Vendas no com\u00e9rcio crescem 0,4% em janeiro e igualam patamar recorde - O PROGRESSO\",\"isPartOf\":{\"@id\":\"https:\/\/progresso.com.br\/#website\"},\"primaryImageOfPage\":{\"@id\":\"https:\/\/progresso.com.br\/index.php\/2026\/03\/11\/vendas-no-comercio-crescem-04-em-janeiro-e-igualam-patamar-recorde\/#primaryimage\"},\"image\":{\"@id\":\"https:\/\/progresso.com.br\/index.php\/2026\/03\/11\/vendas-no-comercio-crescem-04-em-janeiro-e-igualam-patamar-recorde\/#primaryimage\"},\"thumbnailUrl\":\"https:\/\/progresso.com.br\/wp-content\/uploads\/2026\/03\/rio_tem_primeiro_dia_util_de_reabertura_do_comercio_de_rua2906200458.webp\",\"datePublished\":\"2026-03-11T13:40:00+00:00\",\"breadcrumb\":{\"@id\":\"https:\/\/progresso.com.br\/index.php\/2026\/03\/11\/vendas-no-comercio-crescem-04-em-janeiro-e-igualam-patamar-recorde\/#breadcrumb\"},\"inLanguage\":\"pt-BR\",\"potentialAction\":[{\"@type\":\"ReadAction\",\"target\":[\"https:\/\/progresso.com.br\/index.php\/2026\/03\/11\/vendas-no-comercio-crescem-04-em-janeiro-e-igualam-patamar-recorde\/\"]}]},{\"@type\":\"ImageObject\",\"inLanguage\":\"pt-BR\",\"@id\":\"https:\/\/progresso.com.br\/index.php\/2026\/03\/11\/vendas-no-comercio-crescem-04-em-janeiro-e-igualam-patamar-recorde\/#primaryimage\",\"url\":\"https:\/\/progresso.com.br\/wp-content\/uploads\/2026\/03\/rio_tem_primeiro_dia_util_de_reabertura_do_comercio_de_rua2906200458.webp\",\"contentUrl\":\"https:\/\/progresso.com.br\/wp-content\/uploads\/2026\/03\/rio_tem_primeiro_dia_util_de_reabertura_do_comercio_de_rua2906200458.webp\",\"width\":1170,\"height\":700,\"caption\":\"(\u00a9 Tomaz Silva\/Ag\u00eancia Brasil)\"},{\"@type\":\"BreadcrumbList\",\"@id\":\"https:\/\/progresso.com.br\/index.php\/2026\/03\/11\/vendas-no-comercio-crescem-04-em-janeiro-e-igualam-patamar-recorde\/#breadcrumb\",\"itemListElement\":[{\"@type\":\"ListItem\",\"position\":1,\"name\":\"In\u00edcio\",\"item\":\"https:\/\/progresso.com.br\/\"},{\"@type\":\"ListItem\",\"position\":2,\"name\":\"Vendas no com\u00e9rcio crescem 0,4% em janeiro e igualam patamar recorde\"}]},{\"@type\":\"WebSite\",\"@id\":\"https:\/\/progresso.com.br\/#website\",\"url\":\"https:\/\/progresso.com.br\/\",\"name\":\"O PROGRESSO\",\"description\":\"\",\"publisher\":{\"@id\":\"https:\/\/progresso.com.br\/#organization\"},\"potentialAction\":[{\"@type\":\"SearchAction\",\"target\":{\"@type\":\"EntryPoint\",\"urlTemplate\":\"https:\/\/progresso.com.br\/?s={search_term_string}\"},\"query-input\":{\"@type\":\"PropertyValueSpecification\",\"valueRequired\":true,\"valueName\":\"search_term_string\"}}],\"inLanguage\":\"pt-BR\"},{\"@type\":\"Organization\",\"@id\":\"https:\/\/progresso.com.br\/#organization\",\"name\":\"O PROGRESSO\",\"url\":\"https:\/\/progresso.com.br\/\",\"logo\":{\"@type\":\"ImageObject\",\"inLanguage\":\"pt-BR\",\"@id\":\"https:\/\/progresso.com.br\/#\/schema\/logo\/image\/\",\"url\":\"https:\/\/progresso.com.br\/wp-content\/uploads\/2026\/03\/logo_proog.jpg\",\"contentUrl\":\"https:\/\/progresso.com.br\/wp-content\/uploads\/2026\/03\/logo_proog.jpg\",\"width\":1960,\"height\":1080,\"caption\":\"O PROGRESSO\"},\"image\":{\"@id\":\"https:\/\/progresso.com.br\/#\/schema\/logo\/image\/\"},\"sameAs\":[\"https:\/\/www.facebook.com\/share\/1CeoksKBj6\/\",\"https:\/\/www.instagram.com\/oprogresso_digital\"]},{\"@type\":\"Person\",\"@id\":\"https:\/\/progresso.com.br\/#\/schema\/person\/5dd27138d4463fbbaace62120bfc002b\",\"name\":\"Rose\",\"image\":{\"@type\":\"ImageObject\",\"inLanguage\":\"pt-BR\",\"@id\":\"https:\/\/progresso.com.br\/#\/schema\/person\/image\/\",\"url\":\"https:\/\/secure.gravatar.com\/avatar\/1b6890e759cdd3a88d9f751cb423720b9861c5239167cd3586355638b6556599?s=96&d=mm&r=g\",\"contentUrl\":\"https:\/\/secure.gravatar.com\/avatar\/1b6890e759cdd3a88d9f751cb423720b9861c5239167cd3586355638b6556599?s=96&d=mm&r=g\",\"caption\":\"Rose\"},\"url\":\"https:\/\/progresso.com.br\/index.php\/author\/rose\/\"}]}<\/script>\n<!-- \/ Yoast SEO plugin. -->","yoast_head_json":{"title":"Vendas no com\u00e9rcio crescem 0,4% em janeiro e igualam patamar recorde - O PROGRESSO","robots":{"index":"index","follow":"follow","max-snippet":"max-snippet:-1","max-image-preview":"max-image-preview:large","max-video-preview":"max-video-preview:-1"},"canonical":"https:\/\/progresso.com.br\/index.php\/2026\/03\/11\/vendas-no-comercio-crescem-04-em-janeiro-e-igualam-patamar-recorde\/","og_locale":"pt_BR","og_type":"article","og_title":"Vendas no com\u00e9rcio crescem 0,4% em janeiro e igualam patamar recorde - O PROGRESSO","og_description":"Em 12 meses, setor acumula alta de 1,6%, mostra IBGE Bruno de Freitas Moura &#8211; Ag\u00eancia Brasil O volume de vendas no com\u00e9rcio varejista brasileiro cresceu 0,4% na passagem de dezembro para janeiro. Dessa forma, o setor alcan\u00e7ou o maior patamar, igualando o recorde de novembro de 2025. Na compara\u00e7\u00e3o com o mesmo m\u00eas do [&hellip;]","og_url":"https:\/\/progresso.com.br\/index.php\/2026\/03\/11\/vendas-no-comercio-crescem-04-em-janeiro-e-igualam-patamar-recorde\/","og_site_name":"O PROGRESSO","article_publisher":"https:\/\/www.facebook.com\/share\/1CeoksKBj6\/","article_published_time":"2026-03-11T13:40:00+00:00","og_image":[{"width":1170,"height":700,"url":"https:\/\/progresso.com.br\/wp-content\/uploads\/2026\/03\/rio_tem_primeiro_dia_util_de_reabertura_do_comercio_de_rua2906200458.webp","type":"image\/webp"}],"author":"Rose","twitter_card":"summary_large_image","twitter_misc":{"Escrito por":"Rose","Est. tempo de leitura":"2 minutos"},"schema":{"@context":"https:\/\/schema.org","@graph":[{"@type":"Article","@id":"https:\/\/progresso.com.br\/index.php\/2026\/03\/11\/vendas-no-comercio-crescem-04-em-janeiro-e-igualam-patamar-recorde\/#article","isPartOf":{"@id":"https:\/\/progresso.com.br\/index.php\/2026\/03\/11\/vendas-no-comercio-crescem-04-em-janeiro-e-igualam-patamar-recorde\/"},"author":{"name":"Rose","@id":"https:\/\/progresso.com.br\/#\/schema\/person\/5dd27138d4463fbbaace62120bfc002b"},"headline":"Vendas no com\u00e9rcio crescem 0,4% em janeiro e igualam patamar recorde","datePublished":"2026-03-11T13:40:00+00:00","mainEntityOfPage":{"@id":"https:\/\/progresso.com.br\/index.php\/2026\/03\/11\/vendas-no-comercio-crescem-04-em-janeiro-e-igualam-patamar-recorde\/"},"wordCount":470,"commentCount":0,"publisher":{"@id":"https:\/\/progresso.com.br\/#organization"},"image":{"@id":"https:\/\/progresso.com.br\/index.php\/2026\/03\/11\/vendas-no-comercio-crescem-04-em-janeiro-e-igualam-patamar-recorde\/#primaryimage"},"thumbnailUrl":"https:\/\/progresso.com.br\/wp-content\/uploads\/2026\/03\/rio_tem_primeiro_dia_util_de_reabertura_do_comercio_de_rua2906200458.webp","articleSection":["Economia","Em destaque"],"inLanguage":"pt-BR","potentialAction":[{"@type":"CommentAction","name":"Comment","target":["https:\/\/progresso.com.br\/index.php\/2026\/03\/11\/vendas-no-comercio-crescem-04-em-janeiro-e-igualam-patamar-recorde\/#respond"]}]},{"@type":"WebPage","@id":"https:\/\/progresso.com.br\/index.php\/2026\/03\/11\/vendas-no-comercio-crescem-04-em-janeiro-e-igualam-patamar-recorde\/","url":"https:\/\/progresso.com.br\/index.php\/2026\/03\/11\/vendas-no-comercio-crescem-04-em-janeiro-e-igualam-patamar-recorde\/","name":"Vendas no com\u00e9rcio crescem 0,4% em janeiro e igualam patamar recorde - O PROGRESSO","isPartOf":{"@id":"https:\/\/progresso.com.br\/#website"},"primaryImageOfPage":{"@id":"https:\/\/progresso.com.br\/index.php\/2026\/03\/11\/vendas-no-comercio-crescem-04-em-janeiro-e-igualam-patamar-recorde\/#primaryimage"},"image":{"@id":"https:\/\/progresso.com.br\/index.php\/2026\/03\/11\/vendas-no-comercio-crescem-04-em-janeiro-e-igualam-patamar-recorde\/#primaryimage"},"thumbnailUrl":"https:\/\/progresso.com.br\/wp-content\/uploads\/2026\/03\/rio_tem_primeiro_dia_util_de_reabertura_do_comercio_de_rua2906200458.webp","datePublished":"2026-03-11T13:40:00+00:00","breadcrumb":{"@id":"https:\/\/progresso.com.br\/index.php\/2026\/03\/11\/vendas-no-comercio-crescem-04-em-janeiro-e-igualam-patamar-recorde\/#breadcrumb"},"inLanguage":"pt-BR","potentialAction":[{"@type":"ReadAction","target":["https:\/\/progresso.com.br\/index.php\/2026\/03\/11\/vendas-no-comercio-crescem-04-em-janeiro-e-igualam-patamar-recorde\/"]}]},{"@type":"ImageObject","inLanguage":"pt-BR","@id":"https:\/\/progresso.com.br\/index.php\/2026\/03\/11\/vendas-no-comercio-crescem-04-em-janeiro-e-igualam-patamar-recorde\/#primaryimage","url":"https:\/\/progresso.com.br\/wp-content\/uploads\/2026\/03\/rio_tem_primeiro_dia_util_de_reabertura_do_comercio_de_rua2906200458.webp","contentUrl":"https:\/\/progresso.com.br\/wp-content\/uploads\/2026\/03\/rio_tem_primeiro_dia_util_de_reabertura_do_comercio_de_rua2906200458.webp","width":1170,"height":700,"caption":"(\u00a9 Tomaz Silva\/Ag\u00eancia Brasil)"},{"@type":"BreadcrumbList","@id":"https:\/\/progresso.com.br\/index.php\/2026\/03\/11\/vendas-no-comercio-crescem-04-em-janeiro-e-igualam-patamar-recorde\/#breadcrumb","itemListElement":[{"@type":"ListItem","position":1,"name":"In\u00edcio","item":"https:\/\/progresso.com.br\/"},{"@type":"ListItem","position":2,"name":"Vendas no com\u00e9rcio crescem 0,4% em janeiro e igualam patamar recorde"}]},{"@type":"WebSite","@id":"https:\/\/progresso.com.br\/#website","url":"https:\/\/progresso.com.br\/","name":"O PROGRESSO","description":"","publisher":{"@id":"https:\/\/progresso.com.br\/#organization"},"potentialAction":[{"@type":"SearchAction","target":{"@type":"EntryPoint","urlTemplate":"https:\/\/progresso.com.br\/?s={search_term_string}"},"query-input":{"@type":"PropertyValueSpecification","valueRequired":true,"valueName":"search_term_string"}}],"inLanguage":"pt-BR"},{"@type":"Organization","@id":"https:\/\/progresso.com.br\/#organization","name":"O PROGRESSO","url":"https:\/\/progresso.com.br\/","logo":{"@type":"ImageObject","inLanguage":"pt-BR","@id":"https:\/\/progresso.com.br\/#\/schema\/logo\/image\/","url":"https:\/\/progresso.com.br\/wp-content\/uploads\/2026\/03\/logo_proog.jpg","contentUrl":"https:\/\/progresso.com.br\/wp-content\/uploads\/2026\/03\/logo_proog.jpg","width":1960,"height":1080,"caption":"O PROGRESSO"},"image":{"@id":"https:\/\/progresso.com.br\/#\/schema\/logo\/image\/"},"sameAs":["https:\/\/www.facebook.com\/share\/1CeoksKBj6\/","https:\/\/www.instagram.com\/oprogresso_digital"]},{"@type":"Person","@id":"https:\/\/progresso.com.br\/#\/schema\/person\/5dd27138d4463fbbaace62120bfc002b","name":"Rose","image":{"@type":"ImageObject","inLanguage":"pt-BR","@id":"https:\/\/progresso.com.br\/#\/schema\/person\/image\/","url":"https:\/\/secure.gravatar.com\/avatar\/1b6890e759cdd3a88d9f751cb423720b9861c5239167cd3586355638b6556599?s=96&d=mm&r=g","contentUrl":"https:\/\/secure.gravatar.com\/avatar\/1b6890e759cdd3a88d9f751cb423720b9861c5239167cd3586355638b6556599?s=96&d=mm&r=g","caption":"Rose"},"url":"https:\/\/progresso.com.br\/index.php\/author\/rose\/"}]}},"_links":{"self":[{"href":"https:\/\/progresso.com.br\/index.php\/wp-json\/wp\/v2\/posts\/615","targetHints":{"allow":["GET"]}}],"collection":[{"href":"https:\/\/progresso.com.br\/index.php\/wp-json\/wp\/v2\/posts"}],"about":[{"href":"https:\/\/progresso.com.br\/index.php\/wp-json\/wp\/v2\/types\/post"}],"author":[{"embeddable":true,"href":"https:\/\/progresso.com.br\/index.php\/wp-json\/wp\/v2\/users\/2"}],"replies":[{"embeddable":true,"href":"https:\/\/progresso.com.br\/index.php\/wp-json\/wp\/v2\/comments?post=615"}],"version-history":[{"count":1,"href":"https:\/\/progresso.com.br\/index.php\/wp-json\/wp\/v2\/posts\/615\/revisions"}],"predecessor-version":[{"id":617,"href":"https:\/\/progresso.com.br\/index.php\/wp-json\/wp\/v2\/posts\/615\/revisions\/617"}],"wp:featuredmedia":[{"embeddable":true,"href":"https:\/\/progresso.com.br\/index.php\/wp-json\/wp\/v2\/media\/616"}],"wp:attachment":[{"href":"https:\/\/progresso.com.br\/index.php\/wp-json\/wp\/v2\/media?parent=615"}],"wp:term":[{"taxonomy":"category","embeddable":true,"href":"https:\/\/progresso.com.br\/index.php\/wp-json\/wp\/v2\/categories?post=615"},{"taxonomy":"post_tag","embeddable":true,"href":"https:\/\/progresso.com.br\/index.php\/wp-json\/wp\/v2\/tags?post=615"}],"curies":[{"name":"wp","href":"https:\/\/api.w.org\/{rel}","templated":true}]}}