{"id":618,"date":"2026-03-11T10:20:00","date_gmt":"2026-03-11T14:20:00","guid":{"rendered":"https:\/\/10nl.com.br\/?p=618"},"modified":"2026-03-11T09:27:18","modified_gmt":"2026-03-11T13:27:18","slug":"sao-paulo-tem-primeiro-caso-de-sarampo-em-2026","status":"publish","type":"post","link":"https:\/\/progresso.com.br\/index.php\/2026\/03\/11\/sao-paulo-tem-primeiro-caso-de-sarampo-em-2026\/","title":{"rendered":"S\u00e3o Paulo tem primeiro caso de sarampo em 2026"},"content":{"rendered":"\n<p><strong><em>Paciente adquiriu a doen\u00e7a em viagem \u00e0 Bol\u00edvia<\/em><\/strong><\/p>\n\n\n\n<p><em>Ag\u00eancia Brasil<\/em><\/p>\n\n\n\n<p><strong>Um beb\u00ea de seis meses, uma menina, \u00e9 a primeira pessoa a contrair sarampo em S\u00e3o Paulo, segundo informa a Secretaria de Estado da Sa\u00fade paulista. A bebe, que n\u00e3o foi vacinada, esteve na Bol\u00edvia em janeiro deste ano.<\/strong><img decoding=\"async\" src=\"https:\/\/agenciabrasil.ebc.com.br\/ebc.png?id=1681506&amp;o=node\"><img decoding=\"async\" src=\"https:\/\/agenciabrasil.ebc.com.br\/ebc.gif?id=1681506&amp;o=node\"><\/p>\n\n\n\n<p>O caso foi registrado em fevereiro e confirmado por exames laboratoriais.<\/p>\n\n\n\n<p>Em 2025 o estado de S\u00e3o Paulo teve dois casos importados de sarampo.<\/p>\n\n\n\n<p>O governo do estado refor\u00e7a que a melhor maneira de evitar ser contagiado pela doen\u00e7a \u00e9 atrav\u00e9s da vacina\u00e7\u00e3o. A&nbsp;<strong>vacina contra o sarampo integra o Calend\u00e1rio Nacional de Vacina\u00e7\u00e3o e a primeira dose deve ser ministrada aos 12 meses de idade. A segunda dose deve ser dada aos 15 meses.<\/strong><\/p>\n\n\n\n<p>Tamb\u00e9m \u00e9 necess\u00e1rio se vacinar entre os 5 e 29 anos, com duas doses no intervalo m\u00ednimo de 30 dias. Pessoas entre 30 e 59 anos devem tomar uma nova dose.<\/p>\n\n\n\n<p>OMS<\/p>\n\n\n\n<p>A Organiza\u00e7\u00e3o Mundial da Sa\u00fade (OMS) fez em fevereiro deste ano um&nbsp;<strong><a href=\"https:\/\/agenciabrasil.ebc.com.br\/saude\/noticia\/2026-02\/casos-de-sarampo-crescem-32-vezes-nas-americas-oms-emite-alerta\">alerta sobre esse assunto<\/a><\/strong>. Segundo a entidade, em 2024 e 2025, houve um aumento de 32 vezes nos cont\u00e1gios de sarampo nas Am\u00e9ricas.<\/p>\n","protected":false},"excerpt":{"rendered":"<p>Paciente adquiriu a doen\u00e7a em viagem \u00e0 Bol\u00edvia Ag\u00eancia Brasil Um beb\u00ea de seis meses, uma menina, \u00e9 a primeira pessoa a contrair sarampo em S\u00e3o Paulo, segundo informa a Secretaria de Estado da Sa\u00fade paulista. A bebe, que n\u00e3o foi vacinada, esteve na Bol\u00edvia em janeiro deste ano. O caso foi registrado em fevereiro [&hellip;]<\/p>\n","protected":false},"author":2,"featured_media":619,"comment_status":"open","ping_status":"open","sticky":false,"template":"","format":"standard","meta":{"footnotes":""},"categories":[2,12],"tags":[],"class_list":["post-618","post","type-post","status-publish","format-standard","has-post-thumbnail","hentry","category-destaque","category-sociedade"],"yoast_head":"<!-- This site is optimized with the Yoast SEO plugin v27.1.1 - https:\/\/yoast.com\/product\/yoast-seo-wordpress\/ -->\n<title>S\u00e3o Paulo tem primeiro caso de sarampo em 2026 - O PROGRESSO<\/title>\n<meta name=\"robots\" content=\"index, follow, max-snippet:-1, max-image-preview:large, max-video-preview:-1\" \/>\n<link rel=\"canonical\" href=\"https:\/\/progresso.com.br\/index.php\/2026\/03\/11\/sao-paulo-tem-primeiro-caso-de-sarampo-em-2026\/\" \/>\n<meta property=\"og:locale\" content=\"pt_BR\" \/>\n<meta property=\"og:type\" content=\"article\" \/>\n<meta property=\"og:title\" content=\"S\u00e3o Paulo tem primeiro caso de sarampo em 2026 - O PROGRESSO\" \/>\n<meta property=\"og:description\" content=\"Paciente adquiriu a doen\u00e7a em viagem \u00e0 Bol\u00edvia Ag\u00eancia Brasil Um beb\u00ea de seis meses, uma menina, \u00e9 a primeira pessoa a contrair sarampo em S\u00e3o Paulo, segundo informa a Secretaria de Estado da Sa\u00fade paulista. A bebe, que n\u00e3o foi vacinada, esteve na Bol\u00edvia em janeiro deste ano. O caso foi registrado em fevereiro [&hellip;]\" \/>\n<meta property=\"og:url\" content=\"https:\/\/progresso.com.br\/index.php\/2026\/03\/11\/sao-paulo-tem-primeiro-caso-de-sarampo-em-2026\/\" \/>\n<meta property=\"og:site_name\" content=\"O PROGRESSO\" \/>\n<meta property=\"article:publisher\" content=\"https:\/\/www.facebook.com\/share\/1CeoksKBj6\/\" \/>\n<meta property=\"article:published_time\" content=\"2026-03-11T14:20:00+00:00\" \/>\n<meta property=\"og:image\" content=\"https:\/\/progresso.com.br\/wp-content\/uploads\/2026\/03\/campanha_estadual_do_dia_d_de_vacinacao_contra_o_sarampo_no_rio20200201_0133.webp\" \/>\n\t<meta property=\"og:image:width\" content=\"1170\" \/>\n\t<meta property=\"og:image:height\" content=\"700\" \/>\n\t<meta property=\"og:image:type\" content=\"image\/webp\" \/>\n<meta name=\"author\" content=\"Rose\" \/>\n<meta name=\"twitter:card\" content=\"summary_large_image\" \/>\n<meta name=\"twitter:label1\" content=\"Escrito por\" \/>\n\t<meta name=\"twitter:data1\" content=\"Rose\" \/>\n\t<meta name=\"twitter:label2\" content=\"Est. tempo de leitura\" \/>\n\t<meta name=\"twitter:data2\" content=\"1 minuto\" \/>\n<script type=\"application\/ld+json\" class=\"yoast-schema-graph\">{\"@context\":\"https:\/\/schema.org\",\"@graph\":[{\"@type\":\"Article\",\"@id\":\"https:\/\/progresso.com.br\/index.php\/2026\/03\/11\/sao-paulo-tem-primeiro-caso-de-sarampo-em-2026\/#article\",\"isPartOf\":{\"@id\":\"https:\/\/progresso.com.br\/index.php\/2026\/03\/11\/sao-paulo-tem-primeiro-caso-de-sarampo-em-2026\/\"},\"author\":{\"name\":\"Rose\",\"@id\":\"https:\/\/progresso.com.br\/#\/schema\/person\/5dd27138d4463fbbaace62120bfc002b\"},\"headline\":\"S\u00e3o Paulo tem primeiro caso de sarampo em 2026\",\"datePublished\":\"2026-03-11T14:20:00+00:00\",\"mainEntityOfPage\":{\"@id\":\"https:\/\/progresso.com.br\/index.php\/2026\/03\/11\/sao-paulo-tem-primeiro-caso-de-sarampo-em-2026\/\"},\"wordCount\":208,\"commentCount\":0,\"publisher\":{\"@id\":\"https:\/\/progresso.com.br\/#organization\"},\"image\":{\"@id\":\"https:\/\/progresso.com.br\/index.php\/2026\/03\/11\/sao-paulo-tem-primeiro-caso-de-sarampo-em-2026\/#primaryimage\"},\"thumbnailUrl\":\"https:\/\/progresso.com.br\/wp-content\/uploads\/2026\/03\/campanha_estadual_do_dia_d_de_vacinacao_contra_o_sarampo_no_rio20200201_0133.webp\",\"articleSection\":[\"Em destaque\",\"Sociedade\"],\"inLanguage\":\"pt-BR\",\"potentialAction\":[{\"@type\":\"CommentAction\",\"name\":\"Comment\",\"target\":[\"https:\/\/progresso.com.br\/index.php\/2026\/03\/11\/sao-paulo-tem-primeiro-caso-de-sarampo-em-2026\/#respond\"]}]},{\"@type\":\"WebPage\",\"@id\":\"https:\/\/progresso.com.br\/index.php\/2026\/03\/11\/sao-paulo-tem-primeiro-caso-de-sarampo-em-2026\/\",\"url\":\"https:\/\/progresso.com.br\/index.php\/2026\/03\/11\/sao-paulo-tem-primeiro-caso-de-sarampo-em-2026\/\",\"name\":\"S\u00e3o Paulo tem primeiro caso de sarampo em 2026 - O PROGRESSO\",\"isPartOf\":{\"@id\":\"https:\/\/progresso.com.br\/#website\"},\"primaryImageOfPage\":{\"@id\":\"https:\/\/progresso.com.br\/index.php\/2026\/03\/11\/sao-paulo-tem-primeiro-caso-de-sarampo-em-2026\/#primaryimage\"},\"image\":{\"@id\":\"https:\/\/progresso.com.br\/index.php\/2026\/03\/11\/sao-paulo-tem-primeiro-caso-de-sarampo-em-2026\/#primaryimage\"},\"thumbnailUrl\":\"https:\/\/progresso.com.br\/wp-content\/uploads\/2026\/03\/campanha_estadual_do_dia_d_de_vacinacao_contra_o_sarampo_no_rio20200201_0133.webp\",\"datePublished\":\"2026-03-11T14:20:00+00:00\",\"breadcrumb\":{\"@id\":\"https:\/\/progresso.com.br\/index.php\/2026\/03\/11\/sao-paulo-tem-primeiro-caso-de-sarampo-em-2026\/#breadcrumb\"},\"inLanguage\":\"pt-BR\",\"potentialAction\":[{\"@type\":\"ReadAction\",\"target\":[\"https:\/\/progresso.com.br\/index.php\/2026\/03\/11\/sao-paulo-tem-primeiro-caso-de-sarampo-em-2026\/\"]}]},{\"@type\":\"ImageObject\",\"inLanguage\":\"pt-BR\",\"@id\":\"https:\/\/progresso.com.br\/index.php\/2026\/03\/11\/sao-paulo-tem-primeiro-caso-de-sarampo-em-2026\/#primaryimage\",\"url\":\"https:\/\/progresso.com.br\/wp-content\/uploads\/2026\/03\/campanha_estadual_do_dia_d_de_vacinacao_contra_o_sarampo_no_rio20200201_0133.webp\",\"contentUrl\":\"https:\/\/progresso.com.br\/wp-content\/uploads\/2026\/03\/campanha_estadual_do_dia_d_de_vacinacao_contra_o_sarampo_no_rio20200201_0133.webp\",\"width\":1170,\"height\":700,\"caption\":\"(\u00a9 T\u00e2nia R\u00eago\/Ag\u00eancia Brasil\/Arquivo)\"},{\"@type\":\"BreadcrumbList\",\"@id\":\"https:\/\/progresso.com.br\/index.php\/2026\/03\/11\/sao-paulo-tem-primeiro-caso-de-sarampo-em-2026\/#breadcrumb\",\"itemListElement\":[{\"@type\":\"ListItem\",\"position\":1,\"name\":\"In\u00edcio\",\"item\":\"https:\/\/progresso.com.br\/\"},{\"@type\":\"ListItem\",\"position\":2,\"name\":\"S\u00e3o Paulo tem primeiro caso de sarampo em 2026\"}]},{\"@type\":\"WebSite\",\"@id\":\"https:\/\/progresso.com.br\/#website\",\"url\":\"https:\/\/progresso.com.br\/\",\"name\":\"O PROGRESSO\",\"description\":\"\",\"publisher\":{\"@id\":\"https:\/\/progresso.com.br\/#organization\"},\"potentialAction\":[{\"@type\":\"SearchAction\",\"target\":{\"@type\":\"EntryPoint\",\"urlTemplate\":\"https:\/\/progresso.com.br\/?s={search_term_string}\"},\"query-input\":{\"@type\":\"PropertyValueSpecification\",\"valueRequired\":true,\"valueName\":\"search_term_string\"}}],\"inLanguage\":\"pt-BR\"},{\"@type\":\"Organization\",\"@id\":\"https:\/\/progresso.com.br\/#organization\",\"name\":\"O PROGRESSO\",\"url\":\"https:\/\/progresso.com.br\/\",\"logo\":{\"@type\":\"ImageObject\",\"inLanguage\":\"pt-BR\",\"@id\":\"https:\/\/progresso.com.br\/#\/schema\/logo\/image\/\",\"url\":\"https:\/\/progresso.com.br\/wp-content\/uploads\/2026\/03\/logo_proog.jpg\",\"contentUrl\":\"https:\/\/progresso.com.br\/wp-content\/uploads\/2026\/03\/logo_proog.jpg\",\"width\":1960,\"height\":1080,\"caption\":\"O PROGRESSO\"},\"image\":{\"@id\":\"https:\/\/progresso.com.br\/#\/schema\/logo\/image\/\"},\"sameAs\":[\"https:\/\/www.facebook.com\/share\/1CeoksKBj6\/\",\"https:\/\/www.instagram.com\/oprogresso_digital\"]},{\"@type\":\"Person\",\"@id\":\"https:\/\/progresso.com.br\/#\/schema\/person\/5dd27138d4463fbbaace62120bfc002b\",\"name\":\"Rose\",\"image\":{\"@type\":\"ImageObject\",\"inLanguage\":\"pt-BR\",\"@id\":\"https:\/\/progresso.com.br\/#\/schema\/person\/image\/\",\"url\":\"https:\/\/secure.gravatar.com\/avatar\/1b6890e759cdd3a88d9f751cb423720b9861c5239167cd3586355638b6556599?s=96&d=mm&r=g\",\"contentUrl\":\"https:\/\/secure.gravatar.com\/avatar\/1b6890e759cdd3a88d9f751cb423720b9861c5239167cd3586355638b6556599?s=96&d=mm&r=g\",\"caption\":\"Rose\"},\"url\":\"https:\/\/progresso.com.br\/index.php\/author\/rose\/\"}]}<\/script>\n<!-- \/ Yoast SEO plugin. -->","yoast_head_json":{"title":"S\u00e3o Paulo tem primeiro caso de sarampo em 2026 - O PROGRESSO","robots":{"index":"index","follow":"follow","max-snippet":"max-snippet:-1","max-image-preview":"max-image-preview:large","max-video-preview":"max-video-preview:-1"},"canonical":"https:\/\/progresso.com.br\/index.php\/2026\/03\/11\/sao-paulo-tem-primeiro-caso-de-sarampo-em-2026\/","og_locale":"pt_BR","og_type":"article","og_title":"S\u00e3o Paulo tem primeiro caso de sarampo em 2026 - O PROGRESSO","og_description":"Paciente adquiriu a doen\u00e7a em viagem \u00e0 Bol\u00edvia Ag\u00eancia Brasil Um beb\u00ea de seis meses, uma menina, \u00e9 a primeira pessoa a contrair sarampo em S\u00e3o Paulo, segundo informa a Secretaria de Estado da Sa\u00fade paulista. A bebe, que n\u00e3o foi vacinada, esteve na Bol\u00edvia em janeiro deste ano. O caso foi registrado em fevereiro [&hellip;]","og_url":"https:\/\/progresso.com.br\/index.php\/2026\/03\/11\/sao-paulo-tem-primeiro-caso-de-sarampo-em-2026\/","og_site_name":"O PROGRESSO","article_publisher":"https:\/\/www.facebook.com\/share\/1CeoksKBj6\/","article_published_time":"2026-03-11T14:20:00+00:00","og_image":[{"width":1170,"height":700,"url":"https:\/\/progresso.com.br\/wp-content\/uploads\/2026\/03\/campanha_estadual_do_dia_d_de_vacinacao_contra_o_sarampo_no_rio20200201_0133.webp","type":"image\/webp"}],"author":"Rose","twitter_card":"summary_large_image","twitter_misc":{"Escrito por":"Rose","Est. tempo de leitura":"1 minuto"},"schema":{"@context":"https:\/\/schema.org","@graph":[{"@type":"Article","@id":"https:\/\/progresso.com.br\/index.php\/2026\/03\/11\/sao-paulo-tem-primeiro-caso-de-sarampo-em-2026\/#article","isPartOf":{"@id":"https:\/\/progresso.com.br\/index.php\/2026\/03\/11\/sao-paulo-tem-primeiro-caso-de-sarampo-em-2026\/"},"author":{"name":"Rose","@id":"https:\/\/progresso.com.br\/#\/schema\/person\/5dd27138d4463fbbaace62120bfc002b"},"headline":"S\u00e3o Paulo tem primeiro caso de sarampo em 2026","datePublished":"2026-03-11T14:20:00+00:00","mainEntityOfPage":{"@id":"https:\/\/progresso.com.br\/index.php\/2026\/03\/11\/sao-paulo-tem-primeiro-caso-de-sarampo-em-2026\/"},"wordCount":208,"commentCount":0,"publisher":{"@id":"https:\/\/progresso.com.br\/#organization"},"image":{"@id":"https:\/\/progresso.com.br\/index.php\/2026\/03\/11\/sao-paulo-tem-primeiro-caso-de-sarampo-em-2026\/#primaryimage"},"thumbnailUrl":"https:\/\/progresso.com.br\/wp-content\/uploads\/2026\/03\/campanha_estadual_do_dia_d_de_vacinacao_contra_o_sarampo_no_rio20200201_0133.webp","articleSection":["Em destaque","Sociedade"],"inLanguage":"pt-BR","potentialAction":[{"@type":"CommentAction","name":"Comment","target":["https:\/\/progresso.com.br\/index.php\/2026\/03\/11\/sao-paulo-tem-primeiro-caso-de-sarampo-em-2026\/#respond"]}]},{"@type":"WebPage","@id":"https:\/\/progresso.com.br\/index.php\/2026\/03\/11\/sao-paulo-tem-primeiro-caso-de-sarampo-em-2026\/","url":"https:\/\/progresso.com.br\/index.php\/2026\/03\/11\/sao-paulo-tem-primeiro-caso-de-sarampo-em-2026\/","name":"S\u00e3o Paulo tem primeiro caso de sarampo em 2026 - O PROGRESSO","isPartOf":{"@id":"https:\/\/progresso.com.br\/#website"},"primaryImageOfPage":{"@id":"https:\/\/progresso.com.br\/index.php\/2026\/03\/11\/sao-paulo-tem-primeiro-caso-de-sarampo-em-2026\/#primaryimage"},"image":{"@id":"https:\/\/progresso.com.br\/index.php\/2026\/03\/11\/sao-paulo-tem-primeiro-caso-de-sarampo-em-2026\/#primaryimage"},"thumbnailUrl":"https:\/\/progresso.com.br\/wp-content\/uploads\/2026\/03\/campanha_estadual_do_dia_d_de_vacinacao_contra_o_sarampo_no_rio20200201_0133.webp","datePublished":"2026-03-11T14:20:00+00:00","breadcrumb":{"@id":"https:\/\/progresso.com.br\/index.php\/2026\/03\/11\/sao-paulo-tem-primeiro-caso-de-sarampo-em-2026\/#breadcrumb"},"inLanguage":"pt-BR","potentialAction":[{"@type":"ReadAction","target":["https:\/\/progresso.com.br\/index.php\/2026\/03\/11\/sao-paulo-tem-primeiro-caso-de-sarampo-em-2026\/"]}]},{"@type":"ImageObject","inLanguage":"pt-BR","@id":"https:\/\/progresso.com.br\/index.php\/2026\/03\/11\/sao-paulo-tem-primeiro-caso-de-sarampo-em-2026\/#primaryimage","url":"https:\/\/progresso.com.br\/wp-content\/uploads\/2026\/03\/campanha_estadual_do_dia_d_de_vacinacao_contra_o_sarampo_no_rio20200201_0133.webp","contentUrl":"https:\/\/progresso.com.br\/wp-content\/uploads\/2026\/03\/campanha_estadual_do_dia_d_de_vacinacao_contra_o_sarampo_no_rio20200201_0133.webp","width":1170,"height":700,"caption":"(\u00a9 T\u00e2nia R\u00eago\/Ag\u00eancia Brasil\/Arquivo)"},{"@type":"BreadcrumbList","@id":"https:\/\/progresso.com.br\/index.php\/2026\/03\/11\/sao-paulo-tem-primeiro-caso-de-sarampo-em-2026\/#breadcrumb","itemListElement":[{"@type":"ListItem","position":1,"name":"In\u00edcio","item":"https:\/\/progresso.com.br\/"},{"@type":"ListItem","position":2,"name":"S\u00e3o Paulo tem primeiro caso de sarampo em 2026"}]},{"@type":"WebSite","@id":"https:\/\/progresso.com.br\/#website","url":"https:\/\/progresso.com.br\/","name":"O PROGRESSO","description":"","publisher":{"@id":"https:\/\/progresso.com.br\/#organization"},"potentialAction":[{"@type":"SearchAction","target":{"@type":"EntryPoint","urlTemplate":"https:\/\/progresso.com.br\/?s={search_term_string}"},"query-input":{"@type":"PropertyValueSpecification","valueRequired":true,"valueName":"search_term_string"}}],"inLanguage":"pt-BR"},{"@type":"Organization","@id":"https:\/\/progresso.com.br\/#organization","name":"O PROGRESSO","url":"https:\/\/progresso.com.br\/","logo":{"@type":"ImageObject","inLanguage":"pt-BR","@id":"https:\/\/progresso.com.br\/#\/schema\/logo\/image\/","url":"https:\/\/progresso.com.br\/wp-content\/uploads\/2026\/03\/logo_proog.jpg","contentUrl":"https:\/\/progresso.com.br\/wp-content\/uploads\/2026\/03\/logo_proog.jpg","width":1960,"height":1080,"caption":"O PROGRESSO"},"image":{"@id":"https:\/\/progresso.com.br\/#\/schema\/logo\/image\/"},"sameAs":["https:\/\/www.facebook.com\/share\/1CeoksKBj6\/","https:\/\/www.instagram.com\/oprogresso_digital"]},{"@type":"Person","@id":"https:\/\/progresso.com.br\/#\/schema\/person\/5dd27138d4463fbbaace62120bfc002b","name":"Rose","image":{"@type":"ImageObject","inLanguage":"pt-BR","@id":"https:\/\/progresso.com.br\/#\/schema\/person\/image\/","url":"https:\/\/secure.gravatar.com\/avatar\/1b6890e759cdd3a88d9f751cb423720b9861c5239167cd3586355638b6556599?s=96&d=mm&r=g","contentUrl":"https:\/\/secure.gravatar.com\/avatar\/1b6890e759cdd3a88d9f751cb423720b9861c5239167cd3586355638b6556599?s=96&d=mm&r=g","caption":"Rose"},"url":"https:\/\/progresso.com.br\/index.php\/author\/rose\/"}]}},"_links":{"self":[{"href":"https:\/\/progresso.com.br\/index.php\/wp-json\/wp\/v2\/posts\/618","targetHints":{"allow":["GET"]}}],"collection":[{"href":"https:\/\/progresso.com.br\/index.php\/wp-json\/wp\/v2\/posts"}],"about":[{"href":"https:\/\/progresso.com.br\/index.php\/wp-json\/wp\/v2\/types\/post"}],"author":[{"embeddable":true,"href":"https:\/\/progresso.com.br\/index.php\/wp-json\/wp\/v2\/users\/2"}],"replies":[{"embeddable":true,"href":"https:\/\/progresso.com.br\/index.php\/wp-json\/wp\/v2\/comments?post=618"}],"version-history":[{"count":1,"href":"https:\/\/progresso.com.br\/index.php\/wp-json\/wp\/v2\/posts\/618\/revisions"}],"predecessor-version":[{"id":620,"href":"https:\/\/progresso.com.br\/index.php\/wp-json\/wp\/v2\/posts\/618\/revisions\/620"}],"wp:featuredmedia":[{"embeddable":true,"href":"https:\/\/progresso.com.br\/index.php\/wp-json\/wp\/v2\/media\/619"}],"wp:attachment":[{"href":"https:\/\/progresso.com.br\/index.php\/wp-json\/wp\/v2\/media?parent=618"}],"wp:term":[{"taxonomy":"category","embeddable":true,"href":"https:\/\/progresso.com.br\/index.php\/wp-json\/wp\/v2\/categories?post=618"},{"taxonomy":"post_tag","embeddable":true,"href":"https:\/\/progresso.com.br\/index.php\/wp-json\/wp\/v2\/tags?post=618"}],"curies":[{"name":"wp","href":"https:\/\/api.w.org\/{rel}","templated":true}]}}