{"id":621,"date":"2026-03-11T10:20:00","date_gmt":"2026-03-11T14:20:00","guid":{"rendered":"https:\/\/10nl.com.br\/?p=621"},"modified":"2026-03-11T09:29:30","modified_gmt":"2026-03-11T13:29:30","slug":"guerra-no-oriente-medio-governo-vai-monitorar-mercado-de-combustiveis","status":"publish","type":"post","link":"https:\/\/progresso.com.br\/index.php\/2026\/03\/11\/guerra-no-oriente-medio-governo-vai-monitorar-mercado-de-combustiveis\/","title":{"rendered":"Guerra no Oriente M\u00e9dio: governo vai monitorar mercado de combust\u00edveis"},"content":{"rendered":"\n<p><strong><em>Estados reclamam de alta injustificada nos pre\u00e7os das distribuidoras<\/em><\/strong><\/p>\n\n\n\n<p><em>Ag\u00eancia Brasil<\/em><\/p>\n\n\n\n<p><strong>O Minist\u00e9rio de Minas e Energia (MME) criou uma Sala de Monitoramento do Abastecimento, que vai acompanhar, diariamente, as condi\u00e7\u00f5es do mercado nacional e internacional de combust\u00edveis&nbsp;<\/strong>em articula\u00e7\u00e3o com \u00f3rg\u00e3os reguladores e com os principais agentes do setor nos elos de fornecimento prim\u00e1rio e distribui\u00e7\u00e3o.<img decoding=\"async\" src=\"https:\/\/agenciabrasil.ebc.com.br\/ebc.png?id=1681488&amp;o=node\"><img decoding=\"async\" src=\"https:\/\/agenciabrasil.ebc.com.br\/ebc.gif?id=1681488&amp;o=node\"><\/p>\n\n\n\n<p>Segundo o governo, a&nbsp;<strong>iniciativa intensifica o monitoramento das cadeias de suprimento globais de derivados de petr\u00f3leo, da log\u00edstica nacional do abastecimento de combust\u00edveis e dos pre\u00e7os dos principais produtos, em raz\u00e3o do Conflito no Oriente M\u00e9dio \u2013&nbsp;maior regi\u00e3o exportadora de petr\u00f3leo do mundo, com cerca de 60% das reservas globais.<\/strong><\/p>\n\n\n\n<blockquote class=\"wp-block-quote is-layout-flow wp-block-quote-is-layout-flow\">\n<p>\u201cA pasta tamb\u00e9m ampliou, nos \u00faltimos dias, as interlocu\u00e7\u00f5es junto \u00e0 Ag\u00eancia Nacional do Petr\u00f3leo, G\u00e1s Natural e Biocombust\u00edveis (ANP) e a agentes de pre\u00e7os e de mercado que atuam na produ\u00e7\u00e3o, na importa\u00e7\u00e3o e na distribui\u00e7\u00e3o de combust\u00edveis no pa\u00eds\u201d, diz nota do minist\u00e9rio.<\/p>\n<\/blockquote>\n\n\n\n<p><strong>O objetivo \u00e9 identificar rapidamente eventuais riscos ao abastecimento e coordenar as medidas necess\u00e1rias para preservar a seguran\u00e7a energ\u00e9tica<\/strong>&nbsp;e a normalidade do fornecimento de combust\u00edveis no pa\u00eds, em linha com medidas j\u00e1 adotadas pelo MME em situa\u00e7\u00f5es geopol\u00edticas semelhantes.<\/p>\n\n\n\n<p>At\u00e9 o momento, apesar do cen\u00e1rio de instabilidade, a exposi\u00e7\u00e3o direta do Brasil ao conflito \u00e9 considerada limitada. O pa\u00eds \u00e9 exportador de petr\u00f3leo bruto e importa parte dos derivados consumidos internamente, sobretudo diesel, mas a participa\u00e7\u00e3o de pa\u00edses do Golfo P\u00e9rsico como fornecedores de derivados de petr\u00f3leo \u00e9 relativamente pequena.<\/p>\n\n\n\n<h2 class=\"wp-block-heading\">Aumento nas distribuidoras<\/h2>\n\n\n\n<p><strong>A Secretaria Nacional do Consumidor (Senacon), do Minist\u00e9rio da Justi\u00e7a e Seguran\u00e7a P\u00fablica (MJSP), enviou um of\u00edcio ao Conselho Administrativo de Defesa Econ\u00f4mica (Cade)&nbsp;<a href=\"https:\/\/agenciabrasil.ebc.com.br\/economia\/noticia\/2026-03\/governo-pede-ao-cade-para-investigar-aumento-dos-combustiveis\" target=\"_blank\" rel=\"noreferrer noopener\">solicitando a an\u00e1lise de recentes aumentos<\/a>&nbsp;nos pre\u00e7os dos combust\u00edveis&nbsp;<a href=\"https:\/\/agenciabrasil.ebc.com.br\/economia\/noticia\/2026-03\/rs-produtores-rurais-alertam-para-problemas-no-fornecimento-de-diesel\" target=\"_blank\" rel=\"noreferrer noopener\">registrados em quatro estados<\/a>&nbsp;e no Distrito Federal.<\/strong><\/p>\n\n\n\n<p>O pedido foi encaminhado ap\u00f3s declara\u00e7\u00f5es p\u00fablicas de representantes de sindicatos (Sindicombust\u00edveis-DF, Sindicombust\u00edveis Bahia, Sindipostos-RN, Minaspetro-MG e Sulpetro-RS) informarem que&nbsp;<strong>distribuidoras elevaram os pre\u00e7os de venda para os postos sob a justificativa de alta no pre\u00e7o internacional do petr\u00f3leo, associada ao conflito no Oriente M\u00e9dio.&nbsp;<\/strong><\/p>\n\n\n\n<p><strong>At\u00e9 o momento, por\u00e9m, a Petrobras n\u00e3o anunciou aumento nos pre\u00e7os praticados em suas refinarias.<\/strong><\/p>\n\n\n\n<p>\u201cDiante desse cen\u00e1rio, a Senacon solicitou que o Cade avalie a exist\u00eancia de poss\u00edveis ind\u00edcios de pr\u00e1ticas que possam prejudicar a livre concorr\u00eancia no mercado, e que podem indicar tentativa de influ\u00eancia \u00e0 ado\u00e7\u00e3o de conduta comercial uniforme ou combinada entre concorrentes\u201d, completa o MME.<\/p>\n","protected":false},"excerpt":{"rendered":"<p>Estados reclamam de alta injustificada nos pre\u00e7os das distribuidoras Ag\u00eancia Brasil O Minist\u00e9rio de Minas e Energia (MME) criou uma Sala de Monitoramento do Abastecimento, que vai acompanhar, diariamente, as condi\u00e7\u00f5es do mercado nacional e internacional de combust\u00edveis&nbsp;em articula\u00e7\u00e3o com \u00f3rg\u00e3os reguladores e com os principais agentes do setor nos elos de fornecimento prim\u00e1rio e [&hellip;]<\/p>\n","protected":false},"author":2,"featured_media":622,"comment_status":"open","ping_status":"open","sticky":false,"template":"","format":"standard","meta":{"footnotes":""},"categories":[10,2],"tags":[],"class_list":["post-621","post","type-post","status-publish","format-standard","has-post-thumbnail","hentry","category-economia","category-destaque"],"yoast_head":"<!-- This site is optimized with the Yoast SEO plugin v27.1.1 - https:\/\/yoast.com\/product\/yoast-seo-wordpress\/ -->\n<title>Guerra no Oriente M\u00e9dio: governo vai monitorar mercado de combust\u00edveis - O PROGRESSO<\/title>\n<meta name=\"robots\" content=\"index, follow, max-snippet:-1, max-image-preview:large, max-video-preview:-1\" \/>\n<link rel=\"canonical\" href=\"https:\/\/progresso.com.br\/index.php\/2026\/03\/11\/guerra-no-oriente-medio-governo-vai-monitorar-mercado-de-combustiveis\/\" \/>\n<meta property=\"og:locale\" content=\"pt_BR\" \/>\n<meta property=\"og:type\" content=\"article\" \/>\n<meta property=\"og:title\" content=\"Guerra no Oriente M\u00e9dio: governo vai monitorar mercado de combust\u00edveis - O PROGRESSO\" \/>\n<meta property=\"og:description\" content=\"Estados reclamam de alta injustificada nos pre\u00e7os das distribuidoras Ag\u00eancia Brasil O Minist\u00e9rio de Minas e Energia (MME) criou uma Sala de Monitoramento do Abastecimento, que vai acompanhar, diariamente, as condi\u00e7\u00f5es do mercado nacional e internacional de combust\u00edveis&nbsp;em articula\u00e7\u00e3o com \u00f3rg\u00e3os reguladores e com os principais agentes do setor nos elos de fornecimento prim\u00e1rio e [&hellip;]\" \/>\n<meta property=\"og:url\" content=\"https:\/\/progresso.com.br\/index.php\/2026\/03\/11\/guerra-no-oriente-medio-governo-vai-monitorar-mercado-de-combustiveis\/\" \/>\n<meta property=\"og:site_name\" content=\"O PROGRESSO\" \/>\n<meta property=\"article:publisher\" content=\"https:\/\/www.facebook.com\/share\/1CeoksKBj6\/\" \/>\n<meta property=\"article:published_time\" content=\"2026-03-11T14:20:00+00:00\" \/>\n<meta property=\"og:image\" content=\"https:\/\/progresso.com.br\/wp-content\/uploads\/2026\/03\/tanque_de_diesel_r5_na_rpbc_-_foto_wilson_melo_agencia_petrobras.webp\" \/>\n\t<meta property=\"og:image:width\" content=\"1170\" \/>\n\t<meta property=\"og:image:height\" content=\"700\" \/>\n\t<meta property=\"og:image:type\" content=\"image\/webp\" \/>\n<meta name=\"author\" content=\"Rose\" \/>\n<meta name=\"twitter:card\" content=\"summary_large_image\" \/>\n<meta name=\"twitter:label1\" content=\"Escrito por\" \/>\n\t<meta name=\"twitter:data1\" content=\"Rose\" \/>\n\t<meta name=\"twitter:label2\" content=\"Est. tempo de leitura\" \/>\n\t<meta name=\"twitter:data2\" content=\"2 minutos\" \/>\n<script type=\"application\/ld+json\" class=\"yoast-schema-graph\">{\"@context\":\"https:\/\/schema.org\",\"@graph\":[{\"@type\":\"Article\",\"@id\":\"https:\/\/progresso.com.br\/index.php\/2026\/03\/11\/guerra-no-oriente-medio-governo-vai-monitorar-mercado-de-combustiveis\/#article\",\"isPartOf\":{\"@id\":\"https:\/\/progresso.com.br\/index.php\/2026\/03\/11\/guerra-no-oriente-medio-governo-vai-monitorar-mercado-de-combustiveis\/\"},\"author\":{\"name\":\"Rose\",\"@id\":\"https:\/\/progresso.com.br\/#\/schema\/person\/5dd27138d4463fbbaace62120bfc002b\"},\"headline\":\"Guerra no Oriente M\u00e9dio: governo vai monitorar mercado de combust\u00edveis\",\"datePublished\":\"2026-03-11T14:20:00+00:00\",\"mainEntityOfPage\":{\"@id\":\"https:\/\/progresso.com.br\/index.php\/2026\/03\/11\/guerra-no-oriente-medio-governo-vai-monitorar-mercado-de-combustiveis\/\"},\"wordCount\":483,\"commentCount\":0,\"publisher\":{\"@id\":\"https:\/\/progresso.com.br\/#organization\"},\"image\":{\"@id\":\"https:\/\/progresso.com.br\/index.php\/2026\/03\/11\/guerra-no-oriente-medio-governo-vai-monitorar-mercado-de-combustiveis\/#primaryimage\"},\"thumbnailUrl\":\"https:\/\/progresso.com.br\/wp-content\/uploads\/2026\/03\/tanque_de_diesel_r5_na_rpbc_-_foto_wilson_melo_agencia_petrobras.webp\",\"articleSection\":[\"Economia\",\"Em destaque\"],\"inLanguage\":\"pt-BR\",\"potentialAction\":[{\"@type\":\"CommentAction\",\"name\":\"Comment\",\"target\":[\"https:\/\/progresso.com.br\/index.php\/2026\/03\/11\/guerra-no-oriente-medio-governo-vai-monitorar-mercado-de-combustiveis\/#respond\"]}]},{\"@type\":\"WebPage\",\"@id\":\"https:\/\/progresso.com.br\/index.php\/2026\/03\/11\/guerra-no-oriente-medio-governo-vai-monitorar-mercado-de-combustiveis\/\",\"url\":\"https:\/\/progresso.com.br\/index.php\/2026\/03\/11\/guerra-no-oriente-medio-governo-vai-monitorar-mercado-de-combustiveis\/\",\"name\":\"Guerra no Oriente M\u00e9dio: governo vai monitorar mercado de combust\u00edveis - O PROGRESSO\",\"isPartOf\":{\"@id\":\"https:\/\/progresso.com.br\/#website\"},\"primaryImageOfPage\":{\"@id\":\"https:\/\/progresso.com.br\/index.php\/2026\/03\/11\/guerra-no-oriente-medio-governo-vai-monitorar-mercado-de-combustiveis\/#primaryimage\"},\"image\":{\"@id\":\"https:\/\/progresso.com.br\/index.php\/2026\/03\/11\/guerra-no-oriente-medio-governo-vai-monitorar-mercado-de-combustiveis\/#primaryimage\"},\"thumbnailUrl\":\"https:\/\/progresso.com.br\/wp-content\/uploads\/2026\/03\/tanque_de_diesel_r5_na_rpbc_-_foto_wilson_melo_agencia_petrobras.webp\",\"datePublished\":\"2026-03-11T14:20:00+00:00\",\"breadcrumb\":{\"@id\":\"https:\/\/progresso.com.br\/index.php\/2026\/03\/11\/guerra-no-oriente-medio-governo-vai-monitorar-mercado-de-combustiveis\/#breadcrumb\"},\"inLanguage\":\"pt-BR\",\"potentialAction\":[{\"@type\":\"ReadAction\",\"target\":[\"https:\/\/progresso.com.br\/index.php\/2026\/03\/11\/guerra-no-oriente-medio-governo-vai-monitorar-mercado-de-combustiveis\/\"]}]},{\"@type\":\"ImageObject\",\"inLanguage\":\"pt-BR\",\"@id\":\"https:\/\/progresso.com.br\/index.php\/2026\/03\/11\/guerra-no-oriente-medio-governo-vai-monitorar-mercado-de-combustiveis\/#primaryimage\",\"url\":\"https:\/\/progresso.com.br\/wp-content\/uploads\/2026\/03\/tanque_de_diesel_r5_na_rpbc_-_foto_wilson_melo_agencia_petrobras.webp\",\"contentUrl\":\"https:\/\/progresso.com.br\/wp-content\/uploads\/2026\/03\/tanque_de_diesel_r5_na_rpbc_-_foto_wilson_melo_agencia_petrobras.webp\",\"width\":1170,\"height\":700,\"caption\":\"(\u00a9 Petrobras\/Divulga\u00e7\u00e3o\/Arquivo)\"},{\"@type\":\"BreadcrumbList\",\"@id\":\"https:\/\/progresso.com.br\/index.php\/2026\/03\/11\/guerra-no-oriente-medio-governo-vai-monitorar-mercado-de-combustiveis\/#breadcrumb\",\"itemListElement\":[{\"@type\":\"ListItem\",\"position\":1,\"name\":\"In\u00edcio\",\"item\":\"https:\/\/progresso.com.br\/\"},{\"@type\":\"ListItem\",\"position\":2,\"name\":\"Guerra no Oriente M\u00e9dio: governo vai monitorar mercado de combust\u00edveis\"}]},{\"@type\":\"WebSite\",\"@id\":\"https:\/\/progresso.com.br\/#website\",\"url\":\"https:\/\/progresso.com.br\/\",\"name\":\"O PROGRESSO\",\"description\":\"\",\"publisher\":{\"@id\":\"https:\/\/progresso.com.br\/#organization\"},\"potentialAction\":[{\"@type\":\"SearchAction\",\"target\":{\"@type\":\"EntryPoint\",\"urlTemplate\":\"https:\/\/progresso.com.br\/?s={search_term_string}\"},\"query-input\":{\"@type\":\"PropertyValueSpecification\",\"valueRequired\":true,\"valueName\":\"search_term_string\"}}],\"inLanguage\":\"pt-BR\"},{\"@type\":\"Organization\",\"@id\":\"https:\/\/progresso.com.br\/#organization\",\"name\":\"O PROGRESSO\",\"url\":\"https:\/\/progresso.com.br\/\",\"logo\":{\"@type\":\"ImageObject\",\"inLanguage\":\"pt-BR\",\"@id\":\"https:\/\/progresso.com.br\/#\/schema\/logo\/image\/\",\"url\":\"https:\/\/progresso.com.br\/wp-content\/uploads\/2026\/03\/logo_proog.jpg\",\"contentUrl\":\"https:\/\/progresso.com.br\/wp-content\/uploads\/2026\/03\/logo_proog.jpg\",\"width\":1960,\"height\":1080,\"caption\":\"O PROGRESSO\"},\"image\":{\"@id\":\"https:\/\/progresso.com.br\/#\/schema\/logo\/image\/\"},\"sameAs\":[\"https:\/\/www.facebook.com\/share\/1CeoksKBj6\/\",\"https:\/\/www.instagram.com\/oprogresso_digital\"]},{\"@type\":\"Person\",\"@id\":\"https:\/\/progresso.com.br\/#\/schema\/person\/5dd27138d4463fbbaace62120bfc002b\",\"name\":\"Rose\",\"image\":{\"@type\":\"ImageObject\",\"inLanguage\":\"pt-BR\",\"@id\":\"https:\/\/progresso.com.br\/#\/schema\/person\/image\/\",\"url\":\"https:\/\/secure.gravatar.com\/avatar\/1b6890e759cdd3a88d9f751cb423720b9861c5239167cd3586355638b6556599?s=96&d=mm&r=g\",\"contentUrl\":\"https:\/\/secure.gravatar.com\/avatar\/1b6890e759cdd3a88d9f751cb423720b9861c5239167cd3586355638b6556599?s=96&d=mm&r=g\",\"caption\":\"Rose\"},\"url\":\"https:\/\/progresso.com.br\/index.php\/author\/rose\/\"}]}<\/script>\n<!-- \/ Yoast SEO plugin. -->","yoast_head_json":{"title":"Guerra no Oriente M\u00e9dio: governo vai monitorar mercado de combust\u00edveis - O PROGRESSO","robots":{"index":"index","follow":"follow","max-snippet":"max-snippet:-1","max-image-preview":"max-image-preview:large","max-video-preview":"max-video-preview:-1"},"canonical":"https:\/\/progresso.com.br\/index.php\/2026\/03\/11\/guerra-no-oriente-medio-governo-vai-monitorar-mercado-de-combustiveis\/","og_locale":"pt_BR","og_type":"article","og_title":"Guerra no Oriente M\u00e9dio: governo vai monitorar mercado de combust\u00edveis - O PROGRESSO","og_description":"Estados reclamam de alta injustificada nos pre\u00e7os das distribuidoras Ag\u00eancia Brasil O Minist\u00e9rio de Minas e Energia (MME) criou uma Sala de Monitoramento do Abastecimento, que vai acompanhar, diariamente, as condi\u00e7\u00f5es do mercado nacional e internacional de combust\u00edveis&nbsp;em articula\u00e7\u00e3o com \u00f3rg\u00e3os reguladores e com os principais agentes do setor nos elos de fornecimento prim\u00e1rio e [&hellip;]","og_url":"https:\/\/progresso.com.br\/index.php\/2026\/03\/11\/guerra-no-oriente-medio-governo-vai-monitorar-mercado-de-combustiveis\/","og_site_name":"O PROGRESSO","article_publisher":"https:\/\/www.facebook.com\/share\/1CeoksKBj6\/","article_published_time":"2026-03-11T14:20:00+00:00","og_image":[{"width":1170,"height":700,"url":"https:\/\/progresso.com.br\/wp-content\/uploads\/2026\/03\/tanque_de_diesel_r5_na_rpbc_-_foto_wilson_melo_agencia_petrobras.webp","type":"image\/webp"}],"author":"Rose","twitter_card":"summary_large_image","twitter_misc":{"Escrito por":"Rose","Est. tempo de leitura":"2 minutos"},"schema":{"@context":"https:\/\/schema.org","@graph":[{"@type":"Article","@id":"https:\/\/progresso.com.br\/index.php\/2026\/03\/11\/guerra-no-oriente-medio-governo-vai-monitorar-mercado-de-combustiveis\/#article","isPartOf":{"@id":"https:\/\/progresso.com.br\/index.php\/2026\/03\/11\/guerra-no-oriente-medio-governo-vai-monitorar-mercado-de-combustiveis\/"},"author":{"name":"Rose","@id":"https:\/\/progresso.com.br\/#\/schema\/person\/5dd27138d4463fbbaace62120bfc002b"},"headline":"Guerra no Oriente M\u00e9dio: governo vai monitorar mercado de combust\u00edveis","datePublished":"2026-03-11T14:20:00+00:00","mainEntityOfPage":{"@id":"https:\/\/progresso.com.br\/index.php\/2026\/03\/11\/guerra-no-oriente-medio-governo-vai-monitorar-mercado-de-combustiveis\/"},"wordCount":483,"commentCount":0,"publisher":{"@id":"https:\/\/progresso.com.br\/#organization"},"image":{"@id":"https:\/\/progresso.com.br\/index.php\/2026\/03\/11\/guerra-no-oriente-medio-governo-vai-monitorar-mercado-de-combustiveis\/#primaryimage"},"thumbnailUrl":"https:\/\/progresso.com.br\/wp-content\/uploads\/2026\/03\/tanque_de_diesel_r5_na_rpbc_-_foto_wilson_melo_agencia_petrobras.webp","articleSection":["Economia","Em destaque"],"inLanguage":"pt-BR","potentialAction":[{"@type":"CommentAction","name":"Comment","target":["https:\/\/progresso.com.br\/index.php\/2026\/03\/11\/guerra-no-oriente-medio-governo-vai-monitorar-mercado-de-combustiveis\/#respond"]}]},{"@type":"WebPage","@id":"https:\/\/progresso.com.br\/index.php\/2026\/03\/11\/guerra-no-oriente-medio-governo-vai-monitorar-mercado-de-combustiveis\/","url":"https:\/\/progresso.com.br\/index.php\/2026\/03\/11\/guerra-no-oriente-medio-governo-vai-monitorar-mercado-de-combustiveis\/","name":"Guerra no Oriente M\u00e9dio: governo vai monitorar mercado de combust\u00edveis - O PROGRESSO","isPartOf":{"@id":"https:\/\/progresso.com.br\/#website"},"primaryImageOfPage":{"@id":"https:\/\/progresso.com.br\/index.php\/2026\/03\/11\/guerra-no-oriente-medio-governo-vai-monitorar-mercado-de-combustiveis\/#primaryimage"},"image":{"@id":"https:\/\/progresso.com.br\/index.php\/2026\/03\/11\/guerra-no-oriente-medio-governo-vai-monitorar-mercado-de-combustiveis\/#primaryimage"},"thumbnailUrl":"https:\/\/progresso.com.br\/wp-content\/uploads\/2026\/03\/tanque_de_diesel_r5_na_rpbc_-_foto_wilson_melo_agencia_petrobras.webp","datePublished":"2026-03-11T14:20:00+00:00","breadcrumb":{"@id":"https:\/\/progresso.com.br\/index.php\/2026\/03\/11\/guerra-no-oriente-medio-governo-vai-monitorar-mercado-de-combustiveis\/#breadcrumb"},"inLanguage":"pt-BR","potentialAction":[{"@type":"ReadAction","target":["https:\/\/progresso.com.br\/index.php\/2026\/03\/11\/guerra-no-oriente-medio-governo-vai-monitorar-mercado-de-combustiveis\/"]}]},{"@type":"ImageObject","inLanguage":"pt-BR","@id":"https:\/\/progresso.com.br\/index.php\/2026\/03\/11\/guerra-no-oriente-medio-governo-vai-monitorar-mercado-de-combustiveis\/#primaryimage","url":"https:\/\/progresso.com.br\/wp-content\/uploads\/2026\/03\/tanque_de_diesel_r5_na_rpbc_-_foto_wilson_melo_agencia_petrobras.webp","contentUrl":"https:\/\/progresso.com.br\/wp-content\/uploads\/2026\/03\/tanque_de_diesel_r5_na_rpbc_-_foto_wilson_melo_agencia_petrobras.webp","width":1170,"height":700,"caption":"(\u00a9 Petrobras\/Divulga\u00e7\u00e3o\/Arquivo)"},{"@type":"BreadcrumbList","@id":"https:\/\/progresso.com.br\/index.php\/2026\/03\/11\/guerra-no-oriente-medio-governo-vai-monitorar-mercado-de-combustiveis\/#breadcrumb","itemListElement":[{"@type":"ListItem","position":1,"name":"In\u00edcio","item":"https:\/\/progresso.com.br\/"},{"@type":"ListItem","position":2,"name":"Guerra no Oriente M\u00e9dio: governo vai monitorar mercado de combust\u00edveis"}]},{"@type":"WebSite","@id":"https:\/\/progresso.com.br\/#website","url":"https:\/\/progresso.com.br\/","name":"O PROGRESSO","description":"","publisher":{"@id":"https:\/\/progresso.com.br\/#organization"},"potentialAction":[{"@type":"SearchAction","target":{"@type":"EntryPoint","urlTemplate":"https:\/\/progresso.com.br\/?s={search_term_string}"},"query-input":{"@type":"PropertyValueSpecification","valueRequired":true,"valueName":"search_term_string"}}],"inLanguage":"pt-BR"},{"@type":"Organization","@id":"https:\/\/progresso.com.br\/#organization","name":"O PROGRESSO","url":"https:\/\/progresso.com.br\/","logo":{"@type":"ImageObject","inLanguage":"pt-BR","@id":"https:\/\/progresso.com.br\/#\/schema\/logo\/image\/","url":"https:\/\/progresso.com.br\/wp-content\/uploads\/2026\/03\/logo_proog.jpg","contentUrl":"https:\/\/progresso.com.br\/wp-content\/uploads\/2026\/03\/logo_proog.jpg","width":1960,"height":1080,"caption":"O PROGRESSO"},"image":{"@id":"https:\/\/progresso.com.br\/#\/schema\/logo\/image\/"},"sameAs":["https:\/\/www.facebook.com\/share\/1CeoksKBj6\/","https:\/\/www.instagram.com\/oprogresso_digital"]},{"@type":"Person","@id":"https:\/\/progresso.com.br\/#\/schema\/person\/5dd27138d4463fbbaace62120bfc002b","name":"Rose","image":{"@type":"ImageObject","inLanguage":"pt-BR","@id":"https:\/\/progresso.com.br\/#\/schema\/person\/image\/","url":"https:\/\/secure.gravatar.com\/avatar\/1b6890e759cdd3a88d9f751cb423720b9861c5239167cd3586355638b6556599?s=96&d=mm&r=g","contentUrl":"https:\/\/secure.gravatar.com\/avatar\/1b6890e759cdd3a88d9f751cb423720b9861c5239167cd3586355638b6556599?s=96&d=mm&r=g","caption":"Rose"},"url":"https:\/\/progresso.com.br\/index.php\/author\/rose\/"}]}},"_links":{"self":[{"href":"https:\/\/progresso.com.br\/index.php\/wp-json\/wp\/v2\/posts\/621","targetHints":{"allow":["GET"]}}],"collection":[{"href":"https:\/\/progresso.com.br\/index.php\/wp-json\/wp\/v2\/posts"}],"about":[{"href":"https:\/\/progresso.com.br\/index.php\/wp-json\/wp\/v2\/types\/post"}],"author":[{"embeddable":true,"href":"https:\/\/progresso.com.br\/index.php\/wp-json\/wp\/v2\/users\/2"}],"replies":[{"embeddable":true,"href":"https:\/\/progresso.com.br\/index.php\/wp-json\/wp\/v2\/comments?post=621"}],"version-history":[{"count":1,"href":"https:\/\/progresso.com.br\/index.php\/wp-json\/wp\/v2\/posts\/621\/revisions"}],"predecessor-version":[{"id":623,"href":"https:\/\/progresso.com.br\/index.php\/wp-json\/wp\/v2\/posts\/621\/revisions\/623"}],"wp:featuredmedia":[{"embeddable":true,"href":"https:\/\/progresso.com.br\/index.php\/wp-json\/wp\/v2\/media\/622"}],"wp:attachment":[{"href":"https:\/\/progresso.com.br\/index.php\/wp-json\/wp\/v2\/media?parent=621"}],"wp:term":[{"taxonomy":"category","embeddable":true,"href":"https:\/\/progresso.com.br\/index.php\/wp-json\/wp\/v2\/categories?post=621"},{"taxonomy":"post_tag","embeddable":true,"href":"https:\/\/progresso.com.br\/index.php\/wp-json\/wp\/v2\/tags?post=621"}],"curies":[{"name":"wp","href":"https:\/\/api.w.org\/{rel}","templated":true}]}}