{"id":643,"date":"2026-03-11T13:52:31","date_gmt":"2026-03-11T17:52:31","guid":{"rendered":"https:\/\/10nl.com.br\/?p=643"},"modified":"2026-03-11T13:52:31","modified_gmt":"2026-03-11T17:52:31","slug":"bolsa-atleta-entra-no-ultimo-dia-de-inscricoes","status":"publish","type":"post","link":"https:\/\/progresso.com.br\/index.php\/2026\/03\/11\/bolsa-atleta-entra-no-ultimo-dia-de-inscricoes\/","title":{"rendered":"Bolsa Atleta entra no \u00faltimo dia de inscri\u00e7\u00f5es"},"content":{"rendered":"\n<p>Comunica\u00e7\u00e3o Setesc<\/p>\n\n\n\n<p>Esta quarta-feira (11) marca o \u00faltimo dia para as inscri\u00e7\u00f5es no programa Bolsa Atleta, iniciativa do Governo do Estado de Mato Grosso do Sul, executada pela Fundesporte (Funda\u00e7\u00e3o de Desporto e Lazer), que oferece apoio financeiro a esportistas sul-mato-grossenses de diferentes n\u00edveis e modalidades.<\/p>\n\n\n\n<p>J\u00e1 a partir desta quinta-feira (12), ser\u00e1 a vez dos profissionais que atuam na forma\u00e7\u00e3o esportiva participarem do processo seletivo, com a abertura das inscri\u00e7\u00f5es para o programa Bolsa T\u00e9cnico.<\/p>\n\n\n\n<p>A iniciativa, pioneira no estado, contempla duas modalidades de benef\u00edcio: T\u00e9cnico I e T\u00e9cnico II, com o objetivo de apoiar treinadores que contribuem diretamente para o desenvolvimento e o alto rendimento de atletas de Mato Grosso do Sul.<\/p>\n\n\n\n<p>Somados, os programas Bolsa Atleta e Bolsa T\u00e9cnico oferecem 13 categorias de benef\u00edcio para atletas e duas para t\u00e9cnicos, todas com dura\u00e7\u00e3o de 12 meses, garantindo melhores condi\u00e7\u00f5es de prepara\u00e7\u00e3o e participa\u00e7\u00e3o em competi\u00e7\u00f5es, al\u00e9m de fortalecer o esporte sul-mato-grossense.<\/p>\n\n\n\n<p>Para concorrer \u00e0 Bolsa T\u00e9cnico I, o candidato deve ter no m\u00ednimo 18 anos, registro ativo no Conselho Regional de Educa\u00e7\u00e3o F\u00edsica (CREF), comprovar filia\u00e7\u00e3o como t\u00e9cnico representante de Mato Grosso do Sul, possuir pelo menos tr\u00eas anos de atua\u00e7\u00e3o profissional e estar vinculado a uma Secretaria Municipal de Esporte ou Educa\u00e7\u00e3o. O valor mensal do benef\u00edcio \u00e9 de R$ 1.046,20.<\/p>\n\n\n\n<p>J\u00e1 a Bolsa T\u00e9cnico II oferece R$ 1.569,30 mensais, podendo chegar a R$ 3.138,60 para t\u00e9cnicos de atletas que participaram dos Jogos ol\u00edmpicos, paral\u00edmpicos e surdol\u00edmpicos. Entre os requisitos est\u00e3o idade m\u00ednima de 18 anos, registro ativo no CREF, comprova\u00e7\u00e3o de filia\u00e7\u00e3o como t\u00e9cnico representante do estado, experi\u00eancia profissional m\u00ednima de tr\u00eas anos e participa\u00e7\u00e3o em competi\u00e7\u00f5es nacionais ou internacionais.<\/p>\n\n\n\n<p>As inscri\u00e7\u00f5es para o Bolsa T\u00e9cnico devem ser realizadas exclusivamente pelo site oficial do programa:&nbsp;<a href=\"https:\/\/www.bolsa.fundesporte.ms.gov.br\/\">https:\/\/www.bolsa.fundesporte.ms.gov.br\/<\/a><\/p>\n\n\n\n<p>O prazo para participa\u00e7\u00e3o vai de 12 a 23 de mar\u00e7o, e o processo seletivo tamb\u00e9m prev\u00ea uma etapa de entrevistas com os candidatos inscritos.<\/p>\n\n\n\n<p>A avalia\u00e7\u00e3o dos t\u00e9cnicos ser\u00e1 baseada na pontua\u00e7\u00e3o obtida por seus atletas em competi\u00e7\u00f5es. Todas as orienta\u00e7\u00f5es podem ser consultadas no manual do Bolsa Atleta e Bolsa T\u00e9cnico, (<a href=\"https:\/\/www.fundesporte.ms.gov.br\/wp-content\/uploads\/2025\/03\/Manual_bolsa_atleta_e_tA9cnico_atualizado.pdf\">clique para acessar<\/a>).<\/p>\n\n\n\n<p>Acesse o edital do processo seletivo dos programas Bolsa Atleta e Bolsa T\u00e9cnico 2026,&nbsp;<a href=\"https:\/\/www.fundesporte.ms.gov.br\/wp-content\/uploads\/2026\/01\/EDITAL-no-0012026-%E2%80%93-Selecao-de-atletas-e-tecnicos-a-serem-beneficiados-pelo-Programa-Bolsa-Atleta-e-Bolsa-Tecnico-1.pdf\">(clique para acessar).<\/a><\/p>\n","protected":false},"excerpt":{"rendered":"<p>Comunica\u00e7\u00e3o Setesc Esta quarta-feira (11) marca o \u00faltimo dia para as inscri\u00e7\u00f5es no programa Bolsa Atleta, iniciativa do Governo do Estado de Mato Grosso do Sul, executada pela Fundesporte (Funda\u00e7\u00e3o de Desporto e Lazer), que oferece apoio financeiro a esportistas sul-mato-grossenses de diferentes n\u00edveis e modalidades. J\u00e1 a partir desta quinta-feira (12), ser\u00e1 a vez [&hellip;]<\/p>\n","protected":false},"author":2,"featured_media":644,"comment_status":"open","ping_status":"open","sticky":false,"template":"","format":"standard","meta":{"footnotes":""},"categories":[2,17],"tags":[],"class_list":["post-643","post","type-post","status-publish","format-standard","has-post-thumbnail","hentry","category-destaque","category-esporte"],"yoast_head":"<!-- This site is optimized with the Yoast SEO plugin v27.1.1 - https:\/\/yoast.com\/product\/yoast-seo-wordpress\/ -->\n<title>Bolsa Atleta entra no \u00faltimo dia de inscri\u00e7\u00f5es - O PROGRESSO<\/title>\n<meta name=\"robots\" content=\"index, follow, max-snippet:-1, max-image-preview:large, max-video-preview:-1\" \/>\n<link rel=\"canonical\" href=\"https:\/\/progresso.com.br\/index.php\/2026\/03\/11\/bolsa-atleta-entra-no-ultimo-dia-de-inscricoes\/\" \/>\n<meta property=\"og:locale\" content=\"pt_BR\" \/>\n<meta property=\"og:type\" content=\"article\" \/>\n<meta property=\"og:title\" content=\"Bolsa Atleta entra no \u00faltimo dia de inscri\u00e7\u00f5es - O PROGRESSO\" \/>\n<meta property=\"og:description\" content=\"Comunica\u00e7\u00e3o Setesc Esta quarta-feira (11) marca o \u00faltimo dia para as inscri\u00e7\u00f5es no programa Bolsa Atleta, iniciativa do Governo do Estado de Mato Grosso do Sul, executada pela Fundesporte (Funda\u00e7\u00e3o de Desporto e Lazer), que oferece apoio financeiro a esportistas sul-mato-grossenses de diferentes n\u00edveis e modalidades. J\u00e1 a partir desta quinta-feira (12), ser\u00e1 a vez [&hellip;]\" \/>\n<meta property=\"og:url\" content=\"https:\/\/progresso.com.br\/index.php\/2026\/03\/11\/bolsa-atleta-entra-no-ultimo-dia-de-inscricoes\/\" \/>\n<meta property=\"og:site_name\" content=\"O PROGRESSO\" \/>\n<meta property=\"article:publisher\" content=\"https:\/\/www.facebook.com\/share\/1CeoksKBj6\/\" \/>\n<meta property=\"article:published_time\" content=\"2026-03-11T17:52:31+00:00\" \/>\n<meta property=\"og:image\" content=\"https:\/\/progresso.com.br\/wp-content\/uploads\/2026\/03\/capa-bolsa-tecnico-730x480-1.jpeg\" \/>\n\t<meta property=\"og:image:width\" content=\"730\" \/>\n\t<meta property=\"og:image:height\" content=\"480\" \/>\n\t<meta property=\"og:image:type\" content=\"image\/jpeg\" \/>\n<meta name=\"author\" content=\"Rose\" \/>\n<meta name=\"twitter:card\" content=\"summary_large_image\" \/>\n<meta name=\"twitter:label1\" content=\"Escrito por\" \/>\n\t<meta name=\"twitter:data1\" content=\"Rose\" \/>\n\t<meta name=\"twitter:label2\" content=\"Est. tempo de leitura\" \/>\n\t<meta name=\"twitter:data2\" content=\"2 minutos\" \/>\n<script type=\"application\/ld+json\" class=\"yoast-schema-graph\">{\"@context\":\"https:\/\/schema.org\",\"@graph\":[{\"@type\":\"Article\",\"@id\":\"https:\/\/progresso.com.br\/index.php\/2026\/03\/11\/bolsa-atleta-entra-no-ultimo-dia-de-inscricoes\/#article\",\"isPartOf\":{\"@id\":\"https:\/\/progresso.com.br\/index.php\/2026\/03\/11\/bolsa-atleta-entra-no-ultimo-dia-de-inscricoes\/\"},\"author\":{\"name\":\"Rose\",\"@id\":\"https:\/\/progresso.com.br\/#\/schema\/person\/5dd27138d4463fbbaace62120bfc002b\"},\"headline\":\"Bolsa Atleta entra no \u00faltimo dia de inscri\u00e7\u00f5es\",\"datePublished\":\"2026-03-11T17:52:31+00:00\",\"mainEntityOfPage\":{\"@id\":\"https:\/\/progresso.com.br\/index.php\/2026\/03\/11\/bolsa-atleta-entra-no-ultimo-dia-de-inscricoes\/\"},\"wordCount\":423,\"commentCount\":0,\"publisher\":{\"@id\":\"https:\/\/progresso.com.br\/#organization\"},\"image\":{\"@id\":\"https:\/\/progresso.com.br\/index.php\/2026\/03\/11\/bolsa-atleta-entra-no-ultimo-dia-de-inscricoes\/#primaryimage\"},\"thumbnailUrl\":\"https:\/\/progresso.com.br\/wp-content\/uploads\/2026\/03\/capa-bolsa-tecnico-730x480-1.jpeg\",\"articleSection\":[\"Em destaque\",\"Esporte\"],\"inLanguage\":\"pt-BR\",\"potentialAction\":[{\"@type\":\"CommentAction\",\"name\":\"Comment\",\"target\":[\"https:\/\/progresso.com.br\/index.php\/2026\/03\/11\/bolsa-atleta-entra-no-ultimo-dia-de-inscricoes\/#respond\"]}]},{\"@type\":\"WebPage\",\"@id\":\"https:\/\/progresso.com.br\/index.php\/2026\/03\/11\/bolsa-atleta-entra-no-ultimo-dia-de-inscricoes\/\",\"url\":\"https:\/\/progresso.com.br\/index.php\/2026\/03\/11\/bolsa-atleta-entra-no-ultimo-dia-de-inscricoes\/\",\"name\":\"Bolsa Atleta entra no \u00faltimo dia de inscri\u00e7\u00f5es - O PROGRESSO\",\"isPartOf\":{\"@id\":\"https:\/\/progresso.com.br\/#website\"},\"primaryImageOfPage\":{\"@id\":\"https:\/\/progresso.com.br\/index.php\/2026\/03\/11\/bolsa-atleta-entra-no-ultimo-dia-de-inscricoes\/#primaryimage\"},\"image\":{\"@id\":\"https:\/\/progresso.com.br\/index.php\/2026\/03\/11\/bolsa-atleta-entra-no-ultimo-dia-de-inscricoes\/#primaryimage\"},\"thumbnailUrl\":\"https:\/\/progresso.com.br\/wp-content\/uploads\/2026\/03\/capa-bolsa-tecnico-730x480-1.jpeg\",\"datePublished\":\"2026-03-11T17:52:31+00:00\",\"breadcrumb\":{\"@id\":\"https:\/\/progresso.com.br\/index.php\/2026\/03\/11\/bolsa-atleta-entra-no-ultimo-dia-de-inscricoes\/#breadcrumb\"},\"inLanguage\":\"pt-BR\",\"potentialAction\":[{\"@type\":\"ReadAction\",\"target\":[\"https:\/\/progresso.com.br\/index.php\/2026\/03\/11\/bolsa-atleta-entra-no-ultimo-dia-de-inscricoes\/\"]}]},{\"@type\":\"ImageObject\",\"inLanguage\":\"pt-BR\",\"@id\":\"https:\/\/progresso.com.br\/index.php\/2026\/03\/11\/bolsa-atleta-entra-no-ultimo-dia-de-inscricoes\/#primaryimage\",\"url\":\"https:\/\/progresso.com.br\/wp-content\/uploads\/2026\/03\/capa-bolsa-tecnico-730x480-1.jpeg\",\"contentUrl\":\"https:\/\/progresso.com.br\/wp-content\/uploads\/2026\/03\/capa-bolsa-tecnico-730x480-1.jpeg\",\"width\":730,\"height\":480,\"caption\":\"( Coolab\/ Registros Esportivos)\"},{\"@type\":\"BreadcrumbList\",\"@id\":\"https:\/\/progresso.com.br\/index.php\/2026\/03\/11\/bolsa-atleta-entra-no-ultimo-dia-de-inscricoes\/#breadcrumb\",\"itemListElement\":[{\"@type\":\"ListItem\",\"position\":1,\"name\":\"In\u00edcio\",\"item\":\"https:\/\/progresso.com.br\/\"},{\"@type\":\"ListItem\",\"position\":2,\"name\":\"Bolsa Atleta entra no \u00faltimo dia de inscri\u00e7\u00f5es\"}]},{\"@type\":\"WebSite\",\"@id\":\"https:\/\/progresso.com.br\/#website\",\"url\":\"https:\/\/progresso.com.br\/\",\"name\":\"O PROGRESSO\",\"description\":\"\",\"publisher\":{\"@id\":\"https:\/\/progresso.com.br\/#organization\"},\"potentialAction\":[{\"@type\":\"SearchAction\",\"target\":{\"@type\":\"EntryPoint\",\"urlTemplate\":\"https:\/\/progresso.com.br\/?s={search_term_string}\"},\"query-input\":{\"@type\":\"PropertyValueSpecification\",\"valueRequired\":true,\"valueName\":\"search_term_string\"}}],\"inLanguage\":\"pt-BR\"},{\"@type\":\"Organization\",\"@id\":\"https:\/\/progresso.com.br\/#organization\",\"name\":\"O PROGRESSO\",\"url\":\"https:\/\/progresso.com.br\/\",\"logo\":{\"@type\":\"ImageObject\",\"inLanguage\":\"pt-BR\",\"@id\":\"https:\/\/progresso.com.br\/#\/schema\/logo\/image\/\",\"url\":\"https:\/\/progresso.com.br\/wp-content\/uploads\/2026\/03\/logo_proog.jpg\",\"contentUrl\":\"https:\/\/progresso.com.br\/wp-content\/uploads\/2026\/03\/logo_proog.jpg\",\"width\":1960,\"height\":1080,\"caption\":\"O PROGRESSO\"},\"image\":{\"@id\":\"https:\/\/progresso.com.br\/#\/schema\/logo\/image\/\"},\"sameAs\":[\"https:\/\/www.facebook.com\/share\/1CeoksKBj6\/\",\"https:\/\/www.instagram.com\/oprogresso_digital\"]},{\"@type\":\"Person\",\"@id\":\"https:\/\/progresso.com.br\/#\/schema\/person\/5dd27138d4463fbbaace62120bfc002b\",\"name\":\"Rose\",\"image\":{\"@type\":\"ImageObject\",\"inLanguage\":\"pt-BR\",\"@id\":\"https:\/\/progresso.com.br\/#\/schema\/person\/image\/\",\"url\":\"https:\/\/secure.gravatar.com\/avatar\/1b6890e759cdd3a88d9f751cb423720b9861c5239167cd3586355638b6556599?s=96&d=mm&r=g\",\"contentUrl\":\"https:\/\/secure.gravatar.com\/avatar\/1b6890e759cdd3a88d9f751cb423720b9861c5239167cd3586355638b6556599?s=96&d=mm&r=g\",\"caption\":\"Rose\"},\"url\":\"https:\/\/progresso.com.br\/index.php\/author\/rose\/\"}]}<\/script>\n<!-- \/ Yoast SEO plugin. -->","yoast_head_json":{"title":"Bolsa Atleta entra no \u00faltimo dia de inscri\u00e7\u00f5es - O PROGRESSO","robots":{"index":"index","follow":"follow","max-snippet":"max-snippet:-1","max-image-preview":"max-image-preview:large","max-video-preview":"max-video-preview:-1"},"canonical":"https:\/\/progresso.com.br\/index.php\/2026\/03\/11\/bolsa-atleta-entra-no-ultimo-dia-de-inscricoes\/","og_locale":"pt_BR","og_type":"article","og_title":"Bolsa Atleta entra no \u00faltimo dia de inscri\u00e7\u00f5es - O PROGRESSO","og_description":"Comunica\u00e7\u00e3o Setesc Esta quarta-feira (11) marca o \u00faltimo dia para as inscri\u00e7\u00f5es no programa Bolsa Atleta, iniciativa do Governo do Estado de Mato Grosso do Sul, executada pela Fundesporte (Funda\u00e7\u00e3o de Desporto e Lazer), que oferece apoio financeiro a esportistas sul-mato-grossenses de diferentes n\u00edveis e modalidades. J\u00e1 a partir desta quinta-feira (12), ser\u00e1 a vez [&hellip;]","og_url":"https:\/\/progresso.com.br\/index.php\/2026\/03\/11\/bolsa-atleta-entra-no-ultimo-dia-de-inscricoes\/","og_site_name":"O PROGRESSO","article_publisher":"https:\/\/www.facebook.com\/share\/1CeoksKBj6\/","article_published_time":"2026-03-11T17:52:31+00:00","og_image":[{"width":730,"height":480,"url":"https:\/\/progresso.com.br\/wp-content\/uploads\/2026\/03\/capa-bolsa-tecnico-730x480-1.jpeg","type":"image\/jpeg"}],"author":"Rose","twitter_card":"summary_large_image","twitter_misc":{"Escrito por":"Rose","Est. tempo de leitura":"2 minutos"},"schema":{"@context":"https:\/\/schema.org","@graph":[{"@type":"Article","@id":"https:\/\/progresso.com.br\/index.php\/2026\/03\/11\/bolsa-atleta-entra-no-ultimo-dia-de-inscricoes\/#article","isPartOf":{"@id":"https:\/\/progresso.com.br\/index.php\/2026\/03\/11\/bolsa-atleta-entra-no-ultimo-dia-de-inscricoes\/"},"author":{"name":"Rose","@id":"https:\/\/progresso.com.br\/#\/schema\/person\/5dd27138d4463fbbaace62120bfc002b"},"headline":"Bolsa Atleta entra no \u00faltimo dia de inscri\u00e7\u00f5es","datePublished":"2026-03-11T17:52:31+00:00","mainEntityOfPage":{"@id":"https:\/\/progresso.com.br\/index.php\/2026\/03\/11\/bolsa-atleta-entra-no-ultimo-dia-de-inscricoes\/"},"wordCount":423,"commentCount":0,"publisher":{"@id":"https:\/\/progresso.com.br\/#organization"},"image":{"@id":"https:\/\/progresso.com.br\/index.php\/2026\/03\/11\/bolsa-atleta-entra-no-ultimo-dia-de-inscricoes\/#primaryimage"},"thumbnailUrl":"https:\/\/progresso.com.br\/wp-content\/uploads\/2026\/03\/capa-bolsa-tecnico-730x480-1.jpeg","articleSection":["Em destaque","Esporte"],"inLanguage":"pt-BR","potentialAction":[{"@type":"CommentAction","name":"Comment","target":["https:\/\/progresso.com.br\/index.php\/2026\/03\/11\/bolsa-atleta-entra-no-ultimo-dia-de-inscricoes\/#respond"]}]},{"@type":"WebPage","@id":"https:\/\/progresso.com.br\/index.php\/2026\/03\/11\/bolsa-atleta-entra-no-ultimo-dia-de-inscricoes\/","url":"https:\/\/progresso.com.br\/index.php\/2026\/03\/11\/bolsa-atleta-entra-no-ultimo-dia-de-inscricoes\/","name":"Bolsa Atleta entra no \u00faltimo dia de inscri\u00e7\u00f5es - O PROGRESSO","isPartOf":{"@id":"https:\/\/progresso.com.br\/#website"},"primaryImageOfPage":{"@id":"https:\/\/progresso.com.br\/index.php\/2026\/03\/11\/bolsa-atleta-entra-no-ultimo-dia-de-inscricoes\/#primaryimage"},"image":{"@id":"https:\/\/progresso.com.br\/index.php\/2026\/03\/11\/bolsa-atleta-entra-no-ultimo-dia-de-inscricoes\/#primaryimage"},"thumbnailUrl":"https:\/\/progresso.com.br\/wp-content\/uploads\/2026\/03\/capa-bolsa-tecnico-730x480-1.jpeg","datePublished":"2026-03-11T17:52:31+00:00","breadcrumb":{"@id":"https:\/\/progresso.com.br\/index.php\/2026\/03\/11\/bolsa-atleta-entra-no-ultimo-dia-de-inscricoes\/#breadcrumb"},"inLanguage":"pt-BR","potentialAction":[{"@type":"ReadAction","target":["https:\/\/progresso.com.br\/index.php\/2026\/03\/11\/bolsa-atleta-entra-no-ultimo-dia-de-inscricoes\/"]}]},{"@type":"ImageObject","inLanguage":"pt-BR","@id":"https:\/\/progresso.com.br\/index.php\/2026\/03\/11\/bolsa-atleta-entra-no-ultimo-dia-de-inscricoes\/#primaryimage","url":"https:\/\/progresso.com.br\/wp-content\/uploads\/2026\/03\/capa-bolsa-tecnico-730x480-1.jpeg","contentUrl":"https:\/\/progresso.com.br\/wp-content\/uploads\/2026\/03\/capa-bolsa-tecnico-730x480-1.jpeg","width":730,"height":480,"caption":"( Coolab\/ Registros Esportivos)"},{"@type":"BreadcrumbList","@id":"https:\/\/progresso.com.br\/index.php\/2026\/03\/11\/bolsa-atleta-entra-no-ultimo-dia-de-inscricoes\/#breadcrumb","itemListElement":[{"@type":"ListItem","position":1,"name":"In\u00edcio","item":"https:\/\/progresso.com.br\/"},{"@type":"ListItem","position":2,"name":"Bolsa Atleta entra no \u00faltimo dia de inscri\u00e7\u00f5es"}]},{"@type":"WebSite","@id":"https:\/\/progresso.com.br\/#website","url":"https:\/\/progresso.com.br\/","name":"O PROGRESSO","description":"","publisher":{"@id":"https:\/\/progresso.com.br\/#organization"},"potentialAction":[{"@type":"SearchAction","target":{"@type":"EntryPoint","urlTemplate":"https:\/\/progresso.com.br\/?s={search_term_string}"},"query-input":{"@type":"PropertyValueSpecification","valueRequired":true,"valueName":"search_term_string"}}],"inLanguage":"pt-BR"},{"@type":"Organization","@id":"https:\/\/progresso.com.br\/#organization","name":"O PROGRESSO","url":"https:\/\/progresso.com.br\/","logo":{"@type":"ImageObject","inLanguage":"pt-BR","@id":"https:\/\/progresso.com.br\/#\/schema\/logo\/image\/","url":"https:\/\/progresso.com.br\/wp-content\/uploads\/2026\/03\/logo_proog.jpg","contentUrl":"https:\/\/progresso.com.br\/wp-content\/uploads\/2026\/03\/logo_proog.jpg","width":1960,"height":1080,"caption":"O PROGRESSO"},"image":{"@id":"https:\/\/progresso.com.br\/#\/schema\/logo\/image\/"},"sameAs":["https:\/\/www.facebook.com\/share\/1CeoksKBj6\/","https:\/\/www.instagram.com\/oprogresso_digital"]},{"@type":"Person","@id":"https:\/\/progresso.com.br\/#\/schema\/person\/5dd27138d4463fbbaace62120bfc002b","name":"Rose","image":{"@type":"ImageObject","inLanguage":"pt-BR","@id":"https:\/\/progresso.com.br\/#\/schema\/person\/image\/","url":"https:\/\/secure.gravatar.com\/avatar\/1b6890e759cdd3a88d9f751cb423720b9861c5239167cd3586355638b6556599?s=96&d=mm&r=g","contentUrl":"https:\/\/secure.gravatar.com\/avatar\/1b6890e759cdd3a88d9f751cb423720b9861c5239167cd3586355638b6556599?s=96&d=mm&r=g","caption":"Rose"},"url":"https:\/\/progresso.com.br\/index.php\/author\/rose\/"}]}},"_links":{"self":[{"href":"https:\/\/progresso.com.br\/index.php\/wp-json\/wp\/v2\/posts\/643","targetHints":{"allow":["GET"]}}],"collection":[{"href":"https:\/\/progresso.com.br\/index.php\/wp-json\/wp\/v2\/posts"}],"about":[{"href":"https:\/\/progresso.com.br\/index.php\/wp-json\/wp\/v2\/types\/post"}],"author":[{"embeddable":true,"href":"https:\/\/progresso.com.br\/index.php\/wp-json\/wp\/v2\/users\/2"}],"replies":[{"embeddable":true,"href":"https:\/\/progresso.com.br\/index.php\/wp-json\/wp\/v2\/comments?post=643"}],"version-history":[{"count":1,"href":"https:\/\/progresso.com.br\/index.php\/wp-json\/wp\/v2\/posts\/643\/revisions"}],"predecessor-version":[{"id":645,"href":"https:\/\/progresso.com.br\/index.php\/wp-json\/wp\/v2\/posts\/643\/revisions\/645"}],"wp:featuredmedia":[{"embeddable":true,"href":"https:\/\/progresso.com.br\/index.php\/wp-json\/wp\/v2\/media\/644"}],"wp:attachment":[{"href":"https:\/\/progresso.com.br\/index.php\/wp-json\/wp\/v2\/media?parent=643"}],"wp:term":[{"taxonomy":"category","embeddable":true,"href":"https:\/\/progresso.com.br\/index.php\/wp-json\/wp\/v2\/categories?post=643"},{"taxonomy":"post_tag","embeddable":true,"href":"https:\/\/progresso.com.br\/index.php\/wp-json\/wp\/v2\/tags?post=643"}],"curies":[{"name":"wp","href":"https:\/\/api.w.org\/{rel}","templated":true}]}}