{"id":650,"date":"2026-03-11T15:52:07","date_gmt":"2026-03-11T19:52:07","guid":{"rendered":"https:\/\/10nl.com.br\/?p=650"},"modified":"2026-03-11T15:52:07","modified_gmt":"2026-03-11T19:52:07","slug":"moraes-manda-prender-ex-integrantes-da-cupula-da-pmdf","status":"publish","type":"post","link":"https:\/\/progresso.com.br\/index.php\/2026\/03\/11\/moraes-manda-prender-ex-integrantes-da-cupula-da-pmdf\/","title":{"rendered":"Moraes manda prender ex-integrantes da c\u00fapula da PMDF"},"content":{"rendered":"\n<p><strong><em>Grupo foi condenado a 16 anos de pris\u00e3o<\/em><\/strong><\/p>\n\n\n\n<p><em>Andr\u00e9 Richter &#8211;  Ag\u00eancia Brasil<\/em><\/p>\n\n\n\n<p>O ministro Alexandre de Moraes, do Supremo Tribunal Federal (STF), determinou nesta quarta-feira (11) a pris\u00e3o de cinco ex-integrantes da c\u00fapula da Pol\u00edcia Militar do Distrito Federal (PMDF) que foram condenados a&nbsp;<strong>16 anos de pris\u00e3o por omiss\u00e3o na conten\u00e7\u00e3o dos atos golpistas de 8 de janeiro de 2023<\/strong>.<img decoding=\"async\" src=\"https:\/\/agenciabrasil.ebc.com.br\/ebc.png?id=1681554&amp;o=node\"><img decoding=\"async\" src=\"https:\/\/agenciabrasil.ebc.com.br\/ebc.gif?id=1681554&amp;o=node\"><\/p>\n\n\n\n<p>A decis\u00e3o atinge F\u00e1bio Augusto Vieira, ex-comandante-geral, Klepter Rosa Gon\u00e7alves, ex-subcomandante-geral, e os coron\u00e9is Jorge Eduardo Barreto Naime, Paulo Jos\u00e9 Ferreira de Sousa e Marcelo Casimiro Vasconcelos.<\/p>\n\n\n\n<p>Os condenados&nbsp;v\u00e3o ficar presos no&nbsp;<strong>19\u00b0 Batalh\u00e3o da Pol\u00edcia Militar, localizado dentro do Complexo Penitenci\u00e1rio da Papuda, em Bras\u00edlia<\/strong>.<\/p>\n\n\n\n<p>O local \u00e9 conhecido como<strong>&nbsp;Papudinha&nbsp;e \u00e9 destinado a presos especiais, como policiais, advogados e ju\u00edzes<\/strong>.&nbsp;<\/p>\n\n\n\n<p>O ex-presidente Jair Bolsonaro, o ex-ministro da Justi\u00e7a Anderson Torres e o ex-diretor da Pol\u00edcia Rodovi\u00e1ria Federal (PRF) Silvinei Vasques tamb\u00e9m est\u00e3o presos no local.<\/p>\n\n\n\n<p><strong>As pris\u00f5es foram determinadas ap\u00f3s o fim da possibilidade de recursos contra a decis\u00e3o da Primeira Turma, que, em dezembro do ano passado, condenou os oficiais a 16 anos de pris\u00e3o.<\/strong><\/p>\n\n\n\n<p>No m\u00eas passado, o colegiado julgou os \u00faltimos recursos das defesas.&nbsp;<strong>Prevaleceu no julgamento voto do relator, ministro Alexandre de Moraes<\/strong>. Para o ministro, n\u00e3o houve irregularidades na decis\u00e3o colegiada condenou os oficiais O voto foi seguido pelos ministros Cristiano Zanin, C\u00e1rmen L\u00facia e Fl\u00e1vio Dino.&nbsp;<\/p>\n","protected":false},"excerpt":{"rendered":"<p>Grupo foi condenado a 16 anos de pris\u00e3o Andr\u00e9 Richter &#8211; Ag\u00eancia Brasil O ministro Alexandre de Moraes, do Supremo Tribunal Federal (STF), determinou nesta quarta-feira (11) a pris\u00e3o de cinco ex-integrantes da c\u00fapula da Pol\u00edcia Militar do Distrito Federal (PMDF) que foram condenados a&nbsp;16 anos de pris\u00e3o por omiss\u00e3o na conten\u00e7\u00e3o dos atos golpistas [&hellip;]<\/p>\n","protected":false},"author":2,"featured_media":651,"comment_status":"open","ping_status":"open","sticky":false,"template":"","format":"standard","meta":{"footnotes":""},"categories":[2,9],"tags":[],"class_list":["post-650","post","type-post","status-publish","format-standard","has-post-thumbnail","hentry","category-destaque","category-politica"],"yoast_head":"<!-- This site is optimized with the Yoast SEO plugin v27.1.1 - https:\/\/yoast.com\/product\/yoast-seo-wordpress\/ -->\n<title>Moraes manda prender ex-integrantes da c\u00fapula da PMDF - O PROGRESSO<\/title>\n<meta name=\"robots\" content=\"index, follow, max-snippet:-1, max-image-preview:large, max-video-preview:-1\" \/>\n<link rel=\"canonical\" href=\"https:\/\/progresso.com.br\/index.php\/2026\/03\/11\/moraes-manda-prender-ex-integrantes-da-cupula-da-pmdf\/\" \/>\n<meta property=\"og:locale\" content=\"pt_BR\" \/>\n<meta property=\"og:type\" content=\"article\" \/>\n<meta property=\"og:title\" content=\"Moraes manda prender ex-integrantes da c\u00fapula da PMDF - O PROGRESSO\" \/>\n<meta property=\"og:description\" content=\"Grupo foi condenado a 16 anos de pris\u00e3o Andr\u00e9 Richter &#8211; Ag\u00eancia Brasil O ministro Alexandre de Moraes, do Supremo Tribunal Federal (STF), determinou nesta quarta-feira (11) a pris\u00e3o de cinco ex-integrantes da c\u00fapula da Pol\u00edcia Militar do Distrito Federal (PMDF) que foram condenados a&nbsp;16 anos de pris\u00e3o por omiss\u00e3o na conten\u00e7\u00e3o dos atos golpistas [&hellip;]\" \/>\n<meta property=\"og:url\" content=\"https:\/\/progresso.com.br\/index.php\/2026\/03\/11\/moraes-manda-prender-ex-integrantes-da-cupula-da-pmdf\/\" \/>\n<meta property=\"og:site_name\" content=\"O PROGRESSO\" \/>\n<meta property=\"article:publisher\" content=\"https:\/\/www.facebook.com\/share\/1CeoksKBj6\/\" \/>\n<meta property=\"article:published_time\" content=\"2026-03-11T19:52:07+00:00\" \/>\n<meta property=\"og:image\" content=\"https:\/\/progresso.com.br\/wp-content\/uploads\/2026\/03\/mca_abr_numero_de_serie_de_4_digitos_090620_4.webp\" \/>\n\t<meta property=\"og:image:width\" content=\"1170\" \/>\n\t<meta property=\"og:image:height\" content=\"700\" \/>\n\t<meta property=\"og:image:type\" content=\"image\/webp\" \/>\n<meta name=\"author\" content=\"Rose\" \/>\n<meta name=\"twitter:card\" content=\"summary_large_image\" \/>\n<meta name=\"twitter:label1\" content=\"Escrito por\" \/>\n\t<meta name=\"twitter:data1\" content=\"Rose\" \/>\n\t<meta name=\"twitter:label2\" content=\"Est. tempo de leitura\" \/>\n\t<meta name=\"twitter:data2\" content=\"1 minuto\" \/>\n<script type=\"application\/ld+json\" class=\"yoast-schema-graph\">{\"@context\":\"https:\/\/schema.org\",\"@graph\":[{\"@type\":\"Article\",\"@id\":\"https:\/\/progresso.com.br\/index.php\/2026\/03\/11\/moraes-manda-prender-ex-integrantes-da-cupula-da-pmdf\/#article\",\"isPartOf\":{\"@id\":\"https:\/\/progresso.com.br\/index.php\/2026\/03\/11\/moraes-manda-prender-ex-integrantes-da-cupula-da-pmdf\/\"},\"author\":{\"name\":\"Rose\",\"@id\":\"https:\/\/progresso.com.br\/#\/schema\/person\/5dd27138d4463fbbaace62120bfc002b\"},\"headline\":\"Moraes manda prender ex-integrantes da c\u00fapula da PMDF\",\"datePublished\":\"2026-03-11T19:52:07+00:00\",\"mainEntityOfPage\":{\"@id\":\"https:\/\/progresso.com.br\/index.php\/2026\/03\/11\/moraes-manda-prender-ex-integrantes-da-cupula-da-pmdf\/\"},\"wordCount\":269,\"commentCount\":0,\"publisher\":{\"@id\":\"https:\/\/progresso.com.br\/#organization\"},\"image\":{\"@id\":\"https:\/\/progresso.com.br\/index.php\/2026\/03\/11\/moraes-manda-prender-ex-integrantes-da-cupula-da-pmdf\/#primaryimage\"},\"thumbnailUrl\":\"https:\/\/progresso.com.br\/wp-content\/uploads\/2026\/03\/mca_abr_numero_de_serie_de_4_digitos_090620_4.webp\",\"articleSection\":[\"Em destaque\",\"Pol\u00edtica\"],\"inLanguage\":\"pt-BR\",\"potentialAction\":[{\"@type\":\"CommentAction\",\"name\":\"Comment\",\"target\":[\"https:\/\/progresso.com.br\/index.php\/2026\/03\/11\/moraes-manda-prender-ex-integrantes-da-cupula-da-pmdf\/#respond\"]}]},{\"@type\":\"WebPage\",\"@id\":\"https:\/\/progresso.com.br\/index.php\/2026\/03\/11\/moraes-manda-prender-ex-integrantes-da-cupula-da-pmdf\/\",\"url\":\"https:\/\/progresso.com.br\/index.php\/2026\/03\/11\/moraes-manda-prender-ex-integrantes-da-cupula-da-pmdf\/\",\"name\":\"Moraes manda prender ex-integrantes da c\u00fapula da PMDF - O PROGRESSO\",\"isPartOf\":{\"@id\":\"https:\/\/progresso.com.br\/#website\"},\"primaryImageOfPage\":{\"@id\":\"https:\/\/progresso.com.br\/index.php\/2026\/03\/11\/moraes-manda-prender-ex-integrantes-da-cupula-da-pmdf\/#primaryimage\"},\"image\":{\"@id\":\"https:\/\/progresso.com.br\/index.php\/2026\/03\/11\/moraes-manda-prender-ex-integrantes-da-cupula-da-pmdf\/#primaryimage\"},\"thumbnailUrl\":\"https:\/\/progresso.com.br\/wp-content\/uploads\/2026\/03\/mca_abr_numero_de_serie_de_4_digitos_090620_4.webp\",\"datePublished\":\"2026-03-11T19:52:07+00:00\",\"breadcrumb\":{\"@id\":\"https:\/\/progresso.com.br\/index.php\/2026\/03\/11\/moraes-manda-prender-ex-integrantes-da-cupula-da-pmdf\/#breadcrumb\"},\"inLanguage\":\"pt-BR\",\"potentialAction\":[{\"@type\":\"ReadAction\",\"target\":[\"https:\/\/progresso.com.br\/index.php\/2026\/03\/11\/moraes-manda-prender-ex-integrantes-da-cupula-da-pmdf\/\"]}]},{\"@type\":\"ImageObject\",\"inLanguage\":\"pt-BR\",\"@id\":\"https:\/\/progresso.com.br\/index.php\/2026\/03\/11\/moraes-manda-prender-ex-integrantes-da-cupula-da-pmdf\/#primaryimage\",\"url\":\"https:\/\/progresso.com.br\/wp-content\/uploads\/2026\/03\/mca_abr_numero_de_serie_de_4_digitos_090620_4.webp\",\"contentUrl\":\"https:\/\/progresso.com.br\/wp-content\/uploads\/2026\/03\/mca_abr_numero_de_serie_de_4_digitos_090620_4.webp\",\"width\":1170,\"height\":700,\"caption\":\"Foto: Marcello Casal Jr\/Ag\u00eancia Brasil\/Arquivo\"},{\"@type\":\"BreadcrumbList\",\"@id\":\"https:\/\/progresso.com.br\/index.php\/2026\/03\/11\/moraes-manda-prender-ex-integrantes-da-cupula-da-pmdf\/#breadcrumb\",\"itemListElement\":[{\"@type\":\"ListItem\",\"position\":1,\"name\":\"In\u00edcio\",\"item\":\"https:\/\/progresso.com.br\/\"},{\"@type\":\"ListItem\",\"position\":2,\"name\":\"Moraes manda prender ex-integrantes da c\u00fapula da PMDF\"}]},{\"@type\":\"WebSite\",\"@id\":\"https:\/\/progresso.com.br\/#website\",\"url\":\"https:\/\/progresso.com.br\/\",\"name\":\"O PROGRESSO\",\"description\":\"\",\"publisher\":{\"@id\":\"https:\/\/progresso.com.br\/#organization\"},\"potentialAction\":[{\"@type\":\"SearchAction\",\"target\":{\"@type\":\"EntryPoint\",\"urlTemplate\":\"https:\/\/progresso.com.br\/?s={search_term_string}\"},\"query-input\":{\"@type\":\"PropertyValueSpecification\",\"valueRequired\":true,\"valueName\":\"search_term_string\"}}],\"inLanguage\":\"pt-BR\"},{\"@type\":\"Organization\",\"@id\":\"https:\/\/progresso.com.br\/#organization\",\"name\":\"O PROGRESSO\",\"url\":\"https:\/\/progresso.com.br\/\",\"logo\":{\"@type\":\"ImageObject\",\"inLanguage\":\"pt-BR\",\"@id\":\"https:\/\/progresso.com.br\/#\/schema\/logo\/image\/\",\"url\":\"https:\/\/progresso.com.br\/wp-content\/uploads\/2026\/03\/logo_proog.jpg\",\"contentUrl\":\"https:\/\/progresso.com.br\/wp-content\/uploads\/2026\/03\/logo_proog.jpg\",\"width\":1960,\"height\":1080,\"caption\":\"O PROGRESSO\"},\"image\":{\"@id\":\"https:\/\/progresso.com.br\/#\/schema\/logo\/image\/\"},\"sameAs\":[\"https:\/\/www.facebook.com\/share\/1CeoksKBj6\/\",\"https:\/\/www.instagram.com\/oprogresso_digital\"]},{\"@type\":\"Person\",\"@id\":\"https:\/\/progresso.com.br\/#\/schema\/person\/5dd27138d4463fbbaace62120bfc002b\",\"name\":\"Rose\",\"image\":{\"@type\":\"ImageObject\",\"inLanguage\":\"pt-BR\",\"@id\":\"https:\/\/progresso.com.br\/#\/schema\/person\/image\/\",\"url\":\"https:\/\/secure.gravatar.com\/avatar\/1b6890e759cdd3a88d9f751cb423720b9861c5239167cd3586355638b6556599?s=96&d=mm&r=g\",\"contentUrl\":\"https:\/\/secure.gravatar.com\/avatar\/1b6890e759cdd3a88d9f751cb423720b9861c5239167cd3586355638b6556599?s=96&d=mm&r=g\",\"caption\":\"Rose\"},\"url\":\"https:\/\/progresso.com.br\/index.php\/author\/rose\/\"}]}<\/script>\n<!-- \/ Yoast SEO plugin. -->","yoast_head_json":{"title":"Moraes manda prender ex-integrantes da c\u00fapula da PMDF - O PROGRESSO","robots":{"index":"index","follow":"follow","max-snippet":"max-snippet:-1","max-image-preview":"max-image-preview:large","max-video-preview":"max-video-preview:-1"},"canonical":"https:\/\/progresso.com.br\/index.php\/2026\/03\/11\/moraes-manda-prender-ex-integrantes-da-cupula-da-pmdf\/","og_locale":"pt_BR","og_type":"article","og_title":"Moraes manda prender ex-integrantes da c\u00fapula da PMDF - O PROGRESSO","og_description":"Grupo foi condenado a 16 anos de pris\u00e3o Andr\u00e9 Richter &#8211; Ag\u00eancia Brasil O ministro Alexandre de Moraes, do Supremo Tribunal Federal (STF), determinou nesta quarta-feira (11) a pris\u00e3o de cinco ex-integrantes da c\u00fapula da Pol\u00edcia Militar do Distrito Federal (PMDF) que foram condenados a&nbsp;16 anos de pris\u00e3o por omiss\u00e3o na conten\u00e7\u00e3o dos atos golpistas [&hellip;]","og_url":"https:\/\/progresso.com.br\/index.php\/2026\/03\/11\/moraes-manda-prender-ex-integrantes-da-cupula-da-pmdf\/","og_site_name":"O PROGRESSO","article_publisher":"https:\/\/www.facebook.com\/share\/1CeoksKBj6\/","article_published_time":"2026-03-11T19:52:07+00:00","og_image":[{"width":1170,"height":700,"url":"https:\/\/progresso.com.br\/wp-content\/uploads\/2026\/03\/mca_abr_numero_de_serie_de_4_digitos_090620_4.webp","type":"image\/webp"}],"author":"Rose","twitter_card":"summary_large_image","twitter_misc":{"Escrito por":"Rose","Est. tempo de leitura":"1 minuto"},"schema":{"@context":"https:\/\/schema.org","@graph":[{"@type":"Article","@id":"https:\/\/progresso.com.br\/index.php\/2026\/03\/11\/moraes-manda-prender-ex-integrantes-da-cupula-da-pmdf\/#article","isPartOf":{"@id":"https:\/\/progresso.com.br\/index.php\/2026\/03\/11\/moraes-manda-prender-ex-integrantes-da-cupula-da-pmdf\/"},"author":{"name":"Rose","@id":"https:\/\/progresso.com.br\/#\/schema\/person\/5dd27138d4463fbbaace62120bfc002b"},"headline":"Moraes manda prender ex-integrantes da c\u00fapula da PMDF","datePublished":"2026-03-11T19:52:07+00:00","mainEntityOfPage":{"@id":"https:\/\/progresso.com.br\/index.php\/2026\/03\/11\/moraes-manda-prender-ex-integrantes-da-cupula-da-pmdf\/"},"wordCount":269,"commentCount":0,"publisher":{"@id":"https:\/\/progresso.com.br\/#organization"},"image":{"@id":"https:\/\/progresso.com.br\/index.php\/2026\/03\/11\/moraes-manda-prender-ex-integrantes-da-cupula-da-pmdf\/#primaryimage"},"thumbnailUrl":"https:\/\/progresso.com.br\/wp-content\/uploads\/2026\/03\/mca_abr_numero_de_serie_de_4_digitos_090620_4.webp","articleSection":["Em destaque","Pol\u00edtica"],"inLanguage":"pt-BR","potentialAction":[{"@type":"CommentAction","name":"Comment","target":["https:\/\/progresso.com.br\/index.php\/2026\/03\/11\/moraes-manda-prender-ex-integrantes-da-cupula-da-pmdf\/#respond"]}]},{"@type":"WebPage","@id":"https:\/\/progresso.com.br\/index.php\/2026\/03\/11\/moraes-manda-prender-ex-integrantes-da-cupula-da-pmdf\/","url":"https:\/\/progresso.com.br\/index.php\/2026\/03\/11\/moraes-manda-prender-ex-integrantes-da-cupula-da-pmdf\/","name":"Moraes manda prender ex-integrantes da c\u00fapula da PMDF - O PROGRESSO","isPartOf":{"@id":"https:\/\/progresso.com.br\/#website"},"primaryImageOfPage":{"@id":"https:\/\/progresso.com.br\/index.php\/2026\/03\/11\/moraes-manda-prender-ex-integrantes-da-cupula-da-pmdf\/#primaryimage"},"image":{"@id":"https:\/\/progresso.com.br\/index.php\/2026\/03\/11\/moraes-manda-prender-ex-integrantes-da-cupula-da-pmdf\/#primaryimage"},"thumbnailUrl":"https:\/\/progresso.com.br\/wp-content\/uploads\/2026\/03\/mca_abr_numero_de_serie_de_4_digitos_090620_4.webp","datePublished":"2026-03-11T19:52:07+00:00","breadcrumb":{"@id":"https:\/\/progresso.com.br\/index.php\/2026\/03\/11\/moraes-manda-prender-ex-integrantes-da-cupula-da-pmdf\/#breadcrumb"},"inLanguage":"pt-BR","potentialAction":[{"@type":"ReadAction","target":["https:\/\/progresso.com.br\/index.php\/2026\/03\/11\/moraes-manda-prender-ex-integrantes-da-cupula-da-pmdf\/"]}]},{"@type":"ImageObject","inLanguage":"pt-BR","@id":"https:\/\/progresso.com.br\/index.php\/2026\/03\/11\/moraes-manda-prender-ex-integrantes-da-cupula-da-pmdf\/#primaryimage","url":"https:\/\/progresso.com.br\/wp-content\/uploads\/2026\/03\/mca_abr_numero_de_serie_de_4_digitos_090620_4.webp","contentUrl":"https:\/\/progresso.com.br\/wp-content\/uploads\/2026\/03\/mca_abr_numero_de_serie_de_4_digitos_090620_4.webp","width":1170,"height":700,"caption":"Foto: Marcello Casal Jr\/Ag\u00eancia Brasil\/Arquivo"},{"@type":"BreadcrumbList","@id":"https:\/\/progresso.com.br\/index.php\/2026\/03\/11\/moraes-manda-prender-ex-integrantes-da-cupula-da-pmdf\/#breadcrumb","itemListElement":[{"@type":"ListItem","position":1,"name":"In\u00edcio","item":"https:\/\/progresso.com.br\/"},{"@type":"ListItem","position":2,"name":"Moraes manda prender ex-integrantes da c\u00fapula da PMDF"}]},{"@type":"WebSite","@id":"https:\/\/progresso.com.br\/#website","url":"https:\/\/progresso.com.br\/","name":"O PROGRESSO","description":"","publisher":{"@id":"https:\/\/progresso.com.br\/#organization"},"potentialAction":[{"@type":"SearchAction","target":{"@type":"EntryPoint","urlTemplate":"https:\/\/progresso.com.br\/?s={search_term_string}"},"query-input":{"@type":"PropertyValueSpecification","valueRequired":true,"valueName":"search_term_string"}}],"inLanguage":"pt-BR"},{"@type":"Organization","@id":"https:\/\/progresso.com.br\/#organization","name":"O PROGRESSO","url":"https:\/\/progresso.com.br\/","logo":{"@type":"ImageObject","inLanguage":"pt-BR","@id":"https:\/\/progresso.com.br\/#\/schema\/logo\/image\/","url":"https:\/\/progresso.com.br\/wp-content\/uploads\/2026\/03\/logo_proog.jpg","contentUrl":"https:\/\/progresso.com.br\/wp-content\/uploads\/2026\/03\/logo_proog.jpg","width":1960,"height":1080,"caption":"O PROGRESSO"},"image":{"@id":"https:\/\/progresso.com.br\/#\/schema\/logo\/image\/"},"sameAs":["https:\/\/www.facebook.com\/share\/1CeoksKBj6\/","https:\/\/www.instagram.com\/oprogresso_digital"]},{"@type":"Person","@id":"https:\/\/progresso.com.br\/#\/schema\/person\/5dd27138d4463fbbaace62120bfc002b","name":"Rose","image":{"@type":"ImageObject","inLanguage":"pt-BR","@id":"https:\/\/progresso.com.br\/#\/schema\/person\/image\/","url":"https:\/\/secure.gravatar.com\/avatar\/1b6890e759cdd3a88d9f751cb423720b9861c5239167cd3586355638b6556599?s=96&d=mm&r=g","contentUrl":"https:\/\/secure.gravatar.com\/avatar\/1b6890e759cdd3a88d9f751cb423720b9861c5239167cd3586355638b6556599?s=96&d=mm&r=g","caption":"Rose"},"url":"https:\/\/progresso.com.br\/index.php\/author\/rose\/"}]}},"_links":{"self":[{"href":"https:\/\/progresso.com.br\/index.php\/wp-json\/wp\/v2\/posts\/650","targetHints":{"allow":["GET"]}}],"collection":[{"href":"https:\/\/progresso.com.br\/index.php\/wp-json\/wp\/v2\/posts"}],"about":[{"href":"https:\/\/progresso.com.br\/index.php\/wp-json\/wp\/v2\/types\/post"}],"author":[{"embeddable":true,"href":"https:\/\/progresso.com.br\/index.php\/wp-json\/wp\/v2\/users\/2"}],"replies":[{"embeddable":true,"href":"https:\/\/progresso.com.br\/index.php\/wp-json\/wp\/v2\/comments?post=650"}],"version-history":[{"count":1,"href":"https:\/\/progresso.com.br\/index.php\/wp-json\/wp\/v2\/posts\/650\/revisions"}],"predecessor-version":[{"id":652,"href":"https:\/\/progresso.com.br\/index.php\/wp-json\/wp\/v2\/posts\/650\/revisions\/652"}],"wp:featuredmedia":[{"embeddable":true,"href":"https:\/\/progresso.com.br\/index.php\/wp-json\/wp\/v2\/media\/651"}],"wp:attachment":[{"href":"https:\/\/progresso.com.br\/index.php\/wp-json\/wp\/v2\/media?parent=650"}],"wp:term":[{"taxonomy":"category","embeddable":true,"href":"https:\/\/progresso.com.br\/index.php\/wp-json\/wp\/v2\/categories?post=650"},{"taxonomy":"post_tag","embeddable":true,"href":"https:\/\/progresso.com.br\/index.php\/wp-json\/wp\/v2\/tags?post=650"}],"curies":[{"name":"wp","href":"https:\/\/api.w.org\/{rel}","templated":true}]}}