{"id":653,"date":"2026-03-11T15:54:47","date_gmt":"2026-03-11T19:54:47","guid":{"rendered":"https:\/\/10nl.com.br\/?p=653"},"modified":"2026-03-11T15:54:47","modified_gmt":"2026-03-11T19:54:47","slug":"credito-e-emprego-explicam-vendas-no-comercio-em-patamar-recorde","status":"publish","type":"post","link":"https:\/\/progresso.com.br\/index.php\/2026\/03\/11\/credito-e-emprego-explicam-vendas-no-comercio-em-patamar-recorde\/","title":{"rendered":"Cr\u00e9dito e emprego explicam vendas no com\u00e9rcio em patamar recorde"},"content":{"rendered":"\n<p><strong><em>Empr\u00e9stimo \u00e0 pessoa f\u00edsica cresceu 1,6% em janeiro<\/em><\/strong><\/p>\n\n\n\n<p><em>Bruno de Freitas Moura &#8211;  Ag\u00eancia Brasil<\/em><\/p>\n\n\n\n<p>A oferta de cr\u00e9dito \u00e0 pessoa f\u00edsica e o patamar historicamente baixo do desemprego s\u00e3o fatores que explicam o recorde nas&nbsp;vendas do com\u00e9rcio varejista, mesmo em um ambiente de juros altos.<img decoding=\"async\" src=\"https:\/\/agenciabrasil.ebc.com.br\/ebc.png?id=1681551&amp;o=node\"><img decoding=\"async\" src=\"https:\/\/agenciabrasil.ebc.com.br\/ebc.gif?id=1681551&amp;o=node\"><\/p>\n\n\n\n<p>A an\u00e1lise \u00e9 do&nbsp;gerente da&nbsp;<a href=\"https:\/\/agenciadenoticias.ibge.gov.br\/media\/com_mediaibge\/arquivos\/f9aed318938f25739043c99a88def4e9.pdf\" target=\"_blank\" rel=\"noreferrer noopener\">Pesquisa Mensal de Com\u00e9rcio<\/a>,&nbsp;Cristiano Santos,&nbsp;a partir dos dados divulgados nesta quarta-feira (11) pelo Instituto Brasileiro de Geografia e Estat\u00edstica (IBGE),&nbsp;no Rio de Janeiro.<\/p>\n\n\n\n<p><a href=\"https:\/\/agenciabrasil.ebc.com.br\/economia\/noticia\/2026-03\/vendas-no-comercio-crescem-04-em-janeiro-e-igualam-patamar-recorde\" target=\"_blank\" rel=\"noreferrer noopener\">Em janeiro, o volume de vendas cresceu 0,4% na compara\u00e7\u00e3o com dezembro<\/a>, resultado que deixou o setor no patamar mais alto j\u00e1 registrado, igualando o n\u00edvel de novembro de 2025.<\/p>\n\n\n\n<p>O segmento de hiper, supermercados, produtos aliment\u00edcios, bebidas e fumo teve o mesmo desempenho e cresceu 0,4% na passagem de dezembro para janeiro, totalizando o&nbsp;maior patamar de vendas j\u00e1 registrado pela pesquisa do IBGE.<\/p>\n\n\n\n<p>A atividade \u00e9 considerada o principal term\u00f4metro do com\u00e9rcio, com peso de 55,2% no total do varejo.<br><\/p>\n\n\n\n<p>Recordes\u00a0no mercado de trabalho<\/p>\n\n\n\n<p>Ao comentar os resultados, o gerente da pesquisa destacou o impulso&nbsp;\u00e0 economia proporcionado pelo mercado de trabalho.&nbsp;Santos citou dados da Pesquisa Nacional por Amostra de Domic\u00edlios (Pnad), tamb\u00e9m do IBGE, que mostram&nbsp;<a href=\"https:\/\/agenciabrasil.ebc.com.br\/economia\/noticia\/2026-03\/desemprego-fica-em-54-no-trimestre-encerrado-em-janeiro-de-2026\" target=\"_blank\" rel=\"noreferrer noopener\">crescimento de 2,9% da massa salarial em janeiro<\/a>, em compara\u00e7\u00e3o ao m\u00eas anterior.<\/p>\n\n\n\n<p>Com patamar recorde de R$ 370,3 bilh\u00f5es, a&nbsp;massa salarial \u00e9 o total de rendimentos recebidos pelo conjunto de trabalhadores.<\/p>\n\n\n\n<p>Al\u00e9m disso, a taxa de desemprego de 5,4% no trimestre encerrado em janeiro \u00e9 a menor j\u00e1 apurada. O n\u00famero de pessoas ocupadas, 102,7 milh\u00f5es, tamb\u00e9m \u00e9 recorde para o per\u00edodo.<\/p>\n\n\n\n<h2 class=\"wp-block-heading\">Cr\u00e9dito em expans\u00e3o<\/h2>\n\n\n\n<p>O analista do IBGE chamou aten\u00e7\u00e3o tamb\u00e9m para o est\u00edmulo proporcionado pelo cr\u00e9dito.<a href=\"https:\/\/agenciabrasil.ebc.com.br\/economia\/noticia\/2026-02\/juros-subiram-para-familias-e-empresas-em-janeiro-mostra-bc\" target=\"_blank\" rel=\"noreferrer noopener\">&nbsp;Em janeiro, a oferta&nbsp;\u00e0 pessoa f\u00edsica cresceu 1,6% na compara\u00e7\u00e3o com dezembro<\/a>.&nbsp;<\/p>\n\n\n\n<p><a href=\"https:\/\/agenciabrasil.ebc.com.br\/economia\/noticia\/2026-01\/bc-mantem-juros-basicos-em-15-ao-ano-por-quinta-vez-seguida\" target=\"_blank\" rel=\"noreferrer noopener\">A expans\u00e3o&nbsp;acontece a despeito de a taxa b\u00e1sica de juros, a Selic, estar&nbsp;em 15% ao ano (a.a.)<\/a>, o maior patamar desde julho de 2006, quando estava em 15,25%.<\/p>\n\n\n\n<p>\u201cO cr\u00e9dito continua em crescimento. Tende a sustentar uma expans\u00e3o do com\u00e9rcio ou uma manuten\u00e7\u00e3o em um patamar alto\u201d, disse.&nbsp;\u201cA taxa de juros n\u00e3o teve como resultado uma queda no cr\u00e9dito da pessoa f\u00edsica\u201d, constata o pesquisador.<\/p>\n\n\n\n<p>Ele pondera&nbsp;que os empr\u00e9stimos para a aquisi\u00e7\u00e3o de ve\u00edculos recuaram 6,2% no per\u00edodo, mas faz a ressalva de que o \u201cprincipal elemento do cr\u00e9dito para o com\u00e9rcio \u00e9 o cr\u00e9dito da pessoa f\u00edsica\u201d.<\/p>\n\n\n\n<h2 class=\"wp-block-heading\">Explica\u00e7\u00e3o dos juros altos<\/h2>\n\n\n\n<p>A taxa Selic em n\u00edvel elevado&nbsp;\u00e9 uma resposta do Comit\u00ea de Pol\u00edtica Monet\u00e1ria (Copom) do Banco Central (BC) \u00e0 infla\u00e7\u00e3o, que&nbsp;<a href=\"https:\/\/agenciabrasil.ebc.com.br\/economia\/noticia\/2025-12\/inflacao-de-018-em-dezembro-faz-ipca-voltar-para-meta-do-governo\" target=\"_blank\" rel=\"noreferrer noopener\">passou praticamente todo o ano de 2025 fora da meta&nbsp;de 3% a.a., com toler\u00e2ncia de 1,5 ponto percentual para mais ou para menos no acumulado de 12 meses<\/a>.<\/p>\n\n\n\n<p>A Selic influencia todas as demais taxas de juros do pa\u00eds e, quando elevada, age de forma restritiva na economia, ou seja, encarece opera\u00e7\u00f5es de cr\u00e9dito e desestimula investimentos e consumo.<\/p>\n\n\n\n<p>O impacto esperado \u00e9 a menor procura por produtos e servi\u00e7os, esfriando a infla\u00e7\u00e3o. O efeito colateral \u00e9 que a economia em marcha lenta tende a diminuir a gera\u00e7\u00e3o de empregos.<\/p>\n\n\n\n<figure class=\"wp-block-image\"><img decoding=\"async\" src=\"https:\/\/imagens.ebc.com.br\/KpWJnfir4QbXGcafBwL-7GXGJ7c=\/754x0\/smart\/https:\/\/agenciabrasil.ebc.com.br\/sites\/default\/files\/thumbnails\/image\/banco_central_mcajr_abr_0104222276.jpg?itok=t0O0NqZm\" alt=\"Edif\u00edcio-Sede do Banco Central em Bras\u00edlia\" title=\"Marcello Casal JrAg\u00eancia Brasil\"\/><\/figure>\n\n\n\n<h6 class=\"wp-block-heading\">Edif\u00edcio-Sede do Banco Central em Bras\u00edlia &#8211;&nbsp;<strong>Marcello Casal JrAg\u00eancia Brasil<\/strong><\/h6>\n\n\n\n<h2 class=\"wp-block-heading\">Concorr\u00eancia<\/h2>\n\n\n\n<p><strong>Na avalia\u00e7\u00e3o da professora de economia da faculdade Ibmec-RJ, Gecilda Esteves, o fato de o cr\u00e9dito \u00e0 pessoa f\u00edsica manter a expans\u00e3o, nadando contra a corrente da Selic alta, \u00e9 explicado pela concorr\u00eancia entre institui\u00e7\u00f5es financeiras e maior bancariza\u00e7\u00e3o da economia<\/strong>.<\/p>\n\n\n\n<p>Ela aponta a prolifera\u00e7\u00e3o das chamadas fintechs, empresas que utilizam tecnologia avan\u00e7ada para oferecer servi\u00e7os financeiros digitais.<\/p>\n\n\n\n<p>\u201cCom o surgimento das fintechs, esse processo de digitaliza\u00e7\u00e3o banc\u00e1ria, a gente tem mais bancos e, portanto, mais capacidade de oferta de recursos\u201d, disse \u00e0&nbsp;<strong>Ag\u00eancia Brasil<\/strong>.<\/p>\n\n\n\n<p>\u201cObviamente, com mais oportunidades de oferta, a tend\u00eancia \u00e9 que haja uma melhor distribui\u00e7\u00e3o desses recursos\u201d, completou.<\/p>\n\n\n\n<p>Na avalia\u00e7\u00e3o da economista, a cria\u00e7\u00e3o de fintechs e a expans\u00e3o de institui\u00e7\u00f5es financeiras que concedem cr\u00e9dito favorece a inclus\u00e3o banc\u00e1ria.<\/p>\n\n\n\n<p>\u201cAumenta a possibilidade de mais pessoas terem acesso a institui\u00e7\u00f5es financeiras e, com isso, mais acesso, mais recurso circulante, maior \u00e9 tamb\u00e9m a possibilidade de elas terem interesse em obter cr\u00e9dito\u201d, afirma.<\/p>\n\n\n\n<p><strong>Outro elemento que contribui para o barateamento do cr\u00e9dito, acrescenta, \u00e9 o&nbsp;Open Finance<\/strong>&nbsp;(sistema financeiro aberto, em tradu\u00e7\u00e3o livre do ingl\u00eas), sistema em que os clientes permitem que a institui\u00e7\u00e3o financeira tenha acesso a informa\u00e7\u00f5es pessoais referentes a outros bancos.&nbsp;<\/p>\n\n\n\n<p>\u201cOpen Finance traz para as institui\u00e7\u00f5es financeiras uma capacidade melhor de analisar riscos e, com isso, identificar se aquele potencial cliente \u00e9 um cliente que gera mais risco de inadimpl\u00eancia ou n\u00e3o pelo seu hist\u00f3rico banc\u00e1rio\u201d, detalha.<\/p>\n","protected":false},"excerpt":{"rendered":"<p>Empr\u00e9stimo \u00e0 pessoa f\u00edsica cresceu 1,6% em janeiro Bruno de Freitas Moura &#8211; Ag\u00eancia Brasil A oferta de cr\u00e9dito \u00e0 pessoa f\u00edsica e o patamar historicamente baixo do desemprego s\u00e3o fatores que explicam o recorde nas&nbsp;vendas do com\u00e9rcio varejista, mesmo em um ambiente de juros altos. A an\u00e1lise \u00e9 do&nbsp;gerente da&nbsp;Pesquisa Mensal de Com\u00e9rcio,&nbsp;Cristiano Santos,&nbsp;a [&hellip;]<\/p>\n","protected":false},"author":2,"featured_media":654,"comment_status":"open","ping_status":"open","sticky":false,"template":"","format":"standard","meta":{"footnotes":""},"categories":[10,2],"tags":[],"class_list":["post-653","post","type-post","status-publish","format-standard","has-post-thumbnail","hentry","category-economia","category-destaque"],"yoast_head":"<!-- This site is optimized with the Yoast SEO plugin v27.1.1 - https:\/\/yoast.com\/product\/yoast-seo-wordpress\/ -->\n<title>Cr\u00e9dito e emprego explicam vendas no com\u00e9rcio em patamar recorde - O PROGRESSO<\/title>\n<meta name=\"robots\" content=\"index, follow, max-snippet:-1, max-image-preview:large, max-video-preview:-1\" \/>\n<link rel=\"canonical\" href=\"https:\/\/progresso.com.br\/index.php\/2026\/03\/11\/credito-e-emprego-explicam-vendas-no-comercio-em-patamar-recorde\/\" \/>\n<meta property=\"og:locale\" content=\"pt_BR\" \/>\n<meta property=\"og:type\" content=\"article\" \/>\n<meta property=\"og:title\" content=\"Cr\u00e9dito e emprego explicam vendas no com\u00e9rcio em patamar recorde - O PROGRESSO\" \/>\n<meta property=\"og:description\" content=\"Empr\u00e9stimo \u00e0 pessoa f\u00edsica cresceu 1,6% em janeiro Bruno de Freitas Moura &#8211; Ag\u00eancia Brasil A oferta de cr\u00e9dito \u00e0 pessoa f\u00edsica e o patamar historicamente baixo do desemprego s\u00e3o fatores que explicam o recorde nas&nbsp;vendas do com\u00e9rcio varejista, mesmo em um ambiente de juros altos. A an\u00e1lise \u00e9 do&nbsp;gerente da&nbsp;Pesquisa Mensal de Com\u00e9rcio,&nbsp;Cristiano Santos,&nbsp;a [&hellip;]\" \/>\n<meta property=\"og:url\" content=\"https:\/\/progresso.com.br\/index.php\/2026\/03\/11\/credito-e-emprego-explicam-vendas-no-comercio-em-patamar-recorde\/\" \/>\n<meta property=\"og:site_name\" content=\"O PROGRESSO\" \/>\n<meta property=\"article:publisher\" content=\"https:\/\/www.facebook.com\/share\/1CeoksKBj6\/\" \/>\n<meta property=\"article:published_time\" content=\"2026-03-11T19:54:47+00:00\" \/>\n<meta property=\"og:image\" content=\"https:\/\/progresso.com.br\/wp-content\/uploads\/2026\/03\/banco_de_imagens_vac_abr_2907221184.webp\" \/>\n\t<meta property=\"og:image:width\" content=\"1170\" \/>\n\t<meta property=\"og:image:height\" content=\"700\" \/>\n\t<meta property=\"og:image:type\" content=\"image\/webp\" \/>\n<meta name=\"author\" content=\"Rose\" \/>\n<meta name=\"twitter:card\" content=\"summary_large_image\" \/>\n<meta name=\"twitter:label1\" content=\"Escrito por\" \/>\n\t<meta name=\"twitter:data1\" content=\"Rose\" \/>\n\t<meta name=\"twitter:label2\" content=\"Est. tempo de leitura\" \/>\n\t<meta name=\"twitter:data2\" content=\"4 minutos\" \/>\n<script type=\"application\/ld+json\" class=\"yoast-schema-graph\">{\"@context\":\"https:\/\/schema.org\",\"@graph\":[{\"@type\":\"Article\",\"@id\":\"https:\/\/progresso.com.br\/index.php\/2026\/03\/11\/credito-e-emprego-explicam-vendas-no-comercio-em-patamar-recorde\/#article\",\"isPartOf\":{\"@id\":\"https:\/\/progresso.com.br\/index.php\/2026\/03\/11\/credito-e-emprego-explicam-vendas-no-comercio-em-patamar-recorde\/\"},\"author\":{\"name\":\"Rose\",\"@id\":\"https:\/\/progresso.com.br\/#\/schema\/person\/5dd27138d4463fbbaace62120bfc002b\"},\"headline\":\"Cr\u00e9dito e emprego explicam vendas no com\u00e9rcio em patamar recorde\",\"datePublished\":\"2026-03-11T19:54:47+00:00\",\"mainEntityOfPage\":{\"@id\":\"https:\/\/progresso.com.br\/index.php\/2026\/03\/11\/credito-e-emprego-explicam-vendas-no-comercio-em-patamar-recorde\/\"},\"wordCount\":858,\"commentCount\":0,\"publisher\":{\"@id\":\"https:\/\/progresso.com.br\/#organization\"},\"image\":{\"@id\":\"https:\/\/progresso.com.br\/index.php\/2026\/03\/11\/credito-e-emprego-explicam-vendas-no-comercio-em-patamar-recorde\/#primaryimage\"},\"thumbnailUrl\":\"https:\/\/progresso.com.br\/wp-content\/uploads\/2026\/03\/banco_de_imagens_vac_abr_2907221184.webp\",\"articleSection\":[\"Economia\",\"Em destaque\"],\"inLanguage\":\"pt-BR\",\"potentialAction\":[{\"@type\":\"CommentAction\",\"name\":\"Comment\",\"target\":[\"https:\/\/progresso.com.br\/index.php\/2026\/03\/11\/credito-e-emprego-explicam-vendas-no-comercio-em-patamar-recorde\/#respond\"]}]},{\"@type\":\"WebPage\",\"@id\":\"https:\/\/progresso.com.br\/index.php\/2026\/03\/11\/credito-e-emprego-explicam-vendas-no-comercio-em-patamar-recorde\/\",\"url\":\"https:\/\/progresso.com.br\/index.php\/2026\/03\/11\/credito-e-emprego-explicam-vendas-no-comercio-em-patamar-recorde\/\",\"name\":\"Cr\u00e9dito e emprego explicam vendas no com\u00e9rcio em patamar recorde - O PROGRESSO\",\"isPartOf\":{\"@id\":\"https:\/\/progresso.com.br\/#website\"},\"primaryImageOfPage\":{\"@id\":\"https:\/\/progresso.com.br\/index.php\/2026\/03\/11\/credito-e-emprego-explicam-vendas-no-comercio-em-patamar-recorde\/#primaryimage\"},\"image\":{\"@id\":\"https:\/\/progresso.com.br\/index.php\/2026\/03\/11\/credito-e-emprego-explicam-vendas-no-comercio-em-patamar-recorde\/#primaryimage\"},\"thumbnailUrl\":\"https:\/\/progresso.com.br\/wp-content\/uploads\/2026\/03\/banco_de_imagens_vac_abr_2907221184.webp\",\"datePublished\":\"2026-03-11T19:54:47+00:00\",\"breadcrumb\":{\"@id\":\"https:\/\/progresso.com.br\/index.php\/2026\/03\/11\/credito-e-emprego-explicam-vendas-no-comercio-em-patamar-recorde\/#breadcrumb\"},\"inLanguage\":\"pt-BR\",\"potentialAction\":[{\"@type\":\"ReadAction\",\"target\":[\"https:\/\/progresso.com.br\/index.php\/2026\/03\/11\/credito-e-emprego-explicam-vendas-no-comercio-em-patamar-recorde\/\"]}]},{\"@type\":\"ImageObject\",\"inLanguage\":\"pt-BR\",\"@id\":\"https:\/\/progresso.com.br\/index.php\/2026\/03\/11\/credito-e-emprego-explicam-vendas-no-comercio-em-patamar-recorde\/#primaryimage\",\"url\":\"https:\/\/progresso.com.br\/wp-content\/uploads\/2026\/03\/banco_de_imagens_vac_abr_2907221184.webp\",\"contentUrl\":\"https:\/\/progresso.com.br\/wp-content\/uploads\/2026\/03\/banco_de_imagens_vac_abr_2907221184.webp\",\"width\":1170,\"height\":700,\"caption\":\"Foto: Valter Campanato\/Ag\u00eancia Brasil\"},{\"@type\":\"BreadcrumbList\",\"@id\":\"https:\/\/progresso.com.br\/index.php\/2026\/03\/11\/credito-e-emprego-explicam-vendas-no-comercio-em-patamar-recorde\/#breadcrumb\",\"itemListElement\":[{\"@type\":\"ListItem\",\"position\":1,\"name\":\"In\u00edcio\",\"item\":\"https:\/\/progresso.com.br\/\"},{\"@type\":\"ListItem\",\"position\":2,\"name\":\"Cr\u00e9dito e emprego explicam vendas no com\u00e9rcio em patamar recorde\"}]},{\"@type\":\"WebSite\",\"@id\":\"https:\/\/progresso.com.br\/#website\",\"url\":\"https:\/\/progresso.com.br\/\",\"name\":\"O PROGRESSO\",\"description\":\"\",\"publisher\":{\"@id\":\"https:\/\/progresso.com.br\/#organization\"},\"potentialAction\":[{\"@type\":\"SearchAction\",\"target\":{\"@type\":\"EntryPoint\",\"urlTemplate\":\"https:\/\/progresso.com.br\/?s={search_term_string}\"},\"query-input\":{\"@type\":\"PropertyValueSpecification\",\"valueRequired\":true,\"valueName\":\"search_term_string\"}}],\"inLanguage\":\"pt-BR\"},{\"@type\":\"Organization\",\"@id\":\"https:\/\/progresso.com.br\/#organization\",\"name\":\"O PROGRESSO\",\"url\":\"https:\/\/progresso.com.br\/\",\"logo\":{\"@type\":\"ImageObject\",\"inLanguage\":\"pt-BR\",\"@id\":\"https:\/\/progresso.com.br\/#\/schema\/logo\/image\/\",\"url\":\"https:\/\/progresso.com.br\/wp-content\/uploads\/2026\/03\/logo_proog.jpg\",\"contentUrl\":\"https:\/\/progresso.com.br\/wp-content\/uploads\/2026\/03\/logo_proog.jpg\",\"width\":1960,\"height\":1080,\"caption\":\"O PROGRESSO\"},\"image\":{\"@id\":\"https:\/\/progresso.com.br\/#\/schema\/logo\/image\/\"},\"sameAs\":[\"https:\/\/www.facebook.com\/share\/1CeoksKBj6\/\",\"https:\/\/www.instagram.com\/oprogresso_digital\"]},{\"@type\":\"Person\",\"@id\":\"https:\/\/progresso.com.br\/#\/schema\/person\/5dd27138d4463fbbaace62120bfc002b\",\"name\":\"Rose\",\"image\":{\"@type\":\"ImageObject\",\"inLanguage\":\"pt-BR\",\"@id\":\"https:\/\/progresso.com.br\/#\/schema\/person\/image\/\",\"url\":\"https:\/\/secure.gravatar.com\/avatar\/1b6890e759cdd3a88d9f751cb423720b9861c5239167cd3586355638b6556599?s=96&d=mm&r=g\",\"contentUrl\":\"https:\/\/secure.gravatar.com\/avatar\/1b6890e759cdd3a88d9f751cb423720b9861c5239167cd3586355638b6556599?s=96&d=mm&r=g\",\"caption\":\"Rose\"},\"url\":\"https:\/\/progresso.com.br\/index.php\/author\/rose\/\"}]}<\/script>\n<!-- \/ Yoast SEO plugin. -->","yoast_head_json":{"title":"Cr\u00e9dito e emprego explicam vendas no com\u00e9rcio em patamar recorde - O PROGRESSO","robots":{"index":"index","follow":"follow","max-snippet":"max-snippet:-1","max-image-preview":"max-image-preview:large","max-video-preview":"max-video-preview:-1"},"canonical":"https:\/\/progresso.com.br\/index.php\/2026\/03\/11\/credito-e-emprego-explicam-vendas-no-comercio-em-patamar-recorde\/","og_locale":"pt_BR","og_type":"article","og_title":"Cr\u00e9dito e emprego explicam vendas no com\u00e9rcio em patamar recorde - O PROGRESSO","og_description":"Empr\u00e9stimo \u00e0 pessoa f\u00edsica cresceu 1,6% em janeiro Bruno de Freitas Moura &#8211; Ag\u00eancia Brasil A oferta de cr\u00e9dito \u00e0 pessoa f\u00edsica e o patamar historicamente baixo do desemprego s\u00e3o fatores que explicam o recorde nas&nbsp;vendas do com\u00e9rcio varejista, mesmo em um ambiente de juros altos. A an\u00e1lise \u00e9 do&nbsp;gerente da&nbsp;Pesquisa Mensal de Com\u00e9rcio,&nbsp;Cristiano Santos,&nbsp;a [&hellip;]","og_url":"https:\/\/progresso.com.br\/index.php\/2026\/03\/11\/credito-e-emprego-explicam-vendas-no-comercio-em-patamar-recorde\/","og_site_name":"O PROGRESSO","article_publisher":"https:\/\/www.facebook.com\/share\/1CeoksKBj6\/","article_published_time":"2026-03-11T19:54:47+00:00","og_image":[{"width":1170,"height":700,"url":"https:\/\/progresso.com.br\/wp-content\/uploads\/2026\/03\/banco_de_imagens_vac_abr_2907221184.webp","type":"image\/webp"}],"author":"Rose","twitter_card":"summary_large_image","twitter_misc":{"Escrito por":"Rose","Est. tempo de leitura":"4 minutos"},"schema":{"@context":"https:\/\/schema.org","@graph":[{"@type":"Article","@id":"https:\/\/progresso.com.br\/index.php\/2026\/03\/11\/credito-e-emprego-explicam-vendas-no-comercio-em-patamar-recorde\/#article","isPartOf":{"@id":"https:\/\/progresso.com.br\/index.php\/2026\/03\/11\/credito-e-emprego-explicam-vendas-no-comercio-em-patamar-recorde\/"},"author":{"name":"Rose","@id":"https:\/\/progresso.com.br\/#\/schema\/person\/5dd27138d4463fbbaace62120bfc002b"},"headline":"Cr\u00e9dito e emprego explicam vendas no com\u00e9rcio em patamar recorde","datePublished":"2026-03-11T19:54:47+00:00","mainEntityOfPage":{"@id":"https:\/\/progresso.com.br\/index.php\/2026\/03\/11\/credito-e-emprego-explicam-vendas-no-comercio-em-patamar-recorde\/"},"wordCount":858,"commentCount":0,"publisher":{"@id":"https:\/\/progresso.com.br\/#organization"},"image":{"@id":"https:\/\/progresso.com.br\/index.php\/2026\/03\/11\/credito-e-emprego-explicam-vendas-no-comercio-em-patamar-recorde\/#primaryimage"},"thumbnailUrl":"https:\/\/progresso.com.br\/wp-content\/uploads\/2026\/03\/banco_de_imagens_vac_abr_2907221184.webp","articleSection":["Economia","Em destaque"],"inLanguage":"pt-BR","potentialAction":[{"@type":"CommentAction","name":"Comment","target":["https:\/\/progresso.com.br\/index.php\/2026\/03\/11\/credito-e-emprego-explicam-vendas-no-comercio-em-patamar-recorde\/#respond"]}]},{"@type":"WebPage","@id":"https:\/\/progresso.com.br\/index.php\/2026\/03\/11\/credito-e-emprego-explicam-vendas-no-comercio-em-patamar-recorde\/","url":"https:\/\/progresso.com.br\/index.php\/2026\/03\/11\/credito-e-emprego-explicam-vendas-no-comercio-em-patamar-recorde\/","name":"Cr\u00e9dito e emprego explicam vendas no com\u00e9rcio em patamar recorde - O PROGRESSO","isPartOf":{"@id":"https:\/\/progresso.com.br\/#website"},"primaryImageOfPage":{"@id":"https:\/\/progresso.com.br\/index.php\/2026\/03\/11\/credito-e-emprego-explicam-vendas-no-comercio-em-patamar-recorde\/#primaryimage"},"image":{"@id":"https:\/\/progresso.com.br\/index.php\/2026\/03\/11\/credito-e-emprego-explicam-vendas-no-comercio-em-patamar-recorde\/#primaryimage"},"thumbnailUrl":"https:\/\/progresso.com.br\/wp-content\/uploads\/2026\/03\/banco_de_imagens_vac_abr_2907221184.webp","datePublished":"2026-03-11T19:54:47+00:00","breadcrumb":{"@id":"https:\/\/progresso.com.br\/index.php\/2026\/03\/11\/credito-e-emprego-explicam-vendas-no-comercio-em-patamar-recorde\/#breadcrumb"},"inLanguage":"pt-BR","potentialAction":[{"@type":"ReadAction","target":["https:\/\/progresso.com.br\/index.php\/2026\/03\/11\/credito-e-emprego-explicam-vendas-no-comercio-em-patamar-recorde\/"]}]},{"@type":"ImageObject","inLanguage":"pt-BR","@id":"https:\/\/progresso.com.br\/index.php\/2026\/03\/11\/credito-e-emprego-explicam-vendas-no-comercio-em-patamar-recorde\/#primaryimage","url":"https:\/\/progresso.com.br\/wp-content\/uploads\/2026\/03\/banco_de_imagens_vac_abr_2907221184.webp","contentUrl":"https:\/\/progresso.com.br\/wp-content\/uploads\/2026\/03\/banco_de_imagens_vac_abr_2907221184.webp","width":1170,"height":700,"caption":"Foto: Valter Campanato\/Ag\u00eancia Brasil"},{"@type":"BreadcrumbList","@id":"https:\/\/progresso.com.br\/index.php\/2026\/03\/11\/credito-e-emprego-explicam-vendas-no-comercio-em-patamar-recorde\/#breadcrumb","itemListElement":[{"@type":"ListItem","position":1,"name":"In\u00edcio","item":"https:\/\/progresso.com.br\/"},{"@type":"ListItem","position":2,"name":"Cr\u00e9dito e emprego explicam vendas no com\u00e9rcio em patamar recorde"}]},{"@type":"WebSite","@id":"https:\/\/progresso.com.br\/#website","url":"https:\/\/progresso.com.br\/","name":"O PROGRESSO","description":"","publisher":{"@id":"https:\/\/progresso.com.br\/#organization"},"potentialAction":[{"@type":"SearchAction","target":{"@type":"EntryPoint","urlTemplate":"https:\/\/progresso.com.br\/?s={search_term_string}"},"query-input":{"@type":"PropertyValueSpecification","valueRequired":true,"valueName":"search_term_string"}}],"inLanguage":"pt-BR"},{"@type":"Organization","@id":"https:\/\/progresso.com.br\/#organization","name":"O PROGRESSO","url":"https:\/\/progresso.com.br\/","logo":{"@type":"ImageObject","inLanguage":"pt-BR","@id":"https:\/\/progresso.com.br\/#\/schema\/logo\/image\/","url":"https:\/\/progresso.com.br\/wp-content\/uploads\/2026\/03\/logo_proog.jpg","contentUrl":"https:\/\/progresso.com.br\/wp-content\/uploads\/2026\/03\/logo_proog.jpg","width":1960,"height":1080,"caption":"O PROGRESSO"},"image":{"@id":"https:\/\/progresso.com.br\/#\/schema\/logo\/image\/"},"sameAs":["https:\/\/www.facebook.com\/share\/1CeoksKBj6\/","https:\/\/www.instagram.com\/oprogresso_digital"]},{"@type":"Person","@id":"https:\/\/progresso.com.br\/#\/schema\/person\/5dd27138d4463fbbaace62120bfc002b","name":"Rose","image":{"@type":"ImageObject","inLanguage":"pt-BR","@id":"https:\/\/progresso.com.br\/#\/schema\/person\/image\/","url":"https:\/\/secure.gravatar.com\/avatar\/1b6890e759cdd3a88d9f751cb423720b9861c5239167cd3586355638b6556599?s=96&d=mm&r=g","contentUrl":"https:\/\/secure.gravatar.com\/avatar\/1b6890e759cdd3a88d9f751cb423720b9861c5239167cd3586355638b6556599?s=96&d=mm&r=g","caption":"Rose"},"url":"https:\/\/progresso.com.br\/index.php\/author\/rose\/"}]}},"_links":{"self":[{"href":"https:\/\/progresso.com.br\/index.php\/wp-json\/wp\/v2\/posts\/653","targetHints":{"allow":["GET"]}}],"collection":[{"href":"https:\/\/progresso.com.br\/index.php\/wp-json\/wp\/v2\/posts"}],"about":[{"href":"https:\/\/progresso.com.br\/index.php\/wp-json\/wp\/v2\/types\/post"}],"author":[{"embeddable":true,"href":"https:\/\/progresso.com.br\/index.php\/wp-json\/wp\/v2\/users\/2"}],"replies":[{"embeddable":true,"href":"https:\/\/progresso.com.br\/index.php\/wp-json\/wp\/v2\/comments?post=653"}],"version-history":[{"count":1,"href":"https:\/\/progresso.com.br\/index.php\/wp-json\/wp\/v2\/posts\/653\/revisions"}],"predecessor-version":[{"id":655,"href":"https:\/\/progresso.com.br\/index.php\/wp-json\/wp\/v2\/posts\/653\/revisions\/655"}],"wp:featuredmedia":[{"embeddable":true,"href":"https:\/\/progresso.com.br\/index.php\/wp-json\/wp\/v2\/media\/654"}],"wp:attachment":[{"href":"https:\/\/progresso.com.br\/index.php\/wp-json\/wp\/v2\/media?parent=653"}],"wp:term":[{"taxonomy":"category","embeddable":true,"href":"https:\/\/progresso.com.br\/index.php\/wp-json\/wp\/v2\/categories?post=653"},{"taxonomy":"post_tag","embeddable":true,"href":"https:\/\/progresso.com.br\/index.php\/wp-json\/wp\/v2\/tags?post=653"}],"curies":[{"name":"wp","href":"https:\/\/api.w.org\/{rel}","templated":true}]}}