{"id":656,"date":"2026-03-11T16:03:19","date_gmt":"2026-03-11T20:03:19","guid":{"rendered":"https:\/\/10nl.com.br\/?p=656"},"modified":"2026-03-11T16:03:19","modified_gmt":"2026-03-11T20:03:19","slug":"camara-dos-deputados-aprova-uso-obrigatorio-de-tornozeleira-por-agressores-de-mulher","status":"publish","type":"post","link":"https:\/\/progresso.com.br\/index.php\/2026\/03\/11\/camara-dos-deputados-aprova-uso-obrigatorio-de-tornozeleira-por-agressores-de-mulher\/","title":{"rendered":"C\u00e2mara dos deputados aprova uso obrigat\u00f3rio de tornozeleira por agressores de mulher"},"content":{"rendered":"\n<p><strong><em>Medida segue para aprecia\u00e7\u00e3o do Senad<\/em>o<\/strong><\/p>\n\n\n\n<p><em>Daniella Almeida &#8211;  Ag\u00eancia Brasil<\/em><\/p>\n\n\n\n<p>A C\u00e2mara dos Deputados aprovou, nesta ter\u00e7a-feira (10), o&nbsp;<a href=\"https:\/\/www.camara.leg.br\/proposicoesWeb\/fichadetramitacao?idProposicao=2449741\" target=\"_blank\" rel=\"noreferrer noopener\">Projeto de Lei (PL) n\u00ba 2942\/2024<\/a>&nbsp;que permite \u00e0 Justi\u00e7a determinar o&nbsp;<strong>uso imediato de tornozeleira eletr\u00f4nica pelo agressor de mulheres em situa\u00e7\u00e3o de viol\u00eancia dom\u00e9stica e familiar<\/strong>, se for verificado o alto risco \u00e0 vida delas. O objetivo \u00e9 ampliar a prote\u00e7\u00e3o \u00e0s v\u00edtimas.<img decoding=\"async\" src=\"https:\/\/agenciabrasil.ebc.com.br\/ebc.png?id=1681538&amp;o=node\"><img decoding=\"async\" src=\"https:\/\/agenciabrasil.ebc.com.br\/ebc.gif?id=1681538&amp;o=node\"><\/p>\n\n\n\n<p>De autoria dos deputados Fernanda Melchionna (PSol-RS) e Marcos Tavares (PDT-RJ), o projeto foi aprovado com substitutivo da relatora, deputada Delegada Ione (Avante-MG).<\/p>\n\n\n\n<p>A deputada Fernanda&nbsp;Melchionna afirma que, atualmente, apenas 6% das medidas protetivas contam com monitoramento eletr\u00f4nico. Ela frisa que a ferramenta&nbsp;<strong>reduz os feminic\u00eddios assim como a taxa de reincid\u00eancia dos agressores em outros crimes relacionados \u00e0 viol\u00eancia dom\u00e9stica.<\/strong><\/p>\n\n\n\n<blockquote class=\"wp-block-quote is-layout-flow wp-block-quote-is-layout-flow\">\n<p>\u201cN\u00e3o d\u00e1 mais para a gente ver v\u00e1rias mulheres sob medidas protetivas sem medidas protetivas efetivas\u201d, disse em sua rede social.<\/p>\n<\/blockquote>\n\n\n\n<p><strong>A medida seguir\u00e1 para aprecia\u00e7\u00e3o do Senado.<\/strong><br><br><\/p>\n\n\n\n<h2 class=\"wp-block-heading\">Vira regra<\/h2>\n\n\n\n<p>Pelo projeto de lei, a imposi\u00e7\u00e3o de uso da tornozeleira passa a ser regra em casos de alto risco de agress\u00f5es graves \u00e0s mulheres.&nbsp;<strong>O risco a ser avaliado deve ser atual ou iminente \u00e0 vida ou \u00e0 integridade f\u00edsica ou psicol\u00f3gica da mulher ou de seus dependentes.<\/strong><\/p>\n\n\n\n<p>A exig\u00eancia da&nbsp;termina\u00e7\u00e3o de&nbsp;medida protetiva de urg\u00eancia fortalece a prote\u00e7\u00e3o prevista na&nbsp;<a href=\"https:\/\/www.planalto.gov.br\/ccivil_03\/_ato2004-2006\/2006\/lei\/l11340.htm\" target=\"_blank\" rel=\"noreferrer noopener\">Lei Maria da Penha n\u00ba 11.340\/2006<\/a>,&nbsp;aplic\u00e1vel em conjunto com outras.<\/p>\n\n\n\n<p>Al\u00e9m dos casos em que for verificado o risco iminente \u00e0 integridade f\u00edsica ou psicol\u00f3gica da v\u00edtima, a&nbsp;<strong>imposi\u00e7\u00e3o da tornozeleira ser\u00e1 prioridade nos casos em que houver descumprimento de medidas protetivas anteriormente impostas.<\/strong><\/p>\n\n\n\n<p>Se um juiz decidir que a tornozeleira n\u00e3o deve ser mais usada, o&nbsp;<strong>magistrado dever\u00e1 justificar expressamente os motivos que o levaram a tomar a decis\u00e3o.<\/strong><\/p>\n\n\n\n<h2 class=\"wp-block-heading\">Cidades pequenas<\/h2>\n\n\n\n<p><strong>Em munic\u00edpios em que n\u00e3o existe uma comarca, portanto, localidades sem um juiz, o uso da tornozeleira poder\u00e1 ser aplicado pelo delegado de pol\u00edcia local.<\/strong><\/p>\n\n\n\n<p>Atualmente, o<strong>&nbsp;afastamento imediato do lar \u00e9 a \u00fanica medida protetiva que o delegado pode adotar nas localidades sem um representante do poder Judici\u00e1rio<\/strong>.<\/p>\n\n\n\n<p>O projeto prev\u00ea que, caso a autoridade policial determine a instala\u00e7\u00e3o da tornozeleira eletr\u00f4nica, a medida seja comunicada ao Minist\u00e9rio P\u00fablico e \u00e0 Justi\u00e7a em 24 horas.<\/p>\n\n\n\n<p>O&nbsp;<a href=\"https:\/\/forumseguranca.org.br\/wp-content\/uploads\/2026\/03\/nota-tecnica-dia-mulher-2026.pdf\" target=\"_blank\" rel=\"noreferrer noopener\">levantamento do F\u00f3rum Brasileiro de Seguran\u00e7a P\u00fablica<\/a>&nbsp;mostra que, em 2024, 50% dos feminic\u00eddios ocorreram em cidades com at\u00e9 100 mil habitantes. Naquele ano, apenas 5% das cidades possuiam delegacias da mulher e somente 3% dos munic\u00edpios tinham&nbsp;acesso a&nbsp;uma casa abrigo.<\/p>\n\n\n\n<h2 class=\"wp-block-heading\">Rastreamento pela v\u00edtima e pela pol\u00edcia<\/h2>\n\n\n\n<p>O texto do projeto determina que, nas situa\u00e7\u00f5es de uso da tornozeleira pelo agressor, deve ser entregue \u00e0 mulher v\u00edtima um&nbsp;<strong>dispositivo port\u00e1til de rastreamento que alerte sobre eventual aproxima\u00e7\u00e3o do agressor.<\/strong><\/p>\n\n\n\n<p>O aparelho de seguran\u00e7a vai emitir um alerta autom\u00e1tico e simult\u00e2neo para v\u00edtima e para pol\u00edcia,&nbsp;<strong>logo que o agressor romper a \u00e1rea de tr\u00e2nsito proibido, fixada judicialmente<\/strong>.<\/p>\n\n\n\n<p>A iniciativa tem o objetivo de permitir o monitoramento ativo do&nbsp;<strong>cumprimento das restri\u00e7\u00f5es impostas<\/strong>.<\/p>\n\n\n\n<h2 class=\"wp-block-heading\">Aumento da pena<\/h2>\n\n\n\n<p>O texto aprovado aumenta &#8211; de um ter\u00e7o&nbsp;\u00e0 metade &#8211;&nbsp;a&nbsp;<strong>pena de reclus\u00e3o de 2 a 5 anos por descumprimento de medidas protetivas<\/strong>, caso o agressor se aproxime da v\u00edtima&nbsp;ou remover&nbsp;a tornozeleira sem autoriza\u00e7\u00e3o judicial.<\/p>\n\n\n\n<p>Em sua rede social, o coautor do Projeto de Lei 2942\/2024, o deputado Marcos Tavares (PDT-RJ), comemorou a aprova\u00e7\u00e3o pela C\u00e2mara.<\/p>\n\n\n\n<blockquote class=\"wp-block-quote is-layout-flow wp-block-quote-is-layout-flow\">\n<p>\u201cQuem agride precisa ser vigiado. E quem sofre viol\u00eancia precisa ser protegido.\u201d<\/p>\n<\/blockquote>\n\n\n\n<h2 class=\"wp-block-heading\">Mais dinheiro e campanhas<\/h2>\n\n\n\n<p>O projeto tamb\u00e9m aumenta&nbsp;<strong>de 5% para 6%&nbsp;<\/strong>a cota de recursos do Fundo Nacional de Seguran\u00e7a P\u00fablica (FNSP) que deve&nbsp;ser destinada a a\u00e7\u00f5es de enfrentamento da viol\u00eancia contra a mulher, incluindo explicitamente o custeio da compra e manuten\u00e7\u00e3o desses equipamentos.<\/p>\n\n\n\n<p>O texto coloca como prioridade a&nbsp;<strong>compra e manuten\u00e7\u00e3o das tornozeleiras e de dispositivos de acompanhamento para as v\u00edtimas<\/strong>.<\/p>\n\n\n\n<p>Segundo o projeto, as campanhas de enfrentamento da viol\u00eancia contra a mulher dever\u00e3o contemplar informa\u00e7\u00f5es sobre procedimentos e abordagens policiais, preven\u00e7\u00e3o \u00e0 revitimiza\u00e7\u00e3o, funcionamento das medidas protetivas de urg\u00eancia e mecanismos de monitora\u00e7\u00e3o eletr\u00f4nica.<\/p>\n\n\n\n<h2 class=\"wp-block-heading\">Pr\u00f3ximos passos<\/h2>\n\n\n\n<p><strong>Com a aprova\u00e7\u00e3o pela C\u00e2mara, o projeto de lei ser\u00e1 enviado ao Senado para ser analisado, discutido e votado pelos senadores<\/strong>.<\/p>\n\n\n\n<p>Se for aprovada sem altera\u00e7\u00f5es, a&nbsp;<strong>proposta segue para a san\u00e7\u00e3o do presidente da Rep\u00fablica<\/strong>.<\/p>\n\n\n\n<p>Se os senadores fizerem mudan\u00e7as (emendas), o&nbsp;<strong>projeto precisar\u00e1 voltar \u00e0 C\u00e2mara dos Deputados para que as altera\u00e7\u00f5es sejam validadas.<\/strong><\/p>\n\n\n\n<p><strong>Mas, se for rejeitado, o projeto ser\u00e1 arquivado.<\/strong><\/p>\n\n\n\n<h2 class=\"wp-block-heading\">Viol\u00eancia em n\u00fameros<\/h2>\n\n\n\n<p>O projeto frisa que o Brasil enfrenta, nos \u00faltimos anos, um crescimento alarmante no n\u00famero de feminic\u00eddios, muitos deles cometidos por ex-companheiros ou c\u00f4njuges que j\u00e1 eram alvo de medidas protetivas previstas<\/p>\n\n\n\n<p>Em 2025, foram 1.568 mulheres v\u00edtimas de feminic\u00eddio no Brasil,&nbsp;<strong>crescimento de 4,7% em rela\u00e7\u00e3o ao ano anterior.<\/strong>&nbsp;Em rela\u00e7\u00e3o a 2021,&nbsp;<strong>aumento \u00e9 de 14,5%.<\/strong><\/p>\n\n\n\n<p><strong>Os&nbsp;<a href=\"https:\/\/forumseguranca.org.br\/wp-content\/uploads\/2026\/03\/nota-tecnica-dia-mulher-2026.pdf\" target=\"_blank\" rel=\"noreferrer noopener\">dados<\/a>&nbsp;s\u00e3o do&nbsp;Levantamento do F\u00f3rum Brasileiro de Seguran\u00e7a P\u00fablica<\/strong>.<\/p>\n\n\n\n<p>O relat\u00f3rio mostra que, em 2024,&nbsp;13,1% das mulheres v\u00edtimas de feminic\u00eddio no Brasil foram assassinadas mesmo tendo uma&nbsp;medida protetiva&nbsp;de urg\u00eancia em vigor.<\/p>\n\n\n\n<p>Desde que a Lei do Feminic\u00eddio (n\u00ba 13.104\/2015) tipificou o assassinato de mulheres por raz\u00f5es de g\u00eanero como crime hediondo, 13.703 mulheres foram v\u00edtimas do feminic\u00eddio, entre 2015 e 2025.<\/p>\n\n\n\n<h2 class=\"wp-block-heading\">Como denunciar<\/h2>\n\n\n\n<p>\u00c9 poss\u00edvel pedir ajuda e denunciar casos de viol\u00eancia dom\u00e9stica e contra a mulher na Central de Atendimento \u00e0 Mulher \u2013 Ligue 180, um servi\u00e7o gratuito que funciona 24 horas por dia, todos os dias da semana, e pode ser usado por mulheres em situa\u00e7\u00e3o de viol\u00eancia ou qualquer pessoa que queira denunciar uma situa\u00e7\u00e3o de viol\u00eancia contra a mulher..<\/p>\n\n\n\n<p>O servi\u00e7o est\u00e1 dispon\u00edvel tamb\u00e9m no&nbsp;<a href=\"https:\/\/wa.me\/5561996100180\" target=\"_blank\" rel=\"noreferrer noopener\">WhatsApp: (61) 9610-0180<\/a>&nbsp;e pelo e-mail&nbsp;<a href=\"mailto:central180@mulheres.gov.br\">central180@mulheres.gov.br<\/a>.<\/p>\n\n\n\n<p>Den\u00fancias de viol\u00eancia contra a mulher tamb\u00e9m podem ser apresentadas em delegacias especializadas de atendimento \u00e0 mulher (Deam), em delegacias comuns e nas Casas da Mulher Brasileira.&nbsp;<a href=\"https:\/\/www.gov.br\/mulheres\/pt-br\/ligue180\/painel-da-rede-de-atendimento\" target=\"_blank\" rel=\"noreferrer noopener\">Saiba onde encontrar<\/a><\/p>\n\n\n\n<p>Ainda \u00e9 poss\u00edvel pedir ajuda por meio do Disque 100, que recebe casos de viola\u00e7\u00f5es de direitos humanos, e pelo&nbsp;190, n\u00famero da Pol\u00edcia Militar.&nbsp;<\/p>\n","protected":false},"excerpt":{"rendered":"<p>Medida segue para aprecia\u00e7\u00e3o do Senado Daniella Almeida &#8211; Ag\u00eancia Brasil A C\u00e2mara dos Deputados aprovou, nesta ter\u00e7a-feira (10), o&nbsp;Projeto de Lei (PL) n\u00ba 2942\/2024&nbsp;que permite \u00e0 Justi\u00e7a determinar o&nbsp;uso imediato de tornozeleira eletr\u00f4nica pelo agressor de mulheres em situa\u00e7\u00e3o de viol\u00eancia dom\u00e9stica e familiar, se for verificado o alto risco \u00e0 vida delas. O [&hellip;]<\/p>\n","protected":false},"author":2,"featured_media":657,"comment_status":"open","ping_status":"open","sticky":false,"template":"","format":"standard","meta":{"footnotes":""},"categories":[2,15],"tags":[],"class_list":["post-656","post","type-post","status-publish","format-standard","has-post-thumbnail","hentry","category-destaque","category-seguranca"],"yoast_head":"<!-- This site is optimized with the Yoast SEO plugin v27.1.1 - https:\/\/yoast.com\/product\/yoast-seo-wordpress\/ -->\n<title>C\u00e2mara dos deputados aprova uso obrigat\u00f3rio de tornozeleira por agressores de mulher - O PROGRESSO<\/title>\n<meta name=\"robots\" content=\"index, follow, max-snippet:-1, max-image-preview:large, max-video-preview:-1\" \/>\n<link rel=\"canonical\" href=\"https:\/\/progresso.com.br\/index.php\/2026\/03\/11\/camara-dos-deputados-aprova-uso-obrigatorio-de-tornozeleira-por-agressores-de-mulher\/\" \/>\n<meta property=\"og:locale\" content=\"pt_BR\" \/>\n<meta property=\"og:type\" content=\"article\" \/>\n<meta property=\"og:title\" content=\"C\u00e2mara dos deputados aprova uso obrigat\u00f3rio de tornozeleira por agressores de mulher - O PROGRESSO\" \/>\n<meta property=\"og:description\" content=\"Medida segue para aprecia\u00e7\u00e3o do Senado Daniella Almeida &#8211; Ag\u00eancia Brasil A C\u00e2mara dos Deputados aprovou, nesta ter\u00e7a-feira (10), o&nbsp;Projeto de Lei (PL) n\u00ba 2942\/2024&nbsp;que permite \u00e0 Justi\u00e7a determinar o&nbsp;uso imediato de tornozeleira eletr\u00f4nica pelo agressor de mulheres em situa\u00e7\u00e3o de viol\u00eancia dom\u00e9stica e familiar, se for verificado o alto risco \u00e0 vida delas. O [&hellip;]\" \/>\n<meta property=\"og:url\" content=\"https:\/\/progresso.com.br\/index.php\/2026\/03\/11\/camara-dos-deputados-aprova-uso-obrigatorio-de-tornozeleira-por-agressores-de-mulher\/\" \/>\n<meta property=\"og:site_name\" content=\"O PROGRESSO\" \/>\n<meta property=\"article:publisher\" content=\"https:\/\/www.facebook.com\/share\/1CeoksKBj6\/\" \/>\n<meta property=\"article:published_time\" content=\"2026-03-11T20:03:19+00:00\" \/>\n<meta property=\"og:image\" content=\"https:\/\/progresso.com.br\/wp-content\/uploads\/2026\/03\/ts5787.webp\" \/>\n\t<meta property=\"og:image:width\" content=\"1170\" \/>\n\t<meta property=\"og:image:height\" content=\"700\" \/>\n\t<meta property=\"og:image:type\" content=\"image\/webp\" \/>\n<meta name=\"author\" content=\"Rose\" \/>\n<meta name=\"twitter:card\" content=\"summary_large_image\" \/>\n<meta name=\"twitter:label1\" content=\"Escrito por\" \/>\n\t<meta name=\"twitter:data1\" content=\"Rose\" \/>\n\t<meta name=\"twitter:label2\" content=\"Est. tempo de leitura\" \/>\n\t<meta name=\"twitter:data2\" content=\"6 minutos\" \/>\n<script type=\"application\/ld+json\" class=\"yoast-schema-graph\">{\"@context\":\"https:\/\/schema.org\",\"@graph\":[{\"@type\":\"Article\",\"@id\":\"https:\/\/progresso.com.br\/index.php\/2026\/03\/11\/camara-dos-deputados-aprova-uso-obrigatorio-de-tornozeleira-por-agressores-de-mulher\/#article\",\"isPartOf\":{\"@id\":\"https:\/\/progresso.com.br\/index.php\/2026\/03\/11\/camara-dos-deputados-aprova-uso-obrigatorio-de-tornozeleira-por-agressores-de-mulher\/\"},\"author\":{\"name\":\"Rose\",\"@id\":\"https:\/\/progresso.com.br\/#\/schema\/person\/5dd27138d4463fbbaace62120bfc002b\"},\"headline\":\"C\u00e2mara dos deputados aprova uso obrigat\u00f3rio de tornozeleira por agressores de mulher\",\"datePublished\":\"2026-03-11T20:03:19+00:00\",\"mainEntityOfPage\":{\"@id\":\"https:\/\/progresso.com.br\/index.php\/2026\/03\/11\/camara-dos-deputados-aprova-uso-obrigatorio-de-tornozeleira-por-agressores-de-mulher\/\"},\"wordCount\":1137,\"commentCount\":0,\"publisher\":{\"@id\":\"https:\/\/progresso.com.br\/#organization\"},\"image\":{\"@id\":\"https:\/\/progresso.com.br\/index.php\/2026\/03\/11\/camara-dos-deputados-aprova-uso-obrigatorio-de-tornozeleira-por-agressores-de-mulher\/#primaryimage\"},\"thumbnailUrl\":\"https:\/\/progresso.com.br\/wp-content\/uploads\/2026\/03\/ts5787.webp\",\"articleSection\":[\"Em destaque\",\"Seguran\u00e7a\"],\"inLanguage\":\"pt-BR\",\"potentialAction\":[{\"@type\":\"CommentAction\",\"name\":\"Comment\",\"target\":[\"https:\/\/progresso.com.br\/index.php\/2026\/03\/11\/camara-dos-deputados-aprova-uso-obrigatorio-de-tornozeleira-por-agressores-de-mulher\/#respond\"]}]},{\"@type\":\"WebPage\",\"@id\":\"https:\/\/progresso.com.br\/index.php\/2026\/03\/11\/camara-dos-deputados-aprova-uso-obrigatorio-de-tornozeleira-por-agressores-de-mulher\/\",\"url\":\"https:\/\/progresso.com.br\/index.php\/2026\/03\/11\/camara-dos-deputados-aprova-uso-obrigatorio-de-tornozeleira-por-agressores-de-mulher\/\",\"name\":\"C\u00e2mara dos deputados aprova uso obrigat\u00f3rio de tornozeleira por agressores de mulher - O PROGRESSO\",\"isPartOf\":{\"@id\":\"https:\/\/progresso.com.br\/#website\"},\"primaryImageOfPage\":{\"@id\":\"https:\/\/progresso.com.br\/index.php\/2026\/03\/11\/camara-dos-deputados-aprova-uso-obrigatorio-de-tornozeleira-por-agressores-de-mulher\/#primaryimage\"},\"image\":{\"@id\":\"https:\/\/progresso.com.br\/index.php\/2026\/03\/11\/camara-dos-deputados-aprova-uso-obrigatorio-de-tornozeleira-por-agressores-de-mulher\/#primaryimage\"},\"thumbnailUrl\":\"https:\/\/progresso.com.br\/wp-content\/uploads\/2026\/03\/ts5787.webp\",\"datePublished\":\"2026-03-11T20:03:19+00:00\",\"breadcrumb\":{\"@id\":\"https:\/\/progresso.com.br\/index.php\/2026\/03\/11\/camara-dos-deputados-aprova-uso-obrigatorio-de-tornozeleira-por-agressores-de-mulher\/#breadcrumb\"},\"inLanguage\":\"pt-BR\",\"potentialAction\":[{\"@type\":\"ReadAction\",\"target\":[\"https:\/\/progresso.com.br\/index.php\/2026\/03\/11\/camara-dos-deputados-aprova-uso-obrigatorio-de-tornozeleira-por-agressores-de-mulher\/\"]}]},{\"@type\":\"ImageObject\",\"inLanguage\":\"pt-BR\",\"@id\":\"https:\/\/progresso.com.br\/index.php\/2026\/03\/11\/camara-dos-deputados-aprova-uso-obrigatorio-de-tornozeleira-por-agressores-de-mulher\/#primaryimage\",\"url\":\"https:\/\/progresso.com.br\/wp-content\/uploads\/2026\/03\/ts5787.webp\",\"contentUrl\":\"https:\/\/progresso.com.br\/wp-content\/uploads\/2026\/03\/ts5787.webp\",\"width\":1170,\"height\":700,\"caption\":\"Foto: Tiago Stille\/Gov. Cear\u00e1\"},{\"@type\":\"BreadcrumbList\",\"@id\":\"https:\/\/progresso.com.br\/index.php\/2026\/03\/11\/camara-dos-deputados-aprova-uso-obrigatorio-de-tornozeleira-por-agressores-de-mulher\/#breadcrumb\",\"itemListElement\":[{\"@type\":\"ListItem\",\"position\":1,\"name\":\"In\u00edcio\",\"item\":\"https:\/\/progresso.com.br\/\"},{\"@type\":\"ListItem\",\"position\":2,\"name\":\"C\u00e2mara dos deputados aprova uso obrigat\u00f3rio de tornozeleira por agressores de mulher\"}]},{\"@type\":\"WebSite\",\"@id\":\"https:\/\/progresso.com.br\/#website\",\"url\":\"https:\/\/progresso.com.br\/\",\"name\":\"O PROGRESSO\",\"description\":\"\",\"publisher\":{\"@id\":\"https:\/\/progresso.com.br\/#organization\"},\"potentialAction\":[{\"@type\":\"SearchAction\",\"target\":{\"@type\":\"EntryPoint\",\"urlTemplate\":\"https:\/\/progresso.com.br\/?s={search_term_string}\"},\"query-input\":{\"@type\":\"PropertyValueSpecification\",\"valueRequired\":true,\"valueName\":\"search_term_string\"}}],\"inLanguage\":\"pt-BR\"},{\"@type\":\"Organization\",\"@id\":\"https:\/\/progresso.com.br\/#organization\",\"name\":\"O PROGRESSO\",\"url\":\"https:\/\/progresso.com.br\/\",\"logo\":{\"@type\":\"ImageObject\",\"inLanguage\":\"pt-BR\",\"@id\":\"https:\/\/progresso.com.br\/#\/schema\/logo\/image\/\",\"url\":\"https:\/\/progresso.com.br\/wp-content\/uploads\/2026\/03\/logo_proog.jpg\",\"contentUrl\":\"https:\/\/progresso.com.br\/wp-content\/uploads\/2026\/03\/logo_proog.jpg\",\"width\":1960,\"height\":1080,\"caption\":\"O PROGRESSO\"},\"image\":{\"@id\":\"https:\/\/progresso.com.br\/#\/schema\/logo\/image\/\"},\"sameAs\":[\"https:\/\/www.facebook.com\/share\/1CeoksKBj6\/\",\"https:\/\/www.instagram.com\/oprogresso_digital\"]},{\"@type\":\"Person\",\"@id\":\"https:\/\/progresso.com.br\/#\/schema\/person\/5dd27138d4463fbbaace62120bfc002b\",\"name\":\"Rose\",\"image\":{\"@type\":\"ImageObject\",\"inLanguage\":\"pt-BR\",\"@id\":\"https:\/\/progresso.com.br\/#\/schema\/person\/image\/\",\"url\":\"https:\/\/secure.gravatar.com\/avatar\/1b6890e759cdd3a88d9f751cb423720b9861c5239167cd3586355638b6556599?s=96&d=mm&r=g\",\"contentUrl\":\"https:\/\/secure.gravatar.com\/avatar\/1b6890e759cdd3a88d9f751cb423720b9861c5239167cd3586355638b6556599?s=96&d=mm&r=g\",\"caption\":\"Rose\"},\"url\":\"https:\/\/progresso.com.br\/index.php\/author\/rose\/\"}]}<\/script>\n<!-- \/ Yoast SEO plugin. -->","yoast_head_json":{"title":"C\u00e2mara dos deputados aprova uso obrigat\u00f3rio de tornozeleira por agressores de mulher - O PROGRESSO","robots":{"index":"index","follow":"follow","max-snippet":"max-snippet:-1","max-image-preview":"max-image-preview:large","max-video-preview":"max-video-preview:-1"},"canonical":"https:\/\/progresso.com.br\/index.php\/2026\/03\/11\/camara-dos-deputados-aprova-uso-obrigatorio-de-tornozeleira-por-agressores-de-mulher\/","og_locale":"pt_BR","og_type":"article","og_title":"C\u00e2mara dos deputados aprova uso obrigat\u00f3rio de tornozeleira por agressores de mulher - O PROGRESSO","og_description":"Medida segue para aprecia\u00e7\u00e3o do Senado Daniella Almeida &#8211; Ag\u00eancia Brasil A C\u00e2mara dos Deputados aprovou, nesta ter\u00e7a-feira (10), o&nbsp;Projeto de Lei (PL) n\u00ba 2942\/2024&nbsp;que permite \u00e0 Justi\u00e7a determinar o&nbsp;uso imediato de tornozeleira eletr\u00f4nica pelo agressor de mulheres em situa\u00e7\u00e3o de viol\u00eancia dom\u00e9stica e familiar, se for verificado o alto risco \u00e0 vida delas. O [&hellip;]","og_url":"https:\/\/progresso.com.br\/index.php\/2026\/03\/11\/camara-dos-deputados-aprova-uso-obrigatorio-de-tornozeleira-por-agressores-de-mulher\/","og_site_name":"O PROGRESSO","article_publisher":"https:\/\/www.facebook.com\/share\/1CeoksKBj6\/","article_published_time":"2026-03-11T20:03:19+00:00","og_image":[{"width":1170,"height":700,"url":"https:\/\/progresso.com.br\/wp-content\/uploads\/2026\/03\/ts5787.webp","type":"image\/webp"}],"author":"Rose","twitter_card":"summary_large_image","twitter_misc":{"Escrito por":"Rose","Est. tempo de leitura":"6 minutos"},"schema":{"@context":"https:\/\/schema.org","@graph":[{"@type":"Article","@id":"https:\/\/progresso.com.br\/index.php\/2026\/03\/11\/camara-dos-deputados-aprova-uso-obrigatorio-de-tornozeleira-por-agressores-de-mulher\/#article","isPartOf":{"@id":"https:\/\/progresso.com.br\/index.php\/2026\/03\/11\/camara-dos-deputados-aprova-uso-obrigatorio-de-tornozeleira-por-agressores-de-mulher\/"},"author":{"name":"Rose","@id":"https:\/\/progresso.com.br\/#\/schema\/person\/5dd27138d4463fbbaace62120bfc002b"},"headline":"C\u00e2mara dos deputados aprova uso obrigat\u00f3rio de tornozeleira por agressores de mulher","datePublished":"2026-03-11T20:03:19+00:00","mainEntityOfPage":{"@id":"https:\/\/progresso.com.br\/index.php\/2026\/03\/11\/camara-dos-deputados-aprova-uso-obrigatorio-de-tornozeleira-por-agressores-de-mulher\/"},"wordCount":1137,"commentCount":0,"publisher":{"@id":"https:\/\/progresso.com.br\/#organization"},"image":{"@id":"https:\/\/progresso.com.br\/index.php\/2026\/03\/11\/camara-dos-deputados-aprova-uso-obrigatorio-de-tornozeleira-por-agressores-de-mulher\/#primaryimage"},"thumbnailUrl":"https:\/\/progresso.com.br\/wp-content\/uploads\/2026\/03\/ts5787.webp","articleSection":["Em destaque","Seguran\u00e7a"],"inLanguage":"pt-BR","potentialAction":[{"@type":"CommentAction","name":"Comment","target":["https:\/\/progresso.com.br\/index.php\/2026\/03\/11\/camara-dos-deputados-aprova-uso-obrigatorio-de-tornozeleira-por-agressores-de-mulher\/#respond"]}]},{"@type":"WebPage","@id":"https:\/\/progresso.com.br\/index.php\/2026\/03\/11\/camara-dos-deputados-aprova-uso-obrigatorio-de-tornozeleira-por-agressores-de-mulher\/","url":"https:\/\/progresso.com.br\/index.php\/2026\/03\/11\/camara-dos-deputados-aprova-uso-obrigatorio-de-tornozeleira-por-agressores-de-mulher\/","name":"C\u00e2mara dos deputados aprova uso obrigat\u00f3rio de tornozeleira por agressores de mulher - O PROGRESSO","isPartOf":{"@id":"https:\/\/progresso.com.br\/#website"},"primaryImageOfPage":{"@id":"https:\/\/progresso.com.br\/index.php\/2026\/03\/11\/camara-dos-deputados-aprova-uso-obrigatorio-de-tornozeleira-por-agressores-de-mulher\/#primaryimage"},"image":{"@id":"https:\/\/progresso.com.br\/index.php\/2026\/03\/11\/camara-dos-deputados-aprova-uso-obrigatorio-de-tornozeleira-por-agressores-de-mulher\/#primaryimage"},"thumbnailUrl":"https:\/\/progresso.com.br\/wp-content\/uploads\/2026\/03\/ts5787.webp","datePublished":"2026-03-11T20:03:19+00:00","breadcrumb":{"@id":"https:\/\/progresso.com.br\/index.php\/2026\/03\/11\/camara-dos-deputados-aprova-uso-obrigatorio-de-tornozeleira-por-agressores-de-mulher\/#breadcrumb"},"inLanguage":"pt-BR","potentialAction":[{"@type":"ReadAction","target":["https:\/\/progresso.com.br\/index.php\/2026\/03\/11\/camara-dos-deputados-aprova-uso-obrigatorio-de-tornozeleira-por-agressores-de-mulher\/"]}]},{"@type":"ImageObject","inLanguage":"pt-BR","@id":"https:\/\/progresso.com.br\/index.php\/2026\/03\/11\/camara-dos-deputados-aprova-uso-obrigatorio-de-tornozeleira-por-agressores-de-mulher\/#primaryimage","url":"https:\/\/progresso.com.br\/wp-content\/uploads\/2026\/03\/ts5787.webp","contentUrl":"https:\/\/progresso.com.br\/wp-content\/uploads\/2026\/03\/ts5787.webp","width":1170,"height":700,"caption":"Foto: Tiago Stille\/Gov. Cear\u00e1"},{"@type":"BreadcrumbList","@id":"https:\/\/progresso.com.br\/index.php\/2026\/03\/11\/camara-dos-deputados-aprova-uso-obrigatorio-de-tornozeleira-por-agressores-de-mulher\/#breadcrumb","itemListElement":[{"@type":"ListItem","position":1,"name":"In\u00edcio","item":"https:\/\/progresso.com.br\/"},{"@type":"ListItem","position":2,"name":"C\u00e2mara dos deputados aprova uso obrigat\u00f3rio de tornozeleira por agressores de mulher"}]},{"@type":"WebSite","@id":"https:\/\/progresso.com.br\/#website","url":"https:\/\/progresso.com.br\/","name":"O PROGRESSO","description":"","publisher":{"@id":"https:\/\/progresso.com.br\/#organization"},"potentialAction":[{"@type":"SearchAction","target":{"@type":"EntryPoint","urlTemplate":"https:\/\/progresso.com.br\/?s={search_term_string}"},"query-input":{"@type":"PropertyValueSpecification","valueRequired":true,"valueName":"search_term_string"}}],"inLanguage":"pt-BR"},{"@type":"Organization","@id":"https:\/\/progresso.com.br\/#organization","name":"O PROGRESSO","url":"https:\/\/progresso.com.br\/","logo":{"@type":"ImageObject","inLanguage":"pt-BR","@id":"https:\/\/progresso.com.br\/#\/schema\/logo\/image\/","url":"https:\/\/progresso.com.br\/wp-content\/uploads\/2026\/03\/logo_proog.jpg","contentUrl":"https:\/\/progresso.com.br\/wp-content\/uploads\/2026\/03\/logo_proog.jpg","width":1960,"height":1080,"caption":"O PROGRESSO"},"image":{"@id":"https:\/\/progresso.com.br\/#\/schema\/logo\/image\/"},"sameAs":["https:\/\/www.facebook.com\/share\/1CeoksKBj6\/","https:\/\/www.instagram.com\/oprogresso_digital"]},{"@type":"Person","@id":"https:\/\/progresso.com.br\/#\/schema\/person\/5dd27138d4463fbbaace62120bfc002b","name":"Rose","image":{"@type":"ImageObject","inLanguage":"pt-BR","@id":"https:\/\/progresso.com.br\/#\/schema\/person\/image\/","url":"https:\/\/secure.gravatar.com\/avatar\/1b6890e759cdd3a88d9f751cb423720b9861c5239167cd3586355638b6556599?s=96&d=mm&r=g","contentUrl":"https:\/\/secure.gravatar.com\/avatar\/1b6890e759cdd3a88d9f751cb423720b9861c5239167cd3586355638b6556599?s=96&d=mm&r=g","caption":"Rose"},"url":"https:\/\/progresso.com.br\/index.php\/author\/rose\/"}]}},"_links":{"self":[{"href":"https:\/\/progresso.com.br\/index.php\/wp-json\/wp\/v2\/posts\/656","targetHints":{"allow":["GET"]}}],"collection":[{"href":"https:\/\/progresso.com.br\/index.php\/wp-json\/wp\/v2\/posts"}],"about":[{"href":"https:\/\/progresso.com.br\/index.php\/wp-json\/wp\/v2\/types\/post"}],"author":[{"embeddable":true,"href":"https:\/\/progresso.com.br\/index.php\/wp-json\/wp\/v2\/users\/2"}],"replies":[{"embeddable":true,"href":"https:\/\/progresso.com.br\/index.php\/wp-json\/wp\/v2\/comments?post=656"}],"version-history":[{"count":1,"href":"https:\/\/progresso.com.br\/index.php\/wp-json\/wp\/v2\/posts\/656\/revisions"}],"predecessor-version":[{"id":658,"href":"https:\/\/progresso.com.br\/index.php\/wp-json\/wp\/v2\/posts\/656\/revisions\/658"}],"wp:featuredmedia":[{"embeddable":true,"href":"https:\/\/progresso.com.br\/index.php\/wp-json\/wp\/v2\/media\/657"}],"wp:attachment":[{"href":"https:\/\/progresso.com.br\/index.php\/wp-json\/wp\/v2\/media?parent=656"}],"wp:term":[{"taxonomy":"category","embeddable":true,"href":"https:\/\/progresso.com.br\/index.php\/wp-json\/wp\/v2\/categories?post=656"},{"taxonomy":"post_tag","embeddable":true,"href":"https:\/\/progresso.com.br\/index.php\/wp-json\/wp\/v2\/tags?post=656"}],"curies":[{"name":"wp","href":"https:\/\/api.w.org\/{rel}","templated":true}]}}