{"id":685,"date":"2026-03-12T07:21:26","date_gmt":"2026-03-12T11:21:26","guid":{"rendered":"https:\/\/progresso.com.br\/?p=685"},"modified":"2026-03-12T07:21:26","modified_gmt":"2026-03-12T11:21:26","slug":"governo-de-ms-atua-para-garantir-qualidade-da-aprendizagem","status":"publish","type":"post","link":"https:\/\/progresso.com.br\/index.php\/2026\/03\/12\/governo-de-ms-atua-para-garantir-qualidade-da-aprendizagem\/","title":{"rendered":"Governo de MS atua para garantir qualidade da aprendizagem"},"content":{"rendered":"\n<p><strong><em>Caf\u00e9 da manh\u00e3 para alunos da \u00e1rea rural, esta primeira refei\u00e7\u00e3o que garante o bem-estar das crian\u00e7as e adolescentes, al\u00e9m de ajudar, e muito, na concentra\u00e7\u00e3o para o processo de ensino e aprendizagem.<\/em><\/strong><\/p>\n\n\n\n<p><em>Comunica\u00e7\u00e3o Governo de MS<\/em><\/p>\n\n\n\n<p>O barulho do liquidificador onde o leite com chocolate \u00e9 preparado se espalha por toda a Escola Estadual Zumbi dos Palmares, na comunidade quilombola de Furnas do Dion\u00edsio, no munic\u00edpio de Jaraguari, que ainda em sil\u00eancio aguarda a chegada dos alunos.<\/p>\n\n\n\n<p>Todos os dias, antes das 7h, a merendeira Val\u00e9ria Martins, 38 anos, come\u00e7a a preparar o caf\u00e9 da manh\u00e3 que tamb\u00e9m inclui biscoitos e frutas. Enquanto a cozinheira organiza tudo, os alunos come\u00e7am a descer do \u00f4nibus escolar. Mas a chegada at\u00e9 a escola esconde toda a prepara\u00e7\u00e3o antes disso. Em alguns casos, os estudantes precisaram acordar tr\u00eas horas antes do sino tocar o aviso de que o caf\u00e9 da manh\u00e3 est\u00e1 pronto.<\/p>\n\n\n\n<p>O que parece simples ao primeiro olhar \u00e9 de extrema import\u00e2ncia para o dia a dia na escola. Esta primeira refei\u00e7\u00e3o garante o bem-estar das crian\u00e7as e adolescentes, al\u00e9m de ajudar, e muito, na concentra\u00e7\u00e3o para o processo de ensino e aprendizagem.<\/p>\n\n\n\n<p>\u201cEu achei muito legal servir o caf\u00e9 da manh\u00e3. Porque a gente sai muito cedo de casa, alguns 4h30 e 5h da manh\u00e3, a\u00ed n\u00e3o d\u00e1 tempo de comer. O que servem \u00e9 suficiente, assim a gente n\u00e3o fica de barriga vazia e consegue estudar normalmente\u201d, disse a aluna Ludmila Silva, 13 anos, do 8\u00b0 ano do ensino fundamental, e que estuda na unidade desde 2024.<\/p>\n\n\n\n<p>A opini\u00e3o \u00e9 cheia de significado e leva em considera\u00e7\u00e3o a realidade de praticamente todos os alunos da escola, que chegam at\u00e9 l\u00e1 com o uso do transporte escolar.<\/p>\n\n\n\n<p>Enquanto comia uma ma\u00e7\u00e3, Ant\u00f4nio Jo\u00e3o Oliveira, 12 anos \u2013 tamb\u00e9m aluno do 8\u00b0 ano \u2013, confirmou estar satisfeito com a novidade na alimenta\u00e7\u00e3o. \u201cEu acordo 4h20 e pego o \u00f4nibus 5h para poder estar na escola \u00e0s 7h. Gostei do caf\u00e9 da manh\u00e3 porque consigo esperar o primeiro lanche sem ficar com fome\u201d, afirmou.<\/p>\n\n\n\n<p>Al\u00e9m do caf\u00e9 da manh\u00e3, os 19 mil alunos da \u00e1rea rural \u2013 que tamb\u00e9m frequentam as aulas nas escolas urbanas \u2013, passaram a recebera a refei\u00e7\u00e3o extra este ano. Nas escolas integrais, tamb\u00e9m s\u00e3o oferecidos dois lanches (manh\u00e3 e tarde) e o almo\u00e7o, j\u00e1 nas escolas que funcional em per\u00edodo parcial, \u00e9 oferecido um lanche de acordo com o hor\u00e1rio de aula dos alunos.<\/p>\n\n\n\n<p>\u201cAqui a comida \u00e9 muito gostosa e d\u00e1 pra gente se alimentar bem. O almo\u00e7o \u00e9 bem refor\u00e7ado, e os lanches tamb\u00e9m s\u00e3o maravilhosos\u201d, disse Ludimila.<\/p>\n\n\n\n<p>Os elogios dos alunos s\u00e3o o combust\u00edvel para que a merendeira Val\u00e9ria continue a preparar as refei\u00e7\u00f5es com cuidado e aten\u00e7\u00e3o. Ela tamb\u00e9m percebeu a import\u00e2ncia de inserir o caf\u00e9 da manh\u00e3 na rotina dos estudantes. \u201c\u00c9 muito bom para eles. Alguns moram longe, s\u00e3o pequenos e saem naquela correria de casa, acordam e n\u00e3o comem nada. Ent\u00e3o chegam na escola e j\u00e1 tem algo para comerem aqui\u201d, afirmou a merendeira.<\/p>\n\n\n\n<p>A escola atende 90 alunos, que moram na comunidade e em assentamentos pr\u00f3ximos, a partir do 6\u00b0 ano ao 9\u00b0 ano do ensino fundamental o ensino \u00e9 integral. J\u00e1 os alunos do 1\u00b0 ao 3\u00b0 ano do ensino m\u00e9dio, estudam no per\u00edodo noturno.<\/p>\n\n\n\n<p>O diretor da escola, Marcos Ant\u00f4nio Reichel, explica que os professores j\u00e1 relataram a melhora do rendimento e concentra\u00e7\u00e3o dos alunos desde o in\u00edcio do ano letivo, quando o caf\u00e9 da manh\u00e3 passou a ser servido. \u201c\u00c9 extremamente importante a alimenta\u00e7\u00e3o completa e adequada. As crian\u00e7as t\u00eam uma longa viagem at\u00e9 chegar \u00e0 escola. Alguns permanecem de duas ou at\u00e9 mais horas dentro do transporte escolar. Ent\u00e3o, quando a crian\u00e7a chega, j\u00e1 chega com fome. Os professores j\u00e1 perceberam uma melhora em rela\u00e7\u00e3o \u00e0 quest\u00e3o da concentra\u00e7\u00e3o\u201d.<\/p>\n\n\n\n<p>A REE (Rede Estadual de Ensino) tem 352 cozinhas em funcionamento, em todos os munic\u00edpios de Mato Grosso do Sul, que atendem 180 mil estudantes. Por m\u00eas, as escolas servem mais de 4,6 milh\u00f5es de refei\u00e7\u00f5es, entre lanches e almo\u00e7os \u2013 um total de 55,4 milh\u00f5es por ano \u2013, de acordo com dados da Coordenadoria de Alimenta\u00e7\u00e3o Escolar da SED (Secretaria de Estado de Educa\u00e7\u00e3o).<\/p>\n","protected":false},"excerpt":{"rendered":"<p>Caf\u00e9 da manh\u00e3 para alunos da \u00e1rea rural, esta primeira refei\u00e7\u00e3o que garante o bem-estar das crian\u00e7as e adolescentes, al\u00e9m de ajudar, e muito, na concentra\u00e7\u00e3o para o processo de ensino e aprendizagem. Comunica\u00e7\u00e3o Governo de MS O barulho do liquidificador onde o leite com chocolate \u00e9 preparado se espalha por toda a Escola Estadual [&hellip;]<\/p>\n","protected":false},"author":2,"featured_media":686,"comment_status":"open","ping_status":"open","sticky":false,"template":"","format":"standard","meta":{"footnotes":""},"categories":[2,12],"tags":[],"class_list":["post-685","post","type-post","status-publish","format-standard","has-post-thumbnail","hentry","category-destaque","category-sociedade"],"yoast_head":"<!-- This site is optimized with the Yoast SEO plugin v27.1.1 - https:\/\/yoast.com\/product\/yoast-seo-wordpress\/ -->\n<title>Governo de MS atua para garantir qualidade da aprendizagem - O PROGRESSO<\/title>\n<meta name=\"robots\" content=\"index, follow, max-snippet:-1, max-image-preview:large, max-video-preview:-1\" \/>\n<link rel=\"canonical\" href=\"https:\/\/progresso.com.br\/index.php\/2026\/03\/12\/governo-de-ms-atua-para-garantir-qualidade-da-aprendizagem\/\" \/>\n<meta property=\"og:locale\" content=\"pt_BR\" \/>\n<meta property=\"og:type\" content=\"article\" \/>\n<meta property=\"og:title\" content=\"Governo de MS atua para garantir qualidade da aprendizagem - O PROGRESSO\" \/>\n<meta property=\"og:description\" content=\"Caf\u00e9 da manh\u00e3 para alunos da \u00e1rea rural, esta primeira refei\u00e7\u00e3o que garante o bem-estar das crian\u00e7as e adolescentes, al\u00e9m de ajudar, e muito, na concentra\u00e7\u00e3o para o processo de ensino e aprendizagem. Comunica\u00e7\u00e3o Governo de MS O barulho do liquidificador onde o leite com chocolate \u00e9 preparado se espalha por toda a Escola Estadual [&hellip;]\" \/>\n<meta property=\"og:url\" content=\"https:\/\/progresso.com.br\/index.php\/2026\/03\/12\/governo-de-ms-atua-para-garantir-qualidade-da-aprendizagem\/\" \/>\n<meta property=\"og:site_name\" content=\"O PROGRESSO\" \/>\n<meta property=\"article:publisher\" content=\"https:\/\/www.facebook.com\/share\/1CeoksKBj6\/\" \/>\n<meta property=\"article:published_time\" content=\"2026-03-12T11:21:26+00:00\" \/>\n<meta property=\"og:image\" content=\"https:\/\/progresso.com.br\/wp-content\/uploads\/2026\/03\/E.E-Zumbi-dos-Palmares-Foto-Saul-Schramm-4-730x480-1.jpg\" \/>\n\t<meta property=\"og:image:width\" content=\"730\" \/>\n\t<meta property=\"og:image:height\" content=\"480\" \/>\n\t<meta property=\"og:image:type\" content=\"image\/jpeg\" \/>\n<meta name=\"author\" content=\"Rose\" \/>\n<meta name=\"twitter:card\" content=\"summary_large_image\" \/>\n<meta name=\"twitter:label1\" content=\"Escrito por\" \/>\n\t<meta name=\"twitter:data1\" content=\"Rose\" \/>\n\t<meta name=\"twitter:label2\" content=\"Est. tempo de leitura\" \/>\n\t<meta name=\"twitter:data2\" content=\"5 minutos\" \/>\n<script type=\"application\/ld+json\" class=\"yoast-schema-graph\">{\"@context\":\"https:\/\/schema.org\",\"@graph\":[{\"@type\":\"Article\",\"@id\":\"https:\/\/progresso.com.br\/index.php\/2026\/03\/12\/governo-de-ms-atua-para-garantir-qualidade-da-aprendizagem\/#article\",\"isPartOf\":{\"@id\":\"https:\/\/progresso.com.br\/index.php\/2026\/03\/12\/governo-de-ms-atua-para-garantir-qualidade-da-aprendizagem\/\"},\"author\":{\"name\":\"Rose\",\"@id\":\"https:\/\/progresso.com.br\/#\/schema\/person\/5dd27138d4463fbbaace62120bfc002b\"},\"headline\":\"Governo de MS atua para garantir qualidade da aprendizagem\",\"datePublished\":\"2026-03-12T11:21:26+00:00\",\"mainEntityOfPage\":{\"@id\":\"https:\/\/progresso.com.br\/index.php\/2026\/03\/12\/governo-de-ms-atua-para-garantir-qualidade-da-aprendizagem\/\"},\"wordCount\":746,\"commentCount\":0,\"publisher\":{\"@id\":\"https:\/\/progresso.com.br\/#organization\"},\"image\":{\"@id\":\"https:\/\/progresso.com.br\/index.php\/2026\/03\/12\/governo-de-ms-atua-para-garantir-qualidade-da-aprendizagem\/#primaryimage\"},\"thumbnailUrl\":\"https:\/\/progresso.com.br\/wp-content\/uploads\/2026\/03\/E.E-Zumbi-dos-Palmares-Foto-Saul-Schramm-4-730x480-1.jpg\",\"articleSection\":[\"Em destaque\",\"Sociedade\"],\"inLanguage\":\"pt-BR\",\"potentialAction\":[{\"@type\":\"CommentAction\",\"name\":\"Comment\",\"target\":[\"https:\/\/progresso.com.br\/index.php\/2026\/03\/12\/governo-de-ms-atua-para-garantir-qualidade-da-aprendizagem\/#respond\"]}]},{\"@type\":\"WebPage\",\"@id\":\"https:\/\/progresso.com.br\/index.php\/2026\/03\/12\/governo-de-ms-atua-para-garantir-qualidade-da-aprendizagem\/\",\"url\":\"https:\/\/progresso.com.br\/index.php\/2026\/03\/12\/governo-de-ms-atua-para-garantir-qualidade-da-aprendizagem\/\",\"name\":\"Governo de MS atua para garantir qualidade da aprendizagem - O PROGRESSO\",\"isPartOf\":{\"@id\":\"https:\/\/progresso.com.br\/#website\"},\"primaryImageOfPage\":{\"@id\":\"https:\/\/progresso.com.br\/index.php\/2026\/03\/12\/governo-de-ms-atua-para-garantir-qualidade-da-aprendizagem\/#primaryimage\"},\"image\":{\"@id\":\"https:\/\/progresso.com.br\/index.php\/2026\/03\/12\/governo-de-ms-atua-para-garantir-qualidade-da-aprendizagem\/#primaryimage\"},\"thumbnailUrl\":\"https:\/\/progresso.com.br\/wp-content\/uploads\/2026\/03\/E.E-Zumbi-dos-Palmares-Foto-Saul-Schramm-4-730x480-1.jpg\",\"datePublished\":\"2026-03-12T11:21:26+00:00\",\"breadcrumb\":{\"@id\":\"https:\/\/progresso.com.br\/index.php\/2026\/03\/12\/governo-de-ms-atua-para-garantir-qualidade-da-aprendizagem\/#breadcrumb\"},\"inLanguage\":\"pt-BR\",\"potentialAction\":[{\"@type\":\"ReadAction\",\"target\":[\"https:\/\/progresso.com.br\/index.php\/2026\/03\/12\/governo-de-ms-atua-para-garantir-qualidade-da-aprendizagem\/\"]}]},{\"@type\":\"ImageObject\",\"inLanguage\":\"pt-BR\",\"@id\":\"https:\/\/progresso.com.br\/index.php\/2026\/03\/12\/governo-de-ms-atua-para-garantir-qualidade-da-aprendizagem\/#primaryimage\",\"url\":\"https:\/\/progresso.com.br\/wp-content\/uploads\/2026\/03\/E.E-Zumbi-dos-Palmares-Foto-Saul-Schramm-4-730x480-1.jpg\",\"contentUrl\":\"https:\/\/progresso.com.br\/wp-content\/uploads\/2026\/03\/E.E-Zumbi-dos-Palmares-Foto-Saul-Schramm-4-730x480-1.jpg\",\"width\":730,\"height\":480,\"caption\":\"Foto: Saul Schramm\/Secom-MS\"},{\"@type\":\"BreadcrumbList\",\"@id\":\"https:\/\/progresso.com.br\/index.php\/2026\/03\/12\/governo-de-ms-atua-para-garantir-qualidade-da-aprendizagem\/#breadcrumb\",\"itemListElement\":[{\"@type\":\"ListItem\",\"position\":1,\"name\":\"In\u00edcio\",\"item\":\"https:\/\/progresso.com.br\/\"},{\"@type\":\"ListItem\",\"position\":2,\"name\":\"Governo de MS atua para garantir qualidade da aprendizagem\"}]},{\"@type\":\"WebSite\",\"@id\":\"https:\/\/progresso.com.br\/#website\",\"url\":\"https:\/\/progresso.com.br\/\",\"name\":\"O PROGRESSO\",\"description\":\"\",\"publisher\":{\"@id\":\"https:\/\/progresso.com.br\/#organization\"},\"potentialAction\":[{\"@type\":\"SearchAction\",\"target\":{\"@type\":\"EntryPoint\",\"urlTemplate\":\"https:\/\/progresso.com.br\/?s={search_term_string}\"},\"query-input\":{\"@type\":\"PropertyValueSpecification\",\"valueRequired\":true,\"valueName\":\"search_term_string\"}}],\"inLanguage\":\"pt-BR\"},{\"@type\":\"Organization\",\"@id\":\"https:\/\/progresso.com.br\/#organization\",\"name\":\"O PROGRESSO\",\"url\":\"https:\/\/progresso.com.br\/\",\"logo\":{\"@type\":\"ImageObject\",\"inLanguage\":\"pt-BR\",\"@id\":\"https:\/\/progresso.com.br\/#\/schema\/logo\/image\/\",\"url\":\"https:\/\/progresso.com.br\/wp-content\/uploads\/2026\/03\/logo_proog.jpg\",\"contentUrl\":\"https:\/\/progresso.com.br\/wp-content\/uploads\/2026\/03\/logo_proog.jpg\",\"width\":1960,\"height\":1080,\"caption\":\"O PROGRESSO\"},\"image\":{\"@id\":\"https:\/\/progresso.com.br\/#\/schema\/logo\/image\/\"},\"sameAs\":[\"https:\/\/www.facebook.com\/share\/1CeoksKBj6\/\",\"https:\/\/www.instagram.com\/oprogresso_digital\"]},{\"@type\":\"Person\",\"@id\":\"https:\/\/progresso.com.br\/#\/schema\/person\/5dd27138d4463fbbaace62120bfc002b\",\"name\":\"Rose\",\"image\":{\"@type\":\"ImageObject\",\"inLanguage\":\"pt-BR\",\"@id\":\"https:\/\/progresso.com.br\/#\/schema\/person\/image\/\",\"url\":\"https:\/\/secure.gravatar.com\/avatar\/1b6890e759cdd3a88d9f751cb423720b9861c5239167cd3586355638b6556599?s=96&d=mm&r=g\",\"contentUrl\":\"https:\/\/secure.gravatar.com\/avatar\/1b6890e759cdd3a88d9f751cb423720b9861c5239167cd3586355638b6556599?s=96&d=mm&r=g\",\"caption\":\"Rose\"},\"url\":\"https:\/\/progresso.com.br\/index.php\/author\/rose\/\"}]}<\/script>\n<!-- \/ Yoast SEO plugin. -->","yoast_head_json":{"title":"Governo de MS atua para garantir qualidade da aprendizagem - O PROGRESSO","robots":{"index":"index","follow":"follow","max-snippet":"max-snippet:-1","max-image-preview":"max-image-preview:large","max-video-preview":"max-video-preview:-1"},"canonical":"https:\/\/progresso.com.br\/index.php\/2026\/03\/12\/governo-de-ms-atua-para-garantir-qualidade-da-aprendizagem\/","og_locale":"pt_BR","og_type":"article","og_title":"Governo de MS atua para garantir qualidade da aprendizagem - O PROGRESSO","og_description":"Caf\u00e9 da manh\u00e3 para alunos da \u00e1rea rural, esta primeira refei\u00e7\u00e3o que garante o bem-estar das crian\u00e7as e adolescentes, al\u00e9m de ajudar, e muito, na concentra\u00e7\u00e3o para o processo de ensino e aprendizagem. Comunica\u00e7\u00e3o Governo de MS O barulho do liquidificador onde o leite com chocolate \u00e9 preparado se espalha por toda a Escola Estadual [&hellip;]","og_url":"https:\/\/progresso.com.br\/index.php\/2026\/03\/12\/governo-de-ms-atua-para-garantir-qualidade-da-aprendizagem\/","og_site_name":"O PROGRESSO","article_publisher":"https:\/\/www.facebook.com\/share\/1CeoksKBj6\/","article_published_time":"2026-03-12T11:21:26+00:00","og_image":[{"width":730,"height":480,"url":"https:\/\/progresso.com.br\/wp-content\/uploads\/2026\/03\/E.E-Zumbi-dos-Palmares-Foto-Saul-Schramm-4-730x480-1.jpg","type":"image\/jpeg"}],"author":"Rose","twitter_card":"summary_large_image","twitter_misc":{"Escrito por":"Rose","Est. tempo de leitura":"5 minutos"},"schema":{"@context":"https:\/\/schema.org","@graph":[{"@type":"Article","@id":"https:\/\/progresso.com.br\/index.php\/2026\/03\/12\/governo-de-ms-atua-para-garantir-qualidade-da-aprendizagem\/#article","isPartOf":{"@id":"https:\/\/progresso.com.br\/index.php\/2026\/03\/12\/governo-de-ms-atua-para-garantir-qualidade-da-aprendizagem\/"},"author":{"name":"Rose","@id":"https:\/\/progresso.com.br\/#\/schema\/person\/5dd27138d4463fbbaace62120bfc002b"},"headline":"Governo de MS atua para garantir qualidade da aprendizagem","datePublished":"2026-03-12T11:21:26+00:00","mainEntityOfPage":{"@id":"https:\/\/progresso.com.br\/index.php\/2026\/03\/12\/governo-de-ms-atua-para-garantir-qualidade-da-aprendizagem\/"},"wordCount":746,"commentCount":0,"publisher":{"@id":"https:\/\/progresso.com.br\/#organization"},"image":{"@id":"https:\/\/progresso.com.br\/index.php\/2026\/03\/12\/governo-de-ms-atua-para-garantir-qualidade-da-aprendizagem\/#primaryimage"},"thumbnailUrl":"https:\/\/progresso.com.br\/wp-content\/uploads\/2026\/03\/E.E-Zumbi-dos-Palmares-Foto-Saul-Schramm-4-730x480-1.jpg","articleSection":["Em destaque","Sociedade"],"inLanguage":"pt-BR","potentialAction":[{"@type":"CommentAction","name":"Comment","target":["https:\/\/progresso.com.br\/index.php\/2026\/03\/12\/governo-de-ms-atua-para-garantir-qualidade-da-aprendizagem\/#respond"]}]},{"@type":"WebPage","@id":"https:\/\/progresso.com.br\/index.php\/2026\/03\/12\/governo-de-ms-atua-para-garantir-qualidade-da-aprendizagem\/","url":"https:\/\/progresso.com.br\/index.php\/2026\/03\/12\/governo-de-ms-atua-para-garantir-qualidade-da-aprendizagem\/","name":"Governo de MS atua para garantir qualidade da aprendizagem - O PROGRESSO","isPartOf":{"@id":"https:\/\/progresso.com.br\/#website"},"primaryImageOfPage":{"@id":"https:\/\/progresso.com.br\/index.php\/2026\/03\/12\/governo-de-ms-atua-para-garantir-qualidade-da-aprendizagem\/#primaryimage"},"image":{"@id":"https:\/\/progresso.com.br\/index.php\/2026\/03\/12\/governo-de-ms-atua-para-garantir-qualidade-da-aprendizagem\/#primaryimage"},"thumbnailUrl":"https:\/\/progresso.com.br\/wp-content\/uploads\/2026\/03\/E.E-Zumbi-dos-Palmares-Foto-Saul-Schramm-4-730x480-1.jpg","datePublished":"2026-03-12T11:21:26+00:00","breadcrumb":{"@id":"https:\/\/progresso.com.br\/index.php\/2026\/03\/12\/governo-de-ms-atua-para-garantir-qualidade-da-aprendizagem\/#breadcrumb"},"inLanguage":"pt-BR","potentialAction":[{"@type":"ReadAction","target":["https:\/\/progresso.com.br\/index.php\/2026\/03\/12\/governo-de-ms-atua-para-garantir-qualidade-da-aprendizagem\/"]}]},{"@type":"ImageObject","inLanguage":"pt-BR","@id":"https:\/\/progresso.com.br\/index.php\/2026\/03\/12\/governo-de-ms-atua-para-garantir-qualidade-da-aprendizagem\/#primaryimage","url":"https:\/\/progresso.com.br\/wp-content\/uploads\/2026\/03\/E.E-Zumbi-dos-Palmares-Foto-Saul-Schramm-4-730x480-1.jpg","contentUrl":"https:\/\/progresso.com.br\/wp-content\/uploads\/2026\/03\/E.E-Zumbi-dos-Palmares-Foto-Saul-Schramm-4-730x480-1.jpg","width":730,"height":480,"caption":"Foto: Saul Schramm\/Secom-MS"},{"@type":"BreadcrumbList","@id":"https:\/\/progresso.com.br\/index.php\/2026\/03\/12\/governo-de-ms-atua-para-garantir-qualidade-da-aprendizagem\/#breadcrumb","itemListElement":[{"@type":"ListItem","position":1,"name":"In\u00edcio","item":"https:\/\/progresso.com.br\/"},{"@type":"ListItem","position":2,"name":"Governo de MS atua para garantir qualidade da aprendizagem"}]},{"@type":"WebSite","@id":"https:\/\/progresso.com.br\/#website","url":"https:\/\/progresso.com.br\/","name":"O PROGRESSO","description":"","publisher":{"@id":"https:\/\/progresso.com.br\/#organization"},"potentialAction":[{"@type":"SearchAction","target":{"@type":"EntryPoint","urlTemplate":"https:\/\/progresso.com.br\/?s={search_term_string}"},"query-input":{"@type":"PropertyValueSpecification","valueRequired":true,"valueName":"search_term_string"}}],"inLanguage":"pt-BR"},{"@type":"Organization","@id":"https:\/\/progresso.com.br\/#organization","name":"O PROGRESSO","url":"https:\/\/progresso.com.br\/","logo":{"@type":"ImageObject","inLanguage":"pt-BR","@id":"https:\/\/progresso.com.br\/#\/schema\/logo\/image\/","url":"https:\/\/progresso.com.br\/wp-content\/uploads\/2026\/03\/logo_proog.jpg","contentUrl":"https:\/\/progresso.com.br\/wp-content\/uploads\/2026\/03\/logo_proog.jpg","width":1960,"height":1080,"caption":"O PROGRESSO"},"image":{"@id":"https:\/\/progresso.com.br\/#\/schema\/logo\/image\/"},"sameAs":["https:\/\/www.facebook.com\/share\/1CeoksKBj6\/","https:\/\/www.instagram.com\/oprogresso_digital"]},{"@type":"Person","@id":"https:\/\/progresso.com.br\/#\/schema\/person\/5dd27138d4463fbbaace62120bfc002b","name":"Rose","image":{"@type":"ImageObject","inLanguage":"pt-BR","@id":"https:\/\/progresso.com.br\/#\/schema\/person\/image\/","url":"https:\/\/secure.gravatar.com\/avatar\/1b6890e759cdd3a88d9f751cb423720b9861c5239167cd3586355638b6556599?s=96&d=mm&r=g","contentUrl":"https:\/\/secure.gravatar.com\/avatar\/1b6890e759cdd3a88d9f751cb423720b9861c5239167cd3586355638b6556599?s=96&d=mm&r=g","caption":"Rose"},"url":"https:\/\/progresso.com.br\/index.php\/author\/rose\/"}]}},"_links":{"self":[{"href":"https:\/\/progresso.com.br\/index.php\/wp-json\/wp\/v2\/posts\/685","targetHints":{"allow":["GET"]}}],"collection":[{"href":"https:\/\/progresso.com.br\/index.php\/wp-json\/wp\/v2\/posts"}],"about":[{"href":"https:\/\/progresso.com.br\/index.php\/wp-json\/wp\/v2\/types\/post"}],"author":[{"embeddable":true,"href":"https:\/\/progresso.com.br\/index.php\/wp-json\/wp\/v2\/users\/2"}],"replies":[{"embeddable":true,"href":"https:\/\/progresso.com.br\/index.php\/wp-json\/wp\/v2\/comments?post=685"}],"version-history":[{"count":1,"href":"https:\/\/progresso.com.br\/index.php\/wp-json\/wp\/v2\/posts\/685\/revisions"}],"predecessor-version":[{"id":687,"href":"https:\/\/progresso.com.br\/index.php\/wp-json\/wp\/v2\/posts\/685\/revisions\/687"}],"wp:featuredmedia":[{"embeddable":true,"href":"https:\/\/progresso.com.br\/index.php\/wp-json\/wp\/v2\/media\/686"}],"wp:attachment":[{"href":"https:\/\/progresso.com.br\/index.php\/wp-json\/wp\/v2\/media?parent=685"}],"wp:term":[{"taxonomy":"category","embeddable":true,"href":"https:\/\/progresso.com.br\/index.php\/wp-json\/wp\/v2\/categories?post=685"},{"taxonomy":"post_tag","embeddable":true,"href":"https:\/\/progresso.com.br\/index.php\/wp-json\/wp\/v2\/tags?post=685"}],"curies":[{"name":"wp","href":"https:\/\/api.w.org\/{rel}","templated":true}]}}