{"id":692,"date":"2026-03-12T07:45:00","date_gmt":"2026-03-12T11:45:00","guid":{"rendered":"https:\/\/progresso.com.br\/?p=692"},"modified":"2026-03-12T07:30:14","modified_gmt":"2026-03-12T11:30:14","slug":"cop15-destaca-pantanal-como-rota-de-190-especies-migratorias","status":"publish","type":"post","link":"https:\/\/progresso.com.br\/index.php\/2026\/03\/12\/cop15-destaca-pantanal-como-rota-de-190-especies-migratorias\/","title":{"rendered":"COP15 destaca Pantanal como rota de 190 esp\u00e9cies migrat\u00f3rias"},"content":{"rendered":"\n<p><em>Comunica\u00e7\u00e3o Semadesc<\/em><\/p>\n\n\n\n<p>A maior \u00e1rea \u00famida cont\u00ednua do planeta e um dos biomas mais preservados do mundo, o Pantanal sul-mato-grossense \u00e9 ponto de parada para descanso e alimenta\u00e7\u00e3o de <strong>190 esp\u00e9cies de aves migrat\u00f3rias<\/strong>. Muitas delas percorrem rotas que ligam o Hemisf\u00e9rio Norte \u2014 especialmente Canad\u00e1 e Estados Unidos \u2014 at\u00e9 a Patag\u00f4nia, no extremo sul do continente.<\/p>\n\n\n\n<p>Por sua import\u00e2ncia para essas rotas migrat\u00f3rias, Mato Grosso do Sul foi escolhido para sediar a <strong>15\u00aa Confer\u00eancia das Partes da Conven\u00e7\u00e3o sobre Esp\u00e9cies Migrat\u00f3rias da ONU (COP15)<\/strong>. O evento ocorre de <strong>23 a 29 de mar\u00e7o, em Campo Grande<\/strong>, e deve reunir entre <strong>2 mil e 3 mil especialistas de cerca de 100 pa\u00edses<\/strong>.<\/p>\n\n\n\n<p>A <strong>Blue Zone (Zona Azul)<\/strong> ficar\u00e1 no <strong>Expo Bosque, no Shopping Bosque dos Ip\u00eas<\/strong>, al\u00e9m de eventos paralelos em outros pontos da cidade. A confer\u00eancia \u00e9 organizada pela ONU, com apoio do Governo do Estado, por meio da <strong>Semadesc (Secretaria de Meio Ambiente, Desenvolvimento, Ci\u00eancia, Tecnologia e Inova\u00e7\u00e3o)<\/strong>.<\/p>\n\n\n\n<p>Al\u00e9m das aves, o Pantanal abriga esp\u00e9cies migrat\u00f3rias de peixes, como <strong>pintado (Pseudoplatystoma corruscans)<\/strong> e <strong>dourado (Salminus brasiliensis)<\/strong>, que realizam a piracema para reprodu\u00e7\u00e3o. O bioma tamb\u00e9m concentra uma das maiores popula\u00e7\u00f5es de <strong>on\u00e7a-pintada (Panthera onca)<\/strong> do mundo.<\/p>\n\n\n\n<p>A COP15 discute medidas para proteger esp\u00e9cies migrat\u00f3rias amea\u00e7adas ou que dependem de coopera\u00e7\u00e3o internacional. Atualmente, <strong>133 pa\u00edses<\/strong> s\u00e3o signat\u00e1rios do tratado de prote\u00e7\u00e3o dessas esp\u00e9cies.<\/p>\n\n\n\n<p>Estudos da <strong>Embrapa Pantanal<\/strong> indicam que aves aqu\u00e1ticas representam cerca de <strong>18% das esp\u00e9cies registradas em Mato Grosso do Sul<\/strong>, concentradas principalmente no Pantanal e na plan\u00edcie de inunda\u00e7\u00e3o do alto rio Paran\u00e1. Pelo menos <strong>27 esp\u00e9cies<\/strong>, sobretudo ma\u00e7aricos, utilizam o Estado como parada durante longas jornadas entre Am\u00e9rica do Sul e Hemisf\u00e9rio Norte.<\/p>\n\n\n\n<figure class=\"wp-block-image size-full\"><img loading=\"lazy\" decoding=\"async\" width=\"1024\" height=\"683\" src=\"https:\/\/progresso.com.br\/wp-content\/uploads\/2026\/03\/onca-localizada-no-Pantanal.jpeg\" alt=\"\" class=\"wp-image-693\" srcset=\"https:\/\/progresso.com.br\/wp-content\/uploads\/2026\/03\/onca-localizada-no-Pantanal.jpeg 1024w, https:\/\/progresso.com.br\/wp-content\/uploads\/2026\/03\/onca-localizada-no-Pantanal-300x200.jpeg 300w, https:\/\/progresso.com.br\/wp-content\/uploads\/2026\/03\/onca-localizada-no-Pantanal-768x512.jpeg 768w, https:\/\/progresso.com.br\/wp-content\/uploads\/2026\/03\/onca-localizada-no-Pantanal-630x420.jpeg 630w, https:\/\/progresso.com.br\/wp-content\/uploads\/2026\/03\/onca-localizada-no-Pantanal-640x427.jpeg 640w, https:\/\/progresso.com.br\/wp-content\/uploads\/2026\/03\/onca-localizada-no-Pantanal-681x454.jpeg 681w\" sizes=\"auto, (max-width: 1024px) 100vw, 1024px\" \/><\/figure>\n\n\n\n<p>Segundo o secret\u00e1rio da Semadesc, <strong>Jaime Verruck<\/strong>, a preserva\u00e7\u00e3o de habitats conectados no Pantanal \u00e9 essencial para a sobreviv\u00eancia dessas esp\u00e9cies. A conserva\u00e7\u00e3o das \u00e1reas \u00famidas, do Cerrado e da Mata Atl\u00e2ntica contribui para manter rotas migrat\u00f3rias seguras para aves, mam\u00edferos e peixes.<\/p>\n\n\n\n<p>Com cerca de <strong>150 mil km\u00b2<\/strong>, o Pantanal oferece \u00e1reas de descanso e alimenta\u00e7\u00e3o durante as migra\u00e7\u00f5es. Essa riqueza ambiental \u00e9 protegida pela <strong>Lei do Pantanal (Lei Estadual 6.160\/2023)<\/strong>, que estabelece regras para preserva\u00e7\u00e3o de salinas, vegeta\u00e7\u00e3o nativa e \u00e1reas inund\u00e1veis, al\u00e9m de manter corredores ecol\u00f3gicos fundamentais para a fauna.<\/p>\n\n\n\n<p>Entre as esp\u00e9cies beneficiadas est\u00e1 a <strong>on\u00e7a-pintada<\/strong>, cuja conserva\u00e7\u00e3o depende da conectividade entre habitats em diferentes pa\u00edses. Por isso, desde a <strong>COP14<\/strong>, o felino foi inclu\u00eddo entre as esp\u00e9cies migrat\u00f3rias amea\u00e7adas, fortalecendo a coopera\u00e7\u00e3o internacional para sua prote\u00e7\u00e3o.<\/p>\n","protected":false},"excerpt":{"rendered":"<p>Comunica\u00e7\u00e3o Semadesc A maior \u00e1rea \u00famida cont\u00ednua do planeta e um dos biomas mais preservados do mundo, o Pantanal sul-mato-grossense \u00e9 ponto de parada para descanso e alimenta\u00e7\u00e3o de 190 esp\u00e9cies de aves migrat\u00f3rias. Muitas delas percorrem rotas que ligam o Hemisf\u00e9rio Norte \u2014 especialmente Canad\u00e1 e Estados Unidos \u2014 at\u00e9 a Patag\u00f4nia, no extremo [&hellip;]<\/p>\n","protected":false},"author":2,"featured_media":694,"comment_status":"open","ping_status":"open","sticky":false,"template":"","format":"standard","meta":{"footnotes":""},"categories":[13,2],"tags":[],"class_list":["post-692","post","type-post","status-publish","format-standard","has-post-thumbnail","hentry","category-cotidiano","category-destaque"],"yoast_head":"<!-- This site is optimized with the Yoast SEO plugin v27.1.1 - https:\/\/yoast.com\/product\/yoast-seo-wordpress\/ -->\n<title>COP15 destaca Pantanal como rota de 190 esp\u00e9cies migrat\u00f3rias - O PROGRESSO<\/title>\n<meta name=\"robots\" content=\"index, follow, max-snippet:-1, max-image-preview:large, max-video-preview:-1\" \/>\n<link rel=\"canonical\" href=\"https:\/\/progresso.com.br\/index.php\/2026\/03\/12\/cop15-destaca-pantanal-como-rota-de-190-especies-migratorias\/\" \/>\n<meta property=\"og:locale\" content=\"pt_BR\" \/>\n<meta property=\"og:type\" content=\"article\" \/>\n<meta property=\"og:title\" content=\"COP15 destaca Pantanal como rota de 190 esp\u00e9cies migrat\u00f3rias - O PROGRESSO\" \/>\n<meta property=\"og:description\" content=\"Comunica\u00e7\u00e3o Semadesc A maior \u00e1rea \u00famida cont\u00ednua do planeta e um dos biomas mais preservados do mundo, o Pantanal sul-mato-grossense \u00e9 ponto de parada para descanso e alimenta\u00e7\u00e3o de 190 esp\u00e9cies de aves migrat\u00f3rias. Muitas delas percorrem rotas que ligam o Hemisf\u00e9rio Norte \u2014 especialmente Canad\u00e1 e Estados Unidos \u2014 at\u00e9 a Patag\u00f4nia, no extremo [&hellip;]\" \/>\n<meta property=\"og:url\" content=\"https:\/\/progresso.com.br\/index.php\/2026\/03\/12\/cop15-destaca-pantanal-como-rota-de-190-especies-migratorias\/\" \/>\n<meta property=\"og:site_name\" content=\"O PROGRESSO\" \/>\n<meta property=\"article:publisher\" content=\"https:\/\/www.facebook.com\/share\/1CeoksKBj6\/\" \/>\n<meta property=\"article:published_time\" content=\"2026-03-12T11:45:00+00:00\" \/>\n<meta property=\"og:image\" content=\"https:\/\/progresso.com.br\/wp-content\/uploads\/2026\/03\/Pantanal-Biguas-Foto-Bruno-Rezende-01-730x480-1.jpg\" \/>\n\t<meta property=\"og:image:width\" content=\"730\" \/>\n\t<meta property=\"og:image:height\" content=\"480\" \/>\n\t<meta property=\"og:image:type\" content=\"image\/jpeg\" \/>\n<meta name=\"author\" content=\"Rose\" \/>\n<meta name=\"twitter:card\" content=\"summary_large_image\" \/>\n<meta name=\"twitter:label1\" content=\"Escrito por\" \/>\n\t<meta name=\"twitter:data1\" content=\"Rose\" \/>\n\t<meta name=\"twitter:label2\" content=\"Est. tempo de leitura\" \/>\n\t<meta name=\"twitter:data2\" content=\"3 minutos\" \/>\n<script type=\"application\/ld+json\" class=\"yoast-schema-graph\">{\"@context\":\"https:\/\/schema.org\",\"@graph\":[{\"@type\":\"Article\",\"@id\":\"https:\/\/progresso.com.br\/index.php\/2026\/03\/12\/cop15-destaca-pantanal-como-rota-de-190-especies-migratorias\/#article\",\"isPartOf\":{\"@id\":\"https:\/\/progresso.com.br\/index.php\/2026\/03\/12\/cop15-destaca-pantanal-como-rota-de-190-especies-migratorias\/\"},\"author\":{\"name\":\"Rose\",\"@id\":\"https:\/\/progresso.com.br\/#\/schema\/person\/5dd27138d4463fbbaace62120bfc002b\"},\"headline\":\"COP15 destaca Pantanal como rota de 190 esp\u00e9cies migrat\u00f3rias\",\"datePublished\":\"2026-03-12T11:45:00+00:00\",\"mainEntityOfPage\":{\"@id\":\"https:\/\/progresso.com.br\/index.php\/2026\/03\/12\/cop15-destaca-pantanal-como-rota-de-190-especies-migratorias\/\"},\"wordCount\":471,\"commentCount\":0,\"publisher\":{\"@id\":\"https:\/\/progresso.com.br\/#organization\"},\"image\":{\"@id\":\"https:\/\/progresso.com.br\/index.php\/2026\/03\/12\/cop15-destaca-pantanal-como-rota-de-190-especies-migratorias\/#primaryimage\"},\"thumbnailUrl\":\"https:\/\/progresso.com.br\/wp-content\/uploads\/2026\/03\/Pantanal-Biguas-Foto-Bruno-Rezende-01-730x480-1.jpg\",\"articleSection\":[\"Cotidiano\",\"Em destaque\"],\"inLanguage\":\"pt-BR\",\"potentialAction\":[{\"@type\":\"CommentAction\",\"name\":\"Comment\",\"target\":[\"https:\/\/progresso.com.br\/index.php\/2026\/03\/12\/cop15-destaca-pantanal-como-rota-de-190-especies-migratorias\/#respond\"]}]},{\"@type\":\"WebPage\",\"@id\":\"https:\/\/progresso.com.br\/index.php\/2026\/03\/12\/cop15-destaca-pantanal-como-rota-de-190-especies-migratorias\/\",\"url\":\"https:\/\/progresso.com.br\/index.php\/2026\/03\/12\/cop15-destaca-pantanal-como-rota-de-190-especies-migratorias\/\",\"name\":\"COP15 destaca Pantanal como rota de 190 esp\u00e9cies migrat\u00f3rias - O PROGRESSO\",\"isPartOf\":{\"@id\":\"https:\/\/progresso.com.br\/#website\"},\"primaryImageOfPage\":{\"@id\":\"https:\/\/progresso.com.br\/index.php\/2026\/03\/12\/cop15-destaca-pantanal-como-rota-de-190-especies-migratorias\/#primaryimage\"},\"image\":{\"@id\":\"https:\/\/progresso.com.br\/index.php\/2026\/03\/12\/cop15-destaca-pantanal-como-rota-de-190-especies-migratorias\/#primaryimage\"},\"thumbnailUrl\":\"https:\/\/progresso.com.br\/wp-content\/uploads\/2026\/03\/Pantanal-Biguas-Foto-Bruno-Rezende-01-730x480-1.jpg\",\"datePublished\":\"2026-03-12T11:45:00+00:00\",\"breadcrumb\":{\"@id\":\"https:\/\/progresso.com.br\/index.php\/2026\/03\/12\/cop15-destaca-pantanal-como-rota-de-190-especies-migratorias\/#breadcrumb\"},\"inLanguage\":\"pt-BR\",\"potentialAction\":[{\"@type\":\"ReadAction\",\"target\":[\"https:\/\/progresso.com.br\/index.php\/2026\/03\/12\/cop15-destaca-pantanal-como-rota-de-190-especies-migratorias\/\"]}]},{\"@type\":\"ImageObject\",\"inLanguage\":\"pt-BR\",\"@id\":\"https:\/\/progresso.com.br\/index.php\/2026\/03\/12\/cop15-destaca-pantanal-como-rota-de-190-especies-migratorias\/#primaryimage\",\"url\":\"https:\/\/progresso.com.br\/wp-content\/uploads\/2026\/03\/Pantanal-Biguas-Foto-Bruno-Rezende-01-730x480-1.jpg\",\"contentUrl\":\"https:\/\/progresso.com.br\/wp-content\/uploads\/2026\/03\/Pantanal-Biguas-Foto-Bruno-Rezende-01-730x480-1.jpg\",\"width\":730,\"height\":480,\"caption\":\"Fotos: Bruno Rezende\/Secom\/Arquivo\/ Saul Schramm\/Secom\/Arquivo\"},{\"@type\":\"BreadcrumbList\",\"@id\":\"https:\/\/progresso.com.br\/index.php\/2026\/03\/12\/cop15-destaca-pantanal-como-rota-de-190-especies-migratorias\/#breadcrumb\",\"itemListElement\":[{\"@type\":\"ListItem\",\"position\":1,\"name\":\"In\u00edcio\",\"item\":\"https:\/\/progresso.com.br\/\"},{\"@type\":\"ListItem\",\"position\":2,\"name\":\"COP15 destaca Pantanal como rota de 190 esp\u00e9cies migrat\u00f3rias\"}]},{\"@type\":\"WebSite\",\"@id\":\"https:\/\/progresso.com.br\/#website\",\"url\":\"https:\/\/progresso.com.br\/\",\"name\":\"O PROGRESSO\",\"description\":\"\",\"publisher\":{\"@id\":\"https:\/\/progresso.com.br\/#organization\"},\"potentialAction\":[{\"@type\":\"SearchAction\",\"target\":{\"@type\":\"EntryPoint\",\"urlTemplate\":\"https:\/\/progresso.com.br\/?s={search_term_string}\"},\"query-input\":{\"@type\":\"PropertyValueSpecification\",\"valueRequired\":true,\"valueName\":\"search_term_string\"}}],\"inLanguage\":\"pt-BR\"},{\"@type\":\"Organization\",\"@id\":\"https:\/\/progresso.com.br\/#organization\",\"name\":\"O PROGRESSO\",\"url\":\"https:\/\/progresso.com.br\/\",\"logo\":{\"@type\":\"ImageObject\",\"inLanguage\":\"pt-BR\",\"@id\":\"https:\/\/progresso.com.br\/#\/schema\/logo\/image\/\",\"url\":\"https:\/\/progresso.com.br\/wp-content\/uploads\/2026\/03\/logo_proog.jpg\",\"contentUrl\":\"https:\/\/progresso.com.br\/wp-content\/uploads\/2026\/03\/logo_proog.jpg\",\"width\":1960,\"height\":1080,\"caption\":\"O PROGRESSO\"},\"image\":{\"@id\":\"https:\/\/progresso.com.br\/#\/schema\/logo\/image\/\"},\"sameAs\":[\"https:\/\/www.facebook.com\/share\/1CeoksKBj6\/\",\"https:\/\/www.instagram.com\/oprogresso_digital\"]},{\"@type\":\"Person\",\"@id\":\"https:\/\/progresso.com.br\/#\/schema\/person\/5dd27138d4463fbbaace62120bfc002b\",\"name\":\"Rose\",\"image\":{\"@type\":\"ImageObject\",\"inLanguage\":\"pt-BR\",\"@id\":\"https:\/\/progresso.com.br\/#\/schema\/person\/image\/\",\"url\":\"https:\/\/secure.gravatar.com\/avatar\/1b6890e759cdd3a88d9f751cb423720b9861c5239167cd3586355638b6556599?s=96&d=mm&r=g\",\"contentUrl\":\"https:\/\/secure.gravatar.com\/avatar\/1b6890e759cdd3a88d9f751cb423720b9861c5239167cd3586355638b6556599?s=96&d=mm&r=g\",\"caption\":\"Rose\"},\"url\":\"https:\/\/progresso.com.br\/index.php\/author\/rose\/\"}]}<\/script>\n<!-- \/ Yoast SEO plugin. -->","yoast_head_json":{"title":"COP15 destaca Pantanal como rota de 190 esp\u00e9cies migrat\u00f3rias - O PROGRESSO","robots":{"index":"index","follow":"follow","max-snippet":"max-snippet:-1","max-image-preview":"max-image-preview:large","max-video-preview":"max-video-preview:-1"},"canonical":"https:\/\/progresso.com.br\/index.php\/2026\/03\/12\/cop15-destaca-pantanal-como-rota-de-190-especies-migratorias\/","og_locale":"pt_BR","og_type":"article","og_title":"COP15 destaca Pantanal como rota de 190 esp\u00e9cies migrat\u00f3rias - O PROGRESSO","og_description":"Comunica\u00e7\u00e3o Semadesc A maior \u00e1rea \u00famida cont\u00ednua do planeta e um dos biomas mais preservados do mundo, o Pantanal sul-mato-grossense \u00e9 ponto de parada para descanso e alimenta\u00e7\u00e3o de 190 esp\u00e9cies de aves migrat\u00f3rias. Muitas delas percorrem rotas que ligam o Hemisf\u00e9rio Norte \u2014 especialmente Canad\u00e1 e Estados Unidos \u2014 at\u00e9 a Patag\u00f4nia, no extremo [&hellip;]","og_url":"https:\/\/progresso.com.br\/index.php\/2026\/03\/12\/cop15-destaca-pantanal-como-rota-de-190-especies-migratorias\/","og_site_name":"O PROGRESSO","article_publisher":"https:\/\/www.facebook.com\/share\/1CeoksKBj6\/","article_published_time":"2026-03-12T11:45:00+00:00","og_image":[{"width":730,"height":480,"url":"https:\/\/progresso.com.br\/wp-content\/uploads\/2026\/03\/Pantanal-Biguas-Foto-Bruno-Rezende-01-730x480-1.jpg","type":"image\/jpeg"}],"author":"Rose","twitter_card":"summary_large_image","twitter_misc":{"Escrito por":"Rose","Est. tempo de leitura":"3 minutos"},"schema":{"@context":"https:\/\/schema.org","@graph":[{"@type":"Article","@id":"https:\/\/progresso.com.br\/index.php\/2026\/03\/12\/cop15-destaca-pantanal-como-rota-de-190-especies-migratorias\/#article","isPartOf":{"@id":"https:\/\/progresso.com.br\/index.php\/2026\/03\/12\/cop15-destaca-pantanal-como-rota-de-190-especies-migratorias\/"},"author":{"name":"Rose","@id":"https:\/\/progresso.com.br\/#\/schema\/person\/5dd27138d4463fbbaace62120bfc002b"},"headline":"COP15 destaca Pantanal como rota de 190 esp\u00e9cies migrat\u00f3rias","datePublished":"2026-03-12T11:45:00+00:00","mainEntityOfPage":{"@id":"https:\/\/progresso.com.br\/index.php\/2026\/03\/12\/cop15-destaca-pantanal-como-rota-de-190-especies-migratorias\/"},"wordCount":471,"commentCount":0,"publisher":{"@id":"https:\/\/progresso.com.br\/#organization"},"image":{"@id":"https:\/\/progresso.com.br\/index.php\/2026\/03\/12\/cop15-destaca-pantanal-como-rota-de-190-especies-migratorias\/#primaryimage"},"thumbnailUrl":"https:\/\/progresso.com.br\/wp-content\/uploads\/2026\/03\/Pantanal-Biguas-Foto-Bruno-Rezende-01-730x480-1.jpg","articleSection":["Cotidiano","Em destaque"],"inLanguage":"pt-BR","potentialAction":[{"@type":"CommentAction","name":"Comment","target":["https:\/\/progresso.com.br\/index.php\/2026\/03\/12\/cop15-destaca-pantanal-como-rota-de-190-especies-migratorias\/#respond"]}]},{"@type":"WebPage","@id":"https:\/\/progresso.com.br\/index.php\/2026\/03\/12\/cop15-destaca-pantanal-como-rota-de-190-especies-migratorias\/","url":"https:\/\/progresso.com.br\/index.php\/2026\/03\/12\/cop15-destaca-pantanal-como-rota-de-190-especies-migratorias\/","name":"COP15 destaca Pantanal como rota de 190 esp\u00e9cies migrat\u00f3rias - O PROGRESSO","isPartOf":{"@id":"https:\/\/progresso.com.br\/#website"},"primaryImageOfPage":{"@id":"https:\/\/progresso.com.br\/index.php\/2026\/03\/12\/cop15-destaca-pantanal-como-rota-de-190-especies-migratorias\/#primaryimage"},"image":{"@id":"https:\/\/progresso.com.br\/index.php\/2026\/03\/12\/cop15-destaca-pantanal-como-rota-de-190-especies-migratorias\/#primaryimage"},"thumbnailUrl":"https:\/\/progresso.com.br\/wp-content\/uploads\/2026\/03\/Pantanal-Biguas-Foto-Bruno-Rezende-01-730x480-1.jpg","datePublished":"2026-03-12T11:45:00+00:00","breadcrumb":{"@id":"https:\/\/progresso.com.br\/index.php\/2026\/03\/12\/cop15-destaca-pantanal-como-rota-de-190-especies-migratorias\/#breadcrumb"},"inLanguage":"pt-BR","potentialAction":[{"@type":"ReadAction","target":["https:\/\/progresso.com.br\/index.php\/2026\/03\/12\/cop15-destaca-pantanal-como-rota-de-190-especies-migratorias\/"]}]},{"@type":"ImageObject","inLanguage":"pt-BR","@id":"https:\/\/progresso.com.br\/index.php\/2026\/03\/12\/cop15-destaca-pantanal-como-rota-de-190-especies-migratorias\/#primaryimage","url":"https:\/\/progresso.com.br\/wp-content\/uploads\/2026\/03\/Pantanal-Biguas-Foto-Bruno-Rezende-01-730x480-1.jpg","contentUrl":"https:\/\/progresso.com.br\/wp-content\/uploads\/2026\/03\/Pantanal-Biguas-Foto-Bruno-Rezende-01-730x480-1.jpg","width":730,"height":480,"caption":"Fotos: Bruno Rezende\/Secom\/Arquivo\/ Saul Schramm\/Secom\/Arquivo"},{"@type":"BreadcrumbList","@id":"https:\/\/progresso.com.br\/index.php\/2026\/03\/12\/cop15-destaca-pantanal-como-rota-de-190-especies-migratorias\/#breadcrumb","itemListElement":[{"@type":"ListItem","position":1,"name":"In\u00edcio","item":"https:\/\/progresso.com.br\/"},{"@type":"ListItem","position":2,"name":"COP15 destaca Pantanal como rota de 190 esp\u00e9cies migrat\u00f3rias"}]},{"@type":"WebSite","@id":"https:\/\/progresso.com.br\/#website","url":"https:\/\/progresso.com.br\/","name":"O PROGRESSO","description":"","publisher":{"@id":"https:\/\/progresso.com.br\/#organization"},"potentialAction":[{"@type":"SearchAction","target":{"@type":"EntryPoint","urlTemplate":"https:\/\/progresso.com.br\/?s={search_term_string}"},"query-input":{"@type":"PropertyValueSpecification","valueRequired":true,"valueName":"search_term_string"}}],"inLanguage":"pt-BR"},{"@type":"Organization","@id":"https:\/\/progresso.com.br\/#organization","name":"O PROGRESSO","url":"https:\/\/progresso.com.br\/","logo":{"@type":"ImageObject","inLanguage":"pt-BR","@id":"https:\/\/progresso.com.br\/#\/schema\/logo\/image\/","url":"https:\/\/progresso.com.br\/wp-content\/uploads\/2026\/03\/logo_proog.jpg","contentUrl":"https:\/\/progresso.com.br\/wp-content\/uploads\/2026\/03\/logo_proog.jpg","width":1960,"height":1080,"caption":"O PROGRESSO"},"image":{"@id":"https:\/\/progresso.com.br\/#\/schema\/logo\/image\/"},"sameAs":["https:\/\/www.facebook.com\/share\/1CeoksKBj6\/","https:\/\/www.instagram.com\/oprogresso_digital"]},{"@type":"Person","@id":"https:\/\/progresso.com.br\/#\/schema\/person\/5dd27138d4463fbbaace62120bfc002b","name":"Rose","image":{"@type":"ImageObject","inLanguage":"pt-BR","@id":"https:\/\/progresso.com.br\/#\/schema\/person\/image\/","url":"https:\/\/secure.gravatar.com\/avatar\/1b6890e759cdd3a88d9f751cb423720b9861c5239167cd3586355638b6556599?s=96&d=mm&r=g","contentUrl":"https:\/\/secure.gravatar.com\/avatar\/1b6890e759cdd3a88d9f751cb423720b9861c5239167cd3586355638b6556599?s=96&d=mm&r=g","caption":"Rose"},"url":"https:\/\/progresso.com.br\/index.php\/author\/rose\/"}]}},"_links":{"self":[{"href":"https:\/\/progresso.com.br\/index.php\/wp-json\/wp\/v2\/posts\/692","targetHints":{"allow":["GET"]}}],"collection":[{"href":"https:\/\/progresso.com.br\/index.php\/wp-json\/wp\/v2\/posts"}],"about":[{"href":"https:\/\/progresso.com.br\/index.php\/wp-json\/wp\/v2\/types\/post"}],"author":[{"embeddable":true,"href":"https:\/\/progresso.com.br\/index.php\/wp-json\/wp\/v2\/users\/2"}],"replies":[{"embeddable":true,"href":"https:\/\/progresso.com.br\/index.php\/wp-json\/wp\/v2\/comments?post=692"}],"version-history":[{"count":1,"href":"https:\/\/progresso.com.br\/index.php\/wp-json\/wp\/v2\/posts\/692\/revisions"}],"predecessor-version":[{"id":695,"href":"https:\/\/progresso.com.br\/index.php\/wp-json\/wp\/v2\/posts\/692\/revisions\/695"}],"wp:featuredmedia":[{"embeddable":true,"href":"https:\/\/progresso.com.br\/index.php\/wp-json\/wp\/v2\/media\/694"}],"wp:attachment":[{"href":"https:\/\/progresso.com.br\/index.php\/wp-json\/wp\/v2\/media?parent=692"}],"wp:term":[{"taxonomy":"category","embeddable":true,"href":"https:\/\/progresso.com.br\/index.php\/wp-json\/wp\/v2\/categories?post=692"},{"taxonomy":"post_tag","embeddable":true,"href":"https:\/\/progresso.com.br\/index.php\/wp-json\/wp\/v2\/tags?post=692"}],"curies":[{"name":"wp","href":"https:\/\/api.w.org\/{rel}","templated":true}]}}