{"id":696,"date":"2026-03-12T08:00:00","date_gmt":"2026-03-12T12:00:00","guid":{"rendered":"https:\/\/progresso.com.br\/?p=696"},"modified":"2026-03-12T07:37:01","modified_gmt":"2026-03-12T11:37:01","slug":"governo-de-ms-assina-decreto-por-linguagem-publica-mais-clara","status":"publish","type":"post","link":"https:\/\/progresso.com.br\/index.php\/2026\/03\/12\/governo-de-ms-assina-decreto-por-linguagem-publica-mais-clara\/","title":{"rendered":"Governo de MS assina decreto por linguagem p\u00fablica mais clara"},"content":{"rendered":"\n<p><strong><em>Decreto pretende tornar documentos e comunica\u00e7\u00f5es do Estado mais acess\u00edveis \u00e0 popula\u00e7\u00e3o.<\/em><\/strong><\/p>\n\n\n\n<p><em>Comunica\u00e7\u00e3o do Governo de MS<\/em><\/p>\n\n\n\n<p>Com foco em <strong>transpar\u00eancia, agilidade e inclus\u00e3o<\/strong>, o governador <strong>Eduardo Riedel<\/strong> assinou decreto que institui a <strong>Pol\u00edtica de Linguagem Simples em Mato Grosso do Sul<\/strong>. A medida busca tornar mais clara a comunica\u00e7\u00e3o da administra\u00e7\u00e3o estadual, facilitando a compreens\u00e3o de informa\u00e7\u00f5es e servi\u00e7os p\u00fablicos pela popula\u00e7\u00e3o.<\/p>\n\n\n\n<p>A assinatura ocorreu nesta quarta-feira (11), no <strong>Bioparque Pantanal<\/strong>, durante o evento <em>\u201cDa lei \u00e0 pr\u00e1tica: Linguagem Simples para inovar, agilizar e qualificar os servi\u00e7os p\u00fablicos\u201d<\/em>, voltado \u00e0 capacita\u00e7\u00e3o de servidores.<\/p>\n\n\n\n<p>Segundo o governador, a iniciativa faz parte do esfor\u00e7o para <strong>reduzir a burocracia e aproximar o poder p\u00fablico da sociedade<\/strong>. \u201cQueremos facilitar a vida do cidad\u00e3o, ampliar a inclus\u00e3o e garantir servi\u00e7os digitais com linguagem acess\u00edvel\u201d, afirmou.<\/p>\n\n\n\n<p>O decreto determina que documentos oficiais como <strong>not\u00edcias, informativos, editais, of\u00edcios, atos administrativos e conte\u00fados digitais<\/strong> passem a utilizar linguagem mais clara, mantendo a norma padr\u00e3o do portugu\u00eas, mas com foco na compreens\u00e3o do p\u00fablico.<\/p>\n\n\n\n<p>Entre os benef\u00edcios esperados est\u00e3o <strong>maior transpar\u00eancia, acesso facilitado aos direitos e mais efici\u00eancia no atendimento<\/strong>, com redu\u00e7\u00e3o de d\u00favidas, erros e filas.<\/p>\n\n\n\n<figure class=\"wp-block-image size-large\"><img loading=\"lazy\" decoding=\"async\" width=\"1024\" height=\"683\" src=\"https:\/\/progresso.com.br\/wp-content\/uploads\/2026\/03\/PGE-Foto-Saul-Schramm-12-scaled-1-1024x683.jpg\" alt=\"\" class=\"wp-image-698\" srcset=\"https:\/\/progresso.com.br\/wp-content\/uploads\/2026\/03\/PGE-Foto-Saul-Schramm-12-scaled-1-1024x683.jpg 1024w, https:\/\/progresso.com.br\/wp-content\/uploads\/2026\/03\/PGE-Foto-Saul-Schramm-12-scaled-1-300x200.jpg 300w, https:\/\/progresso.com.br\/wp-content\/uploads\/2026\/03\/PGE-Foto-Saul-Schramm-12-scaled-1-768x512.jpg 768w, https:\/\/progresso.com.br\/wp-content\/uploads\/2026\/03\/PGE-Foto-Saul-Schramm-12-scaled-1-1536x1024.jpg 1536w, https:\/\/progresso.com.br\/wp-content\/uploads\/2026\/03\/PGE-Foto-Saul-Schramm-12-scaled-1-630x420.jpg 630w, https:\/\/progresso.com.br\/wp-content\/uploads\/2026\/03\/PGE-Foto-Saul-Schramm-12-scaled-1-640x427.jpg 640w, https:\/\/progresso.com.br\/wp-content\/uploads\/2026\/03\/PGE-Foto-Saul-Schramm-12-scaled-1-681x454.jpg 681w, https:\/\/progresso.com.br\/wp-content\/uploads\/2026\/03\/PGE-Foto-Saul-Schramm-12-scaled-1.jpg 1920w\" sizes=\"auto, (max-width: 1024px) 100vw, 1024px\" \/><figcaption class=\"wp-element-caption\">Evento teve o papel de trocar experi\u00eancias e capacitar servidores sobre novo modelo<\/figcaption><\/figure>\n\n\n\n<p>Para implementar a pol\u00edtica, foi criada a <strong>Rede Estadual de Linguagem Simples<\/strong>, coordenada pela <strong>Segov<\/strong> e pela <strong>Procuradoria-Geral do Estado (PGE)<\/strong>. A <strong>Secretaria de Cidadania<\/strong> tamb\u00e9m participar\u00e1, com aten\u00e7\u00e3o especial \u00e0 comunica\u00e7\u00e3o com comunidades ind\u00edgenas.<\/p>\n\n\n\n<p>A medida segue par\u00e2metros da <strong>Lei Federal n\u00ba 15.263<\/strong>, tornando Mato Grosso do Sul <strong>o primeiro estado a regulamentar a pol\u00edtica de linguagem simples<\/strong>.<\/p>\n\n\n\n<p>Durante o evento, servidores participam de palestras e debates sobre aplica\u00e7\u00e3o pr\u00e1tica da linguagem simples, incluindo a apresenta\u00e7\u00e3o de experi\u00eancias institucionais e do <strong>Projeto Simplifique<\/strong>, iniciativa implantada pelo governo estadual em 2024 para tornar a comunica\u00e7\u00e3o p\u00fablica mais acess\u00edvel.<\/p>\n","protected":false},"excerpt":{"rendered":"<p>Decreto pretende tornar documentos e comunica\u00e7\u00f5es do Estado mais acess\u00edveis \u00e0 popula\u00e7\u00e3o. Comunica\u00e7\u00e3o do Governo de MS Com foco em transpar\u00eancia, agilidade e inclus\u00e3o, o governador Eduardo Riedel assinou decreto que institui a Pol\u00edtica de Linguagem Simples em Mato Grosso do Sul. A medida busca tornar mais clara a comunica\u00e7\u00e3o da administra\u00e7\u00e3o estadual, facilitando a [&hellip;]<\/p>\n","protected":false},"author":2,"featured_media":697,"comment_status":"open","ping_status":"open","sticky":false,"template":"","format":"standard","meta":{"footnotes":""},"categories":[2,9],"tags":[],"class_list":["post-696","post","type-post","status-publish","format-standard","has-post-thumbnail","hentry","category-destaque","category-politica"],"yoast_head":"<!-- This site is optimized with the Yoast SEO plugin v27.1.1 - https:\/\/yoast.com\/product\/yoast-seo-wordpress\/ -->\n<title>Governo de MS assina decreto por linguagem p\u00fablica mais clara - O PROGRESSO<\/title>\n<meta name=\"robots\" content=\"index, follow, max-snippet:-1, max-image-preview:large, max-video-preview:-1\" \/>\n<link rel=\"canonical\" href=\"https:\/\/progresso.com.br\/index.php\/2026\/03\/12\/governo-de-ms-assina-decreto-por-linguagem-publica-mais-clara\/\" \/>\n<meta property=\"og:locale\" content=\"pt_BR\" \/>\n<meta property=\"og:type\" content=\"article\" \/>\n<meta property=\"og:title\" content=\"Governo de MS assina decreto por linguagem p\u00fablica mais clara - O PROGRESSO\" \/>\n<meta property=\"og:description\" content=\"Decreto pretende tornar documentos e comunica\u00e7\u00f5es do Estado mais acess\u00edveis \u00e0 popula\u00e7\u00e3o. Comunica\u00e7\u00e3o do Governo de MS Com foco em transpar\u00eancia, agilidade e inclus\u00e3o, o governador Eduardo Riedel assinou decreto que institui a Pol\u00edtica de Linguagem Simples em Mato Grosso do Sul. A medida busca tornar mais clara a comunica\u00e7\u00e3o da administra\u00e7\u00e3o estadual, facilitando a [&hellip;]\" \/>\n<meta property=\"og:url\" content=\"https:\/\/progresso.com.br\/index.php\/2026\/03\/12\/governo-de-ms-assina-decreto-por-linguagem-publica-mais-clara\/\" \/>\n<meta property=\"og:site_name\" content=\"O PROGRESSO\" \/>\n<meta property=\"article:publisher\" content=\"https:\/\/www.facebook.com\/share\/1CeoksKBj6\/\" \/>\n<meta property=\"article:published_time\" content=\"2026-03-12T12:00:00+00:00\" \/>\n<meta property=\"og:image\" content=\"https:\/\/progresso.com.br\/wp-content\/uploads\/2026\/03\/PGE-Foto-Saul-Schramm-10-730x480-1.jpg\" \/>\n\t<meta property=\"og:image:width\" content=\"730\" \/>\n\t<meta property=\"og:image:height\" content=\"480\" \/>\n\t<meta property=\"og:image:type\" content=\"image\/jpeg\" \/>\n<meta name=\"author\" content=\"Rose\" \/>\n<meta name=\"twitter:card\" content=\"summary_large_image\" \/>\n<meta name=\"twitter:label1\" content=\"Escrito por\" \/>\n\t<meta name=\"twitter:data1\" content=\"Rose\" \/>\n\t<meta name=\"twitter:label2\" content=\"Est. tempo de leitura\" \/>\n\t<meta name=\"twitter:data2\" content=\"3 minutos\" \/>\n<script type=\"application\/ld+json\" class=\"yoast-schema-graph\">{\"@context\":\"https:\/\/schema.org\",\"@graph\":[{\"@type\":\"Article\",\"@id\":\"https:\/\/progresso.com.br\/index.php\/2026\/03\/12\/governo-de-ms-assina-decreto-por-linguagem-publica-mais-clara\/#article\",\"isPartOf\":{\"@id\":\"https:\/\/progresso.com.br\/index.php\/2026\/03\/12\/governo-de-ms-assina-decreto-por-linguagem-publica-mais-clara\/\"},\"author\":{\"name\":\"Rose\",\"@id\":\"https:\/\/progresso.com.br\/#\/schema\/person\/5dd27138d4463fbbaace62120bfc002b\"},\"headline\":\"Governo de MS assina decreto por linguagem p\u00fablica mais clara\",\"datePublished\":\"2026-03-12T12:00:00+00:00\",\"mainEntityOfPage\":{\"@id\":\"https:\/\/progresso.com.br\/index.php\/2026\/03\/12\/governo-de-ms-assina-decreto-por-linguagem-publica-mais-clara\/\"},\"wordCount\":356,\"commentCount\":0,\"publisher\":{\"@id\":\"https:\/\/progresso.com.br\/#organization\"},\"image\":{\"@id\":\"https:\/\/progresso.com.br\/index.php\/2026\/03\/12\/governo-de-ms-assina-decreto-por-linguagem-publica-mais-clara\/#primaryimage\"},\"thumbnailUrl\":\"https:\/\/progresso.com.br\/wp-content\/uploads\/2026\/03\/PGE-Foto-Saul-Schramm-10-730x480-1.jpg\",\"articleSection\":[\"Em destaque\",\"Pol\u00edtica\"],\"inLanguage\":\"pt-BR\",\"potentialAction\":[{\"@type\":\"CommentAction\",\"name\":\"Comment\",\"target\":[\"https:\/\/progresso.com.br\/index.php\/2026\/03\/12\/governo-de-ms-assina-decreto-por-linguagem-publica-mais-clara\/#respond\"]}]},{\"@type\":\"WebPage\",\"@id\":\"https:\/\/progresso.com.br\/index.php\/2026\/03\/12\/governo-de-ms-assina-decreto-por-linguagem-publica-mais-clara\/\",\"url\":\"https:\/\/progresso.com.br\/index.php\/2026\/03\/12\/governo-de-ms-assina-decreto-por-linguagem-publica-mais-clara\/\",\"name\":\"Governo de MS assina decreto por linguagem p\u00fablica mais clara - O PROGRESSO\",\"isPartOf\":{\"@id\":\"https:\/\/progresso.com.br\/#website\"},\"primaryImageOfPage\":{\"@id\":\"https:\/\/progresso.com.br\/index.php\/2026\/03\/12\/governo-de-ms-assina-decreto-por-linguagem-publica-mais-clara\/#primaryimage\"},\"image\":{\"@id\":\"https:\/\/progresso.com.br\/index.php\/2026\/03\/12\/governo-de-ms-assina-decreto-por-linguagem-publica-mais-clara\/#primaryimage\"},\"thumbnailUrl\":\"https:\/\/progresso.com.br\/wp-content\/uploads\/2026\/03\/PGE-Foto-Saul-Schramm-10-730x480-1.jpg\",\"datePublished\":\"2026-03-12T12:00:00+00:00\",\"breadcrumb\":{\"@id\":\"https:\/\/progresso.com.br\/index.php\/2026\/03\/12\/governo-de-ms-assina-decreto-por-linguagem-publica-mais-clara\/#breadcrumb\"},\"inLanguage\":\"pt-BR\",\"potentialAction\":[{\"@type\":\"ReadAction\",\"target\":[\"https:\/\/progresso.com.br\/index.php\/2026\/03\/12\/governo-de-ms-assina-decreto-por-linguagem-publica-mais-clara\/\"]}]},{\"@type\":\"ImageObject\",\"inLanguage\":\"pt-BR\",\"@id\":\"https:\/\/progresso.com.br\/index.php\/2026\/03\/12\/governo-de-ms-assina-decreto-por-linguagem-publica-mais-clara\/#primaryimage\",\"url\":\"https:\/\/progresso.com.br\/wp-content\/uploads\/2026\/03\/PGE-Foto-Saul-Schramm-10-730x480-1.jpg\",\"contentUrl\":\"https:\/\/progresso.com.br\/wp-content\/uploads\/2026\/03\/PGE-Foto-Saul-Schramm-10-730x480-1.jpg\",\"width\":730,\"height\":480,\"caption\":\"Fotos: Saul Schramm\/Secom-MS\"},{\"@type\":\"BreadcrumbList\",\"@id\":\"https:\/\/progresso.com.br\/index.php\/2026\/03\/12\/governo-de-ms-assina-decreto-por-linguagem-publica-mais-clara\/#breadcrumb\",\"itemListElement\":[{\"@type\":\"ListItem\",\"position\":1,\"name\":\"In\u00edcio\",\"item\":\"https:\/\/progresso.com.br\/\"},{\"@type\":\"ListItem\",\"position\":2,\"name\":\"Governo de MS assina decreto por linguagem p\u00fablica mais clara\"}]},{\"@type\":\"WebSite\",\"@id\":\"https:\/\/progresso.com.br\/#website\",\"url\":\"https:\/\/progresso.com.br\/\",\"name\":\"O PROGRESSO\",\"description\":\"\",\"publisher\":{\"@id\":\"https:\/\/progresso.com.br\/#organization\"},\"potentialAction\":[{\"@type\":\"SearchAction\",\"target\":{\"@type\":\"EntryPoint\",\"urlTemplate\":\"https:\/\/progresso.com.br\/?s={search_term_string}\"},\"query-input\":{\"@type\":\"PropertyValueSpecification\",\"valueRequired\":true,\"valueName\":\"search_term_string\"}}],\"inLanguage\":\"pt-BR\"},{\"@type\":\"Organization\",\"@id\":\"https:\/\/progresso.com.br\/#organization\",\"name\":\"O PROGRESSO\",\"url\":\"https:\/\/progresso.com.br\/\",\"logo\":{\"@type\":\"ImageObject\",\"inLanguage\":\"pt-BR\",\"@id\":\"https:\/\/progresso.com.br\/#\/schema\/logo\/image\/\",\"url\":\"https:\/\/progresso.com.br\/wp-content\/uploads\/2026\/03\/logo_proog.jpg\",\"contentUrl\":\"https:\/\/progresso.com.br\/wp-content\/uploads\/2026\/03\/logo_proog.jpg\",\"width\":1960,\"height\":1080,\"caption\":\"O PROGRESSO\"},\"image\":{\"@id\":\"https:\/\/progresso.com.br\/#\/schema\/logo\/image\/\"},\"sameAs\":[\"https:\/\/www.facebook.com\/share\/1CeoksKBj6\/\",\"https:\/\/www.instagram.com\/oprogresso_digital\"]},{\"@type\":\"Person\",\"@id\":\"https:\/\/progresso.com.br\/#\/schema\/person\/5dd27138d4463fbbaace62120bfc002b\",\"name\":\"Rose\",\"image\":{\"@type\":\"ImageObject\",\"inLanguage\":\"pt-BR\",\"@id\":\"https:\/\/progresso.com.br\/#\/schema\/person\/image\/\",\"url\":\"https:\/\/secure.gravatar.com\/avatar\/1b6890e759cdd3a88d9f751cb423720b9861c5239167cd3586355638b6556599?s=96&d=mm&r=g\",\"contentUrl\":\"https:\/\/secure.gravatar.com\/avatar\/1b6890e759cdd3a88d9f751cb423720b9861c5239167cd3586355638b6556599?s=96&d=mm&r=g\",\"caption\":\"Rose\"},\"url\":\"https:\/\/progresso.com.br\/index.php\/author\/rose\/\"}]}<\/script>\n<!-- \/ Yoast SEO plugin. -->","yoast_head_json":{"title":"Governo de MS assina decreto por linguagem p\u00fablica mais clara - O PROGRESSO","robots":{"index":"index","follow":"follow","max-snippet":"max-snippet:-1","max-image-preview":"max-image-preview:large","max-video-preview":"max-video-preview:-1"},"canonical":"https:\/\/progresso.com.br\/index.php\/2026\/03\/12\/governo-de-ms-assina-decreto-por-linguagem-publica-mais-clara\/","og_locale":"pt_BR","og_type":"article","og_title":"Governo de MS assina decreto por linguagem p\u00fablica mais clara - O PROGRESSO","og_description":"Decreto pretende tornar documentos e comunica\u00e7\u00f5es do Estado mais acess\u00edveis \u00e0 popula\u00e7\u00e3o. Comunica\u00e7\u00e3o do Governo de MS Com foco em transpar\u00eancia, agilidade e inclus\u00e3o, o governador Eduardo Riedel assinou decreto que institui a Pol\u00edtica de Linguagem Simples em Mato Grosso do Sul. A medida busca tornar mais clara a comunica\u00e7\u00e3o da administra\u00e7\u00e3o estadual, facilitando a [&hellip;]","og_url":"https:\/\/progresso.com.br\/index.php\/2026\/03\/12\/governo-de-ms-assina-decreto-por-linguagem-publica-mais-clara\/","og_site_name":"O PROGRESSO","article_publisher":"https:\/\/www.facebook.com\/share\/1CeoksKBj6\/","article_published_time":"2026-03-12T12:00:00+00:00","og_image":[{"width":730,"height":480,"url":"https:\/\/progresso.com.br\/wp-content\/uploads\/2026\/03\/PGE-Foto-Saul-Schramm-10-730x480-1.jpg","type":"image\/jpeg"}],"author":"Rose","twitter_card":"summary_large_image","twitter_misc":{"Escrito por":"Rose","Est. tempo de leitura":"3 minutos"},"schema":{"@context":"https:\/\/schema.org","@graph":[{"@type":"Article","@id":"https:\/\/progresso.com.br\/index.php\/2026\/03\/12\/governo-de-ms-assina-decreto-por-linguagem-publica-mais-clara\/#article","isPartOf":{"@id":"https:\/\/progresso.com.br\/index.php\/2026\/03\/12\/governo-de-ms-assina-decreto-por-linguagem-publica-mais-clara\/"},"author":{"name":"Rose","@id":"https:\/\/progresso.com.br\/#\/schema\/person\/5dd27138d4463fbbaace62120bfc002b"},"headline":"Governo de MS assina decreto por linguagem p\u00fablica mais clara","datePublished":"2026-03-12T12:00:00+00:00","mainEntityOfPage":{"@id":"https:\/\/progresso.com.br\/index.php\/2026\/03\/12\/governo-de-ms-assina-decreto-por-linguagem-publica-mais-clara\/"},"wordCount":356,"commentCount":0,"publisher":{"@id":"https:\/\/progresso.com.br\/#organization"},"image":{"@id":"https:\/\/progresso.com.br\/index.php\/2026\/03\/12\/governo-de-ms-assina-decreto-por-linguagem-publica-mais-clara\/#primaryimage"},"thumbnailUrl":"https:\/\/progresso.com.br\/wp-content\/uploads\/2026\/03\/PGE-Foto-Saul-Schramm-10-730x480-1.jpg","articleSection":["Em destaque","Pol\u00edtica"],"inLanguage":"pt-BR","potentialAction":[{"@type":"CommentAction","name":"Comment","target":["https:\/\/progresso.com.br\/index.php\/2026\/03\/12\/governo-de-ms-assina-decreto-por-linguagem-publica-mais-clara\/#respond"]}]},{"@type":"WebPage","@id":"https:\/\/progresso.com.br\/index.php\/2026\/03\/12\/governo-de-ms-assina-decreto-por-linguagem-publica-mais-clara\/","url":"https:\/\/progresso.com.br\/index.php\/2026\/03\/12\/governo-de-ms-assina-decreto-por-linguagem-publica-mais-clara\/","name":"Governo de MS assina decreto por linguagem p\u00fablica mais clara - O PROGRESSO","isPartOf":{"@id":"https:\/\/progresso.com.br\/#website"},"primaryImageOfPage":{"@id":"https:\/\/progresso.com.br\/index.php\/2026\/03\/12\/governo-de-ms-assina-decreto-por-linguagem-publica-mais-clara\/#primaryimage"},"image":{"@id":"https:\/\/progresso.com.br\/index.php\/2026\/03\/12\/governo-de-ms-assina-decreto-por-linguagem-publica-mais-clara\/#primaryimage"},"thumbnailUrl":"https:\/\/progresso.com.br\/wp-content\/uploads\/2026\/03\/PGE-Foto-Saul-Schramm-10-730x480-1.jpg","datePublished":"2026-03-12T12:00:00+00:00","breadcrumb":{"@id":"https:\/\/progresso.com.br\/index.php\/2026\/03\/12\/governo-de-ms-assina-decreto-por-linguagem-publica-mais-clara\/#breadcrumb"},"inLanguage":"pt-BR","potentialAction":[{"@type":"ReadAction","target":["https:\/\/progresso.com.br\/index.php\/2026\/03\/12\/governo-de-ms-assina-decreto-por-linguagem-publica-mais-clara\/"]}]},{"@type":"ImageObject","inLanguage":"pt-BR","@id":"https:\/\/progresso.com.br\/index.php\/2026\/03\/12\/governo-de-ms-assina-decreto-por-linguagem-publica-mais-clara\/#primaryimage","url":"https:\/\/progresso.com.br\/wp-content\/uploads\/2026\/03\/PGE-Foto-Saul-Schramm-10-730x480-1.jpg","contentUrl":"https:\/\/progresso.com.br\/wp-content\/uploads\/2026\/03\/PGE-Foto-Saul-Schramm-10-730x480-1.jpg","width":730,"height":480,"caption":"Fotos: Saul Schramm\/Secom-MS"},{"@type":"BreadcrumbList","@id":"https:\/\/progresso.com.br\/index.php\/2026\/03\/12\/governo-de-ms-assina-decreto-por-linguagem-publica-mais-clara\/#breadcrumb","itemListElement":[{"@type":"ListItem","position":1,"name":"In\u00edcio","item":"https:\/\/progresso.com.br\/"},{"@type":"ListItem","position":2,"name":"Governo de MS assina decreto por linguagem p\u00fablica mais clara"}]},{"@type":"WebSite","@id":"https:\/\/progresso.com.br\/#website","url":"https:\/\/progresso.com.br\/","name":"O PROGRESSO","description":"","publisher":{"@id":"https:\/\/progresso.com.br\/#organization"},"potentialAction":[{"@type":"SearchAction","target":{"@type":"EntryPoint","urlTemplate":"https:\/\/progresso.com.br\/?s={search_term_string}"},"query-input":{"@type":"PropertyValueSpecification","valueRequired":true,"valueName":"search_term_string"}}],"inLanguage":"pt-BR"},{"@type":"Organization","@id":"https:\/\/progresso.com.br\/#organization","name":"O PROGRESSO","url":"https:\/\/progresso.com.br\/","logo":{"@type":"ImageObject","inLanguage":"pt-BR","@id":"https:\/\/progresso.com.br\/#\/schema\/logo\/image\/","url":"https:\/\/progresso.com.br\/wp-content\/uploads\/2026\/03\/logo_proog.jpg","contentUrl":"https:\/\/progresso.com.br\/wp-content\/uploads\/2026\/03\/logo_proog.jpg","width":1960,"height":1080,"caption":"O PROGRESSO"},"image":{"@id":"https:\/\/progresso.com.br\/#\/schema\/logo\/image\/"},"sameAs":["https:\/\/www.facebook.com\/share\/1CeoksKBj6\/","https:\/\/www.instagram.com\/oprogresso_digital"]},{"@type":"Person","@id":"https:\/\/progresso.com.br\/#\/schema\/person\/5dd27138d4463fbbaace62120bfc002b","name":"Rose","image":{"@type":"ImageObject","inLanguage":"pt-BR","@id":"https:\/\/progresso.com.br\/#\/schema\/person\/image\/","url":"https:\/\/secure.gravatar.com\/avatar\/1b6890e759cdd3a88d9f751cb423720b9861c5239167cd3586355638b6556599?s=96&d=mm&r=g","contentUrl":"https:\/\/secure.gravatar.com\/avatar\/1b6890e759cdd3a88d9f751cb423720b9861c5239167cd3586355638b6556599?s=96&d=mm&r=g","caption":"Rose"},"url":"https:\/\/progresso.com.br\/index.php\/author\/rose\/"}]}},"_links":{"self":[{"href":"https:\/\/progresso.com.br\/index.php\/wp-json\/wp\/v2\/posts\/696","targetHints":{"allow":["GET"]}}],"collection":[{"href":"https:\/\/progresso.com.br\/index.php\/wp-json\/wp\/v2\/posts"}],"about":[{"href":"https:\/\/progresso.com.br\/index.php\/wp-json\/wp\/v2\/types\/post"}],"author":[{"embeddable":true,"href":"https:\/\/progresso.com.br\/index.php\/wp-json\/wp\/v2\/users\/2"}],"replies":[{"embeddable":true,"href":"https:\/\/progresso.com.br\/index.php\/wp-json\/wp\/v2\/comments?post=696"}],"version-history":[{"count":1,"href":"https:\/\/progresso.com.br\/index.php\/wp-json\/wp\/v2\/posts\/696\/revisions"}],"predecessor-version":[{"id":699,"href":"https:\/\/progresso.com.br\/index.php\/wp-json\/wp\/v2\/posts\/696\/revisions\/699"}],"wp:featuredmedia":[{"embeddable":true,"href":"https:\/\/progresso.com.br\/index.php\/wp-json\/wp\/v2\/media\/697"}],"wp:attachment":[{"href":"https:\/\/progresso.com.br\/index.php\/wp-json\/wp\/v2\/media?parent=696"}],"wp:term":[{"taxonomy":"category","embeddable":true,"href":"https:\/\/progresso.com.br\/index.php\/wp-json\/wp\/v2\/categories?post=696"},{"taxonomy":"post_tag","embeddable":true,"href":"https:\/\/progresso.com.br\/index.php\/wp-json\/wp\/v2\/tags?post=696"}],"curies":[{"name":"wp","href":"https:\/\/api.w.org\/{rel}","templated":true}]}}