{"id":700,"date":"2026-03-12T08:15:00","date_gmt":"2026-03-12T12:15:00","guid":{"rendered":"https:\/\/progresso.com.br\/?p=700"},"modified":"2026-03-12T07:42:13","modified_gmt":"2026-03-12T11:42:13","slug":"famasul-acompanha-agenda-com-propostas-que-impactam-o-agro","status":"publish","type":"post","link":"https:\/\/progresso.com.br\/index.php\/2026\/03\/12\/famasul-acompanha-agenda-com-propostas-que-impactam-o-agro\/","title":{"rendered":"Famasul acompanha agenda com propostas que impactam o agro"},"content":{"rendered":"\n<p><em><strong>Documento re\u00fane prioridades do agro no Congresso e analisa projetos que impactam diretamente o produtor rural<\/strong><\/em><\/p>\n\n\n\n<p><em>Comunica\u00e7\u00e3o do Sistema Famasul\u00a0<\/em><\/p>\n\n\n\n<p>A Confedera\u00e7\u00e3o da Agricultura e Pecu\u00e1ria do Brasil (CNA) lan\u00e7ou,ontem, quarta-feira (11), em sess\u00e3o solene no plen\u00e1rio da C\u00e2mara dos Deputados, a Agenda Legislativa do Agro 2026, documento que re\u00fane a an\u00e1lise de 100 projetos em tramita\u00e7\u00e3o no Congresso Nacional com impacto direto sobre o setor agropecu\u00e1rio brasileiro. Representando os produtores rurais de Mato Grosso do Sul, o presidente do Sistema Famasul e diretor-secret\u00e1rio da CNA, Marcelo Bertoni, participou do lan\u00e7amento em Bras\u00edlia.<\/p>\n\n\n\n<p>Atualmente, mais de 8,7 mil iniciativas legislativas com potencial de impacto para o produtor rural s\u00e3o acompanhadas pela entidade. Deste total, 100 foram selecionadas para compor a Agenda Legislativa do Agro 2026, sendo que 62 contam com apoio integral da CNA, 24 t\u00eam apoio com ressalvas e 14 recebem posicionamento contr\u00e1rio.<\/p>\n\n\n\n<p>Para Bertoni, a Agenda Legislativa \u00e9 uma ferramenta importante para organizar as prioridades do setor e fortalecer o di\u00e1logo entre o agro e o Congresso Nacional.&nbsp;<\/p>\n\n\n\n<p>\u201cA Agenda Legislativa do Agro organiza as prioridades do setor e refor\u00e7a a import\u00e2ncia de decis\u00f5es que garantam seguran\u00e7a jur\u00eddica e a representatividade de quem produz no campo. Esse alinhamento entre o agro e o Legislativo \u00e9 fundamental para mantermos um ambiente favor\u00e1vel ao investimento, \u00e0 produ\u00e7\u00e3o e \u00e0 gera\u00e7\u00e3o de empregos\u201d, afirmou.<\/p>\n\n\n\n<p>O documento est\u00e1 estruturado em dois macro eixos principais: Seguran\u00e7a Jur\u00eddica e Estabilidade do Ambiente de Neg\u00f3cios e Sustenta\u00e7\u00e3o da Competitividade e Participa\u00e7\u00e3o no Mercado Internacional, reunindo temas estrat\u00e9gicos como direito de propriedade, rela\u00e7\u00f5es trabalhistas, pol\u00edtica agr\u00edcola, meio ambiente, infraestrutura, log\u00edstica e com\u00e9rcio internacional.<\/p>\n\n\n\n<p>Como presidente da Comiss\u00e3o de Assuntos Fundi\u00e1rios da CNA, Bertoni destaca que um dos pontos centrais da agenda \u00e9 a defesa do direito de propriedade, considerado pilar para garantir estabilidade no campo e seguran\u00e7a para os investimentos no setor produtivo.<\/p>\n\n\n\n<p>\u201cGarantir seguran\u00e7a jur\u00eddica no campo \u00e9 fundamental para quem produz. O direito de propriedade precisa ser respeitado e defendido para que o produtor tenha tranquilidade para trabalhar, investir e continuar gerando desenvolvimento para o pa\u00eds\u201d, afirmou Bertoni.<\/p>\n\n\n\n<p>Segundo dados apresentados na Agenda Legislativa, entre 2023 e 2025 foram registradas 208 invas\u00f5es de propriedades rurais no pa\u00eds, n\u00famero superior ao observado em per\u00edodos anteriores. O cen\u00e1rio refor\u00e7a a preocupa\u00e7\u00e3o do setor com a garantia do direito de propriedade e com a necessidade de um posicionamento firme contra pr\u00e1ticas que comprometem a produ\u00e7\u00e3o e a paz no meio rural.<\/p>\n","protected":false},"excerpt":{"rendered":"<p>Documento re\u00fane prioridades do agro no Congresso e analisa projetos que impactam diretamente o produtor rural Comunica\u00e7\u00e3o do Sistema Famasul\u00a0 A Confedera\u00e7\u00e3o da Agricultura e Pecu\u00e1ria do Brasil (CNA) lan\u00e7ou,ontem, quarta-feira (11), em sess\u00e3o solene no plen\u00e1rio da C\u00e2mara dos Deputados, a Agenda Legislativa do Agro 2026, documento que re\u00fane a an\u00e1lise de 100 projetos [&hellip;]<\/p>\n","protected":false},"author":2,"featured_media":701,"comment_status":"open","ping_status":"open","sticky":false,"template":"","format":"standard","meta":{"footnotes":""},"categories":[14,2],"tags":[],"class_list":["post-700","post","type-post","status-publish","format-standard","has-post-thumbnail","hentry","category-agro","category-destaque"],"yoast_head":"<!-- This site is optimized with the Yoast SEO plugin v27.1.1 - https:\/\/yoast.com\/product\/yoast-seo-wordpress\/ -->\n<title>Famasul acompanha agenda com propostas que impactam o agro - O PROGRESSO<\/title>\n<meta name=\"robots\" content=\"index, follow, max-snippet:-1, max-image-preview:large, max-video-preview:-1\" \/>\n<link rel=\"canonical\" href=\"https:\/\/progresso.com.br\/index.php\/2026\/03\/12\/famasul-acompanha-agenda-com-propostas-que-impactam-o-agro\/\" \/>\n<meta property=\"og:locale\" content=\"pt_BR\" \/>\n<meta property=\"og:type\" content=\"article\" \/>\n<meta property=\"og:title\" content=\"Famasul acompanha agenda com propostas que impactam o agro - O PROGRESSO\" \/>\n<meta property=\"og:description\" content=\"Documento re\u00fane prioridades do agro no Congresso e analisa projetos que impactam diretamente o produtor rural Comunica\u00e7\u00e3o do Sistema Famasul\u00a0 A Confedera\u00e7\u00e3o da Agricultura e Pecu\u00e1ria do Brasil (CNA) lan\u00e7ou,ontem, quarta-feira (11), em sess\u00e3o solene no plen\u00e1rio da C\u00e2mara dos Deputados, a Agenda Legislativa do Agro 2026, documento que re\u00fane a an\u00e1lise de 100 projetos [&hellip;]\" \/>\n<meta property=\"og:url\" content=\"https:\/\/progresso.com.br\/index.php\/2026\/03\/12\/famasul-acompanha-agenda-com-propostas-que-impactam-o-agro\/\" \/>\n<meta property=\"og:site_name\" content=\"O PROGRESSO\" \/>\n<meta property=\"article:publisher\" content=\"https:\/\/www.facebook.com\/share\/1CeoksKBj6\/\" \/>\n<meta property=\"article:published_time\" content=\"2026-03-12T12:15:00+00:00\" \/>\n<meta property=\"og:image\" content=\"https:\/\/progresso.com.br\/wp-content\/uploads\/2026\/03\/AGENDA-LEGISLATIVA-AJUSTADO_0.jpg\" \/>\n\t<meta property=\"og:image:width\" content=\"750\" \/>\n\t<meta property=\"og:image:height\" content=\"500\" \/>\n\t<meta property=\"og:image:type\" content=\"image\/jpeg\" \/>\n<meta name=\"author\" content=\"Rose\" \/>\n<meta name=\"twitter:card\" content=\"summary_large_image\" \/>\n<meta name=\"twitter:label1\" content=\"Escrito por\" \/>\n\t<meta name=\"twitter:data1\" content=\"Rose\" \/>\n\t<meta name=\"twitter:label2\" content=\"Est. tempo de leitura\" \/>\n\t<meta name=\"twitter:data2\" content=\"3 minutos\" \/>\n<script type=\"application\/ld+json\" class=\"yoast-schema-graph\">{\"@context\":\"https:\/\/schema.org\",\"@graph\":[{\"@type\":\"Article\",\"@id\":\"https:\/\/progresso.com.br\/index.php\/2026\/03\/12\/famasul-acompanha-agenda-com-propostas-que-impactam-o-agro\/#article\",\"isPartOf\":{\"@id\":\"https:\/\/progresso.com.br\/index.php\/2026\/03\/12\/famasul-acompanha-agenda-com-propostas-que-impactam-o-agro\/\"},\"author\":{\"name\":\"Rose\",\"@id\":\"https:\/\/progresso.com.br\/#\/schema\/person\/5dd27138d4463fbbaace62120bfc002b\"},\"headline\":\"Famasul acompanha agenda com propostas que impactam o agro\",\"datePublished\":\"2026-03-12T12:15:00+00:00\",\"mainEntityOfPage\":{\"@id\":\"https:\/\/progresso.com.br\/index.php\/2026\/03\/12\/famasul-acompanha-agenda-com-propostas-que-impactam-o-agro\/\"},\"wordCount\":450,\"commentCount\":0,\"publisher\":{\"@id\":\"https:\/\/progresso.com.br\/#organization\"},\"image\":{\"@id\":\"https:\/\/progresso.com.br\/index.php\/2026\/03\/12\/famasul-acompanha-agenda-com-propostas-que-impactam-o-agro\/#primaryimage\"},\"thumbnailUrl\":\"https:\/\/progresso.com.br\/wp-content\/uploads\/2026\/03\/AGENDA-LEGISLATIVA-AJUSTADO_0.jpg\",\"articleSection\":[\"Agro\",\"Em destaque\"],\"inLanguage\":\"pt-BR\",\"potentialAction\":[{\"@type\":\"CommentAction\",\"name\":\"Comment\",\"target\":[\"https:\/\/progresso.com.br\/index.php\/2026\/03\/12\/famasul-acompanha-agenda-com-propostas-que-impactam-o-agro\/#respond\"]}]},{\"@type\":\"WebPage\",\"@id\":\"https:\/\/progresso.com.br\/index.php\/2026\/03\/12\/famasul-acompanha-agenda-com-propostas-que-impactam-o-agro\/\",\"url\":\"https:\/\/progresso.com.br\/index.php\/2026\/03\/12\/famasul-acompanha-agenda-com-propostas-que-impactam-o-agro\/\",\"name\":\"Famasul acompanha agenda com propostas que impactam o agro - O PROGRESSO\",\"isPartOf\":{\"@id\":\"https:\/\/progresso.com.br\/#website\"},\"primaryImageOfPage\":{\"@id\":\"https:\/\/progresso.com.br\/index.php\/2026\/03\/12\/famasul-acompanha-agenda-com-propostas-que-impactam-o-agro\/#primaryimage\"},\"image\":{\"@id\":\"https:\/\/progresso.com.br\/index.php\/2026\/03\/12\/famasul-acompanha-agenda-com-propostas-que-impactam-o-agro\/#primaryimage\"},\"thumbnailUrl\":\"https:\/\/progresso.com.br\/wp-content\/uploads\/2026\/03\/AGENDA-LEGISLATIVA-AJUSTADO_0.jpg\",\"datePublished\":\"2026-03-12T12:15:00+00:00\",\"breadcrumb\":{\"@id\":\"https:\/\/progresso.com.br\/index.php\/2026\/03\/12\/famasul-acompanha-agenda-com-propostas-que-impactam-o-agro\/#breadcrumb\"},\"inLanguage\":\"pt-BR\",\"potentialAction\":[{\"@type\":\"ReadAction\",\"target\":[\"https:\/\/progresso.com.br\/index.php\/2026\/03\/12\/famasul-acompanha-agenda-com-propostas-que-impactam-o-agro\/\"]}]},{\"@type\":\"ImageObject\",\"inLanguage\":\"pt-BR\",\"@id\":\"https:\/\/progresso.com.br\/index.php\/2026\/03\/12\/famasul-acompanha-agenda-com-propostas-que-impactam-o-agro\/#primaryimage\",\"url\":\"https:\/\/progresso.com.br\/wp-content\/uploads\/2026\/03\/AGENDA-LEGISLATIVA-AJUSTADO_0.jpg\",\"contentUrl\":\"https:\/\/progresso.com.br\/wp-content\/uploads\/2026\/03\/AGENDA-LEGISLATIVA-AJUSTADO_0.jpg\",\"width\":750,\"height\":500,\"caption\":\"Foto: Divulga\u00e7\u00e3o\/Famasul\"},{\"@type\":\"BreadcrumbList\",\"@id\":\"https:\/\/progresso.com.br\/index.php\/2026\/03\/12\/famasul-acompanha-agenda-com-propostas-que-impactam-o-agro\/#breadcrumb\",\"itemListElement\":[{\"@type\":\"ListItem\",\"position\":1,\"name\":\"In\u00edcio\",\"item\":\"https:\/\/progresso.com.br\/\"},{\"@type\":\"ListItem\",\"position\":2,\"name\":\"Famasul acompanha agenda com propostas que impactam o agro\"}]},{\"@type\":\"WebSite\",\"@id\":\"https:\/\/progresso.com.br\/#website\",\"url\":\"https:\/\/progresso.com.br\/\",\"name\":\"O PROGRESSO\",\"description\":\"\",\"publisher\":{\"@id\":\"https:\/\/progresso.com.br\/#organization\"},\"potentialAction\":[{\"@type\":\"SearchAction\",\"target\":{\"@type\":\"EntryPoint\",\"urlTemplate\":\"https:\/\/progresso.com.br\/?s={search_term_string}\"},\"query-input\":{\"@type\":\"PropertyValueSpecification\",\"valueRequired\":true,\"valueName\":\"search_term_string\"}}],\"inLanguage\":\"pt-BR\"},{\"@type\":\"Organization\",\"@id\":\"https:\/\/progresso.com.br\/#organization\",\"name\":\"O PROGRESSO\",\"url\":\"https:\/\/progresso.com.br\/\",\"logo\":{\"@type\":\"ImageObject\",\"inLanguage\":\"pt-BR\",\"@id\":\"https:\/\/progresso.com.br\/#\/schema\/logo\/image\/\",\"url\":\"https:\/\/progresso.com.br\/wp-content\/uploads\/2026\/03\/logo_proog.jpg\",\"contentUrl\":\"https:\/\/progresso.com.br\/wp-content\/uploads\/2026\/03\/logo_proog.jpg\",\"width\":1960,\"height\":1080,\"caption\":\"O PROGRESSO\"},\"image\":{\"@id\":\"https:\/\/progresso.com.br\/#\/schema\/logo\/image\/\"},\"sameAs\":[\"https:\/\/www.facebook.com\/share\/1CeoksKBj6\/\",\"https:\/\/www.instagram.com\/oprogresso_digital\"]},{\"@type\":\"Person\",\"@id\":\"https:\/\/progresso.com.br\/#\/schema\/person\/5dd27138d4463fbbaace62120bfc002b\",\"name\":\"Rose\",\"image\":{\"@type\":\"ImageObject\",\"inLanguage\":\"pt-BR\",\"@id\":\"https:\/\/progresso.com.br\/#\/schema\/person\/image\/\",\"url\":\"https:\/\/secure.gravatar.com\/avatar\/1b6890e759cdd3a88d9f751cb423720b9861c5239167cd3586355638b6556599?s=96&d=mm&r=g\",\"contentUrl\":\"https:\/\/secure.gravatar.com\/avatar\/1b6890e759cdd3a88d9f751cb423720b9861c5239167cd3586355638b6556599?s=96&d=mm&r=g\",\"caption\":\"Rose\"},\"url\":\"https:\/\/progresso.com.br\/index.php\/author\/rose\/\"}]}<\/script>\n<!-- \/ Yoast SEO plugin. -->","yoast_head_json":{"title":"Famasul acompanha agenda com propostas que impactam o agro - O PROGRESSO","robots":{"index":"index","follow":"follow","max-snippet":"max-snippet:-1","max-image-preview":"max-image-preview:large","max-video-preview":"max-video-preview:-1"},"canonical":"https:\/\/progresso.com.br\/index.php\/2026\/03\/12\/famasul-acompanha-agenda-com-propostas-que-impactam-o-agro\/","og_locale":"pt_BR","og_type":"article","og_title":"Famasul acompanha agenda com propostas que impactam o agro - O PROGRESSO","og_description":"Documento re\u00fane prioridades do agro no Congresso e analisa projetos que impactam diretamente o produtor rural Comunica\u00e7\u00e3o do Sistema Famasul\u00a0 A Confedera\u00e7\u00e3o da Agricultura e Pecu\u00e1ria do Brasil (CNA) lan\u00e7ou,ontem, quarta-feira (11), em sess\u00e3o solene no plen\u00e1rio da C\u00e2mara dos Deputados, a Agenda Legislativa do Agro 2026, documento que re\u00fane a an\u00e1lise de 100 projetos [&hellip;]","og_url":"https:\/\/progresso.com.br\/index.php\/2026\/03\/12\/famasul-acompanha-agenda-com-propostas-que-impactam-o-agro\/","og_site_name":"O PROGRESSO","article_publisher":"https:\/\/www.facebook.com\/share\/1CeoksKBj6\/","article_published_time":"2026-03-12T12:15:00+00:00","og_image":[{"width":750,"height":500,"url":"https:\/\/progresso.com.br\/wp-content\/uploads\/2026\/03\/AGENDA-LEGISLATIVA-AJUSTADO_0.jpg","type":"image\/jpeg"}],"author":"Rose","twitter_card":"summary_large_image","twitter_misc":{"Escrito por":"Rose","Est. tempo de leitura":"3 minutos"},"schema":{"@context":"https:\/\/schema.org","@graph":[{"@type":"Article","@id":"https:\/\/progresso.com.br\/index.php\/2026\/03\/12\/famasul-acompanha-agenda-com-propostas-que-impactam-o-agro\/#article","isPartOf":{"@id":"https:\/\/progresso.com.br\/index.php\/2026\/03\/12\/famasul-acompanha-agenda-com-propostas-que-impactam-o-agro\/"},"author":{"name":"Rose","@id":"https:\/\/progresso.com.br\/#\/schema\/person\/5dd27138d4463fbbaace62120bfc002b"},"headline":"Famasul acompanha agenda com propostas que impactam o agro","datePublished":"2026-03-12T12:15:00+00:00","mainEntityOfPage":{"@id":"https:\/\/progresso.com.br\/index.php\/2026\/03\/12\/famasul-acompanha-agenda-com-propostas-que-impactam-o-agro\/"},"wordCount":450,"commentCount":0,"publisher":{"@id":"https:\/\/progresso.com.br\/#organization"},"image":{"@id":"https:\/\/progresso.com.br\/index.php\/2026\/03\/12\/famasul-acompanha-agenda-com-propostas-que-impactam-o-agro\/#primaryimage"},"thumbnailUrl":"https:\/\/progresso.com.br\/wp-content\/uploads\/2026\/03\/AGENDA-LEGISLATIVA-AJUSTADO_0.jpg","articleSection":["Agro","Em destaque"],"inLanguage":"pt-BR","potentialAction":[{"@type":"CommentAction","name":"Comment","target":["https:\/\/progresso.com.br\/index.php\/2026\/03\/12\/famasul-acompanha-agenda-com-propostas-que-impactam-o-agro\/#respond"]}]},{"@type":"WebPage","@id":"https:\/\/progresso.com.br\/index.php\/2026\/03\/12\/famasul-acompanha-agenda-com-propostas-que-impactam-o-agro\/","url":"https:\/\/progresso.com.br\/index.php\/2026\/03\/12\/famasul-acompanha-agenda-com-propostas-que-impactam-o-agro\/","name":"Famasul acompanha agenda com propostas que impactam o agro - O PROGRESSO","isPartOf":{"@id":"https:\/\/progresso.com.br\/#website"},"primaryImageOfPage":{"@id":"https:\/\/progresso.com.br\/index.php\/2026\/03\/12\/famasul-acompanha-agenda-com-propostas-que-impactam-o-agro\/#primaryimage"},"image":{"@id":"https:\/\/progresso.com.br\/index.php\/2026\/03\/12\/famasul-acompanha-agenda-com-propostas-que-impactam-o-agro\/#primaryimage"},"thumbnailUrl":"https:\/\/progresso.com.br\/wp-content\/uploads\/2026\/03\/AGENDA-LEGISLATIVA-AJUSTADO_0.jpg","datePublished":"2026-03-12T12:15:00+00:00","breadcrumb":{"@id":"https:\/\/progresso.com.br\/index.php\/2026\/03\/12\/famasul-acompanha-agenda-com-propostas-que-impactam-o-agro\/#breadcrumb"},"inLanguage":"pt-BR","potentialAction":[{"@type":"ReadAction","target":["https:\/\/progresso.com.br\/index.php\/2026\/03\/12\/famasul-acompanha-agenda-com-propostas-que-impactam-o-agro\/"]}]},{"@type":"ImageObject","inLanguage":"pt-BR","@id":"https:\/\/progresso.com.br\/index.php\/2026\/03\/12\/famasul-acompanha-agenda-com-propostas-que-impactam-o-agro\/#primaryimage","url":"https:\/\/progresso.com.br\/wp-content\/uploads\/2026\/03\/AGENDA-LEGISLATIVA-AJUSTADO_0.jpg","contentUrl":"https:\/\/progresso.com.br\/wp-content\/uploads\/2026\/03\/AGENDA-LEGISLATIVA-AJUSTADO_0.jpg","width":750,"height":500,"caption":"Foto: Divulga\u00e7\u00e3o\/Famasul"},{"@type":"BreadcrumbList","@id":"https:\/\/progresso.com.br\/index.php\/2026\/03\/12\/famasul-acompanha-agenda-com-propostas-que-impactam-o-agro\/#breadcrumb","itemListElement":[{"@type":"ListItem","position":1,"name":"In\u00edcio","item":"https:\/\/progresso.com.br\/"},{"@type":"ListItem","position":2,"name":"Famasul acompanha agenda com propostas que impactam o agro"}]},{"@type":"WebSite","@id":"https:\/\/progresso.com.br\/#website","url":"https:\/\/progresso.com.br\/","name":"O PROGRESSO","description":"","publisher":{"@id":"https:\/\/progresso.com.br\/#organization"},"potentialAction":[{"@type":"SearchAction","target":{"@type":"EntryPoint","urlTemplate":"https:\/\/progresso.com.br\/?s={search_term_string}"},"query-input":{"@type":"PropertyValueSpecification","valueRequired":true,"valueName":"search_term_string"}}],"inLanguage":"pt-BR"},{"@type":"Organization","@id":"https:\/\/progresso.com.br\/#organization","name":"O PROGRESSO","url":"https:\/\/progresso.com.br\/","logo":{"@type":"ImageObject","inLanguage":"pt-BR","@id":"https:\/\/progresso.com.br\/#\/schema\/logo\/image\/","url":"https:\/\/progresso.com.br\/wp-content\/uploads\/2026\/03\/logo_proog.jpg","contentUrl":"https:\/\/progresso.com.br\/wp-content\/uploads\/2026\/03\/logo_proog.jpg","width":1960,"height":1080,"caption":"O PROGRESSO"},"image":{"@id":"https:\/\/progresso.com.br\/#\/schema\/logo\/image\/"},"sameAs":["https:\/\/www.facebook.com\/share\/1CeoksKBj6\/","https:\/\/www.instagram.com\/oprogresso_digital"]},{"@type":"Person","@id":"https:\/\/progresso.com.br\/#\/schema\/person\/5dd27138d4463fbbaace62120bfc002b","name":"Rose","image":{"@type":"ImageObject","inLanguage":"pt-BR","@id":"https:\/\/progresso.com.br\/#\/schema\/person\/image\/","url":"https:\/\/secure.gravatar.com\/avatar\/1b6890e759cdd3a88d9f751cb423720b9861c5239167cd3586355638b6556599?s=96&d=mm&r=g","contentUrl":"https:\/\/secure.gravatar.com\/avatar\/1b6890e759cdd3a88d9f751cb423720b9861c5239167cd3586355638b6556599?s=96&d=mm&r=g","caption":"Rose"},"url":"https:\/\/progresso.com.br\/index.php\/author\/rose\/"}]}},"_links":{"self":[{"href":"https:\/\/progresso.com.br\/index.php\/wp-json\/wp\/v2\/posts\/700","targetHints":{"allow":["GET"]}}],"collection":[{"href":"https:\/\/progresso.com.br\/index.php\/wp-json\/wp\/v2\/posts"}],"about":[{"href":"https:\/\/progresso.com.br\/index.php\/wp-json\/wp\/v2\/types\/post"}],"author":[{"embeddable":true,"href":"https:\/\/progresso.com.br\/index.php\/wp-json\/wp\/v2\/users\/2"}],"replies":[{"embeddable":true,"href":"https:\/\/progresso.com.br\/index.php\/wp-json\/wp\/v2\/comments?post=700"}],"version-history":[{"count":1,"href":"https:\/\/progresso.com.br\/index.php\/wp-json\/wp\/v2\/posts\/700\/revisions"}],"predecessor-version":[{"id":702,"href":"https:\/\/progresso.com.br\/index.php\/wp-json\/wp\/v2\/posts\/700\/revisions\/702"}],"wp:featuredmedia":[{"embeddable":true,"href":"https:\/\/progresso.com.br\/index.php\/wp-json\/wp\/v2\/media\/701"}],"wp:attachment":[{"href":"https:\/\/progresso.com.br\/index.php\/wp-json\/wp\/v2\/media?parent=700"}],"wp:term":[{"taxonomy":"category","embeddable":true,"href":"https:\/\/progresso.com.br\/index.php\/wp-json\/wp\/v2\/categories?post=700"},{"taxonomy":"post_tag","embeddable":true,"href":"https:\/\/progresso.com.br\/index.php\/wp-json\/wp\/v2\/tags?post=700"}],"curies":[{"name":"wp","href":"https:\/\/api.w.org\/{rel}","templated":true}]}}