{"id":703,"date":"2026-03-12T08:30:00","date_gmt":"2026-03-12T12:30:00","guid":{"rendered":"https:\/\/progresso.com.br\/?p=703"},"modified":"2026-03-12T07:46:51","modified_gmt":"2026-03-12T11:46:51","slug":"segunda-safra-de-milho-em-ms-deve-chegar-a-11-milhoes-de-toneladas","status":"publish","type":"post","link":"https:\/\/progresso.com.br\/index.php\/2026\/03\/12\/segunda-safra-de-milho-em-ms-deve-chegar-a-11-milhoes-de-toneladas\/","title":{"rendered":"Segunda safra de milho em MS deve chegar a 11 milh\u00f5es de toneladas"},"content":{"rendered":"\n<p><em><strong>Proje\u00e7\u00f5es do Projeto SIGA-MS, executado pela Aprosoja\/MS, indicam poss\u00edvel aumento de \u00e1rea em rela\u00e7\u00e3o ao ciclo anterior<\/strong><\/em><\/p>\n\n\n\n<p><em>Comunica\u00e7\u00e3o da Aprosoja\/MS<\/em><\/p>\n\n\n\n<p>&#8220;As estimativas consideram um cen\u00e1rio de acomoda\u00e7\u00e3o ap\u00f3s a safra anterior, considerada at\u00edpica em fun\u00e7\u00e3o das condi\u00e7\u00f5es clim\u00e1ticas favor\u00e1veis que contribu\u00edram para n\u00edveis elevados de produtividade. Para o ciclo atual, a proje\u00e7\u00e3o indica rendimento mais pr\u00f3ximo dos patamares observados na m\u00e9dia hist\u00f3rica&#8221;, aponta o assessor t\u00e9cnico da Aprosoja\/MS, Flavio Aguena.<\/p>\n\n\n\n<p>De acordo com o levantamento inicial, a \u00e1rea destinada ao milho segunda safra em Mato Grosso do Sul est\u00e1 estimada em cerca de 2,2 milh\u00f5es de hectares, o que sugere leve aumento em rela\u00e7\u00e3o ao ciclo anterior.<\/p>\n\n\n\n<p>&#8220;Historicamente, a \u00e1rea dedicada ao milho segunda safra no estado apresenta oscila\u00e7\u00f5es nas \u00faltimas safras, geralmente variando entre 2,1 milh\u00f5es e 2,3 milh\u00f5es de hectares, conforme as condi\u00e7\u00f5es de mercado, clima e estrat\u00e9gias adotadas pelos produtores&#8221;.<\/p>\n\n\n\n<p>As estimativas atuais indicam uma produtividade m\u00e9dia de 84,2 sacas por hectare, n\u00famero 22% inferior \u00e0s 108 sc\/ha registradas no ciclo passado.<\/p>\n\n\n\n<p><strong>Plantio avan\u00e7a dentro do calend\u00e1rio agr\u00edcola<\/strong><\/p>\n\n\n\n<p>No campo, os produtores seguem intensificando as opera\u00e7\u00f5es para garantir o estabelecimento das lavouras dentro de uma janela mais segura do ponto de vista clim\u00e1tico para o desenvolvimento da cultura.<\/p>\n\n\n\n<p>Na primeira semana de mar\u00e7o, aproximadamente 65,7% da \u00e1rea estimada j\u00e1 havia sido semeada, o equivalente a cerca de 1,4 milh\u00e3o de hectares. O avan\u00e7o ocorre paralelamente \u00e0 colheita da soja, fase em que as propriedades operam em ritmo intenso para manter o calend\u00e1rio agr\u00edcola dentro do planejado.<\/p>\n\n\n\n<p><strong>Diversifica\u00e7\u00e3o marca segunda safra<\/strong><\/p>\n\n\n\n<p>Outro movimento observado nos \u00faltimos anos em Mato Grosso do Sul \u00e9 a diversifica\u00e7\u00e3o das culturas implantadas na segunda safra. &#8220;Embora o milho permane\u00e7a como uma das principais op\u00e7\u00f5es em muitas regi\u00f5es, outras alternativas v\u00eam ganhando espa\u00e7o dentro das propriedades&#8221;.<\/p>\n\n\n\n<p>Atualmente, o cereal ocupa cerca de 46% das \u00e1reas de sucess\u00e3o ap\u00f3s a soja, percentual inferior aos cerca de 75% registrados em per\u00edodos anteriores.O restante das \u00e1reas devem ser ocupadas com culturas como sorgo, milheto e pastagens, alternativas que contribuem para ampliar a diversifica\u00e7\u00e3o produtiva e reduzir riscos clim\u00e1ticos.<\/p>\n\n\n\n<p>&#8220;Mesmo com varia\u00e7\u00f5es naturais entre as safras, o milho segue como uma das principais culturas agr\u00edcolas de Mato Grosso do Sul, com papel relevante tanto no abastecimento do mercado interno quanto na cadeia de exporta\u00e7\u00e3o de gr\u00e3os&#8221;, finaliza Flavio.<\/p>\n","protected":false},"excerpt":{"rendered":"<p>Proje\u00e7\u00f5es do Projeto SIGA-MS, executado pela Aprosoja\/MS, indicam poss\u00edvel aumento de \u00e1rea em rela\u00e7\u00e3o ao ciclo anterior Comunica\u00e7\u00e3o da Aprosoja\/MS &#8220;As estimativas consideram um cen\u00e1rio de acomoda\u00e7\u00e3o ap\u00f3s a safra anterior, considerada at\u00edpica em fun\u00e7\u00e3o das condi\u00e7\u00f5es clim\u00e1ticas favor\u00e1veis que contribu\u00edram para n\u00edveis elevados de produtividade. Para o ciclo atual, a proje\u00e7\u00e3o indica rendimento mais [&hellip;]<\/p>\n","protected":false},"author":2,"featured_media":704,"comment_status":"open","ping_status":"open","sticky":false,"template":"","format":"standard","meta":{"footnotes":""},"categories":[1],"tags":[],"class_list":["post-703","post","type-post","status-publish","format-standard","has-post-thumbnail","hentry","category-sem-categoria"],"yoast_head":"<!-- This site is optimized with the Yoast SEO plugin v27.1.1 - https:\/\/yoast.com\/product\/yoast-seo-wordpress\/ -->\n<title>Segunda safra de milho em MS deve chegar a 11 milh\u00f5es de toneladas - O PROGRESSO<\/title>\n<meta name=\"robots\" content=\"index, follow, max-snippet:-1, max-image-preview:large, max-video-preview:-1\" \/>\n<link rel=\"canonical\" href=\"https:\/\/progresso.com.br\/index.php\/2026\/03\/12\/segunda-safra-de-milho-em-ms-deve-chegar-a-11-milhoes-de-toneladas\/\" \/>\n<meta property=\"og:locale\" content=\"pt_BR\" \/>\n<meta property=\"og:type\" content=\"article\" \/>\n<meta property=\"og:title\" content=\"Segunda safra de milho em MS deve chegar a 11 milh\u00f5es de toneladas - O PROGRESSO\" \/>\n<meta property=\"og:description\" content=\"Proje\u00e7\u00f5es do Projeto SIGA-MS, executado pela Aprosoja\/MS, indicam poss\u00edvel aumento de \u00e1rea em rela\u00e7\u00e3o ao ciclo anterior Comunica\u00e7\u00e3o da Aprosoja\/MS &#8220;As estimativas consideram um cen\u00e1rio de acomoda\u00e7\u00e3o ap\u00f3s a safra anterior, considerada at\u00edpica em fun\u00e7\u00e3o das condi\u00e7\u00f5es clim\u00e1ticas favor\u00e1veis que contribu\u00edram para n\u00edveis elevados de produtividade. Para o ciclo atual, a proje\u00e7\u00e3o indica rendimento mais [&hellip;]\" \/>\n<meta property=\"og:url\" content=\"https:\/\/progresso.com.br\/index.php\/2026\/03\/12\/segunda-safra-de-milho-em-ms-deve-chegar-a-11-milhoes-de-toneladas\/\" \/>\n<meta property=\"og:site_name\" content=\"O PROGRESSO\" \/>\n<meta property=\"article:publisher\" content=\"https:\/\/www.facebook.com\/share\/1CeoksKBj6\/\" \/>\n<meta property=\"article:published_time\" content=\"2026-03-12T12:30:00+00:00\" \/>\n<meta property=\"og:image\" content=\"https:\/\/progresso.com.br\/wp-content\/uploads\/2026\/03\/WhatsApp-Image-2026-03-11-at-16.05.08-1_0.jpeg\" \/>\n\t<meta property=\"og:image:width\" content=\"800\" \/>\n\t<meta property=\"og:image:height\" content=\"550\" \/>\n\t<meta property=\"og:image:type\" content=\"image\/jpeg\" \/>\n<meta name=\"author\" content=\"Rose\" \/>\n<meta name=\"twitter:card\" content=\"summary_large_image\" \/>\n<meta name=\"twitter:label1\" content=\"Escrito por\" \/>\n\t<meta name=\"twitter:data1\" content=\"Rose\" \/>\n\t<meta name=\"twitter:label2\" content=\"Est. tempo de leitura\" \/>\n\t<meta name=\"twitter:data2\" content=\"3 minutos\" \/>\n<script type=\"application\/ld+json\" class=\"yoast-schema-graph\">{\"@context\":\"https:\/\/schema.org\",\"@graph\":[{\"@type\":\"Article\",\"@id\":\"https:\/\/progresso.com.br\/index.php\/2026\/03\/12\/segunda-safra-de-milho-em-ms-deve-chegar-a-11-milhoes-de-toneladas\/#article\",\"isPartOf\":{\"@id\":\"https:\/\/progresso.com.br\/index.php\/2026\/03\/12\/segunda-safra-de-milho-em-ms-deve-chegar-a-11-milhoes-de-toneladas\/\"},\"author\":{\"name\":\"Rose\",\"@id\":\"https:\/\/progresso.com.br\/#\/schema\/person\/5dd27138d4463fbbaace62120bfc002b\"},\"headline\":\"Segunda safra de milho em MS deve chegar a 11 milh\u00f5es de toneladas\",\"datePublished\":\"2026-03-12T12:30:00+00:00\",\"mainEntityOfPage\":{\"@id\":\"https:\/\/progresso.com.br\/index.php\/2026\/03\/12\/segunda-safra-de-milho-em-ms-deve-chegar-a-11-milhoes-de-toneladas\/\"},\"wordCount\":441,\"commentCount\":0,\"publisher\":{\"@id\":\"https:\/\/progresso.com.br\/#organization\"},\"image\":{\"@id\":\"https:\/\/progresso.com.br\/index.php\/2026\/03\/12\/segunda-safra-de-milho-em-ms-deve-chegar-a-11-milhoes-de-toneladas\/#primaryimage\"},\"thumbnailUrl\":\"https:\/\/progresso.com.br\/wp-content\/uploads\/2026\/03\/WhatsApp-Image-2026-03-11-at-16.05.08-1_0.jpeg\",\"inLanguage\":\"pt-BR\",\"potentialAction\":[{\"@type\":\"CommentAction\",\"name\":\"Comment\",\"target\":[\"https:\/\/progresso.com.br\/index.php\/2026\/03\/12\/segunda-safra-de-milho-em-ms-deve-chegar-a-11-milhoes-de-toneladas\/#respond\"]}]},{\"@type\":\"WebPage\",\"@id\":\"https:\/\/progresso.com.br\/index.php\/2026\/03\/12\/segunda-safra-de-milho-em-ms-deve-chegar-a-11-milhoes-de-toneladas\/\",\"url\":\"https:\/\/progresso.com.br\/index.php\/2026\/03\/12\/segunda-safra-de-milho-em-ms-deve-chegar-a-11-milhoes-de-toneladas\/\",\"name\":\"Segunda safra de milho em MS deve chegar a 11 milh\u00f5es de toneladas - O PROGRESSO\",\"isPartOf\":{\"@id\":\"https:\/\/progresso.com.br\/#website\"},\"primaryImageOfPage\":{\"@id\":\"https:\/\/progresso.com.br\/index.php\/2026\/03\/12\/segunda-safra-de-milho-em-ms-deve-chegar-a-11-milhoes-de-toneladas\/#primaryimage\"},\"image\":{\"@id\":\"https:\/\/progresso.com.br\/index.php\/2026\/03\/12\/segunda-safra-de-milho-em-ms-deve-chegar-a-11-milhoes-de-toneladas\/#primaryimage\"},\"thumbnailUrl\":\"https:\/\/progresso.com.br\/wp-content\/uploads\/2026\/03\/WhatsApp-Image-2026-03-11-at-16.05.08-1_0.jpeg\",\"datePublished\":\"2026-03-12T12:30:00+00:00\",\"breadcrumb\":{\"@id\":\"https:\/\/progresso.com.br\/index.php\/2026\/03\/12\/segunda-safra-de-milho-em-ms-deve-chegar-a-11-milhoes-de-toneladas\/#breadcrumb\"},\"inLanguage\":\"pt-BR\",\"potentialAction\":[{\"@type\":\"ReadAction\",\"target\":[\"https:\/\/progresso.com.br\/index.php\/2026\/03\/12\/segunda-safra-de-milho-em-ms-deve-chegar-a-11-milhoes-de-toneladas\/\"]}]},{\"@type\":\"ImageObject\",\"inLanguage\":\"pt-BR\",\"@id\":\"https:\/\/progresso.com.br\/index.php\/2026\/03\/12\/segunda-safra-de-milho-em-ms-deve-chegar-a-11-milhoes-de-toneladas\/#primaryimage\",\"url\":\"https:\/\/progresso.com.br\/wp-content\/uploads\/2026\/03\/WhatsApp-Image-2026-03-11-at-16.05.08-1_0.jpeg\",\"contentUrl\":\"https:\/\/progresso.com.br\/wp-content\/uploads\/2026\/03\/WhatsApp-Image-2026-03-11-at-16.05.08-1_0.jpeg\",\"width\":800,\"height\":550,\"caption\":\"A produ\u00e7\u00e3o de milho segunda safra em Mato Grosso do Sul pode alcan\u00e7ar aproximadamente 11,1 milh\u00f5es de toneladas no ciclo 2025\/2026. (Foto: Aprosoja\/MS )\"},{\"@type\":\"BreadcrumbList\",\"@id\":\"https:\/\/progresso.com.br\/index.php\/2026\/03\/12\/segunda-safra-de-milho-em-ms-deve-chegar-a-11-milhoes-de-toneladas\/#breadcrumb\",\"itemListElement\":[{\"@type\":\"ListItem\",\"position\":1,\"name\":\"In\u00edcio\",\"item\":\"https:\/\/progresso.com.br\/\"},{\"@type\":\"ListItem\",\"position\":2,\"name\":\"Segunda safra de milho em MS deve chegar a 11 milh\u00f5es de toneladas\"}]},{\"@type\":\"WebSite\",\"@id\":\"https:\/\/progresso.com.br\/#website\",\"url\":\"https:\/\/progresso.com.br\/\",\"name\":\"O PROGRESSO\",\"description\":\"\",\"publisher\":{\"@id\":\"https:\/\/progresso.com.br\/#organization\"},\"potentialAction\":[{\"@type\":\"SearchAction\",\"target\":{\"@type\":\"EntryPoint\",\"urlTemplate\":\"https:\/\/progresso.com.br\/?s={search_term_string}\"},\"query-input\":{\"@type\":\"PropertyValueSpecification\",\"valueRequired\":true,\"valueName\":\"search_term_string\"}}],\"inLanguage\":\"pt-BR\"},{\"@type\":\"Organization\",\"@id\":\"https:\/\/progresso.com.br\/#organization\",\"name\":\"O PROGRESSO\",\"url\":\"https:\/\/progresso.com.br\/\",\"logo\":{\"@type\":\"ImageObject\",\"inLanguage\":\"pt-BR\",\"@id\":\"https:\/\/progresso.com.br\/#\/schema\/logo\/image\/\",\"url\":\"https:\/\/progresso.com.br\/wp-content\/uploads\/2026\/03\/logo_proog.jpg\",\"contentUrl\":\"https:\/\/progresso.com.br\/wp-content\/uploads\/2026\/03\/logo_proog.jpg\",\"width\":1960,\"height\":1080,\"caption\":\"O PROGRESSO\"},\"image\":{\"@id\":\"https:\/\/progresso.com.br\/#\/schema\/logo\/image\/\"},\"sameAs\":[\"https:\/\/www.facebook.com\/share\/1CeoksKBj6\/\",\"https:\/\/www.instagram.com\/oprogresso_digital\"]},{\"@type\":\"Person\",\"@id\":\"https:\/\/progresso.com.br\/#\/schema\/person\/5dd27138d4463fbbaace62120bfc002b\",\"name\":\"Rose\",\"image\":{\"@type\":\"ImageObject\",\"inLanguage\":\"pt-BR\",\"@id\":\"https:\/\/progresso.com.br\/#\/schema\/person\/image\/\",\"url\":\"https:\/\/secure.gravatar.com\/avatar\/1b6890e759cdd3a88d9f751cb423720b9861c5239167cd3586355638b6556599?s=96&d=mm&r=g\",\"contentUrl\":\"https:\/\/secure.gravatar.com\/avatar\/1b6890e759cdd3a88d9f751cb423720b9861c5239167cd3586355638b6556599?s=96&d=mm&r=g\",\"caption\":\"Rose\"},\"url\":\"https:\/\/progresso.com.br\/index.php\/author\/rose\/\"}]}<\/script>\n<!-- \/ Yoast SEO plugin. -->","yoast_head_json":{"title":"Segunda safra de milho em MS deve chegar a 11 milh\u00f5es de toneladas - O PROGRESSO","robots":{"index":"index","follow":"follow","max-snippet":"max-snippet:-1","max-image-preview":"max-image-preview:large","max-video-preview":"max-video-preview:-1"},"canonical":"https:\/\/progresso.com.br\/index.php\/2026\/03\/12\/segunda-safra-de-milho-em-ms-deve-chegar-a-11-milhoes-de-toneladas\/","og_locale":"pt_BR","og_type":"article","og_title":"Segunda safra de milho em MS deve chegar a 11 milh\u00f5es de toneladas - O PROGRESSO","og_description":"Proje\u00e7\u00f5es do Projeto SIGA-MS, executado pela Aprosoja\/MS, indicam poss\u00edvel aumento de \u00e1rea em rela\u00e7\u00e3o ao ciclo anterior Comunica\u00e7\u00e3o da Aprosoja\/MS &#8220;As estimativas consideram um cen\u00e1rio de acomoda\u00e7\u00e3o ap\u00f3s a safra anterior, considerada at\u00edpica em fun\u00e7\u00e3o das condi\u00e7\u00f5es clim\u00e1ticas favor\u00e1veis que contribu\u00edram para n\u00edveis elevados de produtividade. Para o ciclo atual, a proje\u00e7\u00e3o indica rendimento mais [&hellip;]","og_url":"https:\/\/progresso.com.br\/index.php\/2026\/03\/12\/segunda-safra-de-milho-em-ms-deve-chegar-a-11-milhoes-de-toneladas\/","og_site_name":"O PROGRESSO","article_publisher":"https:\/\/www.facebook.com\/share\/1CeoksKBj6\/","article_published_time":"2026-03-12T12:30:00+00:00","og_image":[{"width":800,"height":550,"url":"https:\/\/progresso.com.br\/wp-content\/uploads\/2026\/03\/WhatsApp-Image-2026-03-11-at-16.05.08-1_0.jpeg","type":"image\/jpeg"}],"author":"Rose","twitter_card":"summary_large_image","twitter_misc":{"Escrito por":"Rose","Est. tempo de leitura":"3 minutos"},"schema":{"@context":"https:\/\/schema.org","@graph":[{"@type":"Article","@id":"https:\/\/progresso.com.br\/index.php\/2026\/03\/12\/segunda-safra-de-milho-em-ms-deve-chegar-a-11-milhoes-de-toneladas\/#article","isPartOf":{"@id":"https:\/\/progresso.com.br\/index.php\/2026\/03\/12\/segunda-safra-de-milho-em-ms-deve-chegar-a-11-milhoes-de-toneladas\/"},"author":{"name":"Rose","@id":"https:\/\/progresso.com.br\/#\/schema\/person\/5dd27138d4463fbbaace62120bfc002b"},"headline":"Segunda safra de milho em MS deve chegar a 11 milh\u00f5es de toneladas","datePublished":"2026-03-12T12:30:00+00:00","mainEntityOfPage":{"@id":"https:\/\/progresso.com.br\/index.php\/2026\/03\/12\/segunda-safra-de-milho-em-ms-deve-chegar-a-11-milhoes-de-toneladas\/"},"wordCount":441,"commentCount":0,"publisher":{"@id":"https:\/\/progresso.com.br\/#organization"},"image":{"@id":"https:\/\/progresso.com.br\/index.php\/2026\/03\/12\/segunda-safra-de-milho-em-ms-deve-chegar-a-11-milhoes-de-toneladas\/#primaryimage"},"thumbnailUrl":"https:\/\/progresso.com.br\/wp-content\/uploads\/2026\/03\/WhatsApp-Image-2026-03-11-at-16.05.08-1_0.jpeg","inLanguage":"pt-BR","potentialAction":[{"@type":"CommentAction","name":"Comment","target":["https:\/\/progresso.com.br\/index.php\/2026\/03\/12\/segunda-safra-de-milho-em-ms-deve-chegar-a-11-milhoes-de-toneladas\/#respond"]}]},{"@type":"WebPage","@id":"https:\/\/progresso.com.br\/index.php\/2026\/03\/12\/segunda-safra-de-milho-em-ms-deve-chegar-a-11-milhoes-de-toneladas\/","url":"https:\/\/progresso.com.br\/index.php\/2026\/03\/12\/segunda-safra-de-milho-em-ms-deve-chegar-a-11-milhoes-de-toneladas\/","name":"Segunda safra de milho em MS deve chegar a 11 milh\u00f5es de toneladas - O PROGRESSO","isPartOf":{"@id":"https:\/\/progresso.com.br\/#website"},"primaryImageOfPage":{"@id":"https:\/\/progresso.com.br\/index.php\/2026\/03\/12\/segunda-safra-de-milho-em-ms-deve-chegar-a-11-milhoes-de-toneladas\/#primaryimage"},"image":{"@id":"https:\/\/progresso.com.br\/index.php\/2026\/03\/12\/segunda-safra-de-milho-em-ms-deve-chegar-a-11-milhoes-de-toneladas\/#primaryimage"},"thumbnailUrl":"https:\/\/progresso.com.br\/wp-content\/uploads\/2026\/03\/WhatsApp-Image-2026-03-11-at-16.05.08-1_0.jpeg","datePublished":"2026-03-12T12:30:00+00:00","breadcrumb":{"@id":"https:\/\/progresso.com.br\/index.php\/2026\/03\/12\/segunda-safra-de-milho-em-ms-deve-chegar-a-11-milhoes-de-toneladas\/#breadcrumb"},"inLanguage":"pt-BR","potentialAction":[{"@type":"ReadAction","target":["https:\/\/progresso.com.br\/index.php\/2026\/03\/12\/segunda-safra-de-milho-em-ms-deve-chegar-a-11-milhoes-de-toneladas\/"]}]},{"@type":"ImageObject","inLanguage":"pt-BR","@id":"https:\/\/progresso.com.br\/index.php\/2026\/03\/12\/segunda-safra-de-milho-em-ms-deve-chegar-a-11-milhoes-de-toneladas\/#primaryimage","url":"https:\/\/progresso.com.br\/wp-content\/uploads\/2026\/03\/WhatsApp-Image-2026-03-11-at-16.05.08-1_0.jpeg","contentUrl":"https:\/\/progresso.com.br\/wp-content\/uploads\/2026\/03\/WhatsApp-Image-2026-03-11-at-16.05.08-1_0.jpeg","width":800,"height":550,"caption":"A produ\u00e7\u00e3o de milho segunda safra em Mato Grosso do Sul pode alcan\u00e7ar aproximadamente 11,1 milh\u00f5es de toneladas no ciclo 2025\/2026. (Foto: Aprosoja\/MS )"},{"@type":"BreadcrumbList","@id":"https:\/\/progresso.com.br\/index.php\/2026\/03\/12\/segunda-safra-de-milho-em-ms-deve-chegar-a-11-milhoes-de-toneladas\/#breadcrumb","itemListElement":[{"@type":"ListItem","position":1,"name":"In\u00edcio","item":"https:\/\/progresso.com.br\/"},{"@type":"ListItem","position":2,"name":"Segunda safra de milho em MS deve chegar a 11 milh\u00f5es de toneladas"}]},{"@type":"WebSite","@id":"https:\/\/progresso.com.br\/#website","url":"https:\/\/progresso.com.br\/","name":"O PROGRESSO","description":"","publisher":{"@id":"https:\/\/progresso.com.br\/#organization"},"potentialAction":[{"@type":"SearchAction","target":{"@type":"EntryPoint","urlTemplate":"https:\/\/progresso.com.br\/?s={search_term_string}"},"query-input":{"@type":"PropertyValueSpecification","valueRequired":true,"valueName":"search_term_string"}}],"inLanguage":"pt-BR"},{"@type":"Organization","@id":"https:\/\/progresso.com.br\/#organization","name":"O PROGRESSO","url":"https:\/\/progresso.com.br\/","logo":{"@type":"ImageObject","inLanguage":"pt-BR","@id":"https:\/\/progresso.com.br\/#\/schema\/logo\/image\/","url":"https:\/\/progresso.com.br\/wp-content\/uploads\/2026\/03\/logo_proog.jpg","contentUrl":"https:\/\/progresso.com.br\/wp-content\/uploads\/2026\/03\/logo_proog.jpg","width":1960,"height":1080,"caption":"O PROGRESSO"},"image":{"@id":"https:\/\/progresso.com.br\/#\/schema\/logo\/image\/"},"sameAs":["https:\/\/www.facebook.com\/share\/1CeoksKBj6\/","https:\/\/www.instagram.com\/oprogresso_digital"]},{"@type":"Person","@id":"https:\/\/progresso.com.br\/#\/schema\/person\/5dd27138d4463fbbaace62120bfc002b","name":"Rose","image":{"@type":"ImageObject","inLanguage":"pt-BR","@id":"https:\/\/progresso.com.br\/#\/schema\/person\/image\/","url":"https:\/\/secure.gravatar.com\/avatar\/1b6890e759cdd3a88d9f751cb423720b9861c5239167cd3586355638b6556599?s=96&d=mm&r=g","contentUrl":"https:\/\/secure.gravatar.com\/avatar\/1b6890e759cdd3a88d9f751cb423720b9861c5239167cd3586355638b6556599?s=96&d=mm&r=g","caption":"Rose"},"url":"https:\/\/progresso.com.br\/index.php\/author\/rose\/"}]}},"_links":{"self":[{"href":"https:\/\/progresso.com.br\/index.php\/wp-json\/wp\/v2\/posts\/703","targetHints":{"allow":["GET"]}}],"collection":[{"href":"https:\/\/progresso.com.br\/index.php\/wp-json\/wp\/v2\/posts"}],"about":[{"href":"https:\/\/progresso.com.br\/index.php\/wp-json\/wp\/v2\/types\/post"}],"author":[{"embeddable":true,"href":"https:\/\/progresso.com.br\/index.php\/wp-json\/wp\/v2\/users\/2"}],"replies":[{"embeddable":true,"href":"https:\/\/progresso.com.br\/index.php\/wp-json\/wp\/v2\/comments?post=703"}],"version-history":[{"count":1,"href":"https:\/\/progresso.com.br\/index.php\/wp-json\/wp\/v2\/posts\/703\/revisions"}],"predecessor-version":[{"id":705,"href":"https:\/\/progresso.com.br\/index.php\/wp-json\/wp\/v2\/posts\/703\/revisions\/705"}],"wp:featuredmedia":[{"embeddable":true,"href":"https:\/\/progresso.com.br\/index.php\/wp-json\/wp\/v2\/media\/704"}],"wp:attachment":[{"href":"https:\/\/progresso.com.br\/index.php\/wp-json\/wp\/v2\/media?parent=703"}],"wp:term":[{"taxonomy":"category","embeddable":true,"href":"https:\/\/progresso.com.br\/index.php\/wp-json\/wp\/v2\/categories?post=703"},{"taxonomy":"post_tag","embeddable":true,"href":"https:\/\/progresso.com.br\/index.php\/wp-json\/wp\/v2\/tags?post=703"}],"curies":[{"name":"wp","href":"https:\/\/api.w.org\/{rel}","templated":true}]}}