{"id":706,"date":"2026-03-12T08:30:00","date_gmt":"2026-03-12T12:30:00","guid":{"rendered":"https:\/\/progresso.com.br\/?p=706"},"modified":"2026-03-12T08:07:56","modified_gmt":"2026-03-12T12:07:56","slug":"oscar-2026-academia-confirma-wagner-moura-como-apresentador-de-uma-das-categorias","status":"publish","type":"post","link":"https:\/\/progresso.com.br\/index.php\/2026\/03\/12\/oscar-2026-academia-confirma-wagner-moura-como-apresentador-de-uma-das-categorias\/","title":{"rendered":"Oscar 2026: academia confirma Wagner Moura como apresentador de uma das categorias"},"content":{"rendered":"\n<p><strong><em>Brasileiro \u00e9 indicado como Melhor Ator por &#8216;O Agente Secreto&#8217;, longa que disputa outras tr\u00eas estatuetas<\/em><\/strong><\/p>\n\n\n\n<p><em>\u00a0ISTO\u00c9 Gente<\/em><\/p>\n\n\n\n<p>A Academia de Artes e Ci\u00eancias Cinematogr\u00e1ficas, organiza\u00e7\u00e3o respons\u00e1vel pelo Oscar, anunciou, nesta quarta-feira, 11, que&nbsp;<strong>Wagner Moura<\/strong>&nbsp;ser\u00e1 um dos apresentadores na cerim\u00f4nia de premia\u00e7\u00e3o 2026, que acontece no pr\u00f3ximo domingo, 15. O ator subir\u00e1 ao palco para apresentar uma das categorias, seus respectivos indicados e o ganhador do pr\u00eamio.<\/p>\n\n\n\n<p>O brasileiro \u00e9 um dos indicados como Melhor Ator por \u201cO Agente Secreto\u201d, longa-metragem do diretor pernambucano Kleber Mendon\u00e7a Filho que disputa outras tr\u00eas estatuetas: Melhor Filme, Melhor Dire\u00e7\u00e3o de Elenco (Gabriel Domingues) e Melhor Filme Internacional.<\/p>\n\n\n\n<p><\/p>\n\n\n\n<p>Al\u00e9m dele, outros nomes foram confirmados para anunciar ganhadores na maior premia\u00e7\u00e3o americana do cinema, Pedro Pascal, Ewan McGregor, Jimmy Kimmel, Nicole Kidman, Rose Byrne, Delroy Lindo, Ewan McGregor, Bill Pullman, Lewis Pullman, Channing Tatum e Sigourney Weaver.<\/p>\n\n\n\n<p>Vale lembrar que essa n\u00e3o ser\u00e1 a primeira vez que um brasileiro sobe ao palco do Oscar para apresentar uma categoria. Em 1987, S\u00f4nia Braga se tornou a primeira brasileira a ser convidada a anunciar um vencedor. Na ocasi\u00e3o, ela esteve ao lado do ator hollywoodiano Michael Douglas.&nbsp;<\/p>\n\n\n\n<p>Anos depois, j\u00e1 em 2003, Caetano Veloso foi convidado para interpretar um dueto com a cantora mexicana Lila Down a can\u00e7\u00e3o \u201cBurn It Blue\u201d, que concorria a Melhor Can\u00e7\u00e3o Original pelo filme Frida (2002).<\/p>\n\n\n\n<p>O Oscar 2026 acontecer\u00e1 no domingo, 15 de mar\u00e7o, no Dolby Theatre, no Hollywood Boulevard, na cidade de Los Angeles, na Calif\u00f3rnia, Estados Unidos, e ter\u00e1 como anfitri\u00e3o o humorista Conan O\u2019Brien. No Brasil, a cerim\u00f4nia ser\u00e1 transmitida a partir das 20h pela HBO MAX, pela TNT e pela Rede Globo. J\u00e1 o tapete vermelho ter\u00e1 in\u00edcio mais cedo, a partir das 18h30.&nbsp;<\/p>\n\n\n\n<p>Al\u00e9m das quatro indica\u00e7\u00f5es do \u201cO Agente Secreto\u201d, o Brasil ser\u00e1 representado no Oscar 2026 por Adolpho Veloso, que concorre \u00e0 categoria de Melhor Fotografia pelo trabalho em \u201cSonhos de Trem\u201d.<\/p>\n\n\n\n<p><\/p>\n","protected":false},"excerpt":{"rendered":"<p>Brasileiro \u00e9 indicado como Melhor Ator por &#8216;O Agente Secreto&#8217;, longa que disputa outras tr\u00eas estatuetas \u00a0ISTO\u00c9 Gente A Academia de Artes e Ci\u00eancias Cinematogr\u00e1ficas, organiza\u00e7\u00e3o respons\u00e1vel pelo Oscar, anunciou, nesta quarta-feira, 11, que&nbsp;Wagner Moura&nbsp;ser\u00e1 um dos apresentadores na cerim\u00f4nia de premia\u00e7\u00e3o 2026, que acontece no pr\u00f3ximo domingo, 15. O ator subir\u00e1 ao palco para [&hellip;]<\/p>\n","protected":false},"author":2,"featured_media":707,"comment_status":"open","ping_status":"open","sticky":false,"template":"","format":"standard","meta":{"footnotes":""},"categories":[19,2],"tags":[],"class_list":["post-706","post","type-post","status-publish","format-standard","has-post-thumbnail","hentry","category-cultura","category-destaque"],"yoast_head":"<!-- This site is optimized with the Yoast SEO plugin v27.1.1 - https:\/\/yoast.com\/product\/yoast-seo-wordpress\/ -->\n<title>Oscar 2026: academia confirma Wagner Moura como apresentador de uma das categorias - O PROGRESSO<\/title>\n<meta name=\"robots\" content=\"index, follow, max-snippet:-1, max-image-preview:large, max-video-preview:-1\" \/>\n<link rel=\"canonical\" href=\"https:\/\/progresso.com.br\/index.php\/2026\/03\/12\/oscar-2026-academia-confirma-wagner-moura-como-apresentador-de-uma-das-categorias\/\" \/>\n<meta property=\"og:locale\" content=\"pt_BR\" \/>\n<meta property=\"og:type\" content=\"article\" \/>\n<meta property=\"og:title\" content=\"Oscar 2026: academia confirma Wagner Moura como apresentador de uma das categorias - O PROGRESSO\" \/>\n<meta property=\"og:description\" content=\"Brasileiro \u00e9 indicado como Melhor Ator por &#8216;O Agente Secreto&#8217;, longa que disputa outras tr\u00eas estatuetas \u00a0ISTO\u00c9 Gente A Academia de Artes e Ci\u00eancias Cinematogr\u00e1ficas, organiza\u00e7\u00e3o respons\u00e1vel pelo Oscar, anunciou, nesta quarta-feira, 11, que&nbsp;Wagner Moura&nbsp;ser\u00e1 um dos apresentadores na cerim\u00f4nia de premia\u00e7\u00e3o 2026, que acontece no pr\u00f3ximo domingo, 15. O ator subir\u00e1 ao palco para [&hellip;]\" \/>\n<meta property=\"og:url\" content=\"https:\/\/progresso.com.br\/index.php\/2026\/03\/12\/oscar-2026-academia-confirma-wagner-moura-como-apresentador-de-uma-das-categorias\/\" \/>\n<meta property=\"og:site_name\" content=\"O PROGRESSO\" \/>\n<meta property=\"article:publisher\" content=\"https:\/\/www.facebook.com\/share\/1CeoksKBj6\/\" \/>\n<meta property=\"article:published_time\" content=\"2026-03-12T12:30:00+00:00\" \/>\n<meta property=\"og:image\" content=\"https:\/\/progresso.com.br\/wp-content\/uploads\/2026\/03\/wagner-moura.png\" \/>\n\t<meta property=\"og:image:width\" content=\"426\" \/>\n\t<meta property=\"og:image:height\" content=\"537\" \/>\n\t<meta property=\"og:image:type\" content=\"image\/png\" \/>\n<meta name=\"author\" content=\"Rose\" \/>\n<meta name=\"twitter:card\" content=\"summary_large_image\" \/>\n<meta name=\"twitter:label1\" content=\"Escrito por\" \/>\n\t<meta name=\"twitter:data1\" content=\"Rose\" \/>\n\t<meta name=\"twitter:label2\" content=\"Est. tempo de leitura\" \/>\n\t<meta name=\"twitter:data2\" content=\"2 minutos\" \/>\n<script type=\"application\/ld+json\" class=\"yoast-schema-graph\">{\"@context\":\"https:\/\/schema.org\",\"@graph\":[{\"@type\":\"Article\",\"@id\":\"https:\/\/progresso.com.br\/index.php\/2026\/03\/12\/oscar-2026-academia-confirma-wagner-moura-como-apresentador-de-uma-das-categorias\/#article\",\"isPartOf\":{\"@id\":\"https:\/\/progresso.com.br\/index.php\/2026\/03\/12\/oscar-2026-academia-confirma-wagner-moura-como-apresentador-de-uma-das-categorias\/\"},\"author\":{\"name\":\"Rose\",\"@id\":\"https:\/\/progresso.com.br\/#\/schema\/person\/5dd27138d4463fbbaace62120bfc002b\"},\"headline\":\"Oscar 2026: academia confirma Wagner Moura como apresentador de uma das categorias\",\"datePublished\":\"2026-03-12T12:30:00+00:00\",\"mainEntityOfPage\":{\"@id\":\"https:\/\/progresso.com.br\/index.php\/2026\/03\/12\/oscar-2026-academia-confirma-wagner-moura-como-apresentador-de-uma-das-categorias\/\"},\"wordCount\":350,\"commentCount\":0,\"publisher\":{\"@id\":\"https:\/\/progresso.com.br\/#organization\"},\"image\":{\"@id\":\"https:\/\/progresso.com.br\/index.php\/2026\/03\/12\/oscar-2026-academia-confirma-wagner-moura-como-apresentador-de-uma-das-categorias\/#primaryimage\"},\"thumbnailUrl\":\"https:\/\/progresso.com.br\/wp-content\/uploads\/2026\/03\/wagner-moura.png\",\"articleSection\":[\"Cultura\",\"Em destaque\"],\"inLanguage\":\"pt-BR\",\"potentialAction\":[{\"@type\":\"CommentAction\",\"name\":\"Comment\",\"target\":[\"https:\/\/progresso.com.br\/index.php\/2026\/03\/12\/oscar-2026-academia-confirma-wagner-moura-como-apresentador-de-uma-das-categorias\/#respond\"]}]},{\"@type\":\"WebPage\",\"@id\":\"https:\/\/progresso.com.br\/index.php\/2026\/03\/12\/oscar-2026-academia-confirma-wagner-moura-como-apresentador-de-uma-das-categorias\/\",\"url\":\"https:\/\/progresso.com.br\/index.php\/2026\/03\/12\/oscar-2026-academia-confirma-wagner-moura-como-apresentador-de-uma-das-categorias\/\",\"name\":\"Oscar 2026: academia confirma Wagner Moura como apresentador de uma das categorias - O PROGRESSO\",\"isPartOf\":{\"@id\":\"https:\/\/progresso.com.br\/#website\"},\"primaryImageOfPage\":{\"@id\":\"https:\/\/progresso.com.br\/index.php\/2026\/03\/12\/oscar-2026-academia-confirma-wagner-moura-como-apresentador-de-uma-das-categorias\/#primaryimage\"},\"image\":{\"@id\":\"https:\/\/progresso.com.br\/index.php\/2026\/03\/12\/oscar-2026-academia-confirma-wagner-moura-como-apresentador-de-uma-das-categorias\/#primaryimage\"},\"thumbnailUrl\":\"https:\/\/progresso.com.br\/wp-content\/uploads\/2026\/03\/wagner-moura.png\",\"datePublished\":\"2026-03-12T12:30:00+00:00\",\"breadcrumb\":{\"@id\":\"https:\/\/progresso.com.br\/index.php\/2026\/03\/12\/oscar-2026-academia-confirma-wagner-moura-como-apresentador-de-uma-das-categorias\/#breadcrumb\"},\"inLanguage\":\"pt-BR\",\"potentialAction\":[{\"@type\":\"ReadAction\",\"target\":[\"https:\/\/progresso.com.br\/index.php\/2026\/03\/12\/oscar-2026-academia-confirma-wagner-moura-como-apresentador-de-uma-das-categorias\/\"]}]},{\"@type\":\"ImageObject\",\"inLanguage\":\"pt-BR\",\"@id\":\"https:\/\/progresso.com.br\/index.php\/2026\/03\/12\/oscar-2026-academia-confirma-wagner-moura-como-apresentador-de-uma-das-categorias\/#primaryimage\",\"url\":\"https:\/\/progresso.com.br\/wp-content\/uploads\/2026\/03\/wagner-moura.png\",\"contentUrl\":\"https:\/\/progresso.com.br\/wp-content\/uploads\/2026\/03\/wagner-moura.png\",\"width\":426,\"height\":537,\"caption\":\"Wagner Moura foi confirmado como um dos apresentadores da cerim\u00f4nia do Academy Awards 2026 (Reprodu\u00e7\u00e3o\/instagran)\"},{\"@type\":\"BreadcrumbList\",\"@id\":\"https:\/\/progresso.com.br\/index.php\/2026\/03\/12\/oscar-2026-academia-confirma-wagner-moura-como-apresentador-de-uma-das-categorias\/#breadcrumb\",\"itemListElement\":[{\"@type\":\"ListItem\",\"position\":1,\"name\":\"In\u00edcio\",\"item\":\"https:\/\/progresso.com.br\/\"},{\"@type\":\"ListItem\",\"position\":2,\"name\":\"Oscar 2026: academia confirma Wagner Moura como apresentador de uma das categorias\"}]},{\"@type\":\"WebSite\",\"@id\":\"https:\/\/progresso.com.br\/#website\",\"url\":\"https:\/\/progresso.com.br\/\",\"name\":\"O PROGRESSO\",\"description\":\"\",\"publisher\":{\"@id\":\"https:\/\/progresso.com.br\/#organization\"},\"potentialAction\":[{\"@type\":\"SearchAction\",\"target\":{\"@type\":\"EntryPoint\",\"urlTemplate\":\"https:\/\/progresso.com.br\/?s={search_term_string}\"},\"query-input\":{\"@type\":\"PropertyValueSpecification\",\"valueRequired\":true,\"valueName\":\"search_term_string\"}}],\"inLanguage\":\"pt-BR\"},{\"@type\":\"Organization\",\"@id\":\"https:\/\/progresso.com.br\/#organization\",\"name\":\"O PROGRESSO\",\"url\":\"https:\/\/progresso.com.br\/\",\"logo\":{\"@type\":\"ImageObject\",\"inLanguage\":\"pt-BR\",\"@id\":\"https:\/\/progresso.com.br\/#\/schema\/logo\/image\/\",\"url\":\"https:\/\/progresso.com.br\/wp-content\/uploads\/2026\/03\/logo_proog.jpg\",\"contentUrl\":\"https:\/\/progresso.com.br\/wp-content\/uploads\/2026\/03\/logo_proog.jpg\",\"width\":1960,\"height\":1080,\"caption\":\"O PROGRESSO\"},\"image\":{\"@id\":\"https:\/\/progresso.com.br\/#\/schema\/logo\/image\/\"},\"sameAs\":[\"https:\/\/www.facebook.com\/share\/1CeoksKBj6\/\",\"https:\/\/www.instagram.com\/oprogresso_digital\"]},{\"@type\":\"Person\",\"@id\":\"https:\/\/progresso.com.br\/#\/schema\/person\/5dd27138d4463fbbaace62120bfc002b\",\"name\":\"Rose\",\"image\":{\"@type\":\"ImageObject\",\"inLanguage\":\"pt-BR\",\"@id\":\"https:\/\/progresso.com.br\/#\/schema\/person\/image\/\",\"url\":\"https:\/\/secure.gravatar.com\/avatar\/1b6890e759cdd3a88d9f751cb423720b9861c5239167cd3586355638b6556599?s=96&d=mm&r=g\",\"contentUrl\":\"https:\/\/secure.gravatar.com\/avatar\/1b6890e759cdd3a88d9f751cb423720b9861c5239167cd3586355638b6556599?s=96&d=mm&r=g\",\"caption\":\"Rose\"},\"url\":\"https:\/\/progresso.com.br\/index.php\/author\/rose\/\"}]}<\/script>\n<!-- \/ Yoast SEO plugin. -->","yoast_head_json":{"title":"Oscar 2026: academia confirma Wagner Moura como apresentador de uma das categorias - O PROGRESSO","robots":{"index":"index","follow":"follow","max-snippet":"max-snippet:-1","max-image-preview":"max-image-preview:large","max-video-preview":"max-video-preview:-1"},"canonical":"https:\/\/progresso.com.br\/index.php\/2026\/03\/12\/oscar-2026-academia-confirma-wagner-moura-como-apresentador-de-uma-das-categorias\/","og_locale":"pt_BR","og_type":"article","og_title":"Oscar 2026: academia confirma Wagner Moura como apresentador de uma das categorias - O PROGRESSO","og_description":"Brasileiro \u00e9 indicado como Melhor Ator por &#8216;O Agente Secreto&#8217;, longa que disputa outras tr\u00eas estatuetas \u00a0ISTO\u00c9 Gente A Academia de Artes e Ci\u00eancias Cinematogr\u00e1ficas, organiza\u00e7\u00e3o respons\u00e1vel pelo Oscar, anunciou, nesta quarta-feira, 11, que&nbsp;Wagner Moura&nbsp;ser\u00e1 um dos apresentadores na cerim\u00f4nia de premia\u00e7\u00e3o 2026, que acontece no pr\u00f3ximo domingo, 15. O ator subir\u00e1 ao palco para [&hellip;]","og_url":"https:\/\/progresso.com.br\/index.php\/2026\/03\/12\/oscar-2026-academia-confirma-wagner-moura-como-apresentador-de-uma-das-categorias\/","og_site_name":"O PROGRESSO","article_publisher":"https:\/\/www.facebook.com\/share\/1CeoksKBj6\/","article_published_time":"2026-03-12T12:30:00+00:00","og_image":[{"width":426,"height":537,"url":"https:\/\/progresso.com.br\/wp-content\/uploads\/2026\/03\/wagner-moura.png","type":"image\/png"}],"author":"Rose","twitter_card":"summary_large_image","twitter_misc":{"Escrito por":"Rose","Est. tempo de leitura":"2 minutos"},"schema":{"@context":"https:\/\/schema.org","@graph":[{"@type":"Article","@id":"https:\/\/progresso.com.br\/index.php\/2026\/03\/12\/oscar-2026-academia-confirma-wagner-moura-como-apresentador-de-uma-das-categorias\/#article","isPartOf":{"@id":"https:\/\/progresso.com.br\/index.php\/2026\/03\/12\/oscar-2026-academia-confirma-wagner-moura-como-apresentador-de-uma-das-categorias\/"},"author":{"name":"Rose","@id":"https:\/\/progresso.com.br\/#\/schema\/person\/5dd27138d4463fbbaace62120bfc002b"},"headline":"Oscar 2026: academia confirma Wagner Moura como apresentador de uma das categorias","datePublished":"2026-03-12T12:30:00+00:00","mainEntityOfPage":{"@id":"https:\/\/progresso.com.br\/index.php\/2026\/03\/12\/oscar-2026-academia-confirma-wagner-moura-como-apresentador-de-uma-das-categorias\/"},"wordCount":350,"commentCount":0,"publisher":{"@id":"https:\/\/progresso.com.br\/#organization"},"image":{"@id":"https:\/\/progresso.com.br\/index.php\/2026\/03\/12\/oscar-2026-academia-confirma-wagner-moura-como-apresentador-de-uma-das-categorias\/#primaryimage"},"thumbnailUrl":"https:\/\/progresso.com.br\/wp-content\/uploads\/2026\/03\/wagner-moura.png","articleSection":["Cultura","Em destaque"],"inLanguage":"pt-BR","potentialAction":[{"@type":"CommentAction","name":"Comment","target":["https:\/\/progresso.com.br\/index.php\/2026\/03\/12\/oscar-2026-academia-confirma-wagner-moura-como-apresentador-de-uma-das-categorias\/#respond"]}]},{"@type":"WebPage","@id":"https:\/\/progresso.com.br\/index.php\/2026\/03\/12\/oscar-2026-academia-confirma-wagner-moura-como-apresentador-de-uma-das-categorias\/","url":"https:\/\/progresso.com.br\/index.php\/2026\/03\/12\/oscar-2026-academia-confirma-wagner-moura-como-apresentador-de-uma-das-categorias\/","name":"Oscar 2026: academia confirma Wagner Moura como apresentador de uma das categorias - O PROGRESSO","isPartOf":{"@id":"https:\/\/progresso.com.br\/#website"},"primaryImageOfPage":{"@id":"https:\/\/progresso.com.br\/index.php\/2026\/03\/12\/oscar-2026-academia-confirma-wagner-moura-como-apresentador-de-uma-das-categorias\/#primaryimage"},"image":{"@id":"https:\/\/progresso.com.br\/index.php\/2026\/03\/12\/oscar-2026-academia-confirma-wagner-moura-como-apresentador-de-uma-das-categorias\/#primaryimage"},"thumbnailUrl":"https:\/\/progresso.com.br\/wp-content\/uploads\/2026\/03\/wagner-moura.png","datePublished":"2026-03-12T12:30:00+00:00","breadcrumb":{"@id":"https:\/\/progresso.com.br\/index.php\/2026\/03\/12\/oscar-2026-academia-confirma-wagner-moura-como-apresentador-de-uma-das-categorias\/#breadcrumb"},"inLanguage":"pt-BR","potentialAction":[{"@type":"ReadAction","target":["https:\/\/progresso.com.br\/index.php\/2026\/03\/12\/oscar-2026-academia-confirma-wagner-moura-como-apresentador-de-uma-das-categorias\/"]}]},{"@type":"ImageObject","inLanguage":"pt-BR","@id":"https:\/\/progresso.com.br\/index.php\/2026\/03\/12\/oscar-2026-academia-confirma-wagner-moura-como-apresentador-de-uma-das-categorias\/#primaryimage","url":"https:\/\/progresso.com.br\/wp-content\/uploads\/2026\/03\/wagner-moura.png","contentUrl":"https:\/\/progresso.com.br\/wp-content\/uploads\/2026\/03\/wagner-moura.png","width":426,"height":537,"caption":"Wagner Moura foi confirmado como um dos apresentadores da cerim\u00f4nia do Academy Awards 2026 (Reprodu\u00e7\u00e3o\/instagran)"},{"@type":"BreadcrumbList","@id":"https:\/\/progresso.com.br\/index.php\/2026\/03\/12\/oscar-2026-academia-confirma-wagner-moura-como-apresentador-de-uma-das-categorias\/#breadcrumb","itemListElement":[{"@type":"ListItem","position":1,"name":"In\u00edcio","item":"https:\/\/progresso.com.br\/"},{"@type":"ListItem","position":2,"name":"Oscar 2026: academia confirma Wagner Moura como apresentador de uma das categorias"}]},{"@type":"WebSite","@id":"https:\/\/progresso.com.br\/#website","url":"https:\/\/progresso.com.br\/","name":"O PROGRESSO","description":"","publisher":{"@id":"https:\/\/progresso.com.br\/#organization"},"potentialAction":[{"@type":"SearchAction","target":{"@type":"EntryPoint","urlTemplate":"https:\/\/progresso.com.br\/?s={search_term_string}"},"query-input":{"@type":"PropertyValueSpecification","valueRequired":true,"valueName":"search_term_string"}}],"inLanguage":"pt-BR"},{"@type":"Organization","@id":"https:\/\/progresso.com.br\/#organization","name":"O PROGRESSO","url":"https:\/\/progresso.com.br\/","logo":{"@type":"ImageObject","inLanguage":"pt-BR","@id":"https:\/\/progresso.com.br\/#\/schema\/logo\/image\/","url":"https:\/\/progresso.com.br\/wp-content\/uploads\/2026\/03\/logo_proog.jpg","contentUrl":"https:\/\/progresso.com.br\/wp-content\/uploads\/2026\/03\/logo_proog.jpg","width":1960,"height":1080,"caption":"O PROGRESSO"},"image":{"@id":"https:\/\/progresso.com.br\/#\/schema\/logo\/image\/"},"sameAs":["https:\/\/www.facebook.com\/share\/1CeoksKBj6\/","https:\/\/www.instagram.com\/oprogresso_digital"]},{"@type":"Person","@id":"https:\/\/progresso.com.br\/#\/schema\/person\/5dd27138d4463fbbaace62120bfc002b","name":"Rose","image":{"@type":"ImageObject","inLanguage":"pt-BR","@id":"https:\/\/progresso.com.br\/#\/schema\/person\/image\/","url":"https:\/\/secure.gravatar.com\/avatar\/1b6890e759cdd3a88d9f751cb423720b9861c5239167cd3586355638b6556599?s=96&d=mm&r=g","contentUrl":"https:\/\/secure.gravatar.com\/avatar\/1b6890e759cdd3a88d9f751cb423720b9861c5239167cd3586355638b6556599?s=96&d=mm&r=g","caption":"Rose"},"url":"https:\/\/progresso.com.br\/index.php\/author\/rose\/"}]}},"_links":{"self":[{"href":"https:\/\/progresso.com.br\/index.php\/wp-json\/wp\/v2\/posts\/706","targetHints":{"allow":["GET"]}}],"collection":[{"href":"https:\/\/progresso.com.br\/index.php\/wp-json\/wp\/v2\/posts"}],"about":[{"href":"https:\/\/progresso.com.br\/index.php\/wp-json\/wp\/v2\/types\/post"}],"author":[{"embeddable":true,"href":"https:\/\/progresso.com.br\/index.php\/wp-json\/wp\/v2\/users\/2"}],"replies":[{"embeddable":true,"href":"https:\/\/progresso.com.br\/index.php\/wp-json\/wp\/v2\/comments?post=706"}],"version-history":[{"count":1,"href":"https:\/\/progresso.com.br\/index.php\/wp-json\/wp\/v2\/posts\/706\/revisions"}],"predecessor-version":[{"id":708,"href":"https:\/\/progresso.com.br\/index.php\/wp-json\/wp\/v2\/posts\/706\/revisions\/708"}],"wp:featuredmedia":[{"embeddable":true,"href":"https:\/\/progresso.com.br\/index.php\/wp-json\/wp\/v2\/media\/707"}],"wp:attachment":[{"href":"https:\/\/progresso.com.br\/index.php\/wp-json\/wp\/v2\/media?parent=706"}],"wp:term":[{"taxonomy":"category","embeddable":true,"href":"https:\/\/progresso.com.br\/index.php\/wp-json\/wp\/v2\/categories?post=706"},{"taxonomy":"post_tag","embeddable":true,"href":"https:\/\/progresso.com.br\/index.php\/wp-json\/wp\/v2\/tags?post=706"}],"curies":[{"name":"wp","href":"https:\/\/api.w.org\/{rel}","templated":true}]}}