{"id":709,"date":"2026-03-12T08:46:31","date_gmt":"2026-03-12T12:46:31","guid":{"rendered":"https:\/\/progresso.com.br\/?p=709"},"modified":"2026-03-12T08:46:32","modified_gmt":"2026-03-12T12:46:32","slug":"comissao-de-direitos-da-mulher-elege-primeira-presidente-trans","status":"publish","type":"post","link":"https:\/\/progresso.com.br\/index.php\/2026\/03\/12\/comissao-de-direitos-da-mulher-elege-primeira-presidente-trans\/","title":{"rendered":"Comiss\u00e3o de Direitos da Mulher elege primeira presidente trans"},"content":{"rendered":"\n<p><em><strong>Erica Hilton foi eleita ap\u00f3s forte debate, por 11 votos X 10 em branco<\/strong><\/em><\/p>\n\n\n\n<p><em>Ag\u00eancia C\u00e2mara<\/em><\/p>\n\n\n\n<p>A Comiss\u00e3o de Defesa dos Direitos da Mulher da C\u00e2mara dos Deputados elegeu, nesta quarta-feira (11), a deputada Erika Hilton (Psol-SP) para presidir o colegiado neste ano. Ela recebeu 11 votos contra dez votos em branco. Ela substitui a deputada C\u00e9lia Xakriab\u00e1 (Psol-MG).<img decoding=\"async\" src=\"https:\/\/agenciabrasil.ebc.com.br\/ebc.png?id=1681602&amp;o=node\"><img decoding=\"async\" src=\"https:\/\/agenciabrasil.ebc.com.br\/ebc.gif?id=1681602&amp;o=node\"><\/p>\n\n\n\n<p>No discurso de posse, ela lembrou que \u00e9 a primeira mulher trans a presidir a comiss\u00e3o e disse que pretende conduzir a gest\u00e3o com di\u00e1logo e defesa dos direitos das mulheres.<\/p>\n\n\n\n<blockquote class=\"wp-block-quote is-layout-flow wp-block-quote-is-layout-flow\">\n<p>\u201cEsta presid\u00eancia n\u00e3o \u00e9 apenas um nome, \u00e9 o s\u00edmbolo de uma democracia que se expande. Minha gest\u00e3o tratar\u00e1 de todas as mulheres: das m\u00e3es solo, das mulheres trabalhadoras, das mulheres negras, ind\u00edgenas e das que lutam por sobreviv\u00eancia e dignidade em todos os cantos deste pa\u00eds.\u201d<\/p>\n<\/blockquote>\n\n\n\n<h2 class=\"wp-block-heading\">Prioridades<\/h2>\n\n\n\n<p>Entre as prioridades anunciadas pela nova gest\u00e3o est\u00e3o:<\/p>\n\n\n\n<ul class=\"wp-block-list\">\n<li>fiscalizar a rede de prote\u00e7\u00e3o e as Casas da Mulher Brasileira;<\/li>\n\n\n\n<li>enfrentar a viol\u00eancia pol\u00edtica de g\u00eanero;<\/li>\n\n\n\n<li>promover pol\u00edticas de sa\u00fade integral para as mulheres.<\/li>\n<\/ul>\n\n\n\n<h2 class=\"wp-block-heading\">Cr\u00edticas da oposi\u00e7\u00e3o<\/h2>\n\n\n\n<p><strong>Deputadas de oposi\u00e7\u00e3o lamentaram a elei\u00e7\u00e3o de Erika Hilton e afirmaram que a comiss\u00e3o deveria ser presidida por uma mulher cisg\u00eanero.&nbsp;<\/strong>Elas tamb\u00e9m criticaram o que chamaram de \u201cideologiza\u00e7\u00e3o\u201d da comiss\u00e3o.<\/p>\n\n\n\n<p>\u201cN\u00e3o podemos concordar com a entrega desta comiss\u00e3o, que deveria zelar pela dignidade da mulher, da vida e da fam\u00edlia, a uma pauta que desvirtua a pr\u00f3pria ess\u00eancia feminina\u201d, disse Chris Tonietto (PL-RJ).<\/p>\n\n\n\n<p>A deputada Clarissa T\u00e9rcio (PP-PE) afirmou que a presid\u00eancia da comiss\u00e3o deveria ser ocupada por uma &#8220;mulher de fato&#8221;. Para ela, a escolha de Erika Hilton representa um retrocesso para a pauta feminina e uma afronta aos valores que ela defende como representante de um segmento conservador.<\/p>\n\n\n\n<blockquote class=\"wp-block-quote is-layout-flow wp-block-quote-is-layout-flow\">\n<p>&#8220;N\u00f3s n\u00e3o podemos nos calar diante do que estamos vendo. Esta comiss\u00e3o \u00e9 das mulheres, e n\u00f3s queremos ser representadas por mulheres de verdade, que entendem a nossa natureza e os nossos desafios biol\u00f3gicos.&#8221;<\/p>\n<\/blockquote>\n\n\n\n<h2 class=\"wp-block-heading\">Pluralidade<\/h2>\n\n\n\n<p>A deputada Laura Carneiro, eleita 1\u00aa vice-presidente da Comiss\u00e3o, enfatizou que o foco do trabalho deve ser a vida das mulheres brasileiras, independentemente de ideologias.<\/p>\n\n\n\n<blockquote class=\"wp-block-quote is-layout-flow wp-block-quote-is-layout-flow\">\n<p>&#8220;Esta comiss\u00e3o tem uma hist\u00f3ria de muitas lutas e conquistas. Como vice-presidente, meu compromisso \u00e9 trabalhar ao lado da presid\u00eancia e de todas as colegas para que o nosso foco seja um s\u00f3: o direito e a dignidade de cada mulher deste Pa\u00eds.&#8221;&nbsp;<\/p>\n<\/blockquote>\n\n\n\n<p><strong>A deputada Erika Kokay (PT-DF) destacou a instala\u00e7\u00e3o do colegiado como um momento de resist\u00eancia. Ela defendeu a legitimidade da presid\u00eancia eleita e criticou as tentativas de interditar o debate por meio de preconceitos.<\/strong><\/p>\n\n\n\n<p>Para a deputada, a comiss\u00e3o deve ser um espa\u00e7o que acolha a diversidade de todas as mulheres brasileiras, sem exclus\u00f5es.<\/p>\n\n\n\n<p>&#8220;N\u00f3s n\u00e3o vamos aceitar que esta Casa seja palco para o \u00f3dio. Esta comiss\u00e3o trabalhar\u00e1 pela vida das mulheres, pela igualdade e, sobretudo, para que o Estado Brasileiro cumpra o seu papel de proteger quem est\u00e1 em vulnerabilidade.&#8221;<\/p>\n","protected":false},"excerpt":{"rendered":"<p>Erica Hilton foi eleita ap\u00f3s forte debate, por 11 votos X 10 em branco Ag\u00eancia C\u00e2mara A Comiss\u00e3o de Defesa dos Direitos da Mulher da C\u00e2mara dos Deputados elegeu, nesta quarta-feira (11), a deputada Erika Hilton (Psol-SP) para presidir o colegiado neste ano. Ela recebeu 11 votos contra dez votos em branco. Ela substitui a [&hellip;]<\/p>\n","protected":false},"author":2,"featured_media":710,"comment_status":"open","ping_status":"open","sticky":false,"template":"","format":"standard","meta":{"footnotes":""},"categories":[2,9],"tags":[],"class_list":["post-709","post","type-post","status-publish","format-standard","has-post-thumbnail","hentry","category-destaque","category-politica"],"yoast_head":"<!-- This site is optimized with the Yoast SEO plugin v27.1.1 - https:\/\/yoast.com\/product\/yoast-seo-wordpress\/ -->\n<title>Comiss\u00e3o de Direitos da Mulher elege primeira presidente trans - O PROGRESSO<\/title>\n<meta name=\"robots\" content=\"index, follow, max-snippet:-1, max-image-preview:large, max-video-preview:-1\" \/>\n<link rel=\"canonical\" href=\"https:\/\/progresso.com.br\/index.php\/2026\/03\/12\/comissao-de-direitos-da-mulher-elege-primeira-presidente-trans\/\" \/>\n<meta property=\"og:locale\" content=\"pt_BR\" \/>\n<meta property=\"og:type\" content=\"article\" \/>\n<meta property=\"og:title\" content=\"Comiss\u00e3o de Direitos da Mulher elege primeira presidente trans - O PROGRESSO\" \/>\n<meta property=\"og:description\" content=\"Erica Hilton foi eleita ap\u00f3s forte debate, por 11 votos X 10 em branco Ag\u00eancia C\u00e2mara A Comiss\u00e3o de Defesa dos Direitos da Mulher da C\u00e2mara dos Deputados elegeu, nesta quarta-feira (11), a deputada Erika Hilton (Psol-SP) para presidir o colegiado neste ano. Ela recebeu 11 votos contra dez votos em branco. Ela substitui a [&hellip;]\" \/>\n<meta property=\"og:url\" content=\"https:\/\/progresso.com.br\/index.php\/2026\/03\/12\/comissao-de-direitos-da-mulher-elege-primeira-presidente-trans\/\" \/>\n<meta property=\"og:site_name\" content=\"O PROGRESSO\" \/>\n<meta property=\"article:publisher\" content=\"https:\/\/www.facebook.com\/share\/1CeoksKBj6\/\" \/>\n<meta property=\"article:published_time\" content=\"2026-03-12T12:46:31+00:00\" \/>\n<meta property=\"article:modified_time\" content=\"2026-03-12T12:46:32+00:00\" \/>\n<meta property=\"og:image\" content=\"https:\/\/progresso.com.br\/wp-content\/uploads\/2026\/03\/lula3186.webp\" \/>\n\t<meta property=\"og:image:width\" content=\"1170\" \/>\n\t<meta property=\"og:image:height\" content=\"700\" \/>\n\t<meta property=\"og:image:type\" content=\"image\/webp\" \/>\n<meta name=\"author\" content=\"Rose\" \/>\n<meta name=\"twitter:card\" content=\"summary_large_image\" \/>\n<meta name=\"twitter:label1\" content=\"Escrito por\" \/>\n\t<meta name=\"twitter:data1\" content=\"Rose\" \/>\n\t<meta name=\"twitter:label2\" content=\"Est. tempo de leitura\" \/>\n\t<meta name=\"twitter:data2\" content=\"3 minutos\" \/>\n<script type=\"application\/ld+json\" class=\"yoast-schema-graph\">{\"@context\":\"https:\/\/schema.org\",\"@graph\":[{\"@type\":\"Article\",\"@id\":\"https:\/\/progresso.com.br\/index.php\/2026\/03\/12\/comissao-de-direitos-da-mulher-elege-primeira-presidente-trans\/#article\",\"isPartOf\":{\"@id\":\"https:\/\/progresso.com.br\/index.php\/2026\/03\/12\/comissao-de-direitos-da-mulher-elege-primeira-presidente-trans\/\"},\"author\":{\"name\":\"Rose\",\"@id\":\"https:\/\/progresso.com.br\/#\/schema\/person\/5dd27138d4463fbbaace62120bfc002b\"},\"headline\":\"Comiss\u00e3o de Direitos da Mulher elege primeira presidente trans\",\"datePublished\":\"2026-03-12T12:46:31+00:00\",\"dateModified\":\"2026-03-12T12:46:32+00:00\",\"mainEntityOfPage\":{\"@id\":\"https:\/\/progresso.com.br\/index.php\/2026\/03\/12\/comissao-de-direitos-da-mulher-elege-primeira-presidente-trans\/\"},\"wordCount\":543,\"commentCount\":0,\"publisher\":{\"@id\":\"https:\/\/progresso.com.br\/#organization\"},\"image\":{\"@id\":\"https:\/\/progresso.com.br\/index.php\/2026\/03\/12\/comissao-de-direitos-da-mulher-elege-primeira-presidente-trans\/#primaryimage\"},\"thumbnailUrl\":\"https:\/\/progresso.com.br\/wp-content\/uploads\/2026\/03\/lula3186.webp\",\"articleSection\":[\"Em destaque\",\"Pol\u00edtica\"],\"inLanguage\":\"pt-BR\",\"potentialAction\":[{\"@type\":\"CommentAction\",\"name\":\"Comment\",\"target\":[\"https:\/\/progresso.com.br\/index.php\/2026\/03\/12\/comissao-de-direitos-da-mulher-elege-primeira-presidente-trans\/#respond\"]}]},{\"@type\":\"WebPage\",\"@id\":\"https:\/\/progresso.com.br\/index.php\/2026\/03\/12\/comissao-de-direitos-da-mulher-elege-primeira-presidente-trans\/\",\"url\":\"https:\/\/progresso.com.br\/index.php\/2026\/03\/12\/comissao-de-direitos-da-mulher-elege-primeira-presidente-trans\/\",\"name\":\"Comiss\u00e3o de Direitos da Mulher elege primeira presidente trans - O PROGRESSO\",\"isPartOf\":{\"@id\":\"https:\/\/progresso.com.br\/#website\"},\"primaryImageOfPage\":{\"@id\":\"https:\/\/progresso.com.br\/index.php\/2026\/03\/12\/comissao-de-direitos-da-mulher-elege-primeira-presidente-trans\/#primaryimage\"},\"image\":{\"@id\":\"https:\/\/progresso.com.br\/index.php\/2026\/03\/12\/comissao-de-direitos-da-mulher-elege-primeira-presidente-trans\/#primaryimage\"},\"thumbnailUrl\":\"https:\/\/progresso.com.br\/wp-content\/uploads\/2026\/03\/lula3186.webp\",\"datePublished\":\"2026-03-12T12:46:31+00:00\",\"dateModified\":\"2026-03-12T12:46:32+00:00\",\"breadcrumb\":{\"@id\":\"https:\/\/progresso.com.br\/index.php\/2026\/03\/12\/comissao-de-direitos-da-mulher-elege-primeira-presidente-trans\/#breadcrumb\"},\"inLanguage\":\"pt-BR\",\"potentialAction\":[{\"@type\":\"ReadAction\",\"target\":[\"https:\/\/progresso.com.br\/index.php\/2026\/03\/12\/comissao-de-direitos-da-mulher-elege-primeira-presidente-trans\/\"]}]},{\"@type\":\"ImageObject\",\"inLanguage\":\"pt-BR\",\"@id\":\"https:\/\/progresso.com.br\/index.php\/2026\/03\/12\/comissao-de-direitos-da-mulher-elege-primeira-presidente-trans\/#primaryimage\",\"url\":\"https:\/\/progresso.com.br\/wp-content\/uploads\/2026\/03\/lula3186.webp\",\"contentUrl\":\"https:\/\/progresso.com.br\/wp-content\/uploads\/2026\/03\/lula3186.webp\",\"width\":1170,\"height\":700,\"caption\":\"Foto: Lula Marques\/Ag\u00eancia Brasil\"},{\"@type\":\"BreadcrumbList\",\"@id\":\"https:\/\/progresso.com.br\/index.php\/2026\/03\/12\/comissao-de-direitos-da-mulher-elege-primeira-presidente-trans\/#breadcrumb\",\"itemListElement\":[{\"@type\":\"ListItem\",\"position\":1,\"name\":\"In\u00edcio\",\"item\":\"https:\/\/progresso.com.br\/\"},{\"@type\":\"ListItem\",\"position\":2,\"name\":\"Comiss\u00e3o de Direitos da Mulher elege primeira presidente trans\"}]},{\"@type\":\"WebSite\",\"@id\":\"https:\/\/progresso.com.br\/#website\",\"url\":\"https:\/\/progresso.com.br\/\",\"name\":\"O PROGRESSO\",\"description\":\"\",\"publisher\":{\"@id\":\"https:\/\/progresso.com.br\/#organization\"},\"potentialAction\":[{\"@type\":\"SearchAction\",\"target\":{\"@type\":\"EntryPoint\",\"urlTemplate\":\"https:\/\/progresso.com.br\/?s={search_term_string}\"},\"query-input\":{\"@type\":\"PropertyValueSpecification\",\"valueRequired\":true,\"valueName\":\"search_term_string\"}}],\"inLanguage\":\"pt-BR\"},{\"@type\":\"Organization\",\"@id\":\"https:\/\/progresso.com.br\/#organization\",\"name\":\"O PROGRESSO\",\"url\":\"https:\/\/progresso.com.br\/\",\"logo\":{\"@type\":\"ImageObject\",\"inLanguage\":\"pt-BR\",\"@id\":\"https:\/\/progresso.com.br\/#\/schema\/logo\/image\/\",\"url\":\"https:\/\/progresso.com.br\/wp-content\/uploads\/2026\/03\/logo_proog.jpg\",\"contentUrl\":\"https:\/\/progresso.com.br\/wp-content\/uploads\/2026\/03\/logo_proog.jpg\",\"width\":1960,\"height\":1080,\"caption\":\"O PROGRESSO\"},\"image\":{\"@id\":\"https:\/\/progresso.com.br\/#\/schema\/logo\/image\/\"},\"sameAs\":[\"https:\/\/www.facebook.com\/share\/1CeoksKBj6\/\",\"https:\/\/www.instagram.com\/oprogresso_digital\"]},{\"@type\":\"Person\",\"@id\":\"https:\/\/progresso.com.br\/#\/schema\/person\/5dd27138d4463fbbaace62120bfc002b\",\"name\":\"Rose\",\"image\":{\"@type\":\"ImageObject\",\"inLanguage\":\"pt-BR\",\"@id\":\"https:\/\/progresso.com.br\/#\/schema\/person\/image\/\",\"url\":\"https:\/\/secure.gravatar.com\/avatar\/1b6890e759cdd3a88d9f751cb423720b9861c5239167cd3586355638b6556599?s=96&d=mm&r=g\",\"contentUrl\":\"https:\/\/secure.gravatar.com\/avatar\/1b6890e759cdd3a88d9f751cb423720b9861c5239167cd3586355638b6556599?s=96&d=mm&r=g\",\"caption\":\"Rose\"},\"url\":\"https:\/\/progresso.com.br\/index.php\/author\/rose\/\"}]}<\/script>\n<!-- \/ Yoast SEO plugin. -->","yoast_head_json":{"title":"Comiss\u00e3o de Direitos da Mulher elege primeira presidente trans - O PROGRESSO","robots":{"index":"index","follow":"follow","max-snippet":"max-snippet:-1","max-image-preview":"max-image-preview:large","max-video-preview":"max-video-preview:-1"},"canonical":"https:\/\/progresso.com.br\/index.php\/2026\/03\/12\/comissao-de-direitos-da-mulher-elege-primeira-presidente-trans\/","og_locale":"pt_BR","og_type":"article","og_title":"Comiss\u00e3o de Direitos da Mulher elege primeira presidente trans - O PROGRESSO","og_description":"Erica Hilton foi eleita ap\u00f3s forte debate, por 11 votos X 10 em branco Ag\u00eancia C\u00e2mara A Comiss\u00e3o de Defesa dos Direitos da Mulher da C\u00e2mara dos Deputados elegeu, nesta quarta-feira (11), a deputada Erika Hilton (Psol-SP) para presidir o colegiado neste ano. Ela recebeu 11 votos contra dez votos em branco. Ela substitui a [&hellip;]","og_url":"https:\/\/progresso.com.br\/index.php\/2026\/03\/12\/comissao-de-direitos-da-mulher-elege-primeira-presidente-trans\/","og_site_name":"O PROGRESSO","article_publisher":"https:\/\/www.facebook.com\/share\/1CeoksKBj6\/","article_published_time":"2026-03-12T12:46:31+00:00","article_modified_time":"2026-03-12T12:46:32+00:00","og_image":[{"width":1170,"height":700,"url":"https:\/\/progresso.com.br\/wp-content\/uploads\/2026\/03\/lula3186.webp","type":"image\/webp"}],"author":"Rose","twitter_card":"summary_large_image","twitter_misc":{"Escrito por":"Rose","Est. tempo de leitura":"3 minutos"},"schema":{"@context":"https:\/\/schema.org","@graph":[{"@type":"Article","@id":"https:\/\/progresso.com.br\/index.php\/2026\/03\/12\/comissao-de-direitos-da-mulher-elege-primeira-presidente-trans\/#article","isPartOf":{"@id":"https:\/\/progresso.com.br\/index.php\/2026\/03\/12\/comissao-de-direitos-da-mulher-elege-primeira-presidente-trans\/"},"author":{"name":"Rose","@id":"https:\/\/progresso.com.br\/#\/schema\/person\/5dd27138d4463fbbaace62120bfc002b"},"headline":"Comiss\u00e3o de Direitos da Mulher elege primeira presidente trans","datePublished":"2026-03-12T12:46:31+00:00","dateModified":"2026-03-12T12:46:32+00:00","mainEntityOfPage":{"@id":"https:\/\/progresso.com.br\/index.php\/2026\/03\/12\/comissao-de-direitos-da-mulher-elege-primeira-presidente-trans\/"},"wordCount":543,"commentCount":0,"publisher":{"@id":"https:\/\/progresso.com.br\/#organization"},"image":{"@id":"https:\/\/progresso.com.br\/index.php\/2026\/03\/12\/comissao-de-direitos-da-mulher-elege-primeira-presidente-trans\/#primaryimage"},"thumbnailUrl":"https:\/\/progresso.com.br\/wp-content\/uploads\/2026\/03\/lula3186.webp","articleSection":["Em destaque","Pol\u00edtica"],"inLanguage":"pt-BR","potentialAction":[{"@type":"CommentAction","name":"Comment","target":["https:\/\/progresso.com.br\/index.php\/2026\/03\/12\/comissao-de-direitos-da-mulher-elege-primeira-presidente-trans\/#respond"]}]},{"@type":"WebPage","@id":"https:\/\/progresso.com.br\/index.php\/2026\/03\/12\/comissao-de-direitos-da-mulher-elege-primeira-presidente-trans\/","url":"https:\/\/progresso.com.br\/index.php\/2026\/03\/12\/comissao-de-direitos-da-mulher-elege-primeira-presidente-trans\/","name":"Comiss\u00e3o de Direitos da Mulher elege primeira presidente trans - O PROGRESSO","isPartOf":{"@id":"https:\/\/progresso.com.br\/#website"},"primaryImageOfPage":{"@id":"https:\/\/progresso.com.br\/index.php\/2026\/03\/12\/comissao-de-direitos-da-mulher-elege-primeira-presidente-trans\/#primaryimage"},"image":{"@id":"https:\/\/progresso.com.br\/index.php\/2026\/03\/12\/comissao-de-direitos-da-mulher-elege-primeira-presidente-trans\/#primaryimage"},"thumbnailUrl":"https:\/\/progresso.com.br\/wp-content\/uploads\/2026\/03\/lula3186.webp","datePublished":"2026-03-12T12:46:31+00:00","dateModified":"2026-03-12T12:46:32+00:00","breadcrumb":{"@id":"https:\/\/progresso.com.br\/index.php\/2026\/03\/12\/comissao-de-direitos-da-mulher-elege-primeira-presidente-trans\/#breadcrumb"},"inLanguage":"pt-BR","potentialAction":[{"@type":"ReadAction","target":["https:\/\/progresso.com.br\/index.php\/2026\/03\/12\/comissao-de-direitos-da-mulher-elege-primeira-presidente-trans\/"]}]},{"@type":"ImageObject","inLanguage":"pt-BR","@id":"https:\/\/progresso.com.br\/index.php\/2026\/03\/12\/comissao-de-direitos-da-mulher-elege-primeira-presidente-trans\/#primaryimage","url":"https:\/\/progresso.com.br\/wp-content\/uploads\/2026\/03\/lula3186.webp","contentUrl":"https:\/\/progresso.com.br\/wp-content\/uploads\/2026\/03\/lula3186.webp","width":1170,"height":700,"caption":"Foto: Lula Marques\/Ag\u00eancia Brasil"},{"@type":"BreadcrumbList","@id":"https:\/\/progresso.com.br\/index.php\/2026\/03\/12\/comissao-de-direitos-da-mulher-elege-primeira-presidente-trans\/#breadcrumb","itemListElement":[{"@type":"ListItem","position":1,"name":"In\u00edcio","item":"https:\/\/progresso.com.br\/"},{"@type":"ListItem","position":2,"name":"Comiss\u00e3o de Direitos da Mulher elege primeira presidente trans"}]},{"@type":"WebSite","@id":"https:\/\/progresso.com.br\/#website","url":"https:\/\/progresso.com.br\/","name":"O PROGRESSO","description":"","publisher":{"@id":"https:\/\/progresso.com.br\/#organization"},"potentialAction":[{"@type":"SearchAction","target":{"@type":"EntryPoint","urlTemplate":"https:\/\/progresso.com.br\/?s={search_term_string}"},"query-input":{"@type":"PropertyValueSpecification","valueRequired":true,"valueName":"search_term_string"}}],"inLanguage":"pt-BR"},{"@type":"Organization","@id":"https:\/\/progresso.com.br\/#organization","name":"O PROGRESSO","url":"https:\/\/progresso.com.br\/","logo":{"@type":"ImageObject","inLanguage":"pt-BR","@id":"https:\/\/progresso.com.br\/#\/schema\/logo\/image\/","url":"https:\/\/progresso.com.br\/wp-content\/uploads\/2026\/03\/logo_proog.jpg","contentUrl":"https:\/\/progresso.com.br\/wp-content\/uploads\/2026\/03\/logo_proog.jpg","width":1960,"height":1080,"caption":"O PROGRESSO"},"image":{"@id":"https:\/\/progresso.com.br\/#\/schema\/logo\/image\/"},"sameAs":["https:\/\/www.facebook.com\/share\/1CeoksKBj6\/","https:\/\/www.instagram.com\/oprogresso_digital"]},{"@type":"Person","@id":"https:\/\/progresso.com.br\/#\/schema\/person\/5dd27138d4463fbbaace62120bfc002b","name":"Rose","image":{"@type":"ImageObject","inLanguage":"pt-BR","@id":"https:\/\/progresso.com.br\/#\/schema\/person\/image\/","url":"https:\/\/secure.gravatar.com\/avatar\/1b6890e759cdd3a88d9f751cb423720b9861c5239167cd3586355638b6556599?s=96&d=mm&r=g","contentUrl":"https:\/\/secure.gravatar.com\/avatar\/1b6890e759cdd3a88d9f751cb423720b9861c5239167cd3586355638b6556599?s=96&d=mm&r=g","caption":"Rose"},"url":"https:\/\/progresso.com.br\/index.php\/author\/rose\/"}]}},"_links":{"self":[{"href":"https:\/\/progresso.com.br\/index.php\/wp-json\/wp\/v2\/posts\/709","targetHints":{"allow":["GET"]}}],"collection":[{"href":"https:\/\/progresso.com.br\/index.php\/wp-json\/wp\/v2\/posts"}],"about":[{"href":"https:\/\/progresso.com.br\/index.php\/wp-json\/wp\/v2\/types\/post"}],"author":[{"embeddable":true,"href":"https:\/\/progresso.com.br\/index.php\/wp-json\/wp\/v2\/users\/2"}],"replies":[{"embeddable":true,"href":"https:\/\/progresso.com.br\/index.php\/wp-json\/wp\/v2\/comments?post=709"}],"version-history":[{"count":1,"href":"https:\/\/progresso.com.br\/index.php\/wp-json\/wp\/v2\/posts\/709\/revisions"}],"predecessor-version":[{"id":711,"href":"https:\/\/progresso.com.br\/index.php\/wp-json\/wp\/v2\/posts\/709\/revisions\/711"}],"wp:featuredmedia":[{"embeddable":true,"href":"https:\/\/progresso.com.br\/index.php\/wp-json\/wp\/v2\/media\/710"}],"wp:attachment":[{"href":"https:\/\/progresso.com.br\/index.php\/wp-json\/wp\/v2\/media?parent=709"}],"wp:term":[{"taxonomy":"category","embeddable":true,"href":"https:\/\/progresso.com.br\/index.php\/wp-json\/wp\/v2\/categories?post=709"},{"taxonomy":"post_tag","embeddable":true,"href":"https:\/\/progresso.com.br\/index.php\/wp-json\/wp\/v2\/tags?post=709"}],"curies":[{"name":"wp","href":"https:\/\/api.w.org\/{rel}","templated":true}]}}