{"id":718,"date":"2026-03-12T09:30:00","date_gmt":"2026-03-12T13:30:00","guid":{"rendered":"https:\/\/progresso.com.br\/?p=718"},"modified":"2026-03-12T08:54:13","modified_gmt":"2026-03-12T12:54:13","slug":"inflacao-chega-a-070-em-fevereiro-menor-resultado-para-o-mes-desde-2020","status":"publish","type":"post","link":"https:\/\/progresso.com.br\/index.php\/2026\/03\/12\/inflacao-chega-a-070-em-fevereiro-menor-resultado-para-o-mes-desde-2020\/","title":{"rendered":"Infla\u00e7\u00e3o chega a 0,70% em fevereiro, menor resultado para o m\u00eas desde 2020"},"content":{"rendered":"\n<p><strong><em>Taxa em fevereiro do ano passado foi de 1,31%. Combust\u00edveis, frutas, \u00f3leo de soja e caf\u00e9 mo\u00eddo tiveram queda nos pre\u00e7os. Arroz j\u00e1 acumula queda de 27,86% em 12 meses. Maior contribui\u00e7\u00e3o para a infla\u00e7\u00e3o do m\u00eas veio das mensalidades escolares, por conta dos reajustes habitualmente praticados no in\u00edcio do ano letivo<\/em><\/strong><\/p>\n\n\n\n<p><em>Ag\u00eancia Gov | Via IBGE<\/em><\/p>\n\n\n\n<p>Influenciado pelos reajustes nas mensalidades escolares, a infla\u00e7\u00e3o passou de 0,33% em janeiro para 0,70% em fevereiro, maior taxa desde fevereiro de 2025 (1,31%). Embora mais alto que em meses anteriores, o resultado \u00e9 o menor para um m\u00eas de fevereiro desde 2020 (0,25%).&nbsp;\u00c9 o que mostra o resultado do \u00edndice oficial de infla\u00e7\u00e3o do pa\u00eds &#8211; IPCA, divulgado nesta quinta-feira (12\/3) pelo IBGE.<\/p>\n\n\n\n<blockquote class=\"wp-block-quote is-layout-flow wp-block-quote-is-layout-flow\">\n<p>Em fevereiro do ano passado, no IPCA de 1,31% houve uma press\u00e3o do grupo habita\u00e7\u00e3o, em especial na energia el\u00e9trica, em fun\u00e7\u00e3o do fim do B\u00f4nus de Itaipu, o que n\u00e3o ocorreu no ano de 2026. Ainda na compara\u00e7\u00e3o com o ano anterior, Educa\u00e7\u00e3o acelerou ao registrar 5,21% em fevereiro de 2026 contra 4,70% de fevereiro de 2025\u201d,&nbsp;explicou o gerente da pesquisa, Fernando Gon\u00e7alves<\/p>\n<\/blockquote>\n\n\n\n<figure class=\"wp-block-image\"><img decoding=\"async\" src=\"https:\/\/agenciagov.ebc.com.br\/noticias\/202603\/gryfico-ibge-2026-3-12.jpeg\" alt=\"Gr\u00fdfico - IBGE - 2026-3-12.jpeg\" title=\"Gr\u00fdfico - IBGE - 2026-3-12.jpeg\"\/><\/figure>\n\n\n\n<p>Nos combust\u00edveis, o \u00edndice ficou em -0,47%, com quedas na gasolina (-0,61%) e no g\u00e1s veicular (-3,10%), e altas no etanol (0,55%) e no \u00f3leo diesel (0,23%).<\/p>\n\n\n\n<p>O grupo Alimenta\u00e7\u00e3o e bebidas teve pequena varia\u00e7\u00e3o na passagem de janeiro (0,23%) para fevereiro (0,26%). A alimenta\u00e7\u00e3o no domic\u00edlio registrou 0,23% frente a 0,10% do m\u00eas anterior, com influ\u00eancia das altas do a\u00e7a\u00ed (25,29%), do feij\u00e3o-carioca (11,73%), do ovo de galinha (4,55%) e das carnes (0,58%). No lado das quedas, os destaques s\u00e3o as frutas (-2,78%), o \u00f3leo de soja (-2,62%), o arroz (-2,36%) e o caf\u00e9 mo\u00eddo (-1,20%). J\u00e1 a alimenta\u00e7\u00e3o fora do domic\u00edlio (0,34%) desacelerou em rela\u00e7\u00e3o ao m\u00eas anterior (0,55%). A refei\u00e7\u00e3o saiu de 0,66%, em janeiro, para 0,49%, em fevereiro, e o lanche passou de 0,27% para 0,15% no mesmo per\u00edodo.<\/p>\n\n\n\n<blockquote class=\"wp-block-quote is-layout-flow wp-block-quote-is-layout-flow\">\n<p>O grupo dos alimentos variou 0,26%, em fevereiro, mostrando desacelera\u00e7\u00e3o na compara\u00e7\u00e3o com fevereiro de 2025, quando registrou influ\u00eancia do ovo de galinha (15,39%) e do caf\u00e9 mo\u00eddo (10,77%). No \u00edndice atual, tais subitens desaceleraram para 4,55% (ovo de galinha) e -1,20% (caf\u00e9), oitavo m\u00eas seguido de retra\u00e7\u00e3o nos pre\u00e7os deste subitem, que acumula 10,13% de varia\u00e7\u00e3o nos \u00faltimos 12 meses. Al\u00e9m desses produtos o arroz, importante na mesa dos brasileiros, j\u00e1 acumula queda de 27,86% em 12 meses dada a boa oferta do cereal\u201d destacou Fernando Gon\u00e7alves<\/p>\n<\/blockquote>\n\n\n\n<p>A maior varia\u00e7\u00e3o e impacto foram registrados no grupo Educa\u00e7\u00e3o (5,21% e 0,31 p.p.), devido aos reajustes anuais das mensalidades de escolas e cursos. Junto com a alta no grupo Transportes (0,74% e 0,15 p.p.), os dois grupos representaram aproximadamente 66% do resultado do m\u00eas. No ano, o IPCA acumula alta de 1,03% e, nos \u00faltimos doze meses, o \u00edndice ficou em 3,81%, abaixo dos 4,44% dos 12 meses imediatamente anteriores.&nbsp;<\/p>\n\n\n\n<p>Sozinho, o grupo Educa\u00e7\u00e3o respondeu por cerca de 44% do \u00edndice do m\u00eas de fevereiro. A maior contribui\u00e7\u00e3o veio dos cursos regulares (6,20%), por conta dos reajustes habitualmente praticados no in\u00edcio do ano letivo. As maiores varia\u00e7\u00f5es foram nos subitens ensino m\u00e9dio (8,19%), ensino fundamental (8,11%) e pr\u00e9-escola (7,48%). No grupo Transportes, teve destaque o aumento de 11,40% na passagem a\u00e9rea. Tamb\u00e9m registraram altas o seguro volunt\u00e1rio de ve\u00edculos (5,62%), o conserto de autom\u00f3vel (1,22%) e o \u00f4nibus urbano (1,14%).&nbsp;<\/p>\n\n\n\n<p>&nbsp;Em Sa\u00fade e cuidados pessoais (0,59%), sobressaem os artigos de higiene pessoal (0,92%) e o plano de sa\u00fade (0,49%).<\/p>\n\n\n\n<p>J\u00e1 o grupo Habita\u00e7\u00e3o apresentou varia\u00e7\u00e3o de 0,30% em fevereiro, ap\u00f3s a queda de 0,11% registrada em janeiro. A alta foi impulsionada pelo subitem taxa de \u00e1gua e esgoto (0,84%) em raz\u00e3o da apropria\u00e7\u00e3o dos seguintes reajustes: 6,21% e 4,69% em Porto Alegre (0,99%) vigentes desde 23 de fevereiro e 1\u00ba de janeiro, respectivamente; 6,56% em Belo Horizonte (7,07%) a partir de 22 de janeiro; 4,57% em Campo Grande (0,57%) a partir de 3 de janeiro e 6,48% em S\u00e3o Paulo (0,40%) desde 1\u00ba de janeiro.<\/p>\n\n\n\n<p>A energia el\u00e9trica residencial variou 0,33% em fevereiro, com a perman\u00eancia da bandeira tarif\u00e1ria verde. J\u00e1 o subitem g\u00e1s encanado apresentou recuo de 1,60% dada a incorpora\u00e7\u00e3o das redu\u00e7\u00f5es de 0,08% (desde 1\u00ba de janeiro) e de 4,44% (desde 1\u00ba de fevereiro) nas tarifas no Rio de Janeiro (-3,64%) e, tamb\u00e9m, a redu\u00e7\u00e3o de 4,01% em Curitiba (-3,77%) a partir de 1\u00ba de fevereiro.<\/p>\n\n\n\n<p>Regionalmente, a maior varia\u00e7\u00e3o do IPCA de fevereiro ocorreu em Fortaleza (0,98%), influenciada pela alta dos cursos regulares (6,83%) e da gasolina (2,95%). A menor varia\u00e7\u00e3o ocorreu em Rio Branco (0,07%), por conta do recuo da energia el\u00e9trica residencial (-1,27%) e do autom\u00f3vel novo (-0,85%).<\/p>\n\n\n\n<h4 class=\"wp-block-heading\"><strong>INPC<\/strong><\/h4>\n\n\n\n<p>O \u00cdndice Nacional de Pre\u00e7os ao Consumidor &#8211; INPC teve alta de 0,56% em fevereiro, 0,17 p.p. acima do resultado observado em janeiro (0,39%). No ano, o INPC acumula alta de 0,95% e, na \u00f3tica dos \u00faltimos 12 meses, o \u00edndice ficou em 3,36%, abaixo dos 4,30% dos 12 meses imediatamente anteriores. Em fevereiro de 2025, a taxa foi de 1,48%.<\/p>\n\n\n\n<p>Os produtos aliment\u00edcios aceleraram de janeiro (0,14%) para fevereiro (0,26%). A varia\u00e7\u00e3o dos n\u00e3o aliment\u00edcios passou de 0,47% em janeiro para 0,66% em fevereiro.<\/p>\n\n\n\n<p>Quanto aos \u00edndices regionais, a maior varia\u00e7\u00e3o ocorreu em Fortaleza (0,98%), influenciada pela alta dos cursos regulares (7,02%) e da gasolina (2,95%). A menor varia\u00e7\u00e3o ocorreu em Campo Grande (0,07%), por conta do recuo da energia el\u00e9trica residencial (-5,31%) e do tomate (-10,71%).<\/p>\n\n\n\n<p><a href=\"https:\/\/www.youtube.com\/embed\/lEQrsmaHLXQ?si=n22zFU2InhD0tacj\">https:\/\/www.youtube.com\/embed\/lEQrsmaHLXQ?si=n22zFU2InhD0tacj<\/a><\/p>\n\n\n\n<h4 class=\"wp-block-heading\"><strong>Mais sobre a pesquisa<\/strong><\/h4>\n\n\n\n<p>O IPCA abrange as fam\u00edlias com rendimentos de 1 a 40 sal\u00e1rios m\u00ednimos, enquanto o INPC, as fam\u00edlias com rendimentos de 1 a 5 sal\u00e1rios m\u00ednimos, residentes nas regi\u00f5es metropolitanas de Bel\u00e9m, Fortaleza, Recife, Salvador, Belo Horizonte, Vit\u00f3ria, Rio de Janeiro, S\u00e3o Paulo, Curitiba, Porto Alegre, al\u00e9m do Distrito Federal e dos munic\u00edpios de Goi\u00e2nia, Campo Grande, Rio Branco, S\u00e3o Lu\u00eds e Aracaju. Acesse os dados no&nbsp;<a href=\"https:\/\/sidra.ibge.gov.br\/home\/ipca\/brasil\">Sidra&nbsp;<\/a>. O pr\u00f3ximo resultado do IPCA, referente a mar\u00e7o, ser\u00e1 divulgado em 10 de abril.<br><\/p>\n","protected":false},"excerpt":{"rendered":"<p>Taxa em fevereiro do ano passado foi de 1,31%. Combust\u00edveis, frutas, \u00f3leo de soja e caf\u00e9 mo\u00eddo tiveram queda nos pre\u00e7os. Arroz j\u00e1 acumula queda de 27,86% em 12 meses. Maior contribui\u00e7\u00e3o para a infla\u00e7\u00e3o do m\u00eas veio das mensalidades escolares, por conta dos reajustes habitualmente praticados no in\u00edcio do ano letivo Ag\u00eancia Gov | [&hellip;]<\/p>\n","protected":false},"author":2,"featured_media":720,"comment_status":"open","ping_status":"open","sticky":false,"template":"","format":"standard","meta":{"footnotes":""},"categories":[1],"tags":[],"class_list":["post-718","post","type-post","status-publish","format-standard","has-post-thumbnail","hentry","category-sem-categoria"],"yoast_head":"<!-- This site is optimized with the Yoast SEO plugin v27.1.1 - https:\/\/yoast.com\/product\/yoast-seo-wordpress\/ -->\n<title>Infla\u00e7\u00e3o chega a 0,70% em fevereiro, menor resultado para o m\u00eas desde 2020 - O PROGRESSO<\/title>\n<meta name=\"robots\" content=\"index, follow, max-snippet:-1, max-image-preview:large, max-video-preview:-1\" \/>\n<link rel=\"canonical\" href=\"https:\/\/progresso.com.br\/index.php\/2026\/03\/12\/inflacao-chega-a-070-em-fevereiro-menor-resultado-para-o-mes-desde-2020\/\" \/>\n<meta property=\"og:locale\" content=\"pt_BR\" \/>\n<meta property=\"og:type\" content=\"article\" \/>\n<meta property=\"og:title\" content=\"Infla\u00e7\u00e3o chega a 0,70% em fevereiro, menor resultado para o m\u00eas desde 2020 - O PROGRESSO\" \/>\n<meta property=\"og:description\" content=\"Taxa em fevereiro do ano passado foi de 1,31%. Combust\u00edveis, frutas, \u00f3leo de soja e caf\u00e9 mo\u00eddo tiveram queda nos pre\u00e7os. Arroz j\u00e1 acumula queda de 27,86% em 12 meses. Maior contribui\u00e7\u00e3o para a infla\u00e7\u00e3o do m\u00eas veio das mensalidades escolares, por conta dos reajustes habitualmente praticados no in\u00edcio do ano letivo Ag\u00eancia Gov | [&hellip;]\" \/>\n<meta property=\"og:url\" content=\"https:\/\/progresso.com.br\/index.php\/2026\/03\/12\/inflacao-chega-a-070-em-fevereiro-menor-resultado-para-o-mes-desde-2020\/\" \/>\n<meta property=\"og:site_name\" content=\"O PROGRESSO\" \/>\n<meta property=\"article:publisher\" content=\"https:\/\/www.facebook.com\/share\/1CeoksKBj6\/\" \/>\n<meta property=\"article:published_time\" content=\"2026-03-12T13:30:00+00:00\" \/>\n<meta property=\"og:image\" content=\"https:\/\/progresso.com.br\/wp-content\/uploads\/2026\/03\/alimentacao.png\" \/>\n\t<meta property=\"og:image:width\" content=\"735\" \/>\n\t<meta property=\"og:image:height\" content=\"456\" \/>\n\t<meta property=\"og:image:type\" content=\"image\/png\" \/>\n<meta name=\"author\" content=\"Rose\" \/>\n<meta name=\"twitter:card\" content=\"summary_large_image\" \/>\n<meta name=\"twitter:label1\" content=\"Escrito por\" \/>\n\t<meta name=\"twitter:data1\" content=\"Rose\" \/>\n\t<meta name=\"twitter:label2\" content=\"Est. tempo de leitura\" \/>\n\t<meta name=\"twitter:data2\" content=\"6 minutos\" \/>\n<script type=\"application\/ld+json\" class=\"yoast-schema-graph\">{\"@context\":\"https:\/\/schema.org\",\"@graph\":[{\"@type\":\"Article\",\"@id\":\"https:\/\/progresso.com.br\/index.php\/2026\/03\/12\/inflacao-chega-a-070-em-fevereiro-menor-resultado-para-o-mes-desde-2020\/#article\",\"isPartOf\":{\"@id\":\"https:\/\/progresso.com.br\/index.php\/2026\/03\/12\/inflacao-chega-a-070-em-fevereiro-menor-resultado-para-o-mes-desde-2020\/\"},\"author\":{\"name\":\"Rose\",\"@id\":\"https:\/\/progresso.com.br\/#\/schema\/person\/5dd27138d4463fbbaace62120bfc002b\"},\"headline\":\"Infla\u00e7\u00e3o chega a 0,70% em fevereiro, menor resultado para o m\u00eas desde 2020\",\"datePublished\":\"2026-03-12T13:30:00+00:00\",\"mainEntityOfPage\":{\"@id\":\"https:\/\/progresso.com.br\/index.php\/2026\/03\/12\/inflacao-chega-a-070-em-fevereiro-menor-resultado-para-o-mes-desde-2020\/\"},\"wordCount\":1014,\"commentCount\":0,\"publisher\":{\"@id\":\"https:\/\/progresso.com.br\/#organization\"},\"image\":{\"@id\":\"https:\/\/progresso.com.br\/index.php\/2026\/03\/12\/inflacao-chega-a-070-em-fevereiro-menor-resultado-para-o-mes-desde-2020\/#primaryimage\"},\"thumbnailUrl\":\"https:\/\/progresso.com.br\/wp-content\/uploads\/2026\/03\/alimentacao.png\",\"inLanguage\":\"pt-BR\",\"potentialAction\":[{\"@type\":\"CommentAction\",\"name\":\"Comment\",\"target\":[\"https:\/\/progresso.com.br\/index.php\/2026\/03\/12\/inflacao-chega-a-070-em-fevereiro-menor-resultado-para-o-mes-desde-2020\/#respond\"]}]},{\"@type\":\"WebPage\",\"@id\":\"https:\/\/progresso.com.br\/index.php\/2026\/03\/12\/inflacao-chega-a-070-em-fevereiro-menor-resultado-para-o-mes-desde-2020\/\",\"url\":\"https:\/\/progresso.com.br\/index.php\/2026\/03\/12\/inflacao-chega-a-070-em-fevereiro-menor-resultado-para-o-mes-desde-2020\/\",\"name\":\"Infla\u00e7\u00e3o chega a 0,70% em fevereiro, menor resultado para o m\u00eas desde 2020 - O PROGRESSO\",\"isPartOf\":{\"@id\":\"https:\/\/progresso.com.br\/#website\"},\"primaryImageOfPage\":{\"@id\":\"https:\/\/progresso.com.br\/index.php\/2026\/03\/12\/inflacao-chega-a-070-em-fevereiro-menor-resultado-para-o-mes-desde-2020\/#primaryimage\"},\"image\":{\"@id\":\"https:\/\/progresso.com.br\/index.php\/2026\/03\/12\/inflacao-chega-a-070-em-fevereiro-menor-resultado-para-o-mes-desde-2020\/#primaryimage\"},\"thumbnailUrl\":\"https:\/\/progresso.com.br\/wp-content\/uploads\/2026\/03\/alimentacao.png\",\"datePublished\":\"2026-03-12T13:30:00+00:00\",\"breadcrumb\":{\"@id\":\"https:\/\/progresso.com.br\/index.php\/2026\/03\/12\/inflacao-chega-a-070-em-fevereiro-menor-resultado-para-o-mes-desde-2020\/#breadcrumb\"},\"inLanguage\":\"pt-BR\",\"potentialAction\":[{\"@type\":\"ReadAction\",\"target\":[\"https:\/\/progresso.com.br\/index.php\/2026\/03\/12\/inflacao-chega-a-070-em-fevereiro-menor-resultado-para-o-mes-desde-2020\/\"]}]},{\"@type\":\"ImageObject\",\"inLanguage\":\"pt-BR\",\"@id\":\"https:\/\/progresso.com.br\/index.php\/2026\/03\/12\/inflacao-chega-a-070-em-fevereiro-menor-resultado-para-o-mes-desde-2020\/#primaryimage\",\"url\":\"https:\/\/progresso.com.br\/wp-content\/uploads\/2026\/03\/alimentacao.png\",\"contentUrl\":\"https:\/\/progresso.com.br\/wp-content\/uploads\/2026\/03\/alimentacao.png\",\"width\":735,\"height\":456,\"caption\":\"Foto: Marcelo Camargo\/Ag\u00eancia Brasil\"},{\"@type\":\"BreadcrumbList\",\"@id\":\"https:\/\/progresso.com.br\/index.php\/2026\/03\/12\/inflacao-chega-a-070-em-fevereiro-menor-resultado-para-o-mes-desde-2020\/#breadcrumb\",\"itemListElement\":[{\"@type\":\"ListItem\",\"position\":1,\"name\":\"In\u00edcio\",\"item\":\"https:\/\/progresso.com.br\/\"},{\"@type\":\"ListItem\",\"position\":2,\"name\":\"Infla\u00e7\u00e3o chega a 0,70% em fevereiro, menor resultado para o m\u00eas desde 2020\"}]},{\"@type\":\"WebSite\",\"@id\":\"https:\/\/progresso.com.br\/#website\",\"url\":\"https:\/\/progresso.com.br\/\",\"name\":\"O PROGRESSO\",\"description\":\"\",\"publisher\":{\"@id\":\"https:\/\/progresso.com.br\/#organization\"},\"potentialAction\":[{\"@type\":\"SearchAction\",\"target\":{\"@type\":\"EntryPoint\",\"urlTemplate\":\"https:\/\/progresso.com.br\/?s={search_term_string}\"},\"query-input\":{\"@type\":\"PropertyValueSpecification\",\"valueRequired\":true,\"valueName\":\"search_term_string\"}}],\"inLanguage\":\"pt-BR\"},{\"@type\":\"Organization\",\"@id\":\"https:\/\/progresso.com.br\/#organization\",\"name\":\"O PROGRESSO\",\"url\":\"https:\/\/progresso.com.br\/\",\"logo\":{\"@type\":\"ImageObject\",\"inLanguage\":\"pt-BR\",\"@id\":\"https:\/\/progresso.com.br\/#\/schema\/logo\/image\/\",\"url\":\"https:\/\/progresso.com.br\/wp-content\/uploads\/2026\/03\/logo_proog.jpg\",\"contentUrl\":\"https:\/\/progresso.com.br\/wp-content\/uploads\/2026\/03\/logo_proog.jpg\",\"width\":1960,\"height\":1080,\"caption\":\"O PROGRESSO\"},\"image\":{\"@id\":\"https:\/\/progresso.com.br\/#\/schema\/logo\/image\/\"},\"sameAs\":[\"https:\/\/www.facebook.com\/share\/1CeoksKBj6\/\",\"https:\/\/www.instagram.com\/oprogresso_digital\"]},{\"@type\":\"Person\",\"@id\":\"https:\/\/progresso.com.br\/#\/schema\/person\/5dd27138d4463fbbaace62120bfc002b\",\"name\":\"Rose\",\"image\":{\"@type\":\"ImageObject\",\"inLanguage\":\"pt-BR\",\"@id\":\"https:\/\/progresso.com.br\/#\/schema\/person\/image\/\",\"url\":\"https:\/\/secure.gravatar.com\/avatar\/1b6890e759cdd3a88d9f751cb423720b9861c5239167cd3586355638b6556599?s=96&d=mm&r=g\",\"contentUrl\":\"https:\/\/secure.gravatar.com\/avatar\/1b6890e759cdd3a88d9f751cb423720b9861c5239167cd3586355638b6556599?s=96&d=mm&r=g\",\"caption\":\"Rose\"},\"url\":\"https:\/\/progresso.com.br\/index.php\/author\/rose\/\"}]}<\/script>\n<!-- \/ Yoast SEO plugin. -->","yoast_head_json":{"title":"Infla\u00e7\u00e3o chega a 0,70% em fevereiro, menor resultado para o m\u00eas desde 2020 - O PROGRESSO","robots":{"index":"index","follow":"follow","max-snippet":"max-snippet:-1","max-image-preview":"max-image-preview:large","max-video-preview":"max-video-preview:-1"},"canonical":"https:\/\/progresso.com.br\/index.php\/2026\/03\/12\/inflacao-chega-a-070-em-fevereiro-menor-resultado-para-o-mes-desde-2020\/","og_locale":"pt_BR","og_type":"article","og_title":"Infla\u00e7\u00e3o chega a 0,70% em fevereiro, menor resultado para o m\u00eas desde 2020 - O PROGRESSO","og_description":"Taxa em fevereiro do ano passado foi de 1,31%. Combust\u00edveis, frutas, \u00f3leo de soja e caf\u00e9 mo\u00eddo tiveram queda nos pre\u00e7os. Arroz j\u00e1 acumula queda de 27,86% em 12 meses. Maior contribui\u00e7\u00e3o para a infla\u00e7\u00e3o do m\u00eas veio das mensalidades escolares, por conta dos reajustes habitualmente praticados no in\u00edcio do ano letivo Ag\u00eancia Gov | [&hellip;]","og_url":"https:\/\/progresso.com.br\/index.php\/2026\/03\/12\/inflacao-chega-a-070-em-fevereiro-menor-resultado-para-o-mes-desde-2020\/","og_site_name":"O PROGRESSO","article_publisher":"https:\/\/www.facebook.com\/share\/1CeoksKBj6\/","article_published_time":"2026-03-12T13:30:00+00:00","og_image":[{"width":735,"height":456,"url":"https:\/\/progresso.com.br\/wp-content\/uploads\/2026\/03\/alimentacao.png","type":"image\/png"}],"author":"Rose","twitter_card":"summary_large_image","twitter_misc":{"Escrito por":"Rose","Est. tempo de leitura":"6 minutos"},"schema":{"@context":"https:\/\/schema.org","@graph":[{"@type":"Article","@id":"https:\/\/progresso.com.br\/index.php\/2026\/03\/12\/inflacao-chega-a-070-em-fevereiro-menor-resultado-para-o-mes-desde-2020\/#article","isPartOf":{"@id":"https:\/\/progresso.com.br\/index.php\/2026\/03\/12\/inflacao-chega-a-070-em-fevereiro-menor-resultado-para-o-mes-desde-2020\/"},"author":{"name":"Rose","@id":"https:\/\/progresso.com.br\/#\/schema\/person\/5dd27138d4463fbbaace62120bfc002b"},"headline":"Infla\u00e7\u00e3o chega a 0,70% em fevereiro, menor resultado para o m\u00eas desde 2020","datePublished":"2026-03-12T13:30:00+00:00","mainEntityOfPage":{"@id":"https:\/\/progresso.com.br\/index.php\/2026\/03\/12\/inflacao-chega-a-070-em-fevereiro-menor-resultado-para-o-mes-desde-2020\/"},"wordCount":1014,"commentCount":0,"publisher":{"@id":"https:\/\/progresso.com.br\/#organization"},"image":{"@id":"https:\/\/progresso.com.br\/index.php\/2026\/03\/12\/inflacao-chega-a-070-em-fevereiro-menor-resultado-para-o-mes-desde-2020\/#primaryimage"},"thumbnailUrl":"https:\/\/progresso.com.br\/wp-content\/uploads\/2026\/03\/alimentacao.png","inLanguage":"pt-BR","potentialAction":[{"@type":"CommentAction","name":"Comment","target":["https:\/\/progresso.com.br\/index.php\/2026\/03\/12\/inflacao-chega-a-070-em-fevereiro-menor-resultado-para-o-mes-desde-2020\/#respond"]}]},{"@type":"WebPage","@id":"https:\/\/progresso.com.br\/index.php\/2026\/03\/12\/inflacao-chega-a-070-em-fevereiro-menor-resultado-para-o-mes-desde-2020\/","url":"https:\/\/progresso.com.br\/index.php\/2026\/03\/12\/inflacao-chega-a-070-em-fevereiro-menor-resultado-para-o-mes-desde-2020\/","name":"Infla\u00e7\u00e3o chega a 0,70% em fevereiro, menor resultado para o m\u00eas desde 2020 - O PROGRESSO","isPartOf":{"@id":"https:\/\/progresso.com.br\/#website"},"primaryImageOfPage":{"@id":"https:\/\/progresso.com.br\/index.php\/2026\/03\/12\/inflacao-chega-a-070-em-fevereiro-menor-resultado-para-o-mes-desde-2020\/#primaryimage"},"image":{"@id":"https:\/\/progresso.com.br\/index.php\/2026\/03\/12\/inflacao-chega-a-070-em-fevereiro-menor-resultado-para-o-mes-desde-2020\/#primaryimage"},"thumbnailUrl":"https:\/\/progresso.com.br\/wp-content\/uploads\/2026\/03\/alimentacao.png","datePublished":"2026-03-12T13:30:00+00:00","breadcrumb":{"@id":"https:\/\/progresso.com.br\/index.php\/2026\/03\/12\/inflacao-chega-a-070-em-fevereiro-menor-resultado-para-o-mes-desde-2020\/#breadcrumb"},"inLanguage":"pt-BR","potentialAction":[{"@type":"ReadAction","target":["https:\/\/progresso.com.br\/index.php\/2026\/03\/12\/inflacao-chega-a-070-em-fevereiro-menor-resultado-para-o-mes-desde-2020\/"]}]},{"@type":"ImageObject","inLanguage":"pt-BR","@id":"https:\/\/progresso.com.br\/index.php\/2026\/03\/12\/inflacao-chega-a-070-em-fevereiro-menor-resultado-para-o-mes-desde-2020\/#primaryimage","url":"https:\/\/progresso.com.br\/wp-content\/uploads\/2026\/03\/alimentacao.png","contentUrl":"https:\/\/progresso.com.br\/wp-content\/uploads\/2026\/03\/alimentacao.png","width":735,"height":456,"caption":"Foto: Marcelo Camargo\/Ag\u00eancia Brasil"},{"@type":"BreadcrumbList","@id":"https:\/\/progresso.com.br\/index.php\/2026\/03\/12\/inflacao-chega-a-070-em-fevereiro-menor-resultado-para-o-mes-desde-2020\/#breadcrumb","itemListElement":[{"@type":"ListItem","position":1,"name":"In\u00edcio","item":"https:\/\/progresso.com.br\/"},{"@type":"ListItem","position":2,"name":"Infla\u00e7\u00e3o chega a 0,70% em fevereiro, menor resultado para o m\u00eas desde 2020"}]},{"@type":"WebSite","@id":"https:\/\/progresso.com.br\/#website","url":"https:\/\/progresso.com.br\/","name":"O PROGRESSO","description":"","publisher":{"@id":"https:\/\/progresso.com.br\/#organization"},"potentialAction":[{"@type":"SearchAction","target":{"@type":"EntryPoint","urlTemplate":"https:\/\/progresso.com.br\/?s={search_term_string}"},"query-input":{"@type":"PropertyValueSpecification","valueRequired":true,"valueName":"search_term_string"}}],"inLanguage":"pt-BR"},{"@type":"Organization","@id":"https:\/\/progresso.com.br\/#organization","name":"O PROGRESSO","url":"https:\/\/progresso.com.br\/","logo":{"@type":"ImageObject","inLanguage":"pt-BR","@id":"https:\/\/progresso.com.br\/#\/schema\/logo\/image\/","url":"https:\/\/progresso.com.br\/wp-content\/uploads\/2026\/03\/logo_proog.jpg","contentUrl":"https:\/\/progresso.com.br\/wp-content\/uploads\/2026\/03\/logo_proog.jpg","width":1960,"height":1080,"caption":"O PROGRESSO"},"image":{"@id":"https:\/\/progresso.com.br\/#\/schema\/logo\/image\/"},"sameAs":["https:\/\/www.facebook.com\/share\/1CeoksKBj6\/","https:\/\/www.instagram.com\/oprogresso_digital"]},{"@type":"Person","@id":"https:\/\/progresso.com.br\/#\/schema\/person\/5dd27138d4463fbbaace62120bfc002b","name":"Rose","image":{"@type":"ImageObject","inLanguage":"pt-BR","@id":"https:\/\/progresso.com.br\/#\/schema\/person\/image\/","url":"https:\/\/secure.gravatar.com\/avatar\/1b6890e759cdd3a88d9f751cb423720b9861c5239167cd3586355638b6556599?s=96&d=mm&r=g","contentUrl":"https:\/\/secure.gravatar.com\/avatar\/1b6890e759cdd3a88d9f751cb423720b9861c5239167cd3586355638b6556599?s=96&d=mm&r=g","caption":"Rose"},"url":"https:\/\/progresso.com.br\/index.php\/author\/rose\/"}]}},"_links":{"self":[{"href":"https:\/\/progresso.com.br\/index.php\/wp-json\/wp\/v2\/posts\/718","targetHints":{"allow":["GET"]}}],"collection":[{"href":"https:\/\/progresso.com.br\/index.php\/wp-json\/wp\/v2\/posts"}],"about":[{"href":"https:\/\/progresso.com.br\/index.php\/wp-json\/wp\/v2\/types\/post"}],"author":[{"embeddable":true,"href":"https:\/\/progresso.com.br\/index.php\/wp-json\/wp\/v2\/users\/2"}],"replies":[{"embeddable":true,"href":"https:\/\/progresso.com.br\/index.php\/wp-json\/wp\/v2\/comments?post=718"}],"version-history":[{"count":1,"href":"https:\/\/progresso.com.br\/index.php\/wp-json\/wp\/v2\/posts\/718\/revisions"}],"predecessor-version":[{"id":721,"href":"https:\/\/progresso.com.br\/index.php\/wp-json\/wp\/v2\/posts\/718\/revisions\/721"}],"wp:featuredmedia":[{"embeddable":true,"href":"https:\/\/progresso.com.br\/index.php\/wp-json\/wp\/v2\/media\/720"}],"wp:attachment":[{"href":"https:\/\/progresso.com.br\/index.php\/wp-json\/wp\/v2\/media?parent=718"}],"wp:term":[{"taxonomy":"category","embeddable":true,"href":"https:\/\/progresso.com.br\/index.php\/wp-json\/wp\/v2\/categories?post=718"},{"taxonomy":"post_tag","embeddable":true,"href":"https:\/\/progresso.com.br\/index.php\/wp-json\/wp\/v2\/tags?post=718"}],"curies":[{"name":"wp","href":"https:\/\/api.w.org\/{rel}","templated":true}]}}