{"id":742,"date":"2026-03-12T10:36:26","date_gmt":"2026-03-12T14:36:26","guid":{"rendered":"https:\/\/progresso.com.br\/?p=742"},"modified":"2026-03-12T10:36:26","modified_gmt":"2026-03-12T14:36:26","slug":"imasul-realiza-capacitacoes-regionais-do-icms-ecologico-para-municipios-de-ms","status":"publish","type":"post","link":"https:\/\/progresso.com.br\/index.php\/2026\/03\/12\/imasul-realiza-capacitacoes-regionais-do-icms-ecologico-para-municipios-de-ms\/","title":{"rendered":"Imasul realiza capacita\u00e7\u00f5es regionais do ICMS Ecol\u00f3gico para munic\u00edpios de MS"},"content":{"rendered":"\n<p><em>Comunica\u00e7\u00e3o Imasul<\/em><\/p>\n\n\n\n<p>O Instituto de Meio Ambiente de Mato Grosso do Sul (Imasul) concluiu, nas \u00faltimas semanas, o ciclo de Capacita\u00e7\u00f5es Regionais do ICMS Ecol\u00f3gico, voltadas ao componente de Res\u00edduos S\u00f3lidos Urbanos e Educa\u00e7\u00e3o Ambiental, destinadas aos munic\u00edpios sul-mato-grossenses.<\/p>\n\n\n\n<p>As capacita\u00e7\u00f5es foram realizadas de forma presencial em parceria com oito cons\u00f3rcios intermunicipais, reunindo gestores p\u00fablicos, t\u00e9cnicos municipais e representantes das \u00e1reas de meio ambiente e gest\u00e3o de res\u00edduos s\u00f3lidos. Os encontros ocorreram nos munic\u00edpios sede de cada cons\u00f3rcio, entre eles Parana\u00edba, Campo Grande, Nova Andradina, Rio Verde de Mato Grosso, Dourados e Itaquira\u00ed.<\/p>\n\n\n\n<p>O objetivo principal foi orientar os munic\u00edpios quanto aos crit\u00e9rios t\u00e9cnicos e procedimentos necess\u00e1rios para participa\u00e7\u00e3o no rateio do ICMS Ecol\u00f3gico, especialmente no que se refere \u00e0 gest\u00e3o adequada dos res\u00edduos s\u00f3lidos urbanos e \u00e0 implementa\u00e7\u00e3o de pol\u00edticas p\u00fablicas de educa\u00e7\u00e3o ambiental.<\/p>\n\n\n\n<p>Segundo o diretor-presidente do Imasul, Andr\u00e9 Borges, a iniciativa refor\u00e7a o papel do Instituto como parceiro dos munic\u00edpios na estrutura\u00e7\u00e3o de pol\u00edticas ambientais.<\/p>\n\n\n\n<p>\u201cO ICMS Ecol\u00f3gico \u00e9 um importante instrumento de incentivo \u00e0 boa gest\u00e3o ambiental. Essas capacita\u00e7\u00f5es aproximam o Imasul dos munic\u00edpios e garantem que as equipes t\u00e9cnicas estejam preparadas para atender aos crit\u00e9rios do programa, fortalecendo a gest\u00e3o ambiental local\u201d, destacou.<\/p>\n\n\n\n<p><strong>Orienta\u00e7\u00e3o t\u00e9cnica e fortalecimento da gest\u00e3o municipal<\/strong><\/p>\n\n\n\n<p>A programa\u00e7\u00e3o das capacita\u00e7\u00f5es foi estruturada em tr\u00eas eixos principais: Res\u00edduos S\u00f3lidos Urbanos, com abordagem t\u00e9cnica sobre a gest\u00e3o municipal e os crit\u00e9rios do ICMS Ecol\u00f3gico; Educa\u00e7\u00e3o Ambiental, destacando a import\u00e2ncia da implementa\u00e7\u00e3o de a\u00e7\u00f5es estruturadas; e visitas t\u00e9cnicas a \u00e1reas de gest\u00e3o de res\u00edduos s\u00f3lidos, possibilitando aos participantes conhecer experi\u00eancias pr\u00e1ticas de manejo e destina\u00e7\u00e3o adequada dos res\u00edduos.<\/p>\n\n\n\n<p>Durante os encontros, tamb\u00e9m foram abordados temas como orienta\u00e7\u00f5es sobre a gest\u00e3o municipal de res\u00edduos s\u00f3lidos, esclarecimentos sobre o Sistema de Educa\u00e7\u00e3o Ambiental (SisEA) e os procedimentos e a documenta\u00e7\u00e3o necess\u00e1rios para habilita\u00e7\u00e3o dos munic\u00edpios no programa.<\/p>\n\n\n\n<p>O diretor de Licenciamento e Fiscaliza\u00e7\u00e3o do Imasul, Luiz M\u00e1rio Ferreira, ressaltou a import\u00e2ncia da orienta\u00e7\u00e3o t\u00e9cnica como forma de fortalecer a regularidade ambiental dos munic\u00edpios.<\/p>\n\n\n\n<p>\u201cNosso objetivo \u00e9 orientar os munic\u00edpios para que possam atender aos crit\u00e9rios estabelecidos e melhorar seus indicadores ambientais. O ICMS Ecol\u00f3gico \u00e9 uma ferramenta que reconhece as boas pr\u00e1ticas e estimula a evolu\u00e7\u00e3o da gest\u00e3o ambiental municipal\u201d, explicou.<\/p>\n\n\n\n<p><strong>Apoio t\u00e9cnico aos munic\u00edpios<\/strong><\/p>\n\n\n\n<p>As atividades foram conduzidas pela Ger\u00eancia de Desenvolvimento e Moderniza\u00e7\u00e3o (GDM) do Imasul, sob coordena\u00e7\u00e3o da gerente Sara Nogueira, com participa\u00e7\u00e3o da gestora de processos Caroline Barbosa e do analista ambiental Adriano Coelho, que atuaram diretamente na condu\u00e7\u00e3o t\u00e9cnica das capacita\u00e7\u00f5es.<\/p>\n\n\n\n<p>De acordo com Adriano Coelho, o trabalho busca garantir que os munic\u00edpios tenham acesso \u00e0s informa\u00e7\u00f5es necess\u00e1rias para participar do programa de forma adequada.<\/p>\n\n\n\n<p>\u201cNosso foco \u00e9 orientar os t\u00e9cnicos municipais sobre os crit\u00e9rios t\u00e9cnicos e a documenta\u00e7\u00e3o necess\u00e1ria, al\u00e9m de esclarecer d\u00favidas para que os munic\u00edpios possam se estruturar e melhorar seus processos de gest\u00e3o de res\u00edduos s\u00f3lidos e educa\u00e7\u00e3o ambiental\u201d, afirmou.<\/p>\n\n\n\n<p>A iniciativa refor\u00e7a o compromisso do Imasul em apoiar tecnicamente os munic\u00edpios na melhoria da gest\u00e3o ambiental, incentivando pr\u00e1ticas que promovam a destina\u00e7\u00e3o adequada de res\u00edduos e o fortalecimento de a\u00e7\u00f5es permanentes de educa\u00e7\u00e3o ambiental.<\/p>\n\n\n\n<p><strong>Prazo para habilita\u00e7\u00e3o<\/strong><\/p>\n\n\n\n<p>O Imasul refor\u00e7a que os munic\u00edpios interessados em participar do rateio do ICMS Ecol\u00f3gico devem realizar o protocolo da documenta\u00e7\u00e3o at\u00e9 o dia 31 de mar\u00e7o. A entrega dentro do prazo \u00e9 fundamental para que o munic\u00edpio seja avaliado e, caso atenda aos crit\u00e9rios estabelecidos, possa participar da distribui\u00e7\u00e3o dos recursos.<\/p>\n\n\n\n<p>O ICMS Ecol\u00f3gico \u00e9 um dos principais instrumentos de incentivo \u00e0 gest\u00e3o ambiental municipal, estimulando boas pr\u00e1ticas e contribuindo para o desenvolvimento sustent\u00e1vel em Mato Grosso do Sul.<\/p>\n\n\n\n<p><\/p>\n","protected":false},"excerpt":{"rendered":"<p>Comunica\u00e7\u00e3o Imasul O Instituto de Meio Ambiente de Mato Grosso do Sul (Imasul) concluiu, nas \u00faltimas semanas, o ciclo de Capacita\u00e7\u00f5es Regionais do ICMS Ecol\u00f3gico, voltadas ao componente de Res\u00edduos S\u00f3lidos Urbanos e Educa\u00e7\u00e3o Ambiental, destinadas aos munic\u00edpios sul-mato-grossenses. As capacita\u00e7\u00f5es foram realizadas de forma presencial em parceria com oito cons\u00f3rcios intermunicipais, reunindo gestores p\u00fablicos, [&hellip;]<\/p>\n","protected":false},"author":2,"featured_media":743,"comment_status":"open","ping_status":"open","sticky":false,"template":"","format":"standard","meta":{"footnotes":""},"categories":[13],"tags":[],"class_list":["post-742","post","type-post","status-publish","format-standard","has-post-thumbnail","hentry","category-cotidiano"],"yoast_head":"<!-- This site is optimized with the Yoast SEO plugin v27.1.1 - https:\/\/yoast.com\/product\/yoast-seo-wordpress\/ -->\n<title>Imasul realiza capacita\u00e7\u00f5es regionais do ICMS Ecol\u00f3gico para munic\u00edpios de MS - O PROGRESSO<\/title>\n<meta name=\"robots\" content=\"index, follow, max-snippet:-1, max-image-preview:large, max-video-preview:-1\" \/>\n<link rel=\"canonical\" href=\"https:\/\/progresso.com.br\/index.php\/2026\/03\/12\/imasul-realiza-capacitacoes-regionais-do-icms-ecologico-para-municipios-de-ms\/\" \/>\n<meta property=\"og:locale\" content=\"pt_BR\" \/>\n<meta property=\"og:type\" content=\"article\" \/>\n<meta property=\"og:title\" content=\"Imasul realiza capacita\u00e7\u00f5es regionais do ICMS Ecol\u00f3gico para munic\u00edpios de MS - O PROGRESSO\" \/>\n<meta property=\"og:description\" content=\"Comunica\u00e7\u00e3o Imasul O Instituto de Meio Ambiente de Mato Grosso do Sul (Imasul) concluiu, nas \u00faltimas semanas, o ciclo de Capacita\u00e7\u00f5es Regionais do ICMS Ecol\u00f3gico, voltadas ao componente de Res\u00edduos S\u00f3lidos Urbanos e Educa\u00e7\u00e3o Ambiental, destinadas aos munic\u00edpios sul-mato-grossenses. As capacita\u00e7\u00f5es foram realizadas de forma presencial em parceria com oito cons\u00f3rcios intermunicipais, reunindo gestores p\u00fablicos, [&hellip;]\" \/>\n<meta property=\"og:url\" content=\"https:\/\/progresso.com.br\/index.php\/2026\/03\/12\/imasul-realiza-capacitacoes-regionais-do-icms-ecologico-para-municipios-de-ms\/\" \/>\n<meta property=\"og:site_name\" content=\"O PROGRESSO\" \/>\n<meta property=\"article:publisher\" content=\"https:\/\/www.facebook.com\/share\/1CeoksKBj6\/\" \/>\n<meta property=\"article:published_time\" content=\"2026-03-12T14:36:26+00:00\" \/>\n<meta property=\"og:image\" content=\"https:\/\/progresso.com.br\/wp-content\/uploads\/2026\/03\/WhatsApp-Image-2026-03-12-at-09.47.37-730x480-1.jpeg\" \/>\n\t<meta property=\"og:image:width\" content=\"730\" \/>\n\t<meta property=\"og:image:height\" content=\"480\" \/>\n\t<meta property=\"og:image:type\" content=\"image\/jpeg\" \/>\n<meta name=\"author\" content=\"Rose\" \/>\n<meta name=\"twitter:card\" content=\"summary_large_image\" \/>\n<meta name=\"twitter:label1\" content=\"Escrito por\" \/>\n\t<meta name=\"twitter:data1\" content=\"Rose\" \/>\n\t<meta name=\"twitter:label2\" content=\"Est. tempo de leitura\" \/>\n\t<meta name=\"twitter:data2\" content=\"4 minutos\" \/>\n<script type=\"application\/ld+json\" class=\"yoast-schema-graph\">{\"@context\":\"https:\/\/schema.org\",\"@graph\":[{\"@type\":\"Article\",\"@id\":\"https:\/\/progresso.com.br\/index.php\/2026\/03\/12\/imasul-realiza-capacitacoes-regionais-do-icms-ecologico-para-municipios-de-ms\/#article\",\"isPartOf\":{\"@id\":\"https:\/\/progresso.com.br\/index.php\/2026\/03\/12\/imasul-realiza-capacitacoes-regionais-do-icms-ecologico-para-municipios-de-ms\/\"},\"author\":{\"name\":\"Rose\",\"@id\":\"https:\/\/progresso.com.br\/#\/schema\/person\/5dd27138d4463fbbaace62120bfc002b\"},\"headline\":\"Imasul realiza capacita\u00e7\u00f5es regionais do ICMS Ecol\u00f3gico para munic\u00edpios de MS\",\"datePublished\":\"2026-03-12T14:36:26+00:00\",\"mainEntityOfPage\":{\"@id\":\"https:\/\/progresso.com.br\/index.php\/2026\/03\/12\/imasul-realiza-capacitacoes-regionais-do-icms-ecologico-para-municipios-de-ms\/\"},\"wordCount\":725,\"commentCount\":0,\"publisher\":{\"@id\":\"https:\/\/progresso.com.br\/#organization\"},\"image\":{\"@id\":\"https:\/\/progresso.com.br\/index.php\/2026\/03\/12\/imasul-realiza-capacitacoes-regionais-do-icms-ecologico-para-municipios-de-ms\/#primaryimage\"},\"thumbnailUrl\":\"https:\/\/progresso.com.br\/wp-content\/uploads\/2026\/03\/WhatsApp-Image-2026-03-12-at-09.47.37-730x480-1.jpeg\",\"articleSection\":[\"Cotidiano\"],\"inLanguage\":\"pt-BR\",\"potentialAction\":[{\"@type\":\"CommentAction\",\"name\":\"Comment\",\"target\":[\"https:\/\/progresso.com.br\/index.php\/2026\/03\/12\/imasul-realiza-capacitacoes-regionais-do-icms-ecologico-para-municipios-de-ms\/#respond\"]}]},{\"@type\":\"WebPage\",\"@id\":\"https:\/\/progresso.com.br\/index.php\/2026\/03\/12\/imasul-realiza-capacitacoes-regionais-do-icms-ecologico-para-municipios-de-ms\/\",\"url\":\"https:\/\/progresso.com.br\/index.php\/2026\/03\/12\/imasul-realiza-capacitacoes-regionais-do-icms-ecologico-para-municipios-de-ms\/\",\"name\":\"Imasul realiza capacita\u00e7\u00f5es regionais do ICMS Ecol\u00f3gico para munic\u00edpios de MS - O PROGRESSO\",\"isPartOf\":{\"@id\":\"https:\/\/progresso.com.br\/#website\"},\"primaryImageOfPage\":{\"@id\":\"https:\/\/progresso.com.br\/index.php\/2026\/03\/12\/imasul-realiza-capacitacoes-regionais-do-icms-ecologico-para-municipios-de-ms\/#primaryimage\"},\"image\":{\"@id\":\"https:\/\/progresso.com.br\/index.php\/2026\/03\/12\/imasul-realiza-capacitacoes-regionais-do-icms-ecologico-para-municipios-de-ms\/#primaryimage\"},\"thumbnailUrl\":\"https:\/\/progresso.com.br\/wp-content\/uploads\/2026\/03\/WhatsApp-Image-2026-03-12-at-09.47.37-730x480-1.jpeg\",\"datePublished\":\"2026-03-12T14:36:26+00:00\",\"breadcrumb\":{\"@id\":\"https:\/\/progresso.com.br\/index.php\/2026\/03\/12\/imasul-realiza-capacitacoes-regionais-do-icms-ecologico-para-municipios-de-ms\/#breadcrumb\"},\"inLanguage\":\"pt-BR\",\"potentialAction\":[{\"@type\":\"ReadAction\",\"target\":[\"https:\/\/progresso.com.br\/index.php\/2026\/03\/12\/imasul-realiza-capacitacoes-regionais-do-icms-ecologico-para-municipios-de-ms\/\"]}]},{\"@type\":\"ImageObject\",\"inLanguage\":\"pt-BR\",\"@id\":\"https:\/\/progresso.com.br\/index.php\/2026\/03\/12\/imasul-realiza-capacitacoes-regionais-do-icms-ecologico-para-municipios-de-ms\/#primaryimage\",\"url\":\"https:\/\/progresso.com.br\/wp-content\/uploads\/2026\/03\/WhatsApp-Image-2026-03-12-at-09.47.37-730x480-1.jpeg\",\"contentUrl\":\"https:\/\/progresso.com.br\/wp-content\/uploads\/2026\/03\/WhatsApp-Image-2026-03-12-at-09.47.37-730x480-1.jpeg\",\"width\":730,\"height\":480,\"caption\":\"Foto: Divulga\u00e7\u00e3o\"},{\"@type\":\"BreadcrumbList\",\"@id\":\"https:\/\/progresso.com.br\/index.php\/2026\/03\/12\/imasul-realiza-capacitacoes-regionais-do-icms-ecologico-para-municipios-de-ms\/#breadcrumb\",\"itemListElement\":[{\"@type\":\"ListItem\",\"position\":1,\"name\":\"In\u00edcio\",\"item\":\"https:\/\/progresso.com.br\/\"},{\"@type\":\"ListItem\",\"position\":2,\"name\":\"Imasul realiza capacita\u00e7\u00f5es regionais do ICMS Ecol\u00f3gico para munic\u00edpios de MS\"}]},{\"@type\":\"WebSite\",\"@id\":\"https:\/\/progresso.com.br\/#website\",\"url\":\"https:\/\/progresso.com.br\/\",\"name\":\"O PROGRESSO\",\"description\":\"\",\"publisher\":{\"@id\":\"https:\/\/progresso.com.br\/#organization\"},\"potentialAction\":[{\"@type\":\"SearchAction\",\"target\":{\"@type\":\"EntryPoint\",\"urlTemplate\":\"https:\/\/progresso.com.br\/?s={search_term_string}\"},\"query-input\":{\"@type\":\"PropertyValueSpecification\",\"valueRequired\":true,\"valueName\":\"search_term_string\"}}],\"inLanguage\":\"pt-BR\"},{\"@type\":\"Organization\",\"@id\":\"https:\/\/progresso.com.br\/#organization\",\"name\":\"O PROGRESSO\",\"url\":\"https:\/\/progresso.com.br\/\",\"logo\":{\"@type\":\"ImageObject\",\"inLanguage\":\"pt-BR\",\"@id\":\"https:\/\/progresso.com.br\/#\/schema\/logo\/image\/\",\"url\":\"https:\/\/progresso.com.br\/wp-content\/uploads\/2026\/03\/logo_proog.jpg\",\"contentUrl\":\"https:\/\/progresso.com.br\/wp-content\/uploads\/2026\/03\/logo_proog.jpg\",\"width\":1960,\"height\":1080,\"caption\":\"O PROGRESSO\"},\"image\":{\"@id\":\"https:\/\/progresso.com.br\/#\/schema\/logo\/image\/\"},\"sameAs\":[\"https:\/\/www.facebook.com\/share\/1CeoksKBj6\/\",\"https:\/\/www.instagram.com\/oprogresso_digital\"]},{\"@type\":\"Person\",\"@id\":\"https:\/\/progresso.com.br\/#\/schema\/person\/5dd27138d4463fbbaace62120bfc002b\",\"name\":\"Rose\",\"image\":{\"@type\":\"ImageObject\",\"inLanguage\":\"pt-BR\",\"@id\":\"https:\/\/progresso.com.br\/#\/schema\/person\/image\/\",\"url\":\"https:\/\/secure.gravatar.com\/avatar\/1b6890e759cdd3a88d9f751cb423720b9861c5239167cd3586355638b6556599?s=96&d=mm&r=g\",\"contentUrl\":\"https:\/\/secure.gravatar.com\/avatar\/1b6890e759cdd3a88d9f751cb423720b9861c5239167cd3586355638b6556599?s=96&d=mm&r=g\",\"caption\":\"Rose\"},\"url\":\"https:\/\/progresso.com.br\/index.php\/author\/rose\/\"}]}<\/script>\n<!-- \/ Yoast SEO plugin. -->","yoast_head_json":{"title":"Imasul realiza capacita\u00e7\u00f5es regionais do ICMS Ecol\u00f3gico para munic\u00edpios de MS - O PROGRESSO","robots":{"index":"index","follow":"follow","max-snippet":"max-snippet:-1","max-image-preview":"max-image-preview:large","max-video-preview":"max-video-preview:-1"},"canonical":"https:\/\/progresso.com.br\/index.php\/2026\/03\/12\/imasul-realiza-capacitacoes-regionais-do-icms-ecologico-para-municipios-de-ms\/","og_locale":"pt_BR","og_type":"article","og_title":"Imasul realiza capacita\u00e7\u00f5es regionais do ICMS Ecol\u00f3gico para munic\u00edpios de MS - O PROGRESSO","og_description":"Comunica\u00e7\u00e3o Imasul O Instituto de Meio Ambiente de Mato Grosso do Sul (Imasul) concluiu, nas \u00faltimas semanas, o ciclo de Capacita\u00e7\u00f5es Regionais do ICMS Ecol\u00f3gico, voltadas ao componente de Res\u00edduos S\u00f3lidos Urbanos e Educa\u00e7\u00e3o Ambiental, destinadas aos munic\u00edpios sul-mato-grossenses. As capacita\u00e7\u00f5es foram realizadas de forma presencial em parceria com oito cons\u00f3rcios intermunicipais, reunindo gestores p\u00fablicos, [&hellip;]","og_url":"https:\/\/progresso.com.br\/index.php\/2026\/03\/12\/imasul-realiza-capacitacoes-regionais-do-icms-ecologico-para-municipios-de-ms\/","og_site_name":"O PROGRESSO","article_publisher":"https:\/\/www.facebook.com\/share\/1CeoksKBj6\/","article_published_time":"2026-03-12T14:36:26+00:00","og_image":[{"width":730,"height":480,"url":"https:\/\/progresso.com.br\/wp-content\/uploads\/2026\/03\/WhatsApp-Image-2026-03-12-at-09.47.37-730x480-1.jpeg","type":"image\/jpeg"}],"author":"Rose","twitter_card":"summary_large_image","twitter_misc":{"Escrito por":"Rose","Est. tempo de leitura":"4 minutos"},"schema":{"@context":"https:\/\/schema.org","@graph":[{"@type":"Article","@id":"https:\/\/progresso.com.br\/index.php\/2026\/03\/12\/imasul-realiza-capacitacoes-regionais-do-icms-ecologico-para-municipios-de-ms\/#article","isPartOf":{"@id":"https:\/\/progresso.com.br\/index.php\/2026\/03\/12\/imasul-realiza-capacitacoes-regionais-do-icms-ecologico-para-municipios-de-ms\/"},"author":{"name":"Rose","@id":"https:\/\/progresso.com.br\/#\/schema\/person\/5dd27138d4463fbbaace62120bfc002b"},"headline":"Imasul realiza capacita\u00e7\u00f5es regionais do ICMS Ecol\u00f3gico para munic\u00edpios de MS","datePublished":"2026-03-12T14:36:26+00:00","mainEntityOfPage":{"@id":"https:\/\/progresso.com.br\/index.php\/2026\/03\/12\/imasul-realiza-capacitacoes-regionais-do-icms-ecologico-para-municipios-de-ms\/"},"wordCount":725,"commentCount":0,"publisher":{"@id":"https:\/\/progresso.com.br\/#organization"},"image":{"@id":"https:\/\/progresso.com.br\/index.php\/2026\/03\/12\/imasul-realiza-capacitacoes-regionais-do-icms-ecologico-para-municipios-de-ms\/#primaryimage"},"thumbnailUrl":"https:\/\/progresso.com.br\/wp-content\/uploads\/2026\/03\/WhatsApp-Image-2026-03-12-at-09.47.37-730x480-1.jpeg","articleSection":["Cotidiano"],"inLanguage":"pt-BR","potentialAction":[{"@type":"CommentAction","name":"Comment","target":["https:\/\/progresso.com.br\/index.php\/2026\/03\/12\/imasul-realiza-capacitacoes-regionais-do-icms-ecologico-para-municipios-de-ms\/#respond"]}]},{"@type":"WebPage","@id":"https:\/\/progresso.com.br\/index.php\/2026\/03\/12\/imasul-realiza-capacitacoes-regionais-do-icms-ecologico-para-municipios-de-ms\/","url":"https:\/\/progresso.com.br\/index.php\/2026\/03\/12\/imasul-realiza-capacitacoes-regionais-do-icms-ecologico-para-municipios-de-ms\/","name":"Imasul realiza capacita\u00e7\u00f5es regionais do ICMS Ecol\u00f3gico para munic\u00edpios de MS - O PROGRESSO","isPartOf":{"@id":"https:\/\/progresso.com.br\/#website"},"primaryImageOfPage":{"@id":"https:\/\/progresso.com.br\/index.php\/2026\/03\/12\/imasul-realiza-capacitacoes-regionais-do-icms-ecologico-para-municipios-de-ms\/#primaryimage"},"image":{"@id":"https:\/\/progresso.com.br\/index.php\/2026\/03\/12\/imasul-realiza-capacitacoes-regionais-do-icms-ecologico-para-municipios-de-ms\/#primaryimage"},"thumbnailUrl":"https:\/\/progresso.com.br\/wp-content\/uploads\/2026\/03\/WhatsApp-Image-2026-03-12-at-09.47.37-730x480-1.jpeg","datePublished":"2026-03-12T14:36:26+00:00","breadcrumb":{"@id":"https:\/\/progresso.com.br\/index.php\/2026\/03\/12\/imasul-realiza-capacitacoes-regionais-do-icms-ecologico-para-municipios-de-ms\/#breadcrumb"},"inLanguage":"pt-BR","potentialAction":[{"@type":"ReadAction","target":["https:\/\/progresso.com.br\/index.php\/2026\/03\/12\/imasul-realiza-capacitacoes-regionais-do-icms-ecologico-para-municipios-de-ms\/"]}]},{"@type":"ImageObject","inLanguage":"pt-BR","@id":"https:\/\/progresso.com.br\/index.php\/2026\/03\/12\/imasul-realiza-capacitacoes-regionais-do-icms-ecologico-para-municipios-de-ms\/#primaryimage","url":"https:\/\/progresso.com.br\/wp-content\/uploads\/2026\/03\/WhatsApp-Image-2026-03-12-at-09.47.37-730x480-1.jpeg","contentUrl":"https:\/\/progresso.com.br\/wp-content\/uploads\/2026\/03\/WhatsApp-Image-2026-03-12-at-09.47.37-730x480-1.jpeg","width":730,"height":480,"caption":"Foto: Divulga\u00e7\u00e3o"},{"@type":"BreadcrumbList","@id":"https:\/\/progresso.com.br\/index.php\/2026\/03\/12\/imasul-realiza-capacitacoes-regionais-do-icms-ecologico-para-municipios-de-ms\/#breadcrumb","itemListElement":[{"@type":"ListItem","position":1,"name":"In\u00edcio","item":"https:\/\/progresso.com.br\/"},{"@type":"ListItem","position":2,"name":"Imasul realiza capacita\u00e7\u00f5es regionais do ICMS Ecol\u00f3gico para munic\u00edpios de MS"}]},{"@type":"WebSite","@id":"https:\/\/progresso.com.br\/#website","url":"https:\/\/progresso.com.br\/","name":"O PROGRESSO","description":"","publisher":{"@id":"https:\/\/progresso.com.br\/#organization"},"potentialAction":[{"@type":"SearchAction","target":{"@type":"EntryPoint","urlTemplate":"https:\/\/progresso.com.br\/?s={search_term_string}"},"query-input":{"@type":"PropertyValueSpecification","valueRequired":true,"valueName":"search_term_string"}}],"inLanguage":"pt-BR"},{"@type":"Organization","@id":"https:\/\/progresso.com.br\/#organization","name":"O PROGRESSO","url":"https:\/\/progresso.com.br\/","logo":{"@type":"ImageObject","inLanguage":"pt-BR","@id":"https:\/\/progresso.com.br\/#\/schema\/logo\/image\/","url":"https:\/\/progresso.com.br\/wp-content\/uploads\/2026\/03\/logo_proog.jpg","contentUrl":"https:\/\/progresso.com.br\/wp-content\/uploads\/2026\/03\/logo_proog.jpg","width":1960,"height":1080,"caption":"O PROGRESSO"},"image":{"@id":"https:\/\/progresso.com.br\/#\/schema\/logo\/image\/"},"sameAs":["https:\/\/www.facebook.com\/share\/1CeoksKBj6\/","https:\/\/www.instagram.com\/oprogresso_digital"]},{"@type":"Person","@id":"https:\/\/progresso.com.br\/#\/schema\/person\/5dd27138d4463fbbaace62120bfc002b","name":"Rose","image":{"@type":"ImageObject","inLanguage":"pt-BR","@id":"https:\/\/progresso.com.br\/#\/schema\/person\/image\/","url":"https:\/\/secure.gravatar.com\/avatar\/1b6890e759cdd3a88d9f751cb423720b9861c5239167cd3586355638b6556599?s=96&d=mm&r=g","contentUrl":"https:\/\/secure.gravatar.com\/avatar\/1b6890e759cdd3a88d9f751cb423720b9861c5239167cd3586355638b6556599?s=96&d=mm&r=g","caption":"Rose"},"url":"https:\/\/progresso.com.br\/index.php\/author\/rose\/"}]}},"_links":{"self":[{"href":"https:\/\/progresso.com.br\/index.php\/wp-json\/wp\/v2\/posts\/742","targetHints":{"allow":["GET"]}}],"collection":[{"href":"https:\/\/progresso.com.br\/index.php\/wp-json\/wp\/v2\/posts"}],"about":[{"href":"https:\/\/progresso.com.br\/index.php\/wp-json\/wp\/v2\/types\/post"}],"author":[{"embeddable":true,"href":"https:\/\/progresso.com.br\/index.php\/wp-json\/wp\/v2\/users\/2"}],"replies":[{"embeddable":true,"href":"https:\/\/progresso.com.br\/index.php\/wp-json\/wp\/v2\/comments?post=742"}],"version-history":[{"count":1,"href":"https:\/\/progresso.com.br\/index.php\/wp-json\/wp\/v2\/posts\/742\/revisions"}],"predecessor-version":[{"id":744,"href":"https:\/\/progresso.com.br\/index.php\/wp-json\/wp\/v2\/posts\/742\/revisions\/744"}],"wp:featuredmedia":[{"embeddable":true,"href":"https:\/\/progresso.com.br\/index.php\/wp-json\/wp\/v2\/media\/743"}],"wp:attachment":[{"href":"https:\/\/progresso.com.br\/index.php\/wp-json\/wp\/v2\/media?parent=742"}],"wp:term":[{"taxonomy":"category","embeddable":true,"href":"https:\/\/progresso.com.br\/index.php\/wp-json\/wp\/v2\/categories?post=742"},{"taxonomy":"post_tag","embeddable":true,"href":"https:\/\/progresso.com.br\/index.php\/wp-json\/wp\/v2\/tags?post=742"}],"curies":[{"name":"wp","href":"https:\/\/api.w.org\/{rel}","templated":true}]}}