{"id":748,"date":"2026-03-12T11:00:00","date_gmt":"2026-03-12T15:00:00","guid":{"rendered":"https:\/\/progresso.com.br\/?p=748"},"modified":"2026-03-12T10:42:46","modified_gmt":"2026-03-12T14:42:46","slug":"turismo-de-pesca-de-ms-ganha-destaque-em-feira-nacional","status":"publish","type":"post","link":"https:\/\/progresso.com.br\/index.php\/2026\/03\/12\/turismo-de-pesca-de-ms-ganha-destaque-em-feira-nacional\/","title":{"rendered":"Turismo de pesca de MS ganha destaque em feira nacional"},"content":{"rendered":"\n<p><em><strong>Estande institucional re\u00fane empres\u00e1rios do estado e marca o lan\u00e7amento do Anzol Rosa 2026<\/strong><\/em><\/p>\n\n\n\n<p><em>Comunica\u00e7\u00e3o Fundtur MS<\/em><\/p>\n\n\n\n<p>Mato Grosso do Sul participa, entre os dias 12 e 14 de mar\u00e7o de 2026, da Pesca &amp; Companhia Trade Show, considerada a principal feira da pesca esportiva do Brasil. O evento acontece no Distrito Anhembi, em S\u00e3o Paulo (SP), e re\u00fane profissionais do setor e p\u00fablico consumidor, incluindo fabricantes, operadores, lojistas, influenciadores e pescadores esportivos.<\/p>\n\n\n\n<p>\u201cEste \u00e9 um evento tradicional do setor e \u00e9 importante sempre estarmos presentes para manter nosso posicionamento de um dos l\u00edderes na Pesca Esportiva no pa\u00eds. \u00c9 um espa\u00e7o para o trade sul-mato-grossense negociar e apresentar novidades do segmento e, claro, para mantermos atualizados sobre as tend\u00eancias que s\u00e3o apresentadas\u201d, salienta Bruno Wendling, diretor-presidente da Funda\u00e7\u00e3o de Turismo de MS.<\/p>\n\n\n\n<p>O estado estar\u00e1 presente com um estande institucional coordenado pela Funda\u00e7\u00e3o de Turismo de Mato Grosso do Sul (Fundtur MS). A participa\u00e7\u00e3o integra a estrat\u00e9gia estadual de promo\u00e7\u00e3o do turismo de pesca esportiva, com foco no fortalecimento do posicionamento do destino, gera\u00e7\u00e3o de neg\u00f3cios, amplia\u00e7\u00e3o de parcerias comerciais e divulga\u00e7\u00e3o dos principais destinos de pesca de MS.<\/p>\n\n\n\n<p>O espa\u00e7o tamb\u00e9m contar\u00e1 com a presen\u00e7a de empres\u00e1rios do segmento de pesca esportiva de Mato Grosso do Sul, que apresentar\u00e3o seus empreendimentos e servi\u00e7os aos p\u00fablicos profissional e consumidor. A participa\u00e7\u00e3o do trade no evento possibilita a prospec\u00e7\u00e3o de novos clientes, amplia\u00e7\u00e3o de canais de comercializa\u00e7\u00e3o e fortalecimento do relacionamento com operadores de turismo e parceiros do setor.<\/p>\n\n\n\n<p>A presen\u00e7a dos empres\u00e1rios sul-mato-grossenses conta com o apoio do Sebrae MS, que organizou uma miss\u00e3o empresarial para viabilizar a participa\u00e7\u00e3o dos empreendedores na feira. A iniciativa busca facilitar a inser\u00e7\u00e3o do trade tur\u00edstico do estado em um dos principais encontros do segmento no pa\u00eds e ampliar a competitividade dos empreendimentos ligados ao turismo de pesca.<\/p>\n\n\n\n<p>Um dos destaques da participa\u00e7\u00e3o de Mato Grosso do Sul ser\u00e1 o lan\u00e7amento oficial do evento Anzol Rosa 2026, marcado para o dia 13 de mar\u00e7o. Durante a programa\u00e7\u00e3o, o estande contar\u00e1 com ativa\u00e7\u00f5es especiais, capta\u00e7\u00e3o de leads e sorteios de experi\u00eancias de pesca. A a\u00e7\u00e3o refor\u00e7a o posicionamento do estado em rela\u00e7\u00e3o \u00e0 pesca esportiva sustent\u00e1vel e \u00e0 pr\u00e1tica do pesque-e-solte.<\/p>\n\n\n\n<p>A pesca esportiva \u00e9 um dos segmentos estrat\u00e9gicos do turismo sul-mato-grossense, contribuindo para a gera\u00e7\u00e3o de emprego e renda, fortalecimento da economia regional, valoriza\u00e7\u00e3o dos recursos naturais e consolida\u00e7\u00e3o do destino no mercado nacional.<\/p>\n\n\n\n<p><strong>4\u00ba F\u00f3rum Nacional do Turismo da Pesca<\/strong><\/p>\n\n\n\n<p>Durante o evento tamb\u00e9m ser\u00e1 realizado o 4\u00ba F\u00f3rum Nacional do Turismo da Pesca, com o tema \u201cComo atrair o turismo internacional de pesca\u201d. Participam do encontro Marcelo Claro, presidente do Pesca &amp; Companhia Trade Show, Marcos Glueck, presidente da Anepe \u2013 Associa\u00e7\u00e3o Nacional de Ecologia e Pesca Esportiva, al\u00e9m de Leonardo Persi, Embratur, e Humberto Pires, do Minist\u00e9rio do Turismo.<\/p>\n\n\n\n<p>O debate abordar\u00e1 temas como infraestrutura, qualifica\u00e7\u00e3o de servi\u00e7os e alinhamento com a legisla\u00e7\u00e3o da pesca, considerados fundamentais para ampliar a recep\u00e7\u00e3o de turistas internacionais interessados no segmento. Ao final, a proposta \u00e9 estruturar um documento que viabilize a cria\u00e7\u00e3o de uma comiss\u00e3o com representantes do setor empresarial, da Embratur e do Minist\u00e9rio do Turismo para desenvolver um plano de fortalecimento do turismo internacional de pesca no pa\u00eds.<\/p>\n\n\n\n<p><em><br><\/em><\/p>\n","protected":false},"excerpt":{"rendered":"<p>Estande institucional re\u00fane empres\u00e1rios do estado e marca o lan\u00e7amento do Anzol Rosa 2026 Comunica\u00e7\u00e3o Fundtur MS Mato Grosso do Sul participa, entre os dias 12 e 14 de mar\u00e7o de 2026, da Pesca &amp; Companhia Trade Show, considerada a principal feira da pesca esportiva do Brasil. O evento acontece no Distrito Anhembi, em S\u00e3o [&hellip;]<\/p>\n","protected":false},"author":2,"featured_media":749,"comment_status":"open","ping_status":"open","sticky":false,"template":"","format":"standard","meta":{"footnotes":""},"categories":[2,12],"tags":[],"class_list":["post-748","post","type-post","status-publish","format-standard","has-post-thumbnail","hentry","category-destaque","category-sociedade"],"yoast_head":"<!-- This site is optimized with the Yoast SEO plugin v27.1.1 - https:\/\/yoast.com\/product\/yoast-seo-wordpress\/ -->\n<title>Turismo de pesca de MS ganha destaque em feira nacional - O PROGRESSO<\/title>\n<meta name=\"robots\" content=\"index, follow, max-snippet:-1, max-image-preview:large, max-video-preview:-1\" \/>\n<link rel=\"canonical\" href=\"https:\/\/progresso.com.br\/index.php\/2026\/03\/12\/turismo-de-pesca-de-ms-ganha-destaque-em-feira-nacional\/\" \/>\n<meta property=\"og:locale\" content=\"pt_BR\" \/>\n<meta property=\"og:type\" content=\"article\" \/>\n<meta property=\"og:title\" content=\"Turismo de pesca de MS ganha destaque em feira nacional - O PROGRESSO\" \/>\n<meta property=\"og:description\" content=\"Estande institucional re\u00fane empres\u00e1rios do estado e marca o lan\u00e7amento do Anzol Rosa 2026 Comunica\u00e7\u00e3o Fundtur MS Mato Grosso do Sul participa, entre os dias 12 e 14 de mar\u00e7o de 2026, da Pesca &amp; Companhia Trade Show, considerada a principal feira da pesca esportiva do Brasil. O evento acontece no Distrito Anhembi, em S\u00e3o [&hellip;]\" \/>\n<meta property=\"og:url\" content=\"https:\/\/progresso.com.br\/index.php\/2026\/03\/12\/turismo-de-pesca-de-ms-ganha-destaque-em-feira-nacional\/\" \/>\n<meta property=\"og:site_name\" content=\"O PROGRESSO\" \/>\n<meta property=\"article:publisher\" content=\"https:\/\/www.facebook.com\/share\/1CeoksKBj6\/\" \/>\n<meta property=\"article:published_time\" content=\"2026-03-12T15:00:00+00:00\" \/>\n<meta property=\"og:image\" content=\"https:\/\/progresso.com.br\/wp-content\/uploads\/2026\/03\/Corumba-Pescaria-22-Alexis-Prappas-730x480-1.jpg\" \/>\n\t<meta property=\"og:image:width\" content=\"730\" \/>\n\t<meta property=\"og:image:height\" content=\"480\" \/>\n\t<meta property=\"og:image:type\" content=\"image\/jpeg\" \/>\n<meta name=\"author\" content=\"Rose\" \/>\n<meta name=\"twitter:card\" content=\"summary_large_image\" \/>\n<meta name=\"twitter:label1\" content=\"Escrito por\" \/>\n\t<meta name=\"twitter:data1\" content=\"Rose\" \/>\n\t<meta name=\"twitter:label2\" content=\"Est. tempo de leitura\" \/>\n\t<meta name=\"twitter:data2\" content=\"4 minutos\" \/>\n<script type=\"application\/ld+json\" class=\"yoast-schema-graph\">{\"@context\":\"https:\/\/schema.org\",\"@graph\":[{\"@type\":\"Article\",\"@id\":\"https:\/\/progresso.com.br\/index.php\/2026\/03\/12\/turismo-de-pesca-de-ms-ganha-destaque-em-feira-nacional\/#article\",\"isPartOf\":{\"@id\":\"https:\/\/progresso.com.br\/index.php\/2026\/03\/12\/turismo-de-pesca-de-ms-ganha-destaque-em-feira-nacional\/\"},\"author\":{\"name\":\"Rose\",\"@id\":\"https:\/\/progresso.com.br\/#\/schema\/person\/5dd27138d4463fbbaace62120bfc002b\"},\"headline\":\"Turismo de pesca de MS ganha destaque em feira nacional\",\"datePublished\":\"2026-03-12T15:00:00+00:00\",\"mainEntityOfPage\":{\"@id\":\"https:\/\/progresso.com.br\/index.php\/2026\/03\/12\/turismo-de-pesca-de-ms-ganha-destaque-em-feira-nacional\/\"},\"wordCount\":601,\"commentCount\":0,\"publisher\":{\"@id\":\"https:\/\/progresso.com.br\/#organization\"},\"image\":{\"@id\":\"https:\/\/progresso.com.br\/index.php\/2026\/03\/12\/turismo-de-pesca-de-ms-ganha-destaque-em-feira-nacional\/#primaryimage\"},\"thumbnailUrl\":\"https:\/\/progresso.com.br\/wp-content\/uploads\/2026\/03\/Corumba-Pescaria-22-Alexis-Prappas-730x480-1.jpg\",\"articleSection\":[\"Em destaque\",\"Sociedade\"],\"inLanguage\":\"pt-BR\",\"potentialAction\":[{\"@type\":\"CommentAction\",\"name\":\"Comment\",\"target\":[\"https:\/\/progresso.com.br\/index.php\/2026\/03\/12\/turismo-de-pesca-de-ms-ganha-destaque-em-feira-nacional\/#respond\"]}]},{\"@type\":\"WebPage\",\"@id\":\"https:\/\/progresso.com.br\/index.php\/2026\/03\/12\/turismo-de-pesca-de-ms-ganha-destaque-em-feira-nacional\/\",\"url\":\"https:\/\/progresso.com.br\/index.php\/2026\/03\/12\/turismo-de-pesca-de-ms-ganha-destaque-em-feira-nacional\/\",\"name\":\"Turismo de pesca de MS ganha destaque em feira nacional - O PROGRESSO\",\"isPartOf\":{\"@id\":\"https:\/\/progresso.com.br\/#website\"},\"primaryImageOfPage\":{\"@id\":\"https:\/\/progresso.com.br\/index.php\/2026\/03\/12\/turismo-de-pesca-de-ms-ganha-destaque-em-feira-nacional\/#primaryimage\"},\"image\":{\"@id\":\"https:\/\/progresso.com.br\/index.php\/2026\/03\/12\/turismo-de-pesca-de-ms-ganha-destaque-em-feira-nacional\/#primaryimage\"},\"thumbnailUrl\":\"https:\/\/progresso.com.br\/wp-content\/uploads\/2026\/03\/Corumba-Pescaria-22-Alexis-Prappas-730x480-1.jpg\",\"datePublished\":\"2026-03-12T15:00:00+00:00\",\"breadcrumb\":{\"@id\":\"https:\/\/progresso.com.br\/index.php\/2026\/03\/12\/turismo-de-pesca-de-ms-ganha-destaque-em-feira-nacional\/#breadcrumb\"},\"inLanguage\":\"pt-BR\",\"potentialAction\":[{\"@type\":\"ReadAction\",\"target\":[\"https:\/\/progresso.com.br\/index.php\/2026\/03\/12\/turismo-de-pesca-de-ms-ganha-destaque-em-feira-nacional\/\"]}]},{\"@type\":\"ImageObject\",\"inLanguage\":\"pt-BR\",\"@id\":\"https:\/\/progresso.com.br\/index.php\/2026\/03\/12\/turismo-de-pesca-de-ms-ganha-destaque-em-feira-nacional\/#primaryimage\",\"url\":\"https:\/\/progresso.com.br\/wp-content\/uploads\/2026\/03\/Corumba-Pescaria-22-Alexis-Prappas-730x480-1.jpg\",\"contentUrl\":\"https:\/\/progresso.com.br\/wp-content\/uploads\/2026\/03\/Corumba-Pescaria-22-Alexis-Prappas-730x480-1.jpg\",\"width\":730,\"height\":480,\"caption\":\"Foto: Alexis Prappas \/ @visitmsoficial\"},{\"@type\":\"BreadcrumbList\",\"@id\":\"https:\/\/progresso.com.br\/index.php\/2026\/03\/12\/turismo-de-pesca-de-ms-ganha-destaque-em-feira-nacional\/#breadcrumb\",\"itemListElement\":[{\"@type\":\"ListItem\",\"position\":1,\"name\":\"In\u00edcio\",\"item\":\"https:\/\/progresso.com.br\/\"},{\"@type\":\"ListItem\",\"position\":2,\"name\":\"Turismo de pesca de MS ganha destaque em feira nacional\"}]},{\"@type\":\"WebSite\",\"@id\":\"https:\/\/progresso.com.br\/#website\",\"url\":\"https:\/\/progresso.com.br\/\",\"name\":\"O PROGRESSO\",\"description\":\"\",\"publisher\":{\"@id\":\"https:\/\/progresso.com.br\/#organization\"},\"potentialAction\":[{\"@type\":\"SearchAction\",\"target\":{\"@type\":\"EntryPoint\",\"urlTemplate\":\"https:\/\/progresso.com.br\/?s={search_term_string}\"},\"query-input\":{\"@type\":\"PropertyValueSpecification\",\"valueRequired\":true,\"valueName\":\"search_term_string\"}}],\"inLanguage\":\"pt-BR\"},{\"@type\":\"Organization\",\"@id\":\"https:\/\/progresso.com.br\/#organization\",\"name\":\"O PROGRESSO\",\"url\":\"https:\/\/progresso.com.br\/\",\"logo\":{\"@type\":\"ImageObject\",\"inLanguage\":\"pt-BR\",\"@id\":\"https:\/\/progresso.com.br\/#\/schema\/logo\/image\/\",\"url\":\"https:\/\/progresso.com.br\/wp-content\/uploads\/2026\/03\/logo_proog.jpg\",\"contentUrl\":\"https:\/\/progresso.com.br\/wp-content\/uploads\/2026\/03\/logo_proog.jpg\",\"width\":1960,\"height\":1080,\"caption\":\"O PROGRESSO\"},\"image\":{\"@id\":\"https:\/\/progresso.com.br\/#\/schema\/logo\/image\/\"},\"sameAs\":[\"https:\/\/www.facebook.com\/share\/1CeoksKBj6\/\",\"https:\/\/www.instagram.com\/oprogresso_digital\"]},{\"@type\":\"Person\",\"@id\":\"https:\/\/progresso.com.br\/#\/schema\/person\/5dd27138d4463fbbaace62120bfc002b\",\"name\":\"Rose\",\"image\":{\"@type\":\"ImageObject\",\"inLanguage\":\"pt-BR\",\"@id\":\"https:\/\/progresso.com.br\/#\/schema\/person\/image\/\",\"url\":\"https:\/\/secure.gravatar.com\/avatar\/1b6890e759cdd3a88d9f751cb423720b9861c5239167cd3586355638b6556599?s=96&d=mm&r=g\",\"contentUrl\":\"https:\/\/secure.gravatar.com\/avatar\/1b6890e759cdd3a88d9f751cb423720b9861c5239167cd3586355638b6556599?s=96&d=mm&r=g\",\"caption\":\"Rose\"},\"url\":\"https:\/\/progresso.com.br\/index.php\/author\/rose\/\"}]}<\/script>\n<!-- \/ Yoast SEO plugin. -->","yoast_head_json":{"title":"Turismo de pesca de MS ganha destaque em feira nacional - O PROGRESSO","robots":{"index":"index","follow":"follow","max-snippet":"max-snippet:-1","max-image-preview":"max-image-preview:large","max-video-preview":"max-video-preview:-1"},"canonical":"https:\/\/progresso.com.br\/index.php\/2026\/03\/12\/turismo-de-pesca-de-ms-ganha-destaque-em-feira-nacional\/","og_locale":"pt_BR","og_type":"article","og_title":"Turismo de pesca de MS ganha destaque em feira nacional - O PROGRESSO","og_description":"Estande institucional re\u00fane empres\u00e1rios do estado e marca o lan\u00e7amento do Anzol Rosa 2026 Comunica\u00e7\u00e3o Fundtur MS Mato Grosso do Sul participa, entre os dias 12 e 14 de mar\u00e7o de 2026, da Pesca &amp; Companhia Trade Show, considerada a principal feira da pesca esportiva do Brasil. O evento acontece no Distrito Anhembi, em S\u00e3o [&hellip;]","og_url":"https:\/\/progresso.com.br\/index.php\/2026\/03\/12\/turismo-de-pesca-de-ms-ganha-destaque-em-feira-nacional\/","og_site_name":"O PROGRESSO","article_publisher":"https:\/\/www.facebook.com\/share\/1CeoksKBj6\/","article_published_time":"2026-03-12T15:00:00+00:00","og_image":[{"width":730,"height":480,"url":"https:\/\/progresso.com.br\/wp-content\/uploads\/2026\/03\/Corumba-Pescaria-22-Alexis-Prappas-730x480-1.jpg","type":"image\/jpeg"}],"author":"Rose","twitter_card":"summary_large_image","twitter_misc":{"Escrito por":"Rose","Est. tempo de leitura":"4 minutos"},"schema":{"@context":"https:\/\/schema.org","@graph":[{"@type":"Article","@id":"https:\/\/progresso.com.br\/index.php\/2026\/03\/12\/turismo-de-pesca-de-ms-ganha-destaque-em-feira-nacional\/#article","isPartOf":{"@id":"https:\/\/progresso.com.br\/index.php\/2026\/03\/12\/turismo-de-pesca-de-ms-ganha-destaque-em-feira-nacional\/"},"author":{"name":"Rose","@id":"https:\/\/progresso.com.br\/#\/schema\/person\/5dd27138d4463fbbaace62120bfc002b"},"headline":"Turismo de pesca de MS ganha destaque em feira nacional","datePublished":"2026-03-12T15:00:00+00:00","mainEntityOfPage":{"@id":"https:\/\/progresso.com.br\/index.php\/2026\/03\/12\/turismo-de-pesca-de-ms-ganha-destaque-em-feira-nacional\/"},"wordCount":601,"commentCount":0,"publisher":{"@id":"https:\/\/progresso.com.br\/#organization"},"image":{"@id":"https:\/\/progresso.com.br\/index.php\/2026\/03\/12\/turismo-de-pesca-de-ms-ganha-destaque-em-feira-nacional\/#primaryimage"},"thumbnailUrl":"https:\/\/progresso.com.br\/wp-content\/uploads\/2026\/03\/Corumba-Pescaria-22-Alexis-Prappas-730x480-1.jpg","articleSection":["Em destaque","Sociedade"],"inLanguage":"pt-BR","potentialAction":[{"@type":"CommentAction","name":"Comment","target":["https:\/\/progresso.com.br\/index.php\/2026\/03\/12\/turismo-de-pesca-de-ms-ganha-destaque-em-feira-nacional\/#respond"]}]},{"@type":"WebPage","@id":"https:\/\/progresso.com.br\/index.php\/2026\/03\/12\/turismo-de-pesca-de-ms-ganha-destaque-em-feira-nacional\/","url":"https:\/\/progresso.com.br\/index.php\/2026\/03\/12\/turismo-de-pesca-de-ms-ganha-destaque-em-feira-nacional\/","name":"Turismo de pesca de MS ganha destaque em feira nacional - O PROGRESSO","isPartOf":{"@id":"https:\/\/progresso.com.br\/#website"},"primaryImageOfPage":{"@id":"https:\/\/progresso.com.br\/index.php\/2026\/03\/12\/turismo-de-pesca-de-ms-ganha-destaque-em-feira-nacional\/#primaryimage"},"image":{"@id":"https:\/\/progresso.com.br\/index.php\/2026\/03\/12\/turismo-de-pesca-de-ms-ganha-destaque-em-feira-nacional\/#primaryimage"},"thumbnailUrl":"https:\/\/progresso.com.br\/wp-content\/uploads\/2026\/03\/Corumba-Pescaria-22-Alexis-Prappas-730x480-1.jpg","datePublished":"2026-03-12T15:00:00+00:00","breadcrumb":{"@id":"https:\/\/progresso.com.br\/index.php\/2026\/03\/12\/turismo-de-pesca-de-ms-ganha-destaque-em-feira-nacional\/#breadcrumb"},"inLanguage":"pt-BR","potentialAction":[{"@type":"ReadAction","target":["https:\/\/progresso.com.br\/index.php\/2026\/03\/12\/turismo-de-pesca-de-ms-ganha-destaque-em-feira-nacional\/"]}]},{"@type":"ImageObject","inLanguage":"pt-BR","@id":"https:\/\/progresso.com.br\/index.php\/2026\/03\/12\/turismo-de-pesca-de-ms-ganha-destaque-em-feira-nacional\/#primaryimage","url":"https:\/\/progresso.com.br\/wp-content\/uploads\/2026\/03\/Corumba-Pescaria-22-Alexis-Prappas-730x480-1.jpg","contentUrl":"https:\/\/progresso.com.br\/wp-content\/uploads\/2026\/03\/Corumba-Pescaria-22-Alexis-Prappas-730x480-1.jpg","width":730,"height":480,"caption":"Foto: Alexis Prappas \/ @visitmsoficial"},{"@type":"BreadcrumbList","@id":"https:\/\/progresso.com.br\/index.php\/2026\/03\/12\/turismo-de-pesca-de-ms-ganha-destaque-em-feira-nacional\/#breadcrumb","itemListElement":[{"@type":"ListItem","position":1,"name":"In\u00edcio","item":"https:\/\/progresso.com.br\/"},{"@type":"ListItem","position":2,"name":"Turismo de pesca de MS ganha destaque em feira nacional"}]},{"@type":"WebSite","@id":"https:\/\/progresso.com.br\/#website","url":"https:\/\/progresso.com.br\/","name":"O PROGRESSO","description":"","publisher":{"@id":"https:\/\/progresso.com.br\/#organization"},"potentialAction":[{"@type":"SearchAction","target":{"@type":"EntryPoint","urlTemplate":"https:\/\/progresso.com.br\/?s={search_term_string}"},"query-input":{"@type":"PropertyValueSpecification","valueRequired":true,"valueName":"search_term_string"}}],"inLanguage":"pt-BR"},{"@type":"Organization","@id":"https:\/\/progresso.com.br\/#organization","name":"O PROGRESSO","url":"https:\/\/progresso.com.br\/","logo":{"@type":"ImageObject","inLanguage":"pt-BR","@id":"https:\/\/progresso.com.br\/#\/schema\/logo\/image\/","url":"https:\/\/progresso.com.br\/wp-content\/uploads\/2026\/03\/logo_proog.jpg","contentUrl":"https:\/\/progresso.com.br\/wp-content\/uploads\/2026\/03\/logo_proog.jpg","width":1960,"height":1080,"caption":"O PROGRESSO"},"image":{"@id":"https:\/\/progresso.com.br\/#\/schema\/logo\/image\/"},"sameAs":["https:\/\/www.facebook.com\/share\/1CeoksKBj6\/","https:\/\/www.instagram.com\/oprogresso_digital"]},{"@type":"Person","@id":"https:\/\/progresso.com.br\/#\/schema\/person\/5dd27138d4463fbbaace62120bfc002b","name":"Rose","image":{"@type":"ImageObject","inLanguage":"pt-BR","@id":"https:\/\/progresso.com.br\/#\/schema\/person\/image\/","url":"https:\/\/secure.gravatar.com\/avatar\/1b6890e759cdd3a88d9f751cb423720b9861c5239167cd3586355638b6556599?s=96&d=mm&r=g","contentUrl":"https:\/\/secure.gravatar.com\/avatar\/1b6890e759cdd3a88d9f751cb423720b9861c5239167cd3586355638b6556599?s=96&d=mm&r=g","caption":"Rose"},"url":"https:\/\/progresso.com.br\/index.php\/author\/rose\/"}]}},"_links":{"self":[{"href":"https:\/\/progresso.com.br\/index.php\/wp-json\/wp\/v2\/posts\/748","targetHints":{"allow":["GET"]}}],"collection":[{"href":"https:\/\/progresso.com.br\/index.php\/wp-json\/wp\/v2\/posts"}],"about":[{"href":"https:\/\/progresso.com.br\/index.php\/wp-json\/wp\/v2\/types\/post"}],"author":[{"embeddable":true,"href":"https:\/\/progresso.com.br\/index.php\/wp-json\/wp\/v2\/users\/2"}],"replies":[{"embeddable":true,"href":"https:\/\/progresso.com.br\/index.php\/wp-json\/wp\/v2\/comments?post=748"}],"version-history":[{"count":1,"href":"https:\/\/progresso.com.br\/index.php\/wp-json\/wp\/v2\/posts\/748\/revisions"}],"predecessor-version":[{"id":750,"href":"https:\/\/progresso.com.br\/index.php\/wp-json\/wp\/v2\/posts\/748\/revisions\/750"}],"wp:featuredmedia":[{"embeddable":true,"href":"https:\/\/progresso.com.br\/index.php\/wp-json\/wp\/v2\/media\/749"}],"wp:attachment":[{"href":"https:\/\/progresso.com.br\/index.php\/wp-json\/wp\/v2\/media?parent=748"}],"wp:term":[{"taxonomy":"category","embeddable":true,"href":"https:\/\/progresso.com.br\/index.php\/wp-json\/wp\/v2\/categories?post=748"},{"taxonomy":"post_tag","embeddable":true,"href":"https:\/\/progresso.com.br\/index.php\/wp-json\/wp\/v2\/tags?post=748"}],"curies":[{"name":"wp","href":"https:\/\/api.w.org\/{rel}","templated":true}]}}