{"id":751,"date":"2026-03-12T11:30:00","date_gmt":"2026-03-12T15:30:00","guid":{"rendered":"https:\/\/progresso.com.br\/?p=751"},"modified":"2026-03-12T10:45:31","modified_gmt":"2026-03-12T14:45:31","slug":"bndes-descarta-ser-afetado-por-recuperacao-extrajudicial-da-raizen","status":"publish","type":"post","link":"https:\/\/progresso.com.br\/index.php\/2026\/03\/12\/bndes-descarta-ser-afetado-por-recuperacao-extrajudicial-da-raizen\/","title":{"rendered":"BNDES descarta ser afetado\u00a0por\u00a0recupera\u00e7\u00e3o\u00a0extrajudicial\u00a0da Ra\u00edzen"},"content":{"rendered":"\n<p><strong><em>Em 2025, banco p\u00fablico aprovou R$ 1 bilh\u00e3o para a empresa\u00a0<\/em><\/strong><\/p>\n\n\n\n<p><em>Bruno de Freitas Moura &#8211;  Ag\u00eancia Brasil<\/em><\/p>\n\n\n\n<p>O Banco Nacional de Desenvolvimento Econ\u00f4mico e Social (<a href=\"https:\/\/agenciabrasil.ebc.com.br\/tags\/bndes\" target=\"_blank\" rel=\"noreferrer noopener\">BNDES<\/a>), institui\u00e7\u00e3o de fomento do governo federal,&nbsp;informou na manh\u00e3 desta&nbsp;quinta-feira (12) que n\u00e3o ser\u00e1 afetado diretamente&nbsp;pelo&nbsp;<strong>pedido de recupera\u00e7\u00e3o extrajudicial da gigante do agroneg\u00f3cio Ra\u00edzen<\/strong>.&nbsp;&nbsp;<img decoding=\"async\" src=\"https:\/\/agenciabrasil.ebc.com.br\/ebc.png?id=1681621&amp;o=node\"><img decoding=\"async\" src=\"https:\/\/agenciabrasil.ebc.com.br\/ebc.gif?id=1681621&amp;o=node\"><\/p>\n\n\n\n<p>Em 2025, o banco p\u00fablico aprovou o&nbsp;<a href=\"https:\/\/agenciadenoticias.bndes.gov.br\/industria\/BNDES-aprova-R$-1-bilhao-para-Raizen-produzir-etanol-de-segunda-geracao\/\" target=\"_blank\" rel=\"noreferrer noopener\">financiamento de R$ 1 bilh\u00e3o<\/a>&nbsp;para a companhia produzir&nbsp;<strong>etanol de segunda gera\u00e7\u00e3o<\/strong>, combust\u00edvel mais sustent\u00e1vel.&nbsp;&nbsp;<\/p>\n\n\n\n<p>Na quarta-feira (11) a Ra\u00edzen comunicou que uma&nbsp;<a href=\"https:\/\/agenciabrasil.ebc.com.br\/economia\/noticia\/2026-03\/gigante-do-setor-agroenergetico-raizen-pede-recuperacao-extrajudicial\" target=\"_blank\" rel=\"noreferrer noopener\">proposta de renegocia\u00e7\u00e3o<\/a>&nbsp;de&nbsp;R$ 65,1 bilh\u00e3o de d\u00edvidas foi acordada com&nbsp;os&nbsp;principais credores&nbsp;da empresa.<\/p>\n\n\n\n<p>De acordo com o&nbsp;BNDES, os financiamentos autorizados&nbsp;contam com garantia real, que s\u00e3o as&nbsp;<strong>pr\u00f3prias usinas<\/strong>.&nbsp;&nbsp;<\/p>\n\n\n\n<blockquote class=\"wp-block-quote is-layout-flow wp-block-quote-is-layout-flow\">\n<p>\u201cPortanto, conforme informou a pr\u00f3pria empresa, continuar\u00e3o a ser pagos normalmente\u201d, diz a nota.&nbsp;<\/p>\n<\/blockquote>\n\n\n\n<p>\u201cO BNDES est\u00e1 empenhado e comprometido em encontrar a melhor solu\u00e7\u00e3o para a crise financeira da empresa\u201d, completa.&nbsp;<\/p>\n\n\n\n<p>O banco acrescenta que&nbsp;tem \u201cs\u00f3lido sistema de governan\u00e7a\u201d, que garante ao banco uma das menores inadimpl\u00eancias do sistema financeiro, de 0,008%, de acordo com o \u00faltimo balan\u00e7o divulgado.&nbsp;<\/p>\n\n\n\n<h2 class=\"wp-block-heading\">Recupera\u00e7\u00e3o extrajudicial&nbsp;<\/h2>\n\n\n\n<p>Recupera\u00e7\u00e3o extrajudicial \u00e9 uma forma de empresas com dificuldades financeiras negociarem d\u00edvidas&nbsp;diretamente com credores de forma \u00e1gil, com objetivo de evitar fal\u00eancia.<strong>&nbsp;Para valer, o acordo precisa ser homologado pela Justi\u00e7a.&nbsp;&nbsp;<\/strong><\/p>\n\n\n\n<p>O pedido da Ra\u00edzen foi apresentado \u00e0<strong>&nbsp;Comarca da Capital de S\u00e3o Paulo.<\/strong>&nbsp;&nbsp;<\/p>\n\n\n\n<p>A companhia informou que&nbsp;a iniciativa de saneamento financeiro tem&nbsp;alcance&nbsp;limitado,&nbsp;<strong>sem incluir d\u00edvidas e obriga\u00e7\u00f5es&nbsp;com clientes, fornecedores, revendedores e outros parceiros de neg\u00f3cios, que permanecem vigentes,&nbsp;\u201csendo cumpridas normalmente, nos termos dos respectivos contratos\u201d.&nbsp;<\/strong><\/p>\n\n\n\n<p>Criada em 2011, resultado de uma&nbsp;<em>joint venture<\/em>&nbsp;entre as empresas Cosan e a Shell, a&nbsp;Ra\u00edzen&nbsp;atua em atividades que&nbsp;incluem o cultivo de cana-de-a\u00e7\u00facar, a produ\u00e7\u00e3o de a\u00e7\u00facar e etanol, cogera\u00e7\u00e3o de energia, log\u00edstica, transporte e distribui\u00e7\u00e3o de combust\u00edveis, entre outros neg\u00f3cios.&nbsp;<\/p>\n\n\n\n<p><strong>A empresa tem 45 mil funcion\u00e1rios e&nbsp;controla 35 usinas de produ\u00e7\u00e3o de a\u00e7\u00facar, etanol e bioenergia.&nbsp;<\/strong><\/p>\n\n\n\n<p>O etanol de segunda gera\u00e7\u00e3o, objeto do financiamento do BNDES, \u00e9 um biocombust\u00edvel sustent\u00e1vel, produzido a partir de res\u00edduos vegetais, como o baga\u00e7o e a palha da cana-de-a\u00e7\u00facar, em vez do caldo (a\u00e7\u00facar) usado no etanol comum.&nbsp;<\/p>\n","protected":false},"excerpt":{"rendered":"<p>Em 2025, banco p\u00fablico aprovou R$ 1 bilh\u00e3o para a empresa\u00a0 Bruno de Freitas Moura &#8211; Ag\u00eancia Brasil O Banco Nacional de Desenvolvimento Econ\u00f4mico e Social (BNDES), institui\u00e7\u00e3o de fomento do governo federal,&nbsp;informou na manh\u00e3 desta&nbsp;quinta-feira (12) que n\u00e3o ser\u00e1 afetado diretamente&nbsp;pelo&nbsp;pedido de recupera\u00e7\u00e3o extrajudicial da gigante do agroneg\u00f3cio Ra\u00edzen.&nbsp;&nbsp; Em 2025, o banco p\u00fablico [&hellip;]<\/p>\n","protected":false},"author":2,"featured_media":752,"comment_status":"open","ping_status":"open","sticky":false,"template":"","format":"standard","meta":{"footnotes":""},"categories":[10],"tags":[],"class_list":["post-751","post","type-post","status-publish","format-standard","has-post-thumbnail","hentry","category-economia"],"yoast_head":"<!-- This site is optimized with the Yoast SEO plugin v27.1.1 - https:\/\/yoast.com\/product\/yoast-seo-wordpress\/ -->\n<title>BNDES descarta ser afetado\u00a0por\u00a0recupera\u00e7\u00e3o\u00a0extrajudicial\u00a0da Ra\u00edzen - O PROGRESSO<\/title>\n<meta name=\"robots\" content=\"index, follow, max-snippet:-1, max-image-preview:large, max-video-preview:-1\" \/>\n<link rel=\"canonical\" href=\"https:\/\/progresso.com.br\/index.php\/2026\/03\/12\/bndes-descarta-ser-afetado-por-recuperacao-extrajudicial-da-raizen\/\" \/>\n<meta property=\"og:locale\" content=\"pt_BR\" \/>\n<meta property=\"og:type\" content=\"article\" \/>\n<meta property=\"og:title\" content=\"BNDES descarta ser afetado\u00a0por\u00a0recupera\u00e7\u00e3o\u00a0extrajudicial\u00a0da Ra\u00edzen - O PROGRESSO\" \/>\n<meta property=\"og:description\" content=\"Em 2025, banco p\u00fablico aprovou R$ 1 bilh\u00e3o para a empresa\u00a0 Bruno de Freitas Moura &#8211; Ag\u00eancia Brasil O Banco Nacional de Desenvolvimento Econ\u00f4mico e Social (BNDES), institui\u00e7\u00e3o de fomento do governo federal,&nbsp;informou na manh\u00e3 desta&nbsp;quinta-feira (12) que n\u00e3o ser\u00e1 afetado diretamente&nbsp;pelo&nbsp;pedido de recupera\u00e7\u00e3o extrajudicial da gigante do agroneg\u00f3cio Ra\u00edzen.&nbsp;&nbsp; Em 2025, o banco p\u00fablico [&hellip;]\" \/>\n<meta property=\"og:url\" content=\"https:\/\/progresso.com.br\/index.php\/2026\/03\/12\/bndes-descarta-ser-afetado-por-recuperacao-extrajudicial-da-raizen\/\" \/>\n<meta property=\"og:site_name\" content=\"O PROGRESSO\" \/>\n<meta property=\"article:publisher\" content=\"https:\/\/www.facebook.com\/share\/1CeoksKBj6\/\" \/>\n<meta property=\"article:published_time\" content=\"2026-03-12T15:30:00+00:00\" \/>\n<meta property=\"og:image\" content=\"https:\/\/progresso.com.br\/wp-content\/uploads\/2026\/03\/n6pqlfyqozcfzlrfzru7cb4hqi_copy.webp\" \/>\n\t<meta property=\"og:image:width\" content=\"1170\" \/>\n\t<meta property=\"og:image:height\" content=\"700\" \/>\n\t<meta property=\"og:image:type\" content=\"image\/webp\" \/>\n<meta name=\"author\" content=\"Rose\" \/>\n<meta name=\"twitter:card\" content=\"summary_large_image\" \/>\n<meta name=\"twitter:label1\" content=\"Escrito por\" \/>\n\t<meta name=\"twitter:data1\" content=\"Rose\" \/>\n\t<meta name=\"twitter:label2\" content=\"Est. tempo de leitura\" \/>\n\t<meta name=\"twitter:data2\" content=\"3 minutos\" \/>\n<script type=\"application\/ld+json\" class=\"yoast-schema-graph\">{\"@context\":\"https:\/\/schema.org\",\"@graph\":[{\"@type\":\"Article\",\"@id\":\"https:\/\/progresso.com.br\/index.php\/2026\/03\/12\/bndes-descarta-ser-afetado-por-recuperacao-extrajudicial-da-raizen\/#article\",\"isPartOf\":{\"@id\":\"https:\/\/progresso.com.br\/index.php\/2026\/03\/12\/bndes-descarta-ser-afetado-por-recuperacao-extrajudicial-da-raizen\/\"},\"author\":{\"name\":\"Rose\",\"@id\":\"https:\/\/progresso.com.br\/#\/schema\/person\/5dd27138d4463fbbaace62120bfc002b\"},\"headline\":\"BNDES descarta ser afetado\u00a0por\u00a0recupera\u00e7\u00e3o\u00a0extrajudicial\u00a0da Ra\u00edzen\",\"datePublished\":\"2026-03-12T15:30:00+00:00\",\"mainEntityOfPage\":{\"@id\":\"https:\/\/progresso.com.br\/index.php\/2026\/03\/12\/bndes-descarta-ser-afetado-por-recuperacao-extrajudicial-da-raizen\/\"},\"wordCount\":465,\"commentCount\":0,\"publisher\":{\"@id\":\"https:\/\/progresso.com.br\/#organization\"},\"image\":{\"@id\":\"https:\/\/progresso.com.br\/index.php\/2026\/03\/12\/bndes-descarta-ser-afetado-por-recuperacao-extrajudicial-da-raizen\/#primaryimage\"},\"thumbnailUrl\":\"https:\/\/progresso.com.br\/wp-content\/uploads\/2026\/03\/n6pqlfyqozcfzlrfzru7cb4hqi_copy.webp\",\"articleSection\":[\"Economia\"],\"inLanguage\":\"pt-BR\",\"potentialAction\":[{\"@type\":\"CommentAction\",\"name\":\"Comment\",\"target\":[\"https:\/\/progresso.com.br\/index.php\/2026\/03\/12\/bndes-descarta-ser-afetado-por-recuperacao-extrajudicial-da-raizen\/#respond\"]}]},{\"@type\":\"WebPage\",\"@id\":\"https:\/\/progresso.com.br\/index.php\/2026\/03\/12\/bndes-descarta-ser-afetado-por-recuperacao-extrajudicial-da-raizen\/\",\"url\":\"https:\/\/progresso.com.br\/index.php\/2026\/03\/12\/bndes-descarta-ser-afetado-por-recuperacao-extrajudicial-da-raizen\/\",\"name\":\"BNDES descarta ser afetado\u00a0por\u00a0recupera\u00e7\u00e3o\u00a0extrajudicial\u00a0da Ra\u00edzen - O PROGRESSO\",\"isPartOf\":{\"@id\":\"https:\/\/progresso.com.br\/#website\"},\"primaryImageOfPage\":{\"@id\":\"https:\/\/progresso.com.br\/index.php\/2026\/03\/12\/bndes-descarta-ser-afetado-por-recuperacao-extrajudicial-da-raizen\/#primaryimage\"},\"image\":{\"@id\":\"https:\/\/progresso.com.br\/index.php\/2026\/03\/12\/bndes-descarta-ser-afetado-por-recuperacao-extrajudicial-da-raizen\/#primaryimage\"},\"thumbnailUrl\":\"https:\/\/progresso.com.br\/wp-content\/uploads\/2026\/03\/n6pqlfyqozcfzlrfzru7cb4hqi_copy.webp\",\"datePublished\":\"2026-03-12T15:30:00+00:00\",\"breadcrumb\":{\"@id\":\"https:\/\/progresso.com.br\/index.php\/2026\/03\/12\/bndes-descarta-ser-afetado-por-recuperacao-extrajudicial-da-raizen\/#breadcrumb\"},\"inLanguage\":\"pt-BR\",\"potentialAction\":[{\"@type\":\"ReadAction\",\"target\":[\"https:\/\/progresso.com.br\/index.php\/2026\/03\/12\/bndes-descarta-ser-afetado-por-recuperacao-extrajudicial-da-raizen\/\"]}]},{\"@type\":\"ImageObject\",\"inLanguage\":\"pt-BR\",\"@id\":\"https:\/\/progresso.com.br\/index.php\/2026\/03\/12\/bndes-descarta-ser-afetado-por-recuperacao-extrajudicial-da-raizen\/#primaryimage\",\"url\":\"https:\/\/progresso.com.br\/wp-content\/uploads\/2026\/03\/n6pqlfyqozcfzlrfzru7cb4hqi_copy.webp\",\"contentUrl\":\"https:\/\/progresso.com.br\/wp-content\/uploads\/2026\/03\/n6pqlfyqozcfzlrfzru7cb4hqi_copy.webp\",\"width\":1170,\"height\":700,\"caption\":\"Foto: Photo Art Fotografias\/Ra\u00edzen\"},{\"@type\":\"BreadcrumbList\",\"@id\":\"https:\/\/progresso.com.br\/index.php\/2026\/03\/12\/bndes-descarta-ser-afetado-por-recuperacao-extrajudicial-da-raizen\/#breadcrumb\",\"itemListElement\":[{\"@type\":\"ListItem\",\"position\":1,\"name\":\"In\u00edcio\",\"item\":\"https:\/\/progresso.com.br\/\"},{\"@type\":\"ListItem\",\"position\":2,\"name\":\"BNDES descarta ser afetado\u00a0por\u00a0recupera\u00e7\u00e3o\u00a0extrajudicial\u00a0da Ra\u00edzen\"}]},{\"@type\":\"WebSite\",\"@id\":\"https:\/\/progresso.com.br\/#website\",\"url\":\"https:\/\/progresso.com.br\/\",\"name\":\"O PROGRESSO\",\"description\":\"\",\"publisher\":{\"@id\":\"https:\/\/progresso.com.br\/#organization\"},\"potentialAction\":[{\"@type\":\"SearchAction\",\"target\":{\"@type\":\"EntryPoint\",\"urlTemplate\":\"https:\/\/progresso.com.br\/?s={search_term_string}\"},\"query-input\":{\"@type\":\"PropertyValueSpecification\",\"valueRequired\":true,\"valueName\":\"search_term_string\"}}],\"inLanguage\":\"pt-BR\"},{\"@type\":\"Organization\",\"@id\":\"https:\/\/progresso.com.br\/#organization\",\"name\":\"O PROGRESSO\",\"url\":\"https:\/\/progresso.com.br\/\",\"logo\":{\"@type\":\"ImageObject\",\"inLanguage\":\"pt-BR\",\"@id\":\"https:\/\/progresso.com.br\/#\/schema\/logo\/image\/\",\"url\":\"https:\/\/progresso.com.br\/wp-content\/uploads\/2026\/03\/logo_proog.jpg\",\"contentUrl\":\"https:\/\/progresso.com.br\/wp-content\/uploads\/2026\/03\/logo_proog.jpg\",\"width\":1960,\"height\":1080,\"caption\":\"O PROGRESSO\"},\"image\":{\"@id\":\"https:\/\/progresso.com.br\/#\/schema\/logo\/image\/\"},\"sameAs\":[\"https:\/\/www.facebook.com\/share\/1CeoksKBj6\/\",\"https:\/\/www.instagram.com\/oprogresso_digital\"]},{\"@type\":\"Person\",\"@id\":\"https:\/\/progresso.com.br\/#\/schema\/person\/5dd27138d4463fbbaace62120bfc002b\",\"name\":\"Rose\",\"image\":{\"@type\":\"ImageObject\",\"inLanguage\":\"pt-BR\",\"@id\":\"https:\/\/progresso.com.br\/#\/schema\/person\/image\/\",\"url\":\"https:\/\/secure.gravatar.com\/avatar\/1b6890e759cdd3a88d9f751cb423720b9861c5239167cd3586355638b6556599?s=96&d=mm&r=g\",\"contentUrl\":\"https:\/\/secure.gravatar.com\/avatar\/1b6890e759cdd3a88d9f751cb423720b9861c5239167cd3586355638b6556599?s=96&d=mm&r=g\",\"caption\":\"Rose\"},\"url\":\"https:\/\/progresso.com.br\/index.php\/author\/rose\/\"}]}<\/script>\n<!-- \/ Yoast SEO plugin. -->","yoast_head_json":{"title":"BNDES descarta ser afetado\u00a0por\u00a0recupera\u00e7\u00e3o\u00a0extrajudicial\u00a0da Ra\u00edzen - O PROGRESSO","robots":{"index":"index","follow":"follow","max-snippet":"max-snippet:-1","max-image-preview":"max-image-preview:large","max-video-preview":"max-video-preview:-1"},"canonical":"https:\/\/progresso.com.br\/index.php\/2026\/03\/12\/bndes-descarta-ser-afetado-por-recuperacao-extrajudicial-da-raizen\/","og_locale":"pt_BR","og_type":"article","og_title":"BNDES descarta ser afetado\u00a0por\u00a0recupera\u00e7\u00e3o\u00a0extrajudicial\u00a0da Ra\u00edzen - O PROGRESSO","og_description":"Em 2025, banco p\u00fablico aprovou R$ 1 bilh\u00e3o para a empresa\u00a0 Bruno de Freitas Moura &#8211; Ag\u00eancia Brasil O Banco Nacional de Desenvolvimento Econ\u00f4mico e Social (BNDES), institui\u00e7\u00e3o de fomento do governo federal,&nbsp;informou na manh\u00e3 desta&nbsp;quinta-feira (12) que n\u00e3o ser\u00e1 afetado diretamente&nbsp;pelo&nbsp;pedido de recupera\u00e7\u00e3o extrajudicial da gigante do agroneg\u00f3cio Ra\u00edzen.&nbsp;&nbsp; Em 2025, o banco p\u00fablico [&hellip;]","og_url":"https:\/\/progresso.com.br\/index.php\/2026\/03\/12\/bndes-descarta-ser-afetado-por-recuperacao-extrajudicial-da-raizen\/","og_site_name":"O PROGRESSO","article_publisher":"https:\/\/www.facebook.com\/share\/1CeoksKBj6\/","article_published_time":"2026-03-12T15:30:00+00:00","og_image":[{"width":1170,"height":700,"url":"https:\/\/progresso.com.br\/wp-content\/uploads\/2026\/03\/n6pqlfyqozcfzlrfzru7cb4hqi_copy.webp","type":"image\/webp"}],"author":"Rose","twitter_card":"summary_large_image","twitter_misc":{"Escrito por":"Rose","Est. tempo de leitura":"3 minutos"},"schema":{"@context":"https:\/\/schema.org","@graph":[{"@type":"Article","@id":"https:\/\/progresso.com.br\/index.php\/2026\/03\/12\/bndes-descarta-ser-afetado-por-recuperacao-extrajudicial-da-raizen\/#article","isPartOf":{"@id":"https:\/\/progresso.com.br\/index.php\/2026\/03\/12\/bndes-descarta-ser-afetado-por-recuperacao-extrajudicial-da-raizen\/"},"author":{"name":"Rose","@id":"https:\/\/progresso.com.br\/#\/schema\/person\/5dd27138d4463fbbaace62120bfc002b"},"headline":"BNDES descarta ser afetado\u00a0por\u00a0recupera\u00e7\u00e3o\u00a0extrajudicial\u00a0da Ra\u00edzen","datePublished":"2026-03-12T15:30:00+00:00","mainEntityOfPage":{"@id":"https:\/\/progresso.com.br\/index.php\/2026\/03\/12\/bndes-descarta-ser-afetado-por-recuperacao-extrajudicial-da-raizen\/"},"wordCount":465,"commentCount":0,"publisher":{"@id":"https:\/\/progresso.com.br\/#organization"},"image":{"@id":"https:\/\/progresso.com.br\/index.php\/2026\/03\/12\/bndes-descarta-ser-afetado-por-recuperacao-extrajudicial-da-raizen\/#primaryimage"},"thumbnailUrl":"https:\/\/progresso.com.br\/wp-content\/uploads\/2026\/03\/n6pqlfyqozcfzlrfzru7cb4hqi_copy.webp","articleSection":["Economia"],"inLanguage":"pt-BR","potentialAction":[{"@type":"CommentAction","name":"Comment","target":["https:\/\/progresso.com.br\/index.php\/2026\/03\/12\/bndes-descarta-ser-afetado-por-recuperacao-extrajudicial-da-raizen\/#respond"]}]},{"@type":"WebPage","@id":"https:\/\/progresso.com.br\/index.php\/2026\/03\/12\/bndes-descarta-ser-afetado-por-recuperacao-extrajudicial-da-raizen\/","url":"https:\/\/progresso.com.br\/index.php\/2026\/03\/12\/bndes-descarta-ser-afetado-por-recuperacao-extrajudicial-da-raizen\/","name":"BNDES descarta ser afetado\u00a0por\u00a0recupera\u00e7\u00e3o\u00a0extrajudicial\u00a0da Ra\u00edzen - O PROGRESSO","isPartOf":{"@id":"https:\/\/progresso.com.br\/#website"},"primaryImageOfPage":{"@id":"https:\/\/progresso.com.br\/index.php\/2026\/03\/12\/bndes-descarta-ser-afetado-por-recuperacao-extrajudicial-da-raizen\/#primaryimage"},"image":{"@id":"https:\/\/progresso.com.br\/index.php\/2026\/03\/12\/bndes-descarta-ser-afetado-por-recuperacao-extrajudicial-da-raizen\/#primaryimage"},"thumbnailUrl":"https:\/\/progresso.com.br\/wp-content\/uploads\/2026\/03\/n6pqlfyqozcfzlrfzru7cb4hqi_copy.webp","datePublished":"2026-03-12T15:30:00+00:00","breadcrumb":{"@id":"https:\/\/progresso.com.br\/index.php\/2026\/03\/12\/bndes-descarta-ser-afetado-por-recuperacao-extrajudicial-da-raizen\/#breadcrumb"},"inLanguage":"pt-BR","potentialAction":[{"@type":"ReadAction","target":["https:\/\/progresso.com.br\/index.php\/2026\/03\/12\/bndes-descarta-ser-afetado-por-recuperacao-extrajudicial-da-raizen\/"]}]},{"@type":"ImageObject","inLanguage":"pt-BR","@id":"https:\/\/progresso.com.br\/index.php\/2026\/03\/12\/bndes-descarta-ser-afetado-por-recuperacao-extrajudicial-da-raizen\/#primaryimage","url":"https:\/\/progresso.com.br\/wp-content\/uploads\/2026\/03\/n6pqlfyqozcfzlrfzru7cb4hqi_copy.webp","contentUrl":"https:\/\/progresso.com.br\/wp-content\/uploads\/2026\/03\/n6pqlfyqozcfzlrfzru7cb4hqi_copy.webp","width":1170,"height":700,"caption":"Foto: Photo Art Fotografias\/Ra\u00edzen"},{"@type":"BreadcrumbList","@id":"https:\/\/progresso.com.br\/index.php\/2026\/03\/12\/bndes-descarta-ser-afetado-por-recuperacao-extrajudicial-da-raizen\/#breadcrumb","itemListElement":[{"@type":"ListItem","position":1,"name":"In\u00edcio","item":"https:\/\/progresso.com.br\/"},{"@type":"ListItem","position":2,"name":"BNDES descarta ser afetado\u00a0por\u00a0recupera\u00e7\u00e3o\u00a0extrajudicial\u00a0da Ra\u00edzen"}]},{"@type":"WebSite","@id":"https:\/\/progresso.com.br\/#website","url":"https:\/\/progresso.com.br\/","name":"O PROGRESSO","description":"","publisher":{"@id":"https:\/\/progresso.com.br\/#organization"},"potentialAction":[{"@type":"SearchAction","target":{"@type":"EntryPoint","urlTemplate":"https:\/\/progresso.com.br\/?s={search_term_string}"},"query-input":{"@type":"PropertyValueSpecification","valueRequired":true,"valueName":"search_term_string"}}],"inLanguage":"pt-BR"},{"@type":"Organization","@id":"https:\/\/progresso.com.br\/#organization","name":"O PROGRESSO","url":"https:\/\/progresso.com.br\/","logo":{"@type":"ImageObject","inLanguage":"pt-BR","@id":"https:\/\/progresso.com.br\/#\/schema\/logo\/image\/","url":"https:\/\/progresso.com.br\/wp-content\/uploads\/2026\/03\/logo_proog.jpg","contentUrl":"https:\/\/progresso.com.br\/wp-content\/uploads\/2026\/03\/logo_proog.jpg","width":1960,"height":1080,"caption":"O PROGRESSO"},"image":{"@id":"https:\/\/progresso.com.br\/#\/schema\/logo\/image\/"},"sameAs":["https:\/\/www.facebook.com\/share\/1CeoksKBj6\/","https:\/\/www.instagram.com\/oprogresso_digital"]},{"@type":"Person","@id":"https:\/\/progresso.com.br\/#\/schema\/person\/5dd27138d4463fbbaace62120bfc002b","name":"Rose","image":{"@type":"ImageObject","inLanguage":"pt-BR","@id":"https:\/\/progresso.com.br\/#\/schema\/person\/image\/","url":"https:\/\/secure.gravatar.com\/avatar\/1b6890e759cdd3a88d9f751cb423720b9861c5239167cd3586355638b6556599?s=96&d=mm&r=g","contentUrl":"https:\/\/secure.gravatar.com\/avatar\/1b6890e759cdd3a88d9f751cb423720b9861c5239167cd3586355638b6556599?s=96&d=mm&r=g","caption":"Rose"},"url":"https:\/\/progresso.com.br\/index.php\/author\/rose\/"}]}},"_links":{"self":[{"href":"https:\/\/progresso.com.br\/index.php\/wp-json\/wp\/v2\/posts\/751","targetHints":{"allow":["GET"]}}],"collection":[{"href":"https:\/\/progresso.com.br\/index.php\/wp-json\/wp\/v2\/posts"}],"about":[{"href":"https:\/\/progresso.com.br\/index.php\/wp-json\/wp\/v2\/types\/post"}],"author":[{"embeddable":true,"href":"https:\/\/progresso.com.br\/index.php\/wp-json\/wp\/v2\/users\/2"}],"replies":[{"embeddable":true,"href":"https:\/\/progresso.com.br\/index.php\/wp-json\/wp\/v2\/comments?post=751"}],"version-history":[{"count":1,"href":"https:\/\/progresso.com.br\/index.php\/wp-json\/wp\/v2\/posts\/751\/revisions"}],"predecessor-version":[{"id":753,"href":"https:\/\/progresso.com.br\/index.php\/wp-json\/wp\/v2\/posts\/751\/revisions\/753"}],"wp:featuredmedia":[{"embeddable":true,"href":"https:\/\/progresso.com.br\/index.php\/wp-json\/wp\/v2\/media\/752"}],"wp:attachment":[{"href":"https:\/\/progresso.com.br\/index.php\/wp-json\/wp\/v2\/media?parent=751"}],"wp:term":[{"taxonomy":"category","embeddable":true,"href":"https:\/\/progresso.com.br\/index.php\/wp-json\/wp\/v2\/categories?post=751"},{"taxonomy":"post_tag","embeddable":true,"href":"https:\/\/progresso.com.br\/index.php\/wp-json\/wp\/v2\/tags?post=751"}],"curies":[{"name":"wp","href":"https:\/\/api.w.org\/{rel}","templated":true}]}}