{"id":757,"date":"2026-03-12T11:45:00","date_gmt":"2026-03-12T15:45:00","guid":{"rendered":"https:\/\/progresso.com.br\/?p=757"},"modified":"2026-03-12T10:54:46","modified_gmt":"2026-03-12T14:54:46","slug":"whatsapp-anuncia-controle-parental-para-contas-de-menores-de-13-anos","status":"publish","type":"post","link":"https:\/\/progresso.com.br\/index.php\/2026\/03\/12\/whatsapp-anuncia-controle-parental-para-contas-de-menores-de-13-anos\/","title":{"rendered":"Whatsapp anuncia controle parental para contas de menores de 13 anos"},"content":{"rendered":"\n<p><strong><em>Pais e respons\u00e1veis poder\u00e3o supervisionar lista de contatos e grupos<\/em><\/strong><\/p>\n\n\n\n<p><em>Bruno Bocchini &#8211;  Ag\u00eancia Brasil<\/em><\/p>\n\n\n\n<p>O aplicativo de troca de mensagens WhatsApp anunciou nesta quarta-feira (11) que ir\u00e1 disponibilizar, nos pr\u00f3ximos meses, uma nova funcionalidade que permitir\u00e1 que pais e respons\u00e1veis gerenciem a conta dos filhos menores de 13 anos.&nbsp;<img decoding=\"async\" src=\"https:\/\/agenciabrasil.ebc.com.br\/ebc.png?id=1681577&amp;o=node\"><img decoding=\"async\" src=\"https:\/\/agenciabrasil.ebc.com.br\/ebc.gif?id=1681577&amp;o=node\"><\/p>\n\n\n\n<p>Segundo a Meta, empresa que controla o aplicativo,&nbsp;<strong>pais, m\u00e3es ou respons\u00e1veis poder\u00e3o usar a nova funcionalidade para decidir quais contatos conseguir\u00e3o mandar mensagens para a conta e de quais grupos a crian\u00e7a ou o adolescente poder\u00e1 participar<\/strong>.<\/p>\n\n\n\n<p>Al\u00e9m disso, os pais poder\u00e3o analisar pedidos de contato de n\u00fameros desconhecidos e gerenciar as configura\u00e7\u00f5es de privacidade da conta.<\/p>\n\n\n\n<p>\u201cO controle parental e as configura\u00e7\u00f5es s\u00e3o controlados por um PIN dos pais no dispositivo gerenciado. Apenas pais, m\u00e3es ou respons\u00e1veis podem acessar e modificar as configura\u00e7\u00f5es de privacidade, o que permite personalizar a experi\u00eancia de acordo com as prefer\u00eancias da fam\u00edlia\u201d, disse a Meta, em comunicado.<\/p>\n\n\n\n<p><strong>Segundo a empresa, o conte\u00fado das conversas continuar\u00e1 privado e protegido com criptografia de ponta a ponta, de modo que nem os pais&nbsp;nem a pr\u00f3pria plataforma&nbsp;conseguir\u00e3o ter acesso.<\/strong><\/p>\n\n\n\n<p>De acordo com o WhatsApp, as contas gerenciadas por pais, m\u00e3es ou respons\u00e1veis ser\u00e3o lan\u00e7adas aos poucos e poder\u00e3o n\u00e3o estar dispon\u00edveis em todas as regi\u00f5es. As novas contas para menores dever\u00e3o ser configuradas pelos pais ou respons\u00e1veis com 18 anos ou mais.&nbsp;<\/p>\n\n\n\n<p>Ser\u00e1 necess\u00e1rio ter a vers\u00e3o mais recente do WhatsApp para iPhone ou Android para usar a nova funcionalidade. Para configurar a nova conta, o celular do respons\u00e1vel e o celular do menor dever\u00e3o estar lado a lado.&nbsp;<a href=\"https:\/\/faq.whatsapp.com\/875902238256170\/?helpref=uf_share&amp;cms_platform=android\" target=\"_blank\" rel=\"noreferrer noopener\">O passo a passo da configura\u00e7\u00e3o pode ser visto neste link<\/a>.<\/p>\n\n\n\n<h2 class=\"wp-block-heading\">Seguran\u00e7a de crian\u00e7as e adolescentes<\/h2>\n\n\n\n<p>As amea\u00e7as que acompanham o&nbsp;acesso de crian\u00e7as e adolescentes a redes sociais, plataformas para a troca de mensagens e jogos online&nbsp;t\u00eam sido objeto de preocupa\u00e7\u00e3o ao redor do mundo.<\/p>\n\n\n\n<p><a href=\"https:\/\/agenciabrasil.ebc.com.br\/internacional\/noticia\/2025-12\/proibicao-de-rede-social-para-criancas-entra-em-vigor-na-australia\" target=\"_blank\" rel=\"noreferrer noopener\">Na Austr\u00e1lia, uma lei proibiu o uso de redes sociais por menores de 16 anos<\/a>. Medidas similares j\u00e1 avan\u00e7aram na Fran\u00e7a e em Portugal&nbsp;e s\u00e3o discutidas em outros pa\u00edses europeus.<\/p>\n\n\n\n<p><a href=\"https:\/\/agenciabrasil.ebc.com.br\/direitos-humanos\/noticia\/2026-02\/consulta-publica-sugere-mais-rigidez-na-afericao-de-idade-na-internet\" target=\"_blank\" rel=\"noreferrer noopener\">No Brasil, uma consulta p\u00fablica realizada pelo governo federal recomendou m\u00e9todos mais r\u00edgidos na&nbsp;aferi\u00e7\u00e3o de idade de usu\u00e1rios em sites e aplicativos na internet<\/a>.<\/p>\n\n\n\n<h2 class=\"wp-block-heading\">ECA Digital<\/h2>\n\n\n\n<p><a href=\"https:\/\/agenciabrasil.ebc.com.br\/educacao\/noticia\/2025-02\/proibicao-de-celular-na-escola-e-bem-vinda-mas-nao-e-suficiente\" target=\"_blank\" rel=\"noreferrer noopener\">O pa\u00eds proibiu o uso de celulares nas escolas p\u00fablicas e privadas, nos ensinos fundamental e m\u00e9dio<\/a>. Tamb\u00e9m est\u00e1 em processo de implementa\u00e7\u00e3o a&nbsp;<a href=\"https:\/\/www.planalto.gov.br\/ccivil_03\/_ato2023-2026\/2025\/lei\/L15211.htm\" target=\"_blank\" rel=\"noreferrer noopener\">Lei do Estatuto Digital da Crian\u00e7a e do Adolescente (15.211\/2025)<\/a>.<\/p>\n\n\n\n<p><a href=\"https:\/\/agenciabrasil.ebc.com.br\/geral\/noticia\/2026-02\/hoje-e-o-ultimo-dia-para-empresas-se-adequarem-ao-eca-digital\">A nova lei entra em vigor em 18 de mar\u00e7o<\/a>&nbsp;e&nbsp;obriga as plataformas digitais a tomarem medidas razo\u00e1veis para prevenir riscos de crian\u00e7as e adolescentes acessarem conte\u00fados ilegais ou considerados impr\u00f3prios para essas faixas et\u00e1rias, como explora\u00e7\u00e3o e abuso sexual, viol\u00eancia f\u00edsica, intimida\u00e7\u00e3o, ass\u00e9dio, promo\u00e7\u00e3o e comercializa\u00e7\u00e3o de jogos de azar, pr\u00e1ticas publicit\u00e1rias predat\u00f3rias e enganosas, entre outros crimes.<\/p>\n\n\n\n<p>A lei ainda prev\u00ea regras para supervis\u00e3o dos pais e respons\u00e1veis e exige mecanismos mais confi\u00e1veis para a verifica\u00e7\u00e3o da idade dos usu\u00e1rios de redes sociais, o que atualmente \u00e9 feito basicamente por autodeclara\u00e7\u00e3o.<\/p>\n","protected":false},"excerpt":{"rendered":"<p>Pais e respons\u00e1veis poder\u00e3o supervisionar lista de contatos e grupos Bruno Bocchini &#8211; Ag\u00eancia Brasil O aplicativo de troca de mensagens WhatsApp anunciou nesta quarta-feira (11) que ir\u00e1 disponibilizar, nos pr\u00f3ximos meses, uma nova funcionalidade que permitir\u00e1 que pais e respons\u00e1veis gerenciem a conta dos filhos menores de 13 anos.&nbsp; Segundo a Meta, empresa que [&hellip;]<\/p>\n","protected":false},"author":2,"featured_media":758,"comment_status":"open","ping_status":"open","sticky":false,"template":"","format":"standard","meta":{"footnotes":""},"categories":[2,11],"tags":[],"class_list":["post-757","post","type-post","status-publish","format-standard","has-post-thumbnail","hentry","category-destaque","category-tecnologia"],"yoast_head":"<!-- This site is optimized with the Yoast SEO plugin v27.1.1 - https:\/\/yoast.com\/product\/yoast-seo-wordpress\/ -->\n<title>Whatsapp anuncia controle parental para contas de menores de 13 anos - O PROGRESSO<\/title>\n<meta name=\"robots\" content=\"index, follow, max-snippet:-1, max-image-preview:large, max-video-preview:-1\" \/>\n<link rel=\"canonical\" href=\"https:\/\/progresso.com.br\/index.php\/2026\/03\/12\/whatsapp-anuncia-controle-parental-para-contas-de-menores-de-13-anos\/\" \/>\n<meta property=\"og:locale\" content=\"pt_BR\" \/>\n<meta property=\"og:type\" content=\"article\" \/>\n<meta property=\"og:title\" content=\"Whatsapp anuncia controle parental para contas de menores de 13 anos - O PROGRESSO\" \/>\n<meta property=\"og:description\" content=\"Pais e respons\u00e1veis poder\u00e3o supervisionar lista de contatos e grupos Bruno Bocchini &#8211; Ag\u00eancia Brasil O aplicativo de troca de mensagens WhatsApp anunciou nesta quarta-feira (11) que ir\u00e1 disponibilizar, nos pr\u00f3ximos meses, uma nova funcionalidade que permitir\u00e1 que pais e respons\u00e1veis gerenciem a conta dos filhos menores de 13 anos.&nbsp; Segundo a Meta, empresa que [&hellip;]\" \/>\n<meta property=\"og:url\" content=\"https:\/\/progresso.com.br\/index.php\/2026\/03\/12\/whatsapp-anuncia-controle-parental-para-contas-de-menores-de-13-anos\/\" \/>\n<meta property=\"og:site_name\" content=\"O PROGRESSO\" \/>\n<meta property=\"article:publisher\" content=\"https:\/\/www.facebook.com\/share\/1CeoksKBj6\/\" \/>\n<meta property=\"article:published_time\" content=\"2026-03-12T15:45:00+00:00\" \/>\n<meta property=\"og:image\" content=\"https:\/\/progresso.com.br\/wp-content\/uploads\/2026\/03\/meta_metaverse_logo2.webp\" \/>\n\t<meta property=\"og:image:width\" content=\"1170\" \/>\n\t<meta property=\"og:image:height\" content=\"700\" \/>\n\t<meta property=\"og:image:type\" content=\"image\/webp\" \/>\n<meta name=\"author\" content=\"Rose\" \/>\n<meta name=\"twitter:card\" content=\"summary_large_image\" \/>\n<meta name=\"twitter:label1\" content=\"Escrito por\" \/>\n\t<meta name=\"twitter:data1\" content=\"Rose\" \/>\n\t<meta name=\"twitter:label2\" content=\"Est. tempo de leitura\" \/>\n\t<meta name=\"twitter:data2\" content=\"4 minutos\" \/>\n<script type=\"application\/ld+json\" class=\"yoast-schema-graph\">{\"@context\":\"https:\/\/schema.org\",\"@graph\":[{\"@type\":\"Article\",\"@id\":\"https:\/\/progresso.com.br\/index.php\/2026\/03\/12\/whatsapp-anuncia-controle-parental-para-contas-de-menores-de-13-anos\/#article\",\"isPartOf\":{\"@id\":\"https:\/\/progresso.com.br\/index.php\/2026\/03\/12\/whatsapp-anuncia-controle-parental-para-contas-de-menores-de-13-anos\/\"},\"author\":{\"name\":\"Rose\",\"@id\":\"https:\/\/progresso.com.br\/#\/schema\/person\/5dd27138d4463fbbaace62120bfc002b\"},\"headline\":\"Whatsapp anuncia controle parental para contas de menores de 13 anos\",\"datePublished\":\"2026-03-12T15:45:00+00:00\",\"mainEntityOfPage\":{\"@id\":\"https:\/\/progresso.com.br\/index.php\/2026\/03\/12\/whatsapp-anuncia-controle-parental-para-contas-de-menores-de-13-anos\/\"},\"wordCount\":598,\"commentCount\":0,\"publisher\":{\"@id\":\"https:\/\/progresso.com.br\/#organization\"},\"image\":{\"@id\":\"https:\/\/progresso.com.br\/index.php\/2026\/03\/12\/whatsapp-anuncia-controle-parental-para-contas-de-menores-de-13-anos\/#primaryimage\"},\"thumbnailUrl\":\"https:\/\/progresso.com.br\/wp-content\/uploads\/2026\/03\/meta_metaverse_logo2.webp\",\"articleSection\":[\"Em destaque\",\"Tecnologia\"],\"inLanguage\":\"pt-BR\",\"potentialAction\":[{\"@type\":\"CommentAction\",\"name\":\"Comment\",\"target\":[\"https:\/\/progresso.com.br\/index.php\/2026\/03\/12\/whatsapp-anuncia-controle-parental-para-contas-de-menores-de-13-anos\/#respond\"]}]},{\"@type\":\"WebPage\",\"@id\":\"https:\/\/progresso.com.br\/index.php\/2026\/03\/12\/whatsapp-anuncia-controle-parental-para-contas-de-menores-de-13-anos\/\",\"url\":\"https:\/\/progresso.com.br\/index.php\/2026\/03\/12\/whatsapp-anuncia-controle-parental-para-contas-de-menores-de-13-anos\/\",\"name\":\"Whatsapp anuncia controle parental para contas de menores de 13 anos - O PROGRESSO\",\"isPartOf\":{\"@id\":\"https:\/\/progresso.com.br\/#website\"},\"primaryImageOfPage\":{\"@id\":\"https:\/\/progresso.com.br\/index.php\/2026\/03\/12\/whatsapp-anuncia-controle-parental-para-contas-de-menores-de-13-anos\/#primaryimage\"},\"image\":{\"@id\":\"https:\/\/progresso.com.br\/index.php\/2026\/03\/12\/whatsapp-anuncia-controle-parental-para-contas-de-menores-de-13-anos\/#primaryimage\"},\"thumbnailUrl\":\"https:\/\/progresso.com.br\/wp-content\/uploads\/2026\/03\/meta_metaverse_logo2.webp\",\"datePublished\":\"2026-03-12T15:45:00+00:00\",\"breadcrumb\":{\"@id\":\"https:\/\/progresso.com.br\/index.php\/2026\/03\/12\/whatsapp-anuncia-controle-parental-para-contas-de-menores-de-13-anos\/#breadcrumb\"},\"inLanguage\":\"pt-BR\",\"potentialAction\":[{\"@type\":\"ReadAction\",\"target\":[\"https:\/\/progresso.com.br\/index.php\/2026\/03\/12\/whatsapp-anuncia-controle-parental-para-contas-de-menores-de-13-anos\/\"]}]},{\"@type\":\"ImageObject\",\"inLanguage\":\"pt-BR\",\"@id\":\"https:\/\/progresso.com.br\/index.php\/2026\/03\/12\/whatsapp-anuncia-controle-parental-para-contas-de-menores-de-13-anos\/#primaryimage\",\"url\":\"https:\/\/progresso.com.br\/wp-content\/uploads\/2026\/03\/meta_metaverse_logo2.webp\",\"contentUrl\":\"https:\/\/progresso.com.br\/wp-content\/uploads\/2026\/03\/meta_metaverse_logo2.webp\",\"width\":1170,\"height\":700,\"caption\":\"Foto: Meta\/Divulga\u00e7\u00e3o\"},{\"@type\":\"BreadcrumbList\",\"@id\":\"https:\/\/progresso.com.br\/index.php\/2026\/03\/12\/whatsapp-anuncia-controle-parental-para-contas-de-menores-de-13-anos\/#breadcrumb\",\"itemListElement\":[{\"@type\":\"ListItem\",\"position\":1,\"name\":\"In\u00edcio\",\"item\":\"https:\/\/progresso.com.br\/\"},{\"@type\":\"ListItem\",\"position\":2,\"name\":\"Whatsapp anuncia controle parental para contas de menores de 13 anos\"}]},{\"@type\":\"WebSite\",\"@id\":\"https:\/\/progresso.com.br\/#website\",\"url\":\"https:\/\/progresso.com.br\/\",\"name\":\"O PROGRESSO\",\"description\":\"\",\"publisher\":{\"@id\":\"https:\/\/progresso.com.br\/#organization\"},\"potentialAction\":[{\"@type\":\"SearchAction\",\"target\":{\"@type\":\"EntryPoint\",\"urlTemplate\":\"https:\/\/progresso.com.br\/?s={search_term_string}\"},\"query-input\":{\"@type\":\"PropertyValueSpecification\",\"valueRequired\":true,\"valueName\":\"search_term_string\"}}],\"inLanguage\":\"pt-BR\"},{\"@type\":\"Organization\",\"@id\":\"https:\/\/progresso.com.br\/#organization\",\"name\":\"O PROGRESSO\",\"url\":\"https:\/\/progresso.com.br\/\",\"logo\":{\"@type\":\"ImageObject\",\"inLanguage\":\"pt-BR\",\"@id\":\"https:\/\/progresso.com.br\/#\/schema\/logo\/image\/\",\"url\":\"https:\/\/progresso.com.br\/wp-content\/uploads\/2026\/03\/logo_proog.jpg\",\"contentUrl\":\"https:\/\/progresso.com.br\/wp-content\/uploads\/2026\/03\/logo_proog.jpg\",\"width\":1960,\"height\":1080,\"caption\":\"O PROGRESSO\"},\"image\":{\"@id\":\"https:\/\/progresso.com.br\/#\/schema\/logo\/image\/\"},\"sameAs\":[\"https:\/\/www.facebook.com\/share\/1CeoksKBj6\/\",\"https:\/\/www.instagram.com\/oprogresso_digital\"]},{\"@type\":\"Person\",\"@id\":\"https:\/\/progresso.com.br\/#\/schema\/person\/5dd27138d4463fbbaace62120bfc002b\",\"name\":\"Rose\",\"image\":{\"@type\":\"ImageObject\",\"inLanguage\":\"pt-BR\",\"@id\":\"https:\/\/progresso.com.br\/#\/schema\/person\/image\/\",\"url\":\"https:\/\/secure.gravatar.com\/avatar\/1b6890e759cdd3a88d9f751cb423720b9861c5239167cd3586355638b6556599?s=96&d=mm&r=g\",\"contentUrl\":\"https:\/\/secure.gravatar.com\/avatar\/1b6890e759cdd3a88d9f751cb423720b9861c5239167cd3586355638b6556599?s=96&d=mm&r=g\",\"caption\":\"Rose\"},\"url\":\"https:\/\/progresso.com.br\/index.php\/author\/rose\/\"}]}<\/script>\n<!-- \/ Yoast SEO plugin. -->","yoast_head_json":{"title":"Whatsapp anuncia controle parental para contas de menores de 13 anos - O PROGRESSO","robots":{"index":"index","follow":"follow","max-snippet":"max-snippet:-1","max-image-preview":"max-image-preview:large","max-video-preview":"max-video-preview:-1"},"canonical":"https:\/\/progresso.com.br\/index.php\/2026\/03\/12\/whatsapp-anuncia-controle-parental-para-contas-de-menores-de-13-anos\/","og_locale":"pt_BR","og_type":"article","og_title":"Whatsapp anuncia controle parental para contas de menores de 13 anos - O PROGRESSO","og_description":"Pais e respons\u00e1veis poder\u00e3o supervisionar lista de contatos e grupos Bruno Bocchini &#8211; Ag\u00eancia Brasil O aplicativo de troca de mensagens WhatsApp anunciou nesta quarta-feira (11) que ir\u00e1 disponibilizar, nos pr\u00f3ximos meses, uma nova funcionalidade que permitir\u00e1 que pais e respons\u00e1veis gerenciem a conta dos filhos menores de 13 anos.&nbsp; Segundo a Meta, empresa que [&hellip;]","og_url":"https:\/\/progresso.com.br\/index.php\/2026\/03\/12\/whatsapp-anuncia-controle-parental-para-contas-de-menores-de-13-anos\/","og_site_name":"O PROGRESSO","article_publisher":"https:\/\/www.facebook.com\/share\/1CeoksKBj6\/","article_published_time":"2026-03-12T15:45:00+00:00","og_image":[{"width":1170,"height":700,"url":"https:\/\/progresso.com.br\/wp-content\/uploads\/2026\/03\/meta_metaverse_logo2.webp","type":"image\/webp"}],"author":"Rose","twitter_card":"summary_large_image","twitter_misc":{"Escrito por":"Rose","Est. tempo de leitura":"4 minutos"},"schema":{"@context":"https:\/\/schema.org","@graph":[{"@type":"Article","@id":"https:\/\/progresso.com.br\/index.php\/2026\/03\/12\/whatsapp-anuncia-controle-parental-para-contas-de-menores-de-13-anos\/#article","isPartOf":{"@id":"https:\/\/progresso.com.br\/index.php\/2026\/03\/12\/whatsapp-anuncia-controle-parental-para-contas-de-menores-de-13-anos\/"},"author":{"name":"Rose","@id":"https:\/\/progresso.com.br\/#\/schema\/person\/5dd27138d4463fbbaace62120bfc002b"},"headline":"Whatsapp anuncia controle parental para contas de menores de 13 anos","datePublished":"2026-03-12T15:45:00+00:00","mainEntityOfPage":{"@id":"https:\/\/progresso.com.br\/index.php\/2026\/03\/12\/whatsapp-anuncia-controle-parental-para-contas-de-menores-de-13-anos\/"},"wordCount":598,"commentCount":0,"publisher":{"@id":"https:\/\/progresso.com.br\/#organization"},"image":{"@id":"https:\/\/progresso.com.br\/index.php\/2026\/03\/12\/whatsapp-anuncia-controle-parental-para-contas-de-menores-de-13-anos\/#primaryimage"},"thumbnailUrl":"https:\/\/progresso.com.br\/wp-content\/uploads\/2026\/03\/meta_metaverse_logo2.webp","articleSection":["Em destaque","Tecnologia"],"inLanguage":"pt-BR","potentialAction":[{"@type":"CommentAction","name":"Comment","target":["https:\/\/progresso.com.br\/index.php\/2026\/03\/12\/whatsapp-anuncia-controle-parental-para-contas-de-menores-de-13-anos\/#respond"]}]},{"@type":"WebPage","@id":"https:\/\/progresso.com.br\/index.php\/2026\/03\/12\/whatsapp-anuncia-controle-parental-para-contas-de-menores-de-13-anos\/","url":"https:\/\/progresso.com.br\/index.php\/2026\/03\/12\/whatsapp-anuncia-controle-parental-para-contas-de-menores-de-13-anos\/","name":"Whatsapp anuncia controle parental para contas de menores de 13 anos - O PROGRESSO","isPartOf":{"@id":"https:\/\/progresso.com.br\/#website"},"primaryImageOfPage":{"@id":"https:\/\/progresso.com.br\/index.php\/2026\/03\/12\/whatsapp-anuncia-controle-parental-para-contas-de-menores-de-13-anos\/#primaryimage"},"image":{"@id":"https:\/\/progresso.com.br\/index.php\/2026\/03\/12\/whatsapp-anuncia-controle-parental-para-contas-de-menores-de-13-anos\/#primaryimage"},"thumbnailUrl":"https:\/\/progresso.com.br\/wp-content\/uploads\/2026\/03\/meta_metaverse_logo2.webp","datePublished":"2026-03-12T15:45:00+00:00","breadcrumb":{"@id":"https:\/\/progresso.com.br\/index.php\/2026\/03\/12\/whatsapp-anuncia-controle-parental-para-contas-de-menores-de-13-anos\/#breadcrumb"},"inLanguage":"pt-BR","potentialAction":[{"@type":"ReadAction","target":["https:\/\/progresso.com.br\/index.php\/2026\/03\/12\/whatsapp-anuncia-controle-parental-para-contas-de-menores-de-13-anos\/"]}]},{"@type":"ImageObject","inLanguage":"pt-BR","@id":"https:\/\/progresso.com.br\/index.php\/2026\/03\/12\/whatsapp-anuncia-controle-parental-para-contas-de-menores-de-13-anos\/#primaryimage","url":"https:\/\/progresso.com.br\/wp-content\/uploads\/2026\/03\/meta_metaverse_logo2.webp","contentUrl":"https:\/\/progresso.com.br\/wp-content\/uploads\/2026\/03\/meta_metaverse_logo2.webp","width":1170,"height":700,"caption":"Foto: Meta\/Divulga\u00e7\u00e3o"},{"@type":"BreadcrumbList","@id":"https:\/\/progresso.com.br\/index.php\/2026\/03\/12\/whatsapp-anuncia-controle-parental-para-contas-de-menores-de-13-anos\/#breadcrumb","itemListElement":[{"@type":"ListItem","position":1,"name":"In\u00edcio","item":"https:\/\/progresso.com.br\/"},{"@type":"ListItem","position":2,"name":"Whatsapp anuncia controle parental para contas de menores de 13 anos"}]},{"@type":"WebSite","@id":"https:\/\/progresso.com.br\/#website","url":"https:\/\/progresso.com.br\/","name":"O PROGRESSO","description":"","publisher":{"@id":"https:\/\/progresso.com.br\/#organization"},"potentialAction":[{"@type":"SearchAction","target":{"@type":"EntryPoint","urlTemplate":"https:\/\/progresso.com.br\/?s={search_term_string}"},"query-input":{"@type":"PropertyValueSpecification","valueRequired":true,"valueName":"search_term_string"}}],"inLanguage":"pt-BR"},{"@type":"Organization","@id":"https:\/\/progresso.com.br\/#organization","name":"O PROGRESSO","url":"https:\/\/progresso.com.br\/","logo":{"@type":"ImageObject","inLanguage":"pt-BR","@id":"https:\/\/progresso.com.br\/#\/schema\/logo\/image\/","url":"https:\/\/progresso.com.br\/wp-content\/uploads\/2026\/03\/logo_proog.jpg","contentUrl":"https:\/\/progresso.com.br\/wp-content\/uploads\/2026\/03\/logo_proog.jpg","width":1960,"height":1080,"caption":"O PROGRESSO"},"image":{"@id":"https:\/\/progresso.com.br\/#\/schema\/logo\/image\/"},"sameAs":["https:\/\/www.facebook.com\/share\/1CeoksKBj6\/","https:\/\/www.instagram.com\/oprogresso_digital"]},{"@type":"Person","@id":"https:\/\/progresso.com.br\/#\/schema\/person\/5dd27138d4463fbbaace62120bfc002b","name":"Rose","image":{"@type":"ImageObject","inLanguage":"pt-BR","@id":"https:\/\/progresso.com.br\/#\/schema\/person\/image\/","url":"https:\/\/secure.gravatar.com\/avatar\/1b6890e759cdd3a88d9f751cb423720b9861c5239167cd3586355638b6556599?s=96&d=mm&r=g","contentUrl":"https:\/\/secure.gravatar.com\/avatar\/1b6890e759cdd3a88d9f751cb423720b9861c5239167cd3586355638b6556599?s=96&d=mm&r=g","caption":"Rose"},"url":"https:\/\/progresso.com.br\/index.php\/author\/rose\/"}]}},"_links":{"self":[{"href":"https:\/\/progresso.com.br\/index.php\/wp-json\/wp\/v2\/posts\/757","targetHints":{"allow":["GET"]}}],"collection":[{"href":"https:\/\/progresso.com.br\/index.php\/wp-json\/wp\/v2\/posts"}],"about":[{"href":"https:\/\/progresso.com.br\/index.php\/wp-json\/wp\/v2\/types\/post"}],"author":[{"embeddable":true,"href":"https:\/\/progresso.com.br\/index.php\/wp-json\/wp\/v2\/users\/2"}],"replies":[{"embeddable":true,"href":"https:\/\/progresso.com.br\/index.php\/wp-json\/wp\/v2\/comments?post=757"}],"version-history":[{"count":1,"href":"https:\/\/progresso.com.br\/index.php\/wp-json\/wp\/v2\/posts\/757\/revisions"}],"predecessor-version":[{"id":759,"href":"https:\/\/progresso.com.br\/index.php\/wp-json\/wp\/v2\/posts\/757\/revisions\/759"}],"wp:featuredmedia":[{"embeddable":true,"href":"https:\/\/progresso.com.br\/index.php\/wp-json\/wp\/v2\/media\/758"}],"wp:attachment":[{"href":"https:\/\/progresso.com.br\/index.php\/wp-json\/wp\/v2\/media?parent=757"}],"wp:term":[{"taxonomy":"category","embeddable":true,"href":"https:\/\/progresso.com.br\/index.php\/wp-json\/wp\/v2\/categories?post=757"},{"taxonomy":"post_tag","embeddable":true,"href":"https:\/\/progresso.com.br\/index.php\/wp-json\/wp\/v2\/tags?post=757"}],"curies":[{"name":"wp","href":"https:\/\/api.w.org\/{rel}","templated":true}]}}