{"id":784,"date":"2026-03-12T15:08:55","date_gmt":"2026-03-12T19:08:55","guid":{"rendered":"https:\/\/progresso.com.br\/?p=784"},"modified":"2026-03-12T15:08:55","modified_gmt":"2026-03-12T19:08:55","slug":"apos-mobilizacao-do-agro-governo-reduz-impostos-sobre-o-diesel","status":"publish","type":"post","link":"https:\/\/progresso.com.br\/index.php\/2026\/03\/12\/apos-mobilizacao-do-agro-governo-reduz-impostos-sobre-o-diesel\/","title":{"rendered":"Ap\u00f3s mobiliza\u00e7\u00e3o do agro, governo reduz impostos sobre o diesel"},"content":{"rendered":"\n<p><em><strong>Atua\u00e7\u00e3o do setor produtivo garante redu\u00e7\u00e3o tempor\u00e1ria de tributos e alivia custos para produtores rurais<\/strong><\/em><\/p>\n\n\n\n<p><em>Comunica\u00e7\u00e3o do Sistema Famasul\u00a0<\/em><\/p>\n\n\n\n<p>A atua\u00e7\u00e3o das lideran\u00e7as do setor agropecu\u00e1rio resultou em uma importante medida para reduzir os custos de produ\u00e7\u00e3o no campo. O governo federal anunciou a redu\u00e7\u00e3o tempor\u00e1ria de tributos federais que incidem sobre o \u00f3leo diesel, atendendo a um pedido feito pela Confedera\u00e7\u00e3o da Agricultura e Pecu\u00e1ria do Brasil (CNA) diante da alta nos pre\u00e7os internacionais do petr\u00f3leo provocada pelas tens\u00f5es no Oriente M\u00e9dio.<\/p>\n\n\n\n<p>A mobiliza\u00e7\u00e3o da CNA contou com a participa\u00e7\u00e3o ativa do presidente do Sistema Famasul, Marcelo Bertoni, que tamb\u00e9m exerce o cargo de diretor-secret\u00e1rio da entidade nacional. Ele participou diretamente das discuss\u00f5es e articula\u00e7\u00f5es que levaram \u00e0 solicita\u00e7\u00e3o apresentada ao governo federal.<\/p>\n\n\n\n<p><img loading=\"lazy\" decoding=\"async\" alt=\"\" height=\"600\" width=\"900\" src=\"https:\/\/portal.sistemafamasul.com.br\/sites\/default\/files\/BERTONI%20REUNI%C3%83O.jpg\"><br>Bertoni tamb\u00e9m participou da primeira reuni\u00e3o de 2026 do N\u00facleo de Rela\u00e7\u00f5es Institucionais da CNA (Foto: CNA)<\/p>\n\n\n\n<p>Nos \u00faltimos dias, o presidente vinha alertando para os impactos que o cen\u00e1rio internacional poderia provocar sobre o agro brasileiro, especialmente em Mato Grosso do Sul, onde o setor vive um per\u00edodo intenso de colheita e plantio da segunda safra. Segundo Bertoni, o aumento do pre\u00e7o do diesel gera um efeito em cadeia na atividade agropecu\u00e1ria, pressionando custos log\u00edsticos, fretes e insumos.<\/p>\n\n\n\n<p>Ele tamb\u00e9m destacou que a eleva\u00e7\u00e3o do custo do combust\u00edvel pode impactar diretamente a renda do produtor rural, que j\u00e1 enfrenta margens apertadas devido \u00e0 queda no pre\u00e7o de algumas commodities, como a soja. \u201cEsse aumento nos custos de produ\u00e7\u00e3o traz instabilidade para o setor em um momento em que a soja teve uma queda significativa de pre\u00e7o, reduzindo muito a margem de lucro ou at\u00e9 eliminando essa margem\u201d, explicou.<\/p>\n\n\n\n<p><strong>Reflexo no pre\u00e7o dos alimentos<\/strong><\/p>\n\n\n\n<p>Para Bertoni, os efeitos da alta do diesel n\u00e3o ficam restritos ao campo e podem chegar at\u00e9 o consumidor final. \u201cEssa \u00e9 uma preocupa\u00e7\u00e3o. Que isso n\u00e3o reflita apenas para o produtor rural, mas que tamb\u00e9m possa chegar \u00e0 g\u00f4ndola do supermercado, onde a popula\u00e7\u00e3o acaba pagando o pre\u00e7o junto com todos n\u00f3s\u201d, alertou.<\/p>\n\n\n\n<p>A redu\u00e7\u00e3o tempor\u00e1ria dos tributos sobre o diesel busca justamente reduzir essa press\u00e3o sobre os custos log\u00edsticos e de produ\u00e7\u00e3o, ajudando a preservar a competitividade do setor agropecu\u00e1rio e evitar repasses maiores nos pre\u00e7os dos alimentos.<\/p>\n\n\n\n<p>Para o Sistema Famasul, a decis\u00e3o refor\u00e7a a import\u00e2ncia da representatividade institucional do agro e da atua\u00e7\u00e3o conjunta das entidades do setor na defesa dos interesses dos produtores rurais e da economia brasileira.<\/p>\n\n\n\n<p><strong>Pedido da CNA<\/strong><\/p>\n\n\n\n<p>A solicita\u00e7\u00e3o foi encaminhada pela CNA ao Minist\u00e9rio da Fazenda e ao Conselho Nacional de Pol\u00edtica Fazend\u00e1ria (Confaz), defendendo a redu\u00e7\u00e3o imediata de tributos que incidem sobre a importa\u00e7\u00e3o, produ\u00e7\u00e3o, distribui\u00e7\u00e3o e comercializa\u00e7\u00e3o do combust\u00edvel. Entre eles est\u00e3o o Programa de Integra\u00e7\u00e3o Social (PIS), o Programa de Forma\u00e7\u00e3o do Patrim\u00f4nio do Servidor P\u00fablico (Pasep) e a Contribui\u00e7\u00e3o para o Financiamento da Seguridade Social (Cofins), que juntos representam cerca de 10,5% do valor do diesel comercializado.<\/p>\n","protected":false},"excerpt":{"rendered":"<p>Atua\u00e7\u00e3o do setor produtivo garante redu\u00e7\u00e3o tempor\u00e1ria de tributos e alivia custos para produtores rurais Comunica\u00e7\u00e3o do Sistema Famasul\u00a0 A atua\u00e7\u00e3o das lideran\u00e7as do setor agropecu\u00e1rio resultou em uma importante medida para reduzir os custos de produ\u00e7\u00e3o no campo. O governo federal anunciou a redu\u00e7\u00e3o tempor\u00e1ria de tributos federais que incidem sobre o \u00f3leo diesel, [&hellip;]<\/p>\n","protected":false},"author":2,"featured_media":785,"comment_status":"open","ping_status":"open","sticky":false,"template":"","format":"standard","meta":{"footnotes":""},"categories":[14,2],"tags":[],"class_list":["post-784","post","type-post","status-publish","format-standard","has-post-thumbnail","hentry","category-agro","category-destaque"],"yoast_head":"<!-- This site is optimized with the Yoast SEO plugin v27.1.1 - https:\/\/yoast.com\/product\/yoast-seo-wordpress\/ -->\n<title>Ap\u00f3s mobiliza\u00e7\u00e3o do agro, governo reduz impostos sobre o diesel - O PROGRESSO<\/title>\n<meta name=\"robots\" content=\"index, follow, max-snippet:-1, max-image-preview:large, max-video-preview:-1\" \/>\n<link rel=\"canonical\" href=\"https:\/\/progresso.com.br\/index.php\/2026\/03\/12\/apos-mobilizacao-do-agro-governo-reduz-impostos-sobre-o-diesel\/\" \/>\n<meta property=\"og:locale\" content=\"pt_BR\" \/>\n<meta property=\"og:type\" content=\"article\" \/>\n<meta property=\"og:title\" content=\"Ap\u00f3s mobiliza\u00e7\u00e3o do agro, governo reduz impostos sobre o diesel - O PROGRESSO\" \/>\n<meta property=\"og:description\" content=\"Atua\u00e7\u00e3o do setor produtivo garante redu\u00e7\u00e3o tempor\u00e1ria de tributos e alivia custos para produtores rurais Comunica\u00e7\u00e3o do Sistema Famasul\u00a0 A atua\u00e7\u00e3o das lideran\u00e7as do setor agropecu\u00e1rio resultou em uma importante medida para reduzir os custos de produ\u00e7\u00e3o no campo. O governo federal anunciou a redu\u00e7\u00e3o tempor\u00e1ria de tributos federais que incidem sobre o \u00f3leo diesel, [&hellip;]\" \/>\n<meta property=\"og:url\" content=\"https:\/\/progresso.com.br\/index.php\/2026\/03\/12\/apos-mobilizacao-do-agro-governo-reduz-impostos-sobre-o-diesel\/\" \/>\n<meta property=\"og:site_name\" content=\"O PROGRESSO\" \/>\n<meta property=\"article:publisher\" content=\"https:\/\/www.facebook.com\/share\/1CeoksKBj6\/\" \/>\n<meta property=\"article:published_time\" content=\"2026-03-12T19:08:55+00:00\" \/>\n<meta property=\"og:image\" content=\"https:\/\/progresso.com.br\/wp-content\/uploads\/2026\/03\/DIESEL-OK_0.jpg\" \/>\n\t<meta property=\"og:image:width\" content=\"750\" \/>\n\t<meta property=\"og:image:height\" content=\"501\" \/>\n\t<meta property=\"og:image:type\" content=\"image\/jpeg\" \/>\n<meta name=\"author\" content=\"Rose\" \/>\n<meta name=\"twitter:card\" content=\"summary_large_image\" \/>\n<meta name=\"twitter:label1\" content=\"Escrito por\" \/>\n\t<meta name=\"twitter:data1\" content=\"Rose\" \/>\n\t<meta name=\"twitter:label2\" content=\"Est. tempo de leitura\" \/>\n\t<meta name=\"twitter:data2\" content=\"4 minutos\" \/>\n<script type=\"application\/ld+json\" class=\"yoast-schema-graph\">{\"@context\":\"https:\/\/schema.org\",\"@graph\":[{\"@type\":\"Article\",\"@id\":\"https:\/\/progresso.com.br\/index.php\/2026\/03\/12\/apos-mobilizacao-do-agro-governo-reduz-impostos-sobre-o-diesel\/#article\",\"isPartOf\":{\"@id\":\"https:\/\/progresso.com.br\/index.php\/2026\/03\/12\/apos-mobilizacao-do-agro-governo-reduz-impostos-sobre-o-diesel\/\"},\"author\":{\"name\":\"Rose\",\"@id\":\"https:\/\/progresso.com.br\/#\/schema\/person\/5dd27138d4463fbbaace62120bfc002b\"},\"headline\":\"Ap\u00f3s mobiliza\u00e7\u00e3o do agro, governo reduz impostos sobre o diesel\",\"datePublished\":\"2026-03-12T19:08:55+00:00\",\"mainEntityOfPage\":{\"@id\":\"https:\/\/progresso.com.br\/index.php\/2026\/03\/12\/apos-mobilizacao-do-agro-governo-reduz-impostos-sobre-o-diesel\/\"},\"wordCount\":559,\"commentCount\":0,\"publisher\":{\"@id\":\"https:\/\/progresso.com.br\/#organization\"},\"image\":{\"@id\":\"https:\/\/progresso.com.br\/index.php\/2026\/03\/12\/apos-mobilizacao-do-agro-governo-reduz-impostos-sobre-o-diesel\/#primaryimage\"},\"thumbnailUrl\":\"https:\/\/progresso.com.br\/wp-content\/uploads\/2026\/03\/DIESEL-OK_0.jpg\",\"articleSection\":[\"Agro\",\"Em destaque\"],\"inLanguage\":\"pt-BR\",\"potentialAction\":[{\"@type\":\"CommentAction\",\"name\":\"Comment\",\"target\":[\"https:\/\/progresso.com.br\/index.php\/2026\/03\/12\/apos-mobilizacao-do-agro-governo-reduz-impostos-sobre-o-diesel\/#respond\"]}]},{\"@type\":\"WebPage\",\"@id\":\"https:\/\/progresso.com.br\/index.php\/2026\/03\/12\/apos-mobilizacao-do-agro-governo-reduz-impostos-sobre-o-diesel\/\",\"url\":\"https:\/\/progresso.com.br\/index.php\/2026\/03\/12\/apos-mobilizacao-do-agro-governo-reduz-impostos-sobre-o-diesel\/\",\"name\":\"Ap\u00f3s mobiliza\u00e7\u00e3o do agro, governo reduz impostos sobre o diesel - O PROGRESSO\",\"isPartOf\":{\"@id\":\"https:\/\/progresso.com.br\/#website\"},\"primaryImageOfPage\":{\"@id\":\"https:\/\/progresso.com.br\/index.php\/2026\/03\/12\/apos-mobilizacao-do-agro-governo-reduz-impostos-sobre-o-diesel\/#primaryimage\"},\"image\":{\"@id\":\"https:\/\/progresso.com.br\/index.php\/2026\/03\/12\/apos-mobilizacao-do-agro-governo-reduz-impostos-sobre-o-diesel\/#primaryimage\"},\"thumbnailUrl\":\"https:\/\/progresso.com.br\/wp-content\/uploads\/2026\/03\/DIESEL-OK_0.jpg\",\"datePublished\":\"2026-03-12T19:08:55+00:00\",\"breadcrumb\":{\"@id\":\"https:\/\/progresso.com.br\/index.php\/2026\/03\/12\/apos-mobilizacao-do-agro-governo-reduz-impostos-sobre-o-diesel\/#breadcrumb\"},\"inLanguage\":\"pt-BR\",\"potentialAction\":[{\"@type\":\"ReadAction\",\"target\":[\"https:\/\/progresso.com.br\/index.php\/2026\/03\/12\/apos-mobilizacao-do-agro-governo-reduz-impostos-sobre-o-diesel\/\"]}]},{\"@type\":\"ImageObject\",\"inLanguage\":\"pt-BR\",\"@id\":\"https:\/\/progresso.com.br\/index.php\/2026\/03\/12\/apos-mobilizacao-do-agro-governo-reduz-impostos-sobre-o-diesel\/#primaryimage\",\"url\":\"https:\/\/progresso.com.br\/wp-content\/uploads\/2026\/03\/DIESEL-OK_0.jpg\",\"contentUrl\":\"https:\/\/progresso.com.br\/wp-content\/uploads\/2026\/03\/DIESEL-OK_0.jpg\",\"width\":750,\"height\":501,\"caption\":\"Foto: Divulga\u00e7\u00e3o\"},{\"@type\":\"BreadcrumbList\",\"@id\":\"https:\/\/progresso.com.br\/index.php\/2026\/03\/12\/apos-mobilizacao-do-agro-governo-reduz-impostos-sobre-o-diesel\/#breadcrumb\",\"itemListElement\":[{\"@type\":\"ListItem\",\"position\":1,\"name\":\"In\u00edcio\",\"item\":\"https:\/\/progresso.com.br\/\"},{\"@type\":\"ListItem\",\"position\":2,\"name\":\"Ap\u00f3s mobiliza\u00e7\u00e3o do agro, governo reduz impostos sobre o diesel\"}]},{\"@type\":\"WebSite\",\"@id\":\"https:\/\/progresso.com.br\/#website\",\"url\":\"https:\/\/progresso.com.br\/\",\"name\":\"O PROGRESSO\",\"description\":\"\",\"publisher\":{\"@id\":\"https:\/\/progresso.com.br\/#organization\"},\"potentialAction\":[{\"@type\":\"SearchAction\",\"target\":{\"@type\":\"EntryPoint\",\"urlTemplate\":\"https:\/\/progresso.com.br\/?s={search_term_string}\"},\"query-input\":{\"@type\":\"PropertyValueSpecification\",\"valueRequired\":true,\"valueName\":\"search_term_string\"}}],\"inLanguage\":\"pt-BR\"},{\"@type\":\"Organization\",\"@id\":\"https:\/\/progresso.com.br\/#organization\",\"name\":\"O PROGRESSO\",\"url\":\"https:\/\/progresso.com.br\/\",\"logo\":{\"@type\":\"ImageObject\",\"inLanguage\":\"pt-BR\",\"@id\":\"https:\/\/progresso.com.br\/#\/schema\/logo\/image\/\",\"url\":\"https:\/\/progresso.com.br\/wp-content\/uploads\/2026\/03\/logo_proog.jpg\",\"contentUrl\":\"https:\/\/progresso.com.br\/wp-content\/uploads\/2026\/03\/logo_proog.jpg\",\"width\":1960,\"height\":1080,\"caption\":\"O PROGRESSO\"},\"image\":{\"@id\":\"https:\/\/progresso.com.br\/#\/schema\/logo\/image\/\"},\"sameAs\":[\"https:\/\/www.facebook.com\/share\/1CeoksKBj6\/\",\"https:\/\/www.instagram.com\/oprogresso_digital\"]},{\"@type\":\"Person\",\"@id\":\"https:\/\/progresso.com.br\/#\/schema\/person\/5dd27138d4463fbbaace62120bfc002b\",\"name\":\"Rose\",\"image\":{\"@type\":\"ImageObject\",\"inLanguage\":\"pt-BR\",\"@id\":\"https:\/\/progresso.com.br\/#\/schema\/person\/image\/\",\"url\":\"https:\/\/secure.gravatar.com\/avatar\/1b6890e759cdd3a88d9f751cb423720b9861c5239167cd3586355638b6556599?s=96&d=mm&r=g\",\"contentUrl\":\"https:\/\/secure.gravatar.com\/avatar\/1b6890e759cdd3a88d9f751cb423720b9861c5239167cd3586355638b6556599?s=96&d=mm&r=g\",\"caption\":\"Rose\"},\"url\":\"https:\/\/progresso.com.br\/index.php\/author\/rose\/\"}]}<\/script>\n<!-- \/ Yoast SEO plugin. -->","yoast_head_json":{"title":"Ap\u00f3s mobiliza\u00e7\u00e3o do agro, governo reduz impostos sobre o diesel - O PROGRESSO","robots":{"index":"index","follow":"follow","max-snippet":"max-snippet:-1","max-image-preview":"max-image-preview:large","max-video-preview":"max-video-preview:-1"},"canonical":"https:\/\/progresso.com.br\/index.php\/2026\/03\/12\/apos-mobilizacao-do-agro-governo-reduz-impostos-sobre-o-diesel\/","og_locale":"pt_BR","og_type":"article","og_title":"Ap\u00f3s mobiliza\u00e7\u00e3o do agro, governo reduz impostos sobre o diesel - O PROGRESSO","og_description":"Atua\u00e7\u00e3o do setor produtivo garante redu\u00e7\u00e3o tempor\u00e1ria de tributos e alivia custos para produtores rurais Comunica\u00e7\u00e3o do Sistema Famasul\u00a0 A atua\u00e7\u00e3o das lideran\u00e7as do setor agropecu\u00e1rio resultou em uma importante medida para reduzir os custos de produ\u00e7\u00e3o no campo. O governo federal anunciou a redu\u00e7\u00e3o tempor\u00e1ria de tributos federais que incidem sobre o \u00f3leo diesel, [&hellip;]","og_url":"https:\/\/progresso.com.br\/index.php\/2026\/03\/12\/apos-mobilizacao-do-agro-governo-reduz-impostos-sobre-o-diesel\/","og_site_name":"O PROGRESSO","article_publisher":"https:\/\/www.facebook.com\/share\/1CeoksKBj6\/","article_published_time":"2026-03-12T19:08:55+00:00","og_image":[{"width":750,"height":501,"url":"https:\/\/progresso.com.br\/wp-content\/uploads\/2026\/03\/DIESEL-OK_0.jpg","type":"image\/jpeg"}],"author":"Rose","twitter_card":"summary_large_image","twitter_misc":{"Escrito por":"Rose","Est. tempo de leitura":"4 minutos"},"schema":{"@context":"https:\/\/schema.org","@graph":[{"@type":"Article","@id":"https:\/\/progresso.com.br\/index.php\/2026\/03\/12\/apos-mobilizacao-do-agro-governo-reduz-impostos-sobre-o-diesel\/#article","isPartOf":{"@id":"https:\/\/progresso.com.br\/index.php\/2026\/03\/12\/apos-mobilizacao-do-agro-governo-reduz-impostos-sobre-o-diesel\/"},"author":{"name":"Rose","@id":"https:\/\/progresso.com.br\/#\/schema\/person\/5dd27138d4463fbbaace62120bfc002b"},"headline":"Ap\u00f3s mobiliza\u00e7\u00e3o do agro, governo reduz impostos sobre o diesel","datePublished":"2026-03-12T19:08:55+00:00","mainEntityOfPage":{"@id":"https:\/\/progresso.com.br\/index.php\/2026\/03\/12\/apos-mobilizacao-do-agro-governo-reduz-impostos-sobre-o-diesel\/"},"wordCount":559,"commentCount":0,"publisher":{"@id":"https:\/\/progresso.com.br\/#organization"},"image":{"@id":"https:\/\/progresso.com.br\/index.php\/2026\/03\/12\/apos-mobilizacao-do-agro-governo-reduz-impostos-sobre-o-diesel\/#primaryimage"},"thumbnailUrl":"https:\/\/progresso.com.br\/wp-content\/uploads\/2026\/03\/DIESEL-OK_0.jpg","articleSection":["Agro","Em destaque"],"inLanguage":"pt-BR","potentialAction":[{"@type":"CommentAction","name":"Comment","target":["https:\/\/progresso.com.br\/index.php\/2026\/03\/12\/apos-mobilizacao-do-agro-governo-reduz-impostos-sobre-o-diesel\/#respond"]}]},{"@type":"WebPage","@id":"https:\/\/progresso.com.br\/index.php\/2026\/03\/12\/apos-mobilizacao-do-agro-governo-reduz-impostos-sobre-o-diesel\/","url":"https:\/\/progresso.com.br\/index.php\/2026\/03\/12\/apos-mobilizacao-do-agro-governo-reduz-impostos-sobre-o-diesel\/","name":"Ap\u00f3s mobiliza\u00e7\u00e3o do agro, governo reduz impostos sobre o diesel - O PROGRESSO","isPartOf":{"@id":"https:\/\/progresso.com.br\/#website"},"primaryImageOfPage":{"@id":"https:\/\/progresso.com.br\/index.php\/2026\/03\/12\/apos-mobilizacao-do-agro-governo-reduz-impostos-sobre-o-diesel\/#primaryimage"},"image":{"@id":"https:\/\/progresso.com.br\/index.php\/2026\/03\/12\/apos-mobilizacao-do-agro-governo-reduz-impostos-sobre-o-diesel\/#primaryimage"},"thumbnailUrl":"https:\/\/progresso.com.br\/wp-content\/uploads\/2026\/03\/DIESEL-OK_0.jpg","datePublished":"2026-03-12T19:08:55+00:00","breadcrumb":{"@id":"https:\/\/progresso.com.br\/index.php\/2026\/03\/12\/apos-mobilizacao-do-agro-governo-reduz-impostos-sobre-o-diesel\/#breadcrumb"},"inLanguage":"pt-BR","potentialAction":[{"@type":"ReadAction","target":["https:\/\/progresso.com.br\/index.php\/2026\/03\/12\/apos-mobilizacao-do-agro-governo-reduz-impostos-sobre-o-diesel\/"]}]},{"@type":"ImageObject","inLanguage":"pt-BR","@id":"https:\/\/progresso.com.br\/index.php\/2026\/03\/12\/apos-mobilizacao-do-agro-governo-reduz-impostos-sobre-o-diesel\/#primaryimage","url":"https:\/\/progresso.com.br\/wp-content\/uploads\/2026\/03\/DIESEL-OK_0.jpg","contentUrl":"https:\/\/progresso.com.br\/wp-content\/uploads\/2026\/03\/DIESEL-OK_0.jpg","width":750,"height":501,"caption":"Foto: Divulga\u00e7\u00e3o"},{"@type":"BreadcrumbList","@id":"https:\/\/progresso.com.br\/index.php\/2026\/03\/12\/apos-mobilizacao-do-agro-governo-reduz-impostos-sobre-o-diesel\/#breadcrumb","itemListElement":[{"@type":"ListItem","position":1,"name":"In\u00edcio","item":"https:\/\/progresso.com.br\/"},{"@type":"ListItem","position":2,"name":"Ap\u00f3s mobiliza\u00e7\u00e3o do agro, governo reduz impostos sobre o diesel"}]},{"@type":"WebSite","@id":"https:\/\/progresso.com.br\/#website","url":"https:\/\/progresso.com.br\/","name":"O PROGRESSO","description":"","publisher":{"@id":"https:\/\/progresso.com.br\/#organization"},"potentialAction":[{"@type":"SearchAction","target":{"@type":"EntryPoint","urlTemplate":"https:\/\/progresso.com.br\/?s={search_term_string}"},"query-input":{"@type":"PropertyValueSpecification","valueRequired":true,"valueName":"search_term_string"}}],"inLanguage":"pt-BR"},{"@type":"Organization","@id":"https:\/\/progresso.com.br\/#organization","name":"O PROGRESSO","url":"https:\/\/progresso.com.br\/","logo":{"@type":"ImageObject","inLanguage":"pt-BR","@id":"https:\/\/progresso.com.br\/#\/schema\/logo\/image\/","url":"https:\/\/progresso.com.br\/wp-content\/uploads\/2026\/03\/logo_proog.jpg","contentUrl":"https:\/\/progresso.com.br\/wp-content\/uploads\/2026\/03\/logo_proog.jpg","width":1960,"height":1080,"caption":"O PROGRESSO"},"image":{"@id":"https:\/\/progresso.com.br\/#\/schema\/logo\/image\/"},"sameAs":["https:\/\/www.facebook.com\/share\/1CeoksKBj6\/","https:\/\/www.instagram.com\/oprogresso_digital"]},{"@type":"Person","@id":"https:\/\/progresso.com.br\/#\/schema\/person\/5dd27138d4463fbbaace62120bfc002b","name":"Rose","image":{"@type":"ImageObject","inLanguage":"pt-BR","@id":"https:\/\/progresso.com.br\/#\/schema\/person\/image\/","url":"https:\/\/secure.gravatar.com\/avatar\/1b6890e759cdd3a88d9f751cb423720b9861c5239167cd3586355638b6556599?s=96&d=mm&r=g","contentUrl":"https:\/\/secure.gravatar.com\/avatar\/1b6890e759cdd3a88d9f751cb423720b9861c5239167cd3586355638b6556599?s=96&d=mm&r=g","caption":"Rose"},"url":"https:\/\/progresso.com.br\/index.php\/author\/rose\/"}]}},"_links":{"self":[{"href":"https:\/\/progresso.com.br\/index.php\/wp-json\/wp\/v2\/posts\/784","targetHints":{"allow":["GET"]}}],"collection":[{"href":"https:\/\/progresso.com.br\/index.php\/wp-json\/wp\/v2\/posts"}],"about":[{"href":"https:\/\/progresso.com.br\/index.php\/wp-json\/wp\/v2\/types\/post"}],"author":[{"embeddable":true,"href":"https:\/\/progresso.com.br\/index.php\/wp-json\/wp\/v2\/users\/2"}],"replies":[{"embeddable":true,"href":"https:\/\/progresso.com.br\/index.php\/wp-json\/wp\/v2\/comments?post=784"}],"version-history":[{"count":1,"href":"https:\/\/progresso.com.br\/index.php\/wp-json\/wp\/v2\/posts\/784\/revisions"}],"predecessor-version":[{"id":786,"href":"https:\/\/progresso.com.br\/index.php\/wp-json\/wp\/v2\/posts\/784\/revisions\/786"}],"wp:featuredmedia":[{"embeddable":true,"href":"https:\/\/progresso.com.br\/index.php\/wp-json\/wp\/v2\/media\/785"}],"wp:attachment":[{"href":"https:\/\/progresso.com.br\/index.php\/wp-json\/wp\/v2\/media?parent=784"}],"wp:term":[{"taxonomy":"category","embeddable":true,"href":"https:\/\/progresso.com.br\/index.php\/wp-json\/wp\/v2\/categories?post=784"},{"taxonomy":"post_tag","embeddable":true,"href":"https:\/\/progresso.com.br\/index.php\/wp-json\/wp\/v2\/tags?post=784"}],"curies":[{"name":"wp","href":"https:\/\/api.w.org\/{rel}","templated":true}]}}