{"id":790,"date":"2026-03-12T16:00:00","date_gmt":"2026-03-12T20:00:00","guid":{"rendered":"https:\/\/progresso.com.br\/?p=790"},"modified":"2026-03-12T15:40:44","modified_gmt":"2026-03-12T19:40:44","slug":"comercializacao-de-soja-e-milho-apresenta-ritmo-cauteloso-em-ms","status":"publish","type":"post","link":"https:\/\/progresso.com.br\/index.php\/2026\/03\/12\/comercializacao-de-soja-e-milho-apresenta-ritmo-cauteloso-em-ms\/","title":{"rendered":"Comercializa\u00e7\u00e3o de soja e milho apresenta ritmo cauteloso em MS"},"content":{"rendered":"\n<p><em><strong>Levantamento da Aprosoja\/MS aponta avan\u00e7o gradual nas negocia\u00e7\u00f5es das safras 2025\/2026, enquanto pre\u00e7os e ritmo de vendas refletem cen\u00e1rio de mercado ainda incerto<\/strong><\/em><\/p>\n\n\n\n<p><em>Comunica\u00e7\u00e3o da Aprosoja\/MS<\/em><\/p>\n\n\n\n<p>A comercializa\u00e7\u00e3o da safra 2025\/2026 de soja em Mato Grosso do Sul alcan\u00e7ou 32,5% do volume estimado at\u00e9 fevereiro de 2026, de acordo com levantamento apresentado no relat\u00f3rio Pre\u00e7o x Comercializa\u00e7\u00e3o, elaborado pela Aprosoja\/MS com dados da consultoria Granos.<\/p>\n\n\n\n<p>Somente no m\u00eas de fevereiro, o volume comercializado da nova safra foi de 4,5%, contribuindo para o avan\u00e7o do percentual acumulado no estado. O relat\u00f3rio tamb\u00e9m aponta que o pre\u00e7o m\u00e9dio ponderado da safra 2025\/2026, considerando o volume j\u00e1 comercializado at\u00e9 o final de fevereiro, foi de R$ 115,46 por saca.<\/p>\n\n\n\n<p>Segundo a an\u00e1lise apresentada no documento, o andamento da comercializa\u00e7\u00e3o da safra atual apresenta um comportamento mais cauteloso quando comparado a ciclos anteriores, especialmente nas fases iniciais.<\/p>\n\n\n\n<p>No caso do milho, os dados referentes \u00e0 safra 2024\/2025 indicam que o volume comercializado atingiu 86% da produ\u00e7\u00e3o estimada at\u00e9 fevereiro de 2026, ap\u00f3s negocia\u00e7\u00f5es de 4% registradas no m\u00eas. O percentual acumulado permanece quatro pontos percentuais abaixo do observado no mesmo per\u00edodo da safra anterior.<\/p>\n\n\n\n<p>O relat\u00f3rio aponta ainda que o pre\u00e7o m\u00e9dio dispon\u00edvel do milho no estado foi de R$ 50,06 por saca em fevereiro de 2026, enquanto o pre\u00e7o m\u00e9dio futuro foi de R$ 49,87 por saca, valores cerca de 16% inferiores aos registrados em fevereiro de 2025. Considerando o volume efetivamente negociado, o pre\u00e7o m\u00e9dio ponderado foi de R$ 51,87 por saca.<\/p>\n\n\n\n<p>Para a safra 2025\/2026 de milho, o levantamento indica que 1,1% do volume foi comercializado em fevereiro, totalizando 14% da produ\u00e7\u00e3o estimada negociada at\u00e9 o momento, percentual 0,5 ponto percentual abaixo do registrado no mesmo per\u00edodo do ciclo anterior. O pre\u00e7o m\u00e9dio ponderado do volume j\u00e1 comercializado est\u00e1 em R$ 50,97 por saca.<\/p>\n\n\n\n<p>De acordo com o analista de Economia da Aprosoja\/MS, Mateus Fernandes, \u201cesse comportamento reflete a estrat\u00e9gia adotada pelos produtores diante de um cen\u00e1rio de alta produ\u00e7\u00e3o e de um mercado ainda marcado por incertezas\u201d.<\/p>\n\n\n\n<p>Para acessar o boletim completo, clique,&nbsp;<a href=\"https:\/\/www.aprosojams.org.br\/sites\/default\/files\/boletins\/Pre%C3%A7oxcomerc_milho_FEV26_1.pdf\">Milho<\/a>&nbsp;&#8211;&nbsp;<a href=\"https:\/\/www.aprosojams.org.br\/sites\/default\/files\/boletins\/Pre%C3%A7oxcomerc_FEV26_0.pdf\">Soja<\/a><\/p>\n\n\n\n<p><\/p>\n\n\n\n<p><\/p>\n","protected":false},"excerpt":{"rendered":"<p>Levantamento da Aprosoja\/MS aponta avan\u00e7o gradual nas negocia\u00e7\u00f5es das safras 2025\/2026, enquanto pre\u00e7os e ritmo de vendas refletem cen\u00e1rio de mercado ainda incerto Comunica\u00e7\u00e3o da Aprosoja\/MS A comercializa\u00e7\u00e3o da safra 2025\/2026 de soja em Mato Grosso do Sul alcan\u00e7ou 32,5% do volume estimado at\u00e9 fevereiro de 2026, de acordo com levantamento apresentado no relat\u00f3rio Pre\u00e7o [&hellip;]<\/p>\n","protected":false},"author":2,"featured_media":791,"comment_status":"open","ping_status":"open","sticky":false,"template":"","format":"standard","meta":{"footnotes":""},"categories":[14,2],"tags":[],"class_list":["post-790","post","type-post","status-publish","format-standard","has-post-thumbnail","hentry","category-agro","category-destaque"],"yoast_head":"<!-- This site is optimized with the Yoast SEO plugin v27.1.1 - https:\/\/yoast.com\/product\/yoast-seo-wordpress\/ -->\n<title>Comercializa\u00e7\u00e3o de soja e milho apresenta ritmo cauteloso em MS - O PROGRESSO<\/title>\n<meta name=\"robots\" content=\"index, follow, max-snippet:-1, max-image-preview:large, max-video-preview:-1\" \/>\n<link rel=\"canonical\" href=\"https:\/\/progresso.com.br\/index.php\/2026\/03\/12\/comercializacao-de-soja-e-milho-apresenta-ritmo-cauteloso-em-ms\/\" \/>\n<meta property=\"og:locale\" content=\"pt_BR\" \/>\n<meta property=\"og:type\" content=\"article\" \/>\n<meta property=\"og:title\" content=\"Comercializa\u00e7\u00e3o de soja e milho apresenta ritmo cauteloso em MS - O PROGRESSO\" \/>\n<meta property=\"og:description\" content=\"Levantamento da Aprosoja\/MS aponta avan\u00e7o gradual nas negocia\u00e7\u00f5es das safras 2025\/2026, enquanto pre\u00e7os e ritmo de vendas refletem cen\u00e1rio de mercado ainda incerto Comunica\u00e7\u00e3o da Aprosoja\/MS A comercializa\u00e7\u00e3o da safra 2025\/2026 de soja em Mato Grosso do Sul alcan\u00e7ou 32,5% do volume estimado at\u00e9 fevereiro de 2026, de acordo com levantamento apresentado no relat\u00f3rio Pre\u00e7o [&hellip;]\" \/>\n<meta property=\"og:url\" content=\"https:\/\/progresso.com.br\/index.php\/2026\/03\/12\/comercializacao-de-soja-e-milho-apresenta-ritmo-cauteloso-em-ms\/\" \/>\n<meta property=\"og:site_name\" content=\"O PROGRESSO\" \/>\n<meta property=\"article:publisher\" content=\"https:\/\/www.facebook.com\/share\/1CeoksKBj6\/\" \/>\n<meta property=\"article:published_time\" content=\"2026-03-12T20:00:00+00:00\" \/>\n<meta property=\"og:image\" content=\"https:\/\/progresso.com.br\/wp-content\/uploads\/2026\/03\/agro-processing-and-manufacturing-plant-for-proces-2026-01-08-06-59-03-utc_3.jpg\" \/>\n\t<meta property=\"og:image:width\" content=\"800\" \/>\n\t<meta property=\"og:image:height\" content=\"550\" \/>\n\t<meta property=\"og:image:type\" content=\"image\/jpeg\" \/>\n<meta name=\"author\" content=\"Rose\" \/>\n<meta name=\"twitter:card\" content=\"summary_large_image\" \/>\n<meta name=\"twitter:label1\" content=\"Escrito por\" \/>\n\t<meta name=\"twitter:data1\" content=\"Rose\" \/>\n\t<meta name=\"twitter:label2\" content=\"Est. tempo de leitura\" \/>\n\t<meta name=\"twitter:data2\" content=\"3 minutos\" \/>\n<script type=\"application\/ld+json\" class=\"yoast-schema-graph\">{\"@context\":\"https:\/\/schema.org\",\"@graph\":[{\"@type\":\"Article\",\"@id\":\"https:\/\/progresso.com.br\/index.php\/2026\/03\/12\/comercializacao-de-soja-e-milho-apresenta-ritmo-cauteloso-em-ms\/#article\",\"isPartOf\":{\"@id\":\"https:\/\/progresso.com.br\/index.php\/2026\/03\/12\/comercializacao-de-soja-e-milho-apresenta-ritmo-cauteloso-em-ms\/\"},\"author\":{\"name\":\"Rose\",\"@id\":\"https:\/\/progresso.com.br\/#\/schema\/person\/5dd27138d4463fbbaace62120bfc002b\"},\"headline\":\"Comercializa\u00e7\u00e3o de soja e milho apresenta ritmo cauteloso em MS\",\"datePublished\":\"2026-03-12T20:00:00+00:00\",\"mainEntityOfPage\":{\"@id\":\"https:\/\/progresso.com.br\/index.php\/2026\/03\/12\/comercializacao-de-soja-e-milho-apresenta-ritmo-cauteloso-em-ms\/\"},\"wordCount\":379,\"commentCount\":0,\"publisher\":{\"@id\":\"https:\/\/progresso.com.br\/#organization\"},\"image\":{\"@id\":\"https:\/\/progresso.com.br\/index.php\/2026\/03\/12\/comercializacao-de-soja-e-milho-apresenta-ritmo-cauteloso-em-ms\/#primaryimage\"},\"thumbnailUrl\":\"https:\/\/progresso.com.br\/wp-content\/uploads\/2026\/03\/agro-processing-and-manufacturing-plant-for-proces-2026-01-08-06-59-03-utc_3.jpg\",\"articleSection\":[\"Agro\",\"Em destaque\"],\"inLanguage\":\"pt-BR\",\"potentialAction\":[{\"@type\":\"CommentAction\",\"name\":\"Comment\",\"target\":[\"https:\/\/progresso.com.br\/index.php\/2026\/03\/12\/comercializacao-de-soja-e-milho-apresenta-ritmo-cauteloso-em-ms\/#respond\"]}]},{\"@type\":\"WebPage\",\"@id\":\"https:\/\/progresso.com.br\/index.php\/2026\/03\/12\/comercializacao-de-soja-e-milho-apresenta-ritmo-cauteloso-em-ms\/\",\"url\":\"https:\/\/progresso.com.br\/index.php\/2026\/03\/12\/comercializacao-de-soja-e-milho-apresenta-ritmo-cauteloso-em-ms\/\",\"name\":\"Comercializa\u00e7\u00e3o de soja e milho apresenta ritmo cauteloso em MS - O PROGRESSO\",\"isPartOf\":{\"@id\":\"https:\/\/progresso.com.br\/#website\"},\"primaryImageOfPage\":{\"@id\":\"https:\/\/progresso.com.br\/index.php\/2026\/03\/12\/comercializacao-de-soja-e-milho-apresenta-ritmo-cauteloso-em-ms\/#primaryimage\"},\"image\":{\"@id\":\"https:\/\/progresso.com.br\/index.php\/2026\/03\/12\/comercializacao-de-soja-e-milho-apresenta-ritmo-cauteloso-em-ms\/#primaryimage\"},\"thumbnailUrl\":\"https:\/\/progresso.com.br\/wp-content\/uploads\/2026\/03\/agro-processing-and-manufacturing-plant-for-proces-2026-01-08-06-59-03-utc_3.jpg\",\"datePublished\":\"2026-03-12T20:00:00+00:00\",\"breadcrumb\":{\"@id\":\"https:\/\/progresso.com.br\/index.php\/2026\/03\/12\/comercializacao-de-soja-e-milho-apresenta-ritmo-cauteloso-em-ms\/#breadcrumb\"},\"inLanguage\":\"pt-BR\",\"potentialAction\":[{\"@type\":\"ReadAction\",\"target\":[\"https:\/\/progresso.com.br\/index.php\/2026\/03\/12\/comercializacao-de-soja-e-milho-apresenta-ritmo-cauteloso-em-ms\/\"]}]},{\"@type\":\"ImageObject\",\"inLanguage\":\"pt-BR\",\"@id\":\"https:\/\/progresso.com.br\/index.php\/2026\/03\/12\/comercializacao-de-soja-e-milho-apresenta-ritmo-cauteloso-em-ms\/#primaryimage\",\"url\":\"https:\/\/progresso.com.br\/wp-content\/uploads\/2026\/03\/agro-processing-and-manufacturing-plant-for-proces-2026-01-08-06-59-03-utc_3.jpg\",\"contentUrl\":\"https:\/\/progresso.com.br\/wp-content\/uploads\/2026\/03\/agro-processing-and-manufacturing-plant-for-proces-2026-01-08-06-59-03-utc_3.jpg\",\"width\":800,\"height\":550,\"caption\":\"Foto: Divulga\u00e7\u00e3o\"},{\"@type\":\"BreadcrumbList\",\"@id\":\"https:\/\/progresso.com.br\/index.php\/2026\/03\/12\/comercializacao-de-soja-e-milho-apresenta-ritmo-cauteloso-em-ms\/#breadcrumb\",\"itemListElement\":[{\"@type\":\"ListItem\",\"position\":1,\"name\":\"In\u00edcio\",\"item\":\"https:\/\/progresso.com.br\/\"},{\"@type\":\"ListItem\",\"position\":2,\"name\":\"Comercializa\u00e7\u00e3o de soja e milho apresenta ritmo cauteloso em MS\"}]},{\"@type\":\"WebSite\",\"@id\":\"https:\/\/progresso.com.br\/#website\",\"url\":\"https:\/\/progresso.com.br\/\",\"name\":\"O PROGRESSO\",\"description\":\"\",\"publisher\":{\"@id\":\"https:\/\/progresso.com.br\/#organization\"},\"potentialAction\":[{\"@type\":\"SearchAction\",\"target\":{\"@type\":\"EntryPoint\",\"urlTemplate\":\"https:\/\/progresso.com.br\/?s={search_term_string}\"},\"query-input\":{\"@type\":\"PropertyValueSpecification\",\"valueRequired\":true,\"valueName\":\"search_term_string\"}}],\"inLanguage\":\"pt-BR\"},{\"@type\":\"Organization\",\"@id\":\"https:\/\/progresso.com.br\/#organization\",\"name\":\"O PROGRESSO\",\"url\":\"https:\/\/progresso.com.br\/\",\"logo\":{\"@type\":\"ImageObject\",\"inLanguage\":\"pt-BR\",\"@id\":\"https:\/\/progresso.com.br\/#\/schema\/logo\/image\/\",\"url\":\"https:\/\/progresso.com.br\/wp-content\/uploads\/2026\/03\/logo_proog.jpg\",\"contentUrl\":\"https:\/\/progresso.com.br\/wp-content\/uploads\/2026\/03\/logo_proog.jpg\",\"width\":1960,\"height\":1080,\"caption\":\"O PROGRESSO\"},\"image\":{\"@id\":\"https:\/\/progresso.com.br\/#\/schema\/logo\/image\/\"},\"sameAs\":[\"https:\/\/www.facebook.com\/share\/1CeoksKBj6\/\",\"https:\/\/www.instagram.com\/oprogresso_digital\"]},{\"@type\":\"Person\",\"@id\":\"https:\/\/progresso.com.br\/#\/schema\/person\/5dd27138d4463fbbaace62120bfc002b\",\"name\":\"Rose\",\"image\":{\"@type\":\"ImageObject\",\"inLanguage\":\"pt-BR\",\"@id\":\"https:\/\/progresso.com.br\/#\/schema\/person\/image\/\",\"url\":\"https:\/\/secure.gravatar.com\/avatar\/1b6890e759cdd3a88d9f751cb423720b9861c5239167cd3586355638b6556599?s=96&d=mm&r=g\",\"contentUrl\":\"https:\/\/secure.gravatar.com\/avatar\/1b6890e759cdd3a88d9f751cb423720b9861c5239167cd3586355638b6556599?s=96&d=mm&r=g\",\"caption\":\"Rose\"},\"url\":\"https:\/\/progresso.com.br\/index.php\/author\/rose\/\"}]}<\/script>\n<!-- \/ Yoast SEO plugin. -->","yoast_head_json":{"title":"Comercializa\u00e7\u00e3o de soja e milho apresenta ritmo cauteloso em MS - O PROGRESSO","robots":{"index":"index","follow":"follow","max-snippet":"max-snippet:-1","max-image-preview":"max-image-preview:large","max-video-preview":"max-video-preview:-1"},"canonical":"https:\/\/progresso.com.br\/index.php\/2026\/03\/12\/comercializacao-de-soja-e-milho-apresenta-ritmo-cauteloso-em-ms\/","og_locale":"pt_BR","og_type":"article","og_title":"Comercializa\u00e7\u00e3o de soja e milho apresenta ritmo cauteloso em MS - O PROGRESSO","og_description":"Levantamento da Aprosoja\/MS aponta avan\u00e7o gradual nas negocia\u00e7\u00f5es das safras 2025\/2026, enquanto pre\u00e7os e ritmo de vendas refletem cen\u00e1rio de mercado ainda incerto Comunica\u00e7\u00e3o da Aprosoja\/MS A comercializa\u00e7\u00e3o da safra 2025\/2026 de soja em Mato Grosso do Sul alcan\u00e7ou 32,5% do volume estimado at\u00e9 fevereiro de 2026, de acordo com levantamento apresentado no relat\u00f3rio Pre\u00e7o [&hellip;]","og_url":"https:\/\/progresso.com.br\/index.php\/2026\/03\/12\/comercializacao-de-soja-e-milho-apresenta-ritmo-cauteloso-em-ms\/","og_site_name":"O PROGRESSO","article_publisher":"https:\/\/www.facebook.com\/share\/1CeoksKBj6\/","article_published_time":"2026-03-12T20:00:00+00:00","og_image":[{"width":800,"height":550,"url":"https:\/\/progresso.com.br\/wp-content\/uploads\/2026\/03\/agro-processing-and-manufacturing-plant-for-proces-2026-01-08-06-59-03-utc_3.jpg","type":"image\/jpeg"}],"author":"Rose","twitter_card":"summary_large_image","twitter_misc":{"Escrito por":"Rose","Est. tempo de leitura":"3 minutos"},"schema":{"@context":"https:\/\/schema.org","@graph":[{"@type":"Article","@id":"https:\/\/progresso.com.br\/index.php\/2026\/03\/12\/comercializacao-de-soja-e-milho-apresenta-ritmo-cauteloso-em-ms\/#article","isPartOf":{"@id":"https:\/\/progresso.com.br\/index.php\/2026\/03\/12\/comercializacao-de-soja-e-milho-apresenta-ritmo-cauteloso-em-ms\/"},"author":{"name":"Rose","@id":"https:\/\/progresso.com.br\/#\/schema\/person\/5dd27138d4463fbbaace62120bfc002b"},"headline":"Comercializa\u00e7\u00e3o de soja e milho apresenta ritmo cauteloso em MS","datePublished":"2026-03-12T20:00:00+00:00","mainEntityOfPage":{"@id":"https:\/\/progresso.com.br\/index.php\/2026\/03\/12\/comercializacao-de-soja-e-milho-apresenta-ritmo-cauteloso-em-ms\/"},"wordCount":379,"commentCount":0,"publisher":{"@id":"https:\/\/progresso.com.br\/#organization"},"image":{"@id":"https:\/\/progresso.com.br\/index.php\/2026\/03\/12\/comercializacao-de-soja-e-milho-apresenta-ritmo-cauteloso-em-ms\/#primaryimage"},"thumbnailUrl":"https:\/\/progresso.com.br\/wp-content\/uploads\/2026\/03\/agro-processing-and-manufacturing-plant-for-proces-2026-01-08-06-59-03-utc_3.jpg","articleSection":["Agro","Em destaque"],"inLanguage":"pt-BR","potentialAction":[{"@type":"CommentAction","name":"Comment","target":["https:\/\/progresso.com.br\/index.php\/2026\/03\/12\/comercializacao-de-soja-e-milho-apresenta-ritmo-cauteloso-em-ms\/#respond"]}]},{"@type":"WebPage","@id":"https:\/\/progresso.com.br\/index.php\/2026\/03\/12\/comercializacao-de-soja-e-milho-apresenta-ritmo-cauteloso-em-ms\/","url":"https:\/\/progresso.com.br\/index.php\/2026\/03\/12\/comercializacao-de-soja-e-milho-apresenta-ritmo-cauteloso-em-ms\/","name":"Comercializa\u00e7\u00e3o de soja e milho apresenta ritmo cauteloso em MS - O PROGRESSO","isPartOf":{"@id":"https:\/\/progresso.com.br\/#website"},"primaryImageOfPage":{"@id":"https:\/\/progresso.com.br\/index.php\/2026\/03\/12\/comercializacao-de-soja-e-milho-apresenta-ritmo-cauteloso-em-ms\/#primaryimage"},"image":{"@id":"https:\/\/progresso.com.br\/index.php\/2026\/03\/12\/comercializacao-de-soja-e-milho-apresenta-ritmo-cauteloso-em-ms\/#primaryimage"},"thumbnailUrl":"https:\/\/progresso.com.br\/wp-content\/uploads\/2026\/03\/agro-processing-and-manufacturing-plant-for-proces-2026-01-08-06-59-03-utc_3.jpg","datePublished":"2026-03-12T20:00:00+00:00","breadcrumb":{"@id":"https:\/\/progresso.com.br\/index.php\/2026\/03\/12\/comercializacao-de-soja-e-milho-apresenta-ritmo-cauteloso-em-ms\/#breadcrumb"},"inLanguage":"pt-BR","potentialAction":[{"@type":"ReadAction","target":["https:\/\/progresso.com.br\/index.php\/2026\/03\/12\/comercializacao-de-soja-e-milho-apresenta-ritmo-cauteloso-em-ms\/"]}]},{"@type":"ImageObject","inLanguage":"pt-BR","@id":"https:\/\/progresso.com.br\/index.php\/2026\/03\/12\/comercializacao-de-soja-e-milho-apresenta-ritmo-cauteloso-em-ms\/#primaryimage","url":"https:\/\/progresso.com.br\/wp-content\/uploads\/2026\/03\/agro-processing-and-manufacturing-plant-for-proces-2026-01-08-06-59-03-utc_3.jpg","contentUrl":"https:\/\/progresso.com.br\/wp-content\/uploads\/2026\/03\/agro-processing-and-manufacturing-plant-for-proces-2026-01-08-06-59-03-utc_3.jpg","width":800,"height":550,"caption":"Foto: Divulga\u00e7\u00e3o"},{"@type":"BreadcrumbList","@id":"https:\/\/progresso.com.br\/index.php\/2026\/03\/12\/comercializacao-de-soja-e-milho-apresenta-ritmo-cauteloso-em-ms\/#breadcrumb","itemListElement":[{"@type":"ListItem","position":1,"name":"In\u00edcio","item":"https:\/\/progresso.com.br\/"},{"@type":"ListItem","position":2,"name":"Comercializa\u00e7\u00e3o de soja e milho apresenta ritmo cauteloso em MS"}]},{"@type":"WebSite","@id":"https:\/\/progresso.com.br\/#website","url":"https:\/\/progresso.com.br\/","name":"O PROGRESSO","description":"","publisher":{"@id":"https:\/\/progresso.com.br\/#organization"},"potentialAction":[{"@type":"SearchAction","target":{"@type":"EntryPoint","urlTemplate":"https:\/\/progresso.com.br\/?s={search_term_string}"},"query-input":{"@type":"PropertyValueSpecification","valueRequired":true,"valueName":"search_term_string"}}],"inLanguage":"pt-BR"},{"@type":"Organization","@id":"https:\/\/progresso.com.br\/#organization","name":"O PROGRESSO","url":"https:\/\/progresso.com.br\/","logo":{"@type":"ImageObject","inLanguage":"pt-BR","@id":"https:\/\/progresso.com.br\/#\/schema\/logo\/image\/","url":"https:\/\/progresso.com.br\/wp-content\/uploads\/2026\/03\/logo_proog.jpg","contentUrl":"https:\/\/progresso.com.br\/wp-content\/uploads\/2026\/03\/logo_proog.jpg","width":1960,"height":1080,"caption":"O PROGRESSO"},"image":{"@id":"https:\/\/progresso.com.br\/#\/schema\/logo\/image\/"},"sameAs":["https:\/\/www.facebook.com\/share\/1CeoksKBj6\/","https:\/\/www.instagram.com\/oprogresso_digital"]},{"@type":"Person","@id":"https:\/\/progresso.com.br\/#\/schema\/person\/5dd27138d4463fbbaace62120bfc002b","name":"Rose","image":{"@type":"ImageObject","inLanguage":"pt-BR","@id":"https:\/\/progresso.com.br\/#\/schema\/person\/image\/","url":"https:\/\/secure.gravatar.com\/avatar\/1b6890e759cdd3a88d9f751cb423720b9861c5239167cd3586355638b6556599?s=96&d=mm&r=g","contentUrl":"https:\/\/secure.gravatar.com\/avatar\/1b6890e759cdd3a88d9f751cb423720b9861c5239167cd3586355638b6556599?s=96&d=mm&r=g","caption":"Rose"},"url":"https:\/\/progresso.com.br\/index.php\/author\/rose\/"}]}},"_links":{"self":[{"href":"https:\/\/progresso.com.br\/index.php\/wp-json\/wp\/v2\/posts\/790","targetHints":{"allow":["GET"]}}],"collection":[{"href":"https:\/\/progresso.com.br\/index.php\/wp-json\/wp\/v2\/posts"}],"about":[{"href":"https:\/\/progresso.com.br\/index.php\/wp-json\/wp\/v2\/types\/post"}],"author":[{"embeddable":true,"href":"https:\/\/progresso.com.br\/index.php\/wp-json\/wp\/v2\/users\/2"}],"replies":[{"embeddable":true,"href":"https:\/\/progresso.com.br\/index.php\/wp-json\/wp\/v2\/comments?post=790"}],"version-history":[{"count":1,"href":"https:\/\/progresso.com.br\/index.php\/wp-json\/wp\/v2\/posts\/790\/revisions"}],"predecessor-version":[{"id":792,"href":"https:\/\/progresso.com.br\/index.php\/wp-json\/wp\/v2\/posts\/790\/revisions\/792"}],"wp:featuredmedia":[{"embeddable":true,"href":"https:\/\/progresso.com.br\/index.php\/wp-json\/wp\/v2\/media\/791"}],"wp:attachment":[{"href":"https:\/\/progresso.com.br\/index.php\/wp-json\/wp\/v2\/media?parent=790"}],"wp:term":[{"taxonomy":"category","embeddable":true,"href":"https:\/\/progresso.com.br\/index.php\/wp-json\/wp\/v2\/categories?post=790"},{"taxonomy":"post_tag","embeddable":true,"href":"https:\/\/progresso.com.br\/index.php\/wp-json\/wp\/v2\/tags?post=790"}],"curies":[{"name":"wp","href":"https:\/\/api.w.org\/{rel}","templated":true}]}}