{"id":852,"date":"2026-03-13T10:45:00","date_gmt":"2026-03-13T14:45:00","guid":{"rendered":"https:\/\/progresso.com.br\/?p=852"},"modified":"2026-03-13T09:36:38","modified_gmt":"2026-03-13T13:36:38","slug":"taxa-de-coleta-de-lixo-2026-e-lancada-em-dourados","status":"publish","type":"post","link":"https:\/\/progresso.com.br\/index.php\/2026\/03\/13\/taxa-de-coleta-de-lixo-2026-e-lancada-em-dourados\/","title":{"rendered":"Taxa de Coleta de Lixo 2026 \u00e9 lan\u00e7ada em Dourados"},"content":{"rendered":"\n<p><em><strong>Secretaria Municipal de Fazenda alerta que prazo para pagamento da taxa em cota \u00fanica ou da primeira parcela vence no dia 31 de mar\u00e7o; parcelamento em 10 vezes foi adotado para facilitar o pagamento, mas valor das parcelas n\u00e3o pode ser inferior a R$ 30\u00a0\u00a0<\/strong><\/em><\/p>\n\n\n\n<p>A Prefeitura de Dourados lan\u00e7ou, por meio da Secretaria Municipal de Fazenda, a Taxa de Coleta, Remo\u00e7\u00e3o e Destina\u00e7\u00e3o de Res\u00edduos S\u00f3lidos (TCRS) referente a 2026. O vencimento da primeira parcela ou da cota \u00fanica ser\u00e1 em 31 de mar\u00e7o. O edital com regras, matr\u00edculas imobili\u00e1rias e valores foi publicado em edi\u00e7\u00e3o suplementar do Di\u00e1rio Oficial do Munic\u00edpio.<\/p>\n\n\n\n<p>O pagamento poder\u00e1 ser feito em parcela \u00fanica ou parcelado em at\u00e9 10 vezes, desde que cada parcela n\u00e3o seja inferior a R$ 30. Segundo a secret\u00e1ria municipal de Fazenda, Suelen Nunes Ven\u00e2ncio, o parcelamento foi adotado para facilitar o planejamento financeiro dos contribuintes.<\/p>\n\n\n\n<p>Assim como ocorre com o IPTU Digital, a prefeitura n\u00e3o enviar\u00e1 carn\u00eas impressos pelos Correios, adotando definitivamente o modelo digital. As guias podem ser emitidas pelo site da Prefeitura ou pela assistente virtual \u201cDoura\u201d, no WhatsApp (67) 99895-0137.<\/p>\n\n\n\n<p>Para quem tiver dificuldade de acesso \u00e0 internet, o munic\u00edpio disponibiliza pontos de apoio para impress\u00e3o das guias na Central de Atendimento ao Cidad\u00e3o (CAC), no Centro Administrativo Municipal e no PoupaTempo Dourados, com atendimento das 7h30 \u00e0s 13h30.<\/p>\n\n\n\n<p>Mais informa\u00e7\u00f5es podem ser obtidas pelo N\u00facleo de Cobran\u00e7a, pelos telefones 2222-1921 e (67) 9 8163-0490 (WhatsApp), ou pelo e-mail <a>cobrancasemfaz@dourados.ms.gov.br<\/a>.<\/p>\n","protected":false},"excerpt":{"rendered":"<p>Secretaria Municipal de Fazenda alerta que prazo para pagamento da taxa em cota \u00fanica ou da primeira parcela vence no dia 31 de mar\u00e7o; parcelamento em 10 vezes foi adotado para facilitar o pagamento, mas valor das parcelas n\u00e3o pode ser inferior a R$ 30\u00a0\u00a0 A Prefeitura de Dourados lan\u00e7ou, por meio da Secretaria Municipal [&hellip;]<\/p>\n","protected":false},"author":2,"featured_media":857,"comment_status":"open","ping_status":"open","sticky":false,"template":"","format":"standard","meta":{"footnotes":""},"categories":[28],"tags":[],"class_list":["post-852","post","type-post","status-publish","format-standard","has-post-thumbnail","hentry","category-dourados"],"yoast_head":"<!-- This site is optimized with the Yoast SEO plugin v27.1.1 - https:\/\/yoast.com\/product\/yoast-seo-wordpress\/ -->\n<title>Taxa de Coleta de Lixo 2026 \u00e9 lan\u00e7ada em Dourados - O PROGRESSO<\/title>\n<meta name=\"robots\" content=\"index, follow, max-snippet:-1, max-image-preview:large, max-video-preview:-1\" \/>\n<link rel=\"canonical\" href=\"https:\/\/progresso.com.br\/index.php\/2026\/03\/13\/taxa-de-coleta-de-lixo-2026-e-lancada-em-dourados\/\" \/>\n<meta property=\"og:locale\" content=\"pt_BR\" \/>\n<meta property=\"og:type\" content=\"article\" \/>\n<meta property=\"og:title\" content=\"Taxa de Coleta de Lixo 2026 \u00e9 lan\u00e7ada em Dourados - O PROGRESSO\" \/>\n<meta property=\"og:description\" content=\"Secretaria Municipal de Fazenda alerta que prazo para pagamento da taxa em cota \u00fanica ou da primeira parcela vence no dia 31 de mar\u00e7o; parcelamento em 10 vezes foi adotado para facilitar o pagamento, mas valor das parcelas n\u00e3o pode ser inferior a R$ 30\u00a0\u00a0 A Prefeitura de Dourados lan\u00e7ou, por meio da Secretaria Municipal [&hellip;]\" \/>\n<meta property=\"og:url\" content=\"https:\/\/progresso.com.br\/index.php\/2026\/03\/13\/taxa-de-coleta-de-lixo-2026-e-lancada-em-dourados\/\" \/>\n<meta property=\"og:site_name\" content=\"O PROGRESSO\" \/>\n<meta property=\"article:publisher\" content=\"https:\/\/www.facebook.com\/share\/1CeoksKBj6\/\" \/>\n<meta property=\"article:published_time\" content=\"2026-03-13T14:45:00+00:00\" \/>\n<meta property=\"og:image\" content=\"https:\/\/progresso.com.br\/wp-content\/uploads\/2026\/03\/WhatsApp-Image-2026-03-13-at-08.26.48-e1773404920112.jpeg\" \/>\n\t<meta property=\"og:image:width\" content=\"1200\" \/>\n\t<meta property=\"og:image:height\" content=\"800\" \/>\n\t<meta property=\"og:image:type\" content=\"image\/jpeg\" \/>\n<meta name=\"author\" content=\"Rose\" \/>\n<meta name=\"twitter:card\" content=\"summary_large_image\" \/>\n<meta name=\"twitter:label1\" content=\"Escrito por\" \/>\n\t<meta name=\"twitter:data1\" content=\"Rose\" \/>\n\t<meta name=\"twitter:label2\" content=\"Est. tempo de leitura\" \/>\n\t<meta name=\"twitter:data2\" content=\"2 minutos\" \/>\n<script type=\"application\/ld+json\" class=\"yoast-schema-graph\">{\"@context\":\"https:\/\/schema.org\",\"@graph\":[{\"@type\":\"Article\",\"@id\":\"https:\/\/progresso.com.br\/index.php\/2026\/03\/13\/taxa-de-coleta-de-lixo-2026-e-lancada-em-dourados\/#article\",\"isPartOf\":{\"@id\":\"https:\/\/progresso.com.br\/index.php\/2026\/03\/13\/taxa-de-coleta-de-lixo-2026-e-lancada-em-dourados\/\"},\"author\":{\"name\":\"Rose\",\"@id\":\"https:\/\/progresso.com.br\/#\/schema\/person\/5dd27138d4463fbbaace62120bfc002b\"},\"headline\":\"Taxa de Coleta de Lixo 2026 \u00e9 lan\u00e7ada em Dourados\",\"datePublished\":\"2026-03-13T14:45:00+00:00\",\"mainEntityOfPage\":{\"@id\":\"https:\/\/progresso.com.br\/index.php\/2026\/03\/13\/taxa-de-coleta-de-lixo-2026-e-lancada-em-dourados\/\"},\"wordCount\":271,\"commentCount\":0,\"publisher\":{\"@id\":\"https:\/\/progresso.com.br\/#organization\"},\"image\":{\"@id\":\"https:\/\/progresso.com.br\/index.php\/2026\/03\/13\/taxa-de-coleta-de-lixo-2026-e-lancada-em-dourados\/#primaryimage\"},\"thumbnailUrl\":\"https:\/\/progresso.com.br\/wp-content\/uploads\/2026\/03\/WhatsApp-Image-2026-03-13-at-08.26.48-e1773404920112.jpeg\",\"articleSection\":[\"Dourados\"],\"inLanguage\":\"pt-BR\",\"potentialAction\":[{\"@type\":\"CommentAction\",\"name\":\"Comment\",\"target\":[\"https:\/\/progresso.com.br\/index.php\/2026\/03\/13\/taxa-de-coleta-de-lixo-2026-e-lancada-em-dourados\/#respond\"]}]},{\"@type\":\"WebPage\",\"@id\":\"https:\/\/progresso.com.br\/index.php\/2026\/03\/13\/taxa-de-coleta-de-lixo-2026-e-lancada-em-dourados\/\",\"url\":\"https:\/\/progresso.com.br\/index.php\/2026\/03\/13\/taxa-de-coleta-de-lixo-2026-e-lancada-em-dourados\/\",\"name\":\"Taxa de Coleta de Lixo 2026 \u00e9 lan\u00e7ada em Dourados - O PROGRESSO\",\"isPartOf\":{\"@id\":\"https:\/\/progresso.com.br\/#website\"},\"primaryImageOfPage\":{\"@id\":\"https:\/\/progresso.com.br\/index.php\/2026\/03\/13\/taxa-de-coleta-de-lixo-2026-e-lancada-em-dourados\/#primaryimage\"},\"image\":{\"@id\":\"https:\/\/progresso.com.br\/index.php\/2026\/03\/13\/taxa-de-coleta-de-lixo-2026-e-lancada-em-dourados\/#primaryimage\"},\"thumbnailUrl\":\"https:\/\/progresso.com.br\/wp-content\/uploads\/2026\/03\/WhatsApp-Image-2026-03-13-at-08.26.48-e1773404920112.jpeg\",\"datePublished\":\"2026-03-13T14:45:00+00:00\",\"breadcrumb\":{\"@id\":\"https:\/\/progresso.com.br\/index.php\/2026\/03\/13\/taxa-de-coleta-de-lixo-2026-e-lancada-em-dourados\/#breadcrumb\"},\"inLanguage\":\"pt-BR\",\"potentialAction\":[{\"@type\":\"ReadAction\",\"target\":[\"https:\/\/progresso.com.br\/index.php\/2026\/03\/13\/taxa-de-coleta-de-lixo-2026-e-lancada-em-dourados\/\"]}]},{\"@type\":\"ImageObject\",\"inLanguage\":\"pt-BR\",\"@id\":\"https:\/\/progresso.com.br\/index.php\/2026\/03\/13\/taxa-de-coleta-de-lixo-2026-e-lancada-em-dourados\/#primaryimage\",\"url\":\"https:\/\/progresso.com.br\/wp-content\/uploads\/2026\/03\/WhatsApp-Image-2026-03-13-at-08.26.48-e1773404920112.jpeg\",\"contentUrl\":\"https:\/\/progresso.com.br\/wp-content\/uploads\/2026\/03\/WhatsApp-Image-2026-03-13-at-08.26.48-e1773404920112.jpeg\",\"width\":1200,\"height\":800,\"caption\":\"Prefeitura de Dourados alerta que vencimento da Taxa de Coleta de Lixo para pagamento \u00e0 vista ou da primeira parcela ser\u00e1 em 31 de mar\u00e7o. (Foto: A. Frota)\"},{\"@type\":\"BreadcrumbList\",\"@id\":\"https:\/\/progresso.com.br\/index.php\/2026\/03\/13\/taxa-de-coleta-de-lixo-2026-e-lancada-em-dourados\/#breadcrumb\",\"itemListElement\":[{\"@type\":\"ListItem\",\"position\":1,\"name\":\"In\u00edcio\",\"item\":\"https:\/\/progresso.com.br\/\"},{\"@type\":\"ListItem\",\"position\":2,\"name\":\"Taxa de Coleta de Lixo 2026 \u00e9 lan\u00e7ada em Dourados\"}]},{\"@type\":\"WebSite\",\"@id\":\"https:\/\/progresso.com.br\/#website\",\"url\":\"https:\/\/progresso.com.br\/\",\"name\":\"O PROGRESSO\",\"description\":\"\",\"publisher\":{\"@id\":\"https:\/\/progresso.com.br\/#organization\"},\"potentialAction\":[{\"@type\":\"SearchAction\",\"target\":{\"@type\":\"EntryPoint\",\"urlTemplate\":\"https:\/\/progresso.com.br\/?s={search_term_string}\"},\"query-input\":{\"@type\":\"PropertyValueSpecification\",\"valueRequired\":true,\"valueName\":\"search_term_string\"}}],\"inLanguage\":\"pt-BR\"},{\"@type\":\"Organization\",\"@id\":\"https:\/\/progresso.com.br\/#organization\",\"name\":\"O PROGRESSO\",\"url\":\"https:\/\/progresso.com.br\/\",\"logo\":{\"@type\":\"ImageObject\",\"inLanguage\":\"pt-BR\",\"@id\":\"https:\/\/progresso.com.br\/#\/schema\/logo\/image\/\",\"url\":\"https:\/\/progresso.com.br\/wp-content\/uploads\/2026\/03\/logo_proog.jpg\",\"contentUrl\":\"https:\/\/progresso.com.br\/wp-content\/uploads\/2026\/03\/logo_proog.jpg\",\"width\":1960,\"height\":1080,\"caption\":\"O PROGRESSO\"},\"image\":{\"@id\":\"https:\/\/progresso.com.br\/#\/schema\/logo\/image\/\"},\"sameAs\":[\"https:\/\/www.facebook.com\/share\/1CeoksKBj6\/\",\"https:\/\/www.instagram.com\/oprogresso_digital\"]},{\"@type\":\"Person\",\"@id\":\"https:\/\/progresso.com.br\/#\/schema\/person\/5dd27138d4463fbbaace62120bfc002b\",\"name\":\"Rose\",\"image\":{\"@type\":\"ImageObject\",\"inLanguage\":\"pt-BR\",\"@id\":\"https:\/\/progresso.com.br\/#\/schema\/person\/image\/\",\"url\":\"https:\/\/secure.gravatar.com\/avatar\/1b6890e759cdd3a88d9f751cb423720b9861c5239167cd3586355638b6556599?s=96&d=mm&r=g\",\"contentUrl\":\"https:\/\/secure.gravatar.com\/avatar\/1b6890e759cdd3a88d9f751cb423720b9861c5239167cd3586355638b6556599?s=96&d=mm&r=g\",\"caption\":\"Rose\"},\"url\":\"https:\/\/progresso.com.br\/index.php\/author\/rose\/\"}]}<\/script>\n<!-- \/ Yoast SEO plugin. -->","yoast_head_json":{"title":"Taxa de Coleta de Lixo 2026 \u00e9 lan\u00e7ada em Dourados - O PROGRESSO","robots":{"index":"index","follow":"follow","max-snippet":"max-snippet:-1","max-image-preview":"max-image-preview:large","max-video-preview":"max-video-preview:-1"},"canonical":"https:\/\/progresso.com.br\/index.php\/2026\/03\/13\/taxa-de-coleta-de-lixo-2026-e-lancada-em-dourados\/","og_locale":"pt_BR","og_type":"article","og_title":"Taxa de Coleta de Lixo 2026 \u00e9 lan\u00e7ada em Dourados - O PROGRESSO","og_description":"Secretaria Municipal de Fazenda alerta que prazo para pagamento da taxa em cota \u00fanica ou da primeira parcela vence no dia 31 de mar\u00e7o; parcelamento em 10 vezes foi adotado para facilitar o pagamento, mas valor das parcelas n\u00e3o pode ser inferior a R$ 30\u00a0\u00a0 A Prefeitura de Dourados lan\u00e7ou, por meio da Secretaria Municipal [&hellip;]","og_url":"https:\/\/progresso.com.br\/index.php\/2026\/03\/13\/taxa-de-coleta-de-lixo-2026-e-lancada-em-dourados\/","og_site_name":"O PROGRESSO","article_publisher":"https:\/\/www.facebook.com\/share\/1CeoksKBj6\/","article_published_time":"2026-03-13T14:45:00+00:00","og_image":[{"width":1200,"height":800,"url":"https:\/\/progresso.com.br\/wp-content\/uploads\/2026\/03\/WhatsApp-Image-2026-03-13-at-08.26.48-e1773404920112.jpeg","type":"image\/jpeg"}],"author":"Rose","twitter_card":"summary_large_image","twitter_misc":{"Escrito por":"Rose","Est. tempo de leitura":"2 minutos"},"schema":{"@context":"https:\/\/schema.org","@graph":[{"@type":"Article","@id":"https:\/\/progresso.com.br\/index.php\/2026\/03\/13\/taxa-de-coleta-de-lixo-2026-e-lancada-em-dourados\/#article","isPartOf":{"@id":"https:\/\/progresso.com.br\/index.php\/2026\/03\/13\/taxa-de-coleta-de-lixo-2026-e-lancada-em-dourados\/"},"author":{"name":"Rose","@id":"https:\/\/progresso.com.br\/#\/schema\/person\/5dd27138d4463fbbaace62120bfc002b"},"headline":"Taxa de Coleta de Lixo 2026 \u00e9 lan\u00e7ada em Dourados","datePublished":"2026-03-13T14:45:00+00:00","mainEntityOfPage":{"@id":"https:\/\/progresso.com.br\/index.php\/2026\/03\/13\/taxa-de-coleta-de-lixo-2026-e-lancada-em-dourados\/"},"wordCount":271,"commentCount":0,"publisher":{"@id":"https:\/\/progresso.com.br\/#organization"},"image":{"@id":"https:\/\/progresso.com.br\/index.php\/2026\/03\/13\/taxa-de-coleta-de-lixo-2026-e-lancada-em-dourados\/#primaryimage"},"thumbnailUrl":"https:\/\/progresso.com.br\/wp-content\/uploads\/2026\/03\/WhatsApp-Image-2026-03-13-at-08.26.48-e1773404920112.jpeg","articleSection":["Dourados"],"inLanguage":"pt-BR","potentialAction":[{"@type":"CommentAction","name":"Comment","target":["https:\/\/progresso.com.br\/index.php\/2026\/03\/13\/taxa-de-coleta-de-lixo-2026-e-lancada-em-dourados\/#respond"]}]},{"@type":"WebPage","@id":"https:\/\/progresso.com.br\/index.php\/2026\/03\/13\/taxa-de-coleta-de-lixo-2026-e-lancada-em-dourados\/","url":"https:\/\/progresso.com.br\/index.php\/2026\/03\/13\/taxa-de-coleta-de-lixo-2026-e-lancada-em-dourados\/","name":"Taxa de Coleta de Lixo 2026 \u00e9 lan\u00e7ada em Dourados - O PROGRESSO","isPartOf":{"@id":"https:\/\/progresso.com.br\/#website"},"primaryImageOfPage":{"@id":"https:\/\/progresso.com.br\/index.php\/2026\/03\/13\/taxa-de-coleta-de-lixo-2026-e-lancada-em-dourados\/#primaryimage"},"image":{"@id":"https:\/\/progresso.com.br\/index.php\/2026\/03\/13\/taxa-de-coleta-de-lixo-2026-e-lancada-em-dourados\/#primaryimage"},"thumbnailUrl":"https:\/\/progresso.com.br\/wp-content\/uploads\/2026\/03\/WhatsApp-Image-2026-03-13-at-08.26.48-e1773404920112.jpeg","datePublished":"2026-03-13T14:45:00+00:00","breadcrumb":{"@id":"https:\/\/progresso.com.br\/index.php\/2026\/03\/13\/taxa-de-coleta-de-lixo-2026-e-lancada-em-dourados\/#breadcrumb"},"inLanguage":"pt-BR","potentialAction":[{"@type":"ReadAction","target":["https:\/\/progresso.com.br\/index.php\/2026\/03\/13\/taxa-de-coleta-de-lixo-2026-e-lancada-em-dourados\/"]}]},{"@type":"ImageObject","inLanguage":"pt-BR","@id":"https:\/\/progresso.com.br\/index.php\/2026\/03\/13\/taxa-de-coleta-de-lixo-2026-e-lancada-em-dourados\/#primaryimage","url":"https:\/\/progresso.com.br\/wp-content\/uploads\/2026\/03\/WhatsApp-Image-2026-03-13-at-08.26.48-e1773404920112.jpeg","contentUrl":"https:\/\/progresso.com.br\/wp-content\/uploads\/2026\/03\/WhatsApp-Image-2026-03-13-at-08.26.48-e1773404920112.jpeg","width":1200,"height":800,"caption":"Prefeitura de Dourados alerta que vencimento da Taxa de Coleta de Lixo para pagamento \u00e0 vista ou da primeira parcela ser\u00e1 em 31 de mar\u00e7o. (Foto: A. Frota)"},{"@type":"BreadcrumbList","@id":"https:\/\/progresso.com.br\/index.php\/2026\/03\/13\/taxa-de-coleta-de-lixo-2026-e-lancada-em-dourados\/#breadcrumb","itemListElement":[{"@type":"ListItem","position":1,"name":"In\u00edcio","item":"https:\/\/progresso.com.br\/"},{"@type":"ListItem","position":2,"name":"Taxa de Coleta de Lixo 2026 \u00e9 lan\u00e7ada em Dourados"}]},{"@type":"WebSite","@id":"https:\/\/progresso.com.br\/#website","url":"https:\/\/progresso.com.br\/","name":"O PROGRESSO","description":"","publisher":{"@id":"https:\/\/progresso.com.br\/#organization"},"potentialAction":[{"@type":"SearchAction","target":{"@type":"EntryPoint","urlTemplate":"https:\/\/progresso.com.br\/?s={search_term_string}"},"query-input":{"@type":"PropertyValueSpecification","valueRequired":true,"valueName":"search_term_string"}}],"inLanguage":"pt-BR"},{"@type":"Organization","@id":"https:\/\/progresso.com.br\/#organization","name":"O PROGRESSO","url":"https:\/\/progresso.com.br\/","logo":{"@type":"ImageObject","inLanguage":"pt-BR","@id":"https:\/\/progresso.com.br\/#\/schema\/logo\/image\/","url":"https:\/\/progresso.com.br\/wp-content\/uploads\/2026\/03\/logo_proog.jpg","contentUrl":"https:\/\/progresso.com.br\/wp-content\/uploads\/2026\/03\/logo_proog.jpg","width":1960,"height":1080,"caption":"O PROGRESSO"},"image":{"@id":"https:\/\/progresso.com.br\/#\/schema\/logo\/image\/"},"sameAs":["https:\/\/www.facebook.com\/share\/1CeoksKBj6\/","https:\/\/www.instagram.com\/oprogresso_digital"]},{"@type":"Person","@id":"https:\/\/progresso.com.br\/#\/schema\/person\/5dd27138d4463fbbaace62120bfc002b","name":"Rose","image":{"@type":"ImageObject","inLanguage":"pt-BR","@id":"https:\/\/progresso.com.br\/#\/schema\/person\/image\/","url":"https:\/\/secure.gravatar.com\/avatar\/1b6890e759cdd3a88d9f751cb423720b9861c5239167cd3586355638b6556599?s=96&d=mm&r=g","contentUrl":"https:\/\/secure.gravatar.com\/avatar\/1b6890e759cdd3a88d9f751cb423720b9861c5239167cd3586355638b6556599?s=96&d=mm&r=g","caption":"Rose"},"url":"https:\/\/progresso.com.br\/index.php\/author\/rose\/"}]}},"_links":{"self":[{"href":"https:\/\/progresso.com.br\/index.php\/wp-json\/wp\/v2\/posts\/852","targetHints":{"allow":["GET"]}}],"collection":[{"href":"https:\/\/progresso.com.br\/index.php\/wp-json\/wp\/v2\/posts"}],"about":[{"href":"https:\/\/progresso.com.br\/index.php\/wp-json\/wp\/v2\/types\/post"}],"author":[{"embeddable":true,"href":"https:\/\/progresso.com.br\/index.php\/wp-json\/wp\/v2\/users\/2"}],"replies":[{"embeddable":true,"href":"https:\/\/progresso.com.br\/index.php\/wp-json\/wp\/v2\/comments?post=852"}],"version-history":[{"count":1,"href":"https:\/\/progresso.com.br\/index.php\/wp-json\/wp\/v2\/posts\/852\/revisions"}],"predecessor-version":[{"id":859,"href":"https:\/\/progresso.com.br\/index.php\/wp-json\/wp\/v2\/posts\/852\/revisions\/859"}],"wp:featuredmedia":[{"embeddable":true,"href":"https:\/\/progresso.com.br\/index.php\/wp-json\/wp\/v2\/media\/857"}],"wp:attachment":[{"href":"https:\/\/progresso.com.br\/index.php\/wp-json\/wp\/v2\/media?parent=852"}],"wp:term":[{"taxonomy":"category","embeddable":true,"href":"https:\/\/progresso.com.br\/index.php\/wp-json\/wp\/v2\/categories?post=852"},{"taxonomy":"post_tag","embeddable":true,"href":"https:\/\/progresso.com.br\/index.php\/wp-json\/wp\/v2\/tags?post=852"}],"curies":[{"name":"wp","href":"https:\/\/api.w.org\/{rel}","templated":true}]}}